{"id":424161,"date":"2026-03-27T15:10:26","date_gmt":"2026-03-27T18:10:26","guid":{"rendered":"https:\/\/portaltela.pt\/noticias\/2026\/03\/27\/alberto-costa-compara-v-guimaraes-e-fc-porto-e-admite-foco-nos-aliados\/"},"modified":"2026-03-27T15:10:26","modified_gmt":"2026-03-27T18:10:26","slug":"alberto-costa-compara-v-guimaraes-e-fc-porto-e-admite-foco-nos-aliados","status":"publish","type":"post","link":"https:\/\/portaltela.pt\/desporto\/futebol\/2026\/03\/27\/alberto-costa-compara-v-guimaraes-e-fc-porto-e-admite-foco-nos-aliados\/","title":{"rendered":"Alberto Costa compara V. Guimar\u00e3es e FC Porto e admite foco nos Aliados"},"content":{"rendered":"<p>A3: Alberto Costa chegou ao FC Porto ap\u00f3s passagem pelo Vit\u00f3ria de Guimar\u00e3es, em um percurso que incluiu uma experi\u00eancia em Turim no \u00faltimo ano e meio. O lateral admite que as mudan\u00e7as contribu\u00edram para o seu amadurecimento, sobretudo pela diferen\u00e7a de press\u00e3o entre clubes.<\/p>\n<p>O jogador explica que no Vit\u00f3ria a press\u00e3o existe, mas \u00e9 diferente da vivida no FC Porto, onde a press\u00e3o \u00e9 mais vis\u00edvel no dia a dia. Relata ter sentido o impacto dos adeptos na rua, algo que j\u00e1 tinha experimentado em Guimar\u00e3es, ainda jovem.<\/p>\n<p>Costa compara ainda as exig\u00eancias dos dois clubes, destacando a liga\u00e7\u00e3o dos adeptos ao Vit\u00f3ria e a intensidade de um grande clube como o Porto. Confessa ter crescido com o carinho que recebeu em Guimar\u00e3es e reconhece a evolu\u00e7\u00e3o que o Vit\u00f3ria proporcionou.<\/p>\n<p>Sobre a cidade, o atleta diz preferir Santo Tirso \u00e0 Invicta, mas faz uma revela\u00e7\u00e3o: a aten\u00e7\u00e3o est\u00e1 agora centrada nos Aliados e no desejo de ver o clube celebrar o t\u00edtulo nos pr\u00f3ximos meses.<\/p>\n<p>A n\u00edvel desportivo, o atleta encara a ida ao Porto como um salto natural na carreira. Pensa ter encontrado o contexto certo para consolidar-se e afirma acreditar no caminho tra\u00e7ado, mantendo o foco no crescimento e em objetivos futuros.<\/p>\n<p>No horizonte, Costa aponta a Sele\u00e7\u00e3o Nacional como objetivo adicional. Atualmente no FC Porto, quer consolidar a sua presen\u00e7a no campeonato portugu\u00eas e refor\u00e7ar a convic\u00e7\u00e3o de que est\u00e1 no clube ideal para evoluir. Fonte: declara\u00e7\u00f5es do jogador sobre o percurso recente.<\/p>\n","protected":false},"excerpt":{"rendered":"<ul>\n<li>Alberto Costa passou de Vit\u00f3ria de Guimar\u00e3es para Turim e, mais recentemente, para o FC Porto, em passo r\u00e1pido na sua carreira.<\/li>\n<li>O jogador afirma que a press\u00e3o \u00e9 grande no Porto, especialmente na rua, mas que, apesar de tudo, est\u00e1 a correr bem.<\/li>\n<li>Comparando com o Vit\u00f3ria, admite que l\u00e1 tamb\u00e9m havia press\u00e3o e f\u00e3s envolvidos, com a diferen\u00e7a de sentir o carinho de forma diferente.<\/li>\n<li>Diz preferir Santo Tirso \u00e0 Invicta e revela que o que mais o agrada na cidade \u00e9 a ideia de celebrar, apontando a ambi\u00e7\u00e3o de um t\u00edtulo no futuro.<\/li>\n<li>Alvo de chegar \u00e0 Sele\u00e7\u00e3o Nacional, entende que est\u00e1 no clube certo para esse objetivo e confia no seu crescimento no FC Porto.<\/li>\n<\/ul>\n","protected":false},"author":2,"featured_media":424167,"comment_status":"closed","ping_status":"closed","sticky":false,"template":"","format":"standard","meta":{"footnotes":""},"categories":[21,24],"tags":[2028,32,982,1146,2057,2428],"class_list":["post-424161","post","type-post","status-publish","format-standard","has-post-thumbnail","hentry","category-desporto","category-futebol","tag-fc-porto","tag-futebol","tag-porto","tag-santo-tirso","tag-selecao-nacional","tag-vitoria"],"yoast_head":"<!-- This site is optimized with the Yoast SEO plugin v27.2 - https:\/\/yoast.com\/product\/yoast-seo-wordpress\/ -->\n<title>Alberto Costa compara V. Guimar\u00e3es e FC Porto e admite foco nos Aliados - Portal Tela Portugal<\/title>\n<meta name=\"robots\" content=\"index, follow, max-snippet:-1, max-image-preview:large, max-video-preview:-1\" \/>\n<meta property=\"og:locale\" content=\"pt_PT\" \/>\n<meta property=\"og:type\" content=\"article\" \/>\n<meta property=\"og:title\" content=\"Alberto Costa compara V. Guimar\u00e3es e FC Porto e admite foco nos Aliados - Portal Tela Portugal\" \/>\n<meta property=\"og:description\" content=\"Alberto Costa passou de Vit\u00f3ria de Guimar\u00e3es para Turim e, mais recentemente, para o FC Porto, em passo r\u00e1pido na sua carreira. O jogador afirma que a press\u00e3o \u00e9 grande no Porto, especialmente na rua, mas que, apesar de tudo, est\u00e1 a correr bem. Comparando com o Vit\u00f3ria, admite que l\u00e1 tamb\u00e9m havia press\u00e3o e f\u00e3s envolvidos, com a diferen\u00e7a de sentir o carinho de forma diferente. Diz preferir Santo Tirso \u00e0 Invicta e revela que o que mais o agrada na cidade \u00e9 a ideia de celebrar, apontando a ambi\u00e7\u00e3o de um t\u00edtulo no futuro. Alvo de chegar \u00e0 Sele\u00e7\u00e3o Nacional, entende que est\u00e1 no clube certo para esse objetivo e confia no seu crescimento no FC Porto.\" \/>\n<meta property=\"og:url\" content=\"https:\/\/portaltela.pt\/noticias\/2026\/03\/27\/alberto-costa-compara-v-guimaraes-e-fc-porto-e-admite-foco-nos-aliados\/\" \/>\n<meta property=\"og:site_name\" content=\"Portal Tela Portugal\" \/>\n<meta property=\"article:published_time\" content=\"2026-03-27T18:10:26+00:00\" \/>\n<meta name=\"author\" content=\"Telinha\" \/>\n<meta name=\"twitter:card\" content=\"summary_large_image\" \/>\n<meta name=\"twitter:label1\" content=\"Escrito por\" \/>\n\t<meta name=\"twitter:data1\" content=\"Telinha\" \/>\n\t<meta name=\"twitter:label2\" content=\"Tempo estimado de leitura\" \/>\n\t<meta name=\"twitter:data2\" content=\"1 minuto\" \/>\n<script type=\"application\/ld+json\" class=\"yoast-schema-graph\">{\"@context\":\"https:\/\/schema.org\",\"@graph\":[{\"@type\":\"Article\",\"@id\":\"https:\/\/portaltela.pt\/noticias\/2026\/03\/27\/alberto-costa-compara-v-guimaraes-e-fc-porto-e-admite-foco-nos-aliados\/#article\",\"isPartOf\":{\"@id\":\"https:\/\/portaltela.pt\/noticias\/2026\/03\/27\/alberto-costa-compara-v-guimaraes-e-fc-porto-e-admite-foco-nos-aliados\/\"},\"author\":{\"name\":\"Telinha\",\"@id\":\"https:\/\/portaltela.pt\/#\/schema\/person\/c4278d4a6028830caff9ee44b42d32ed\"},\"headline\":\"Alberto Costa compara V. Guimar\u00e3es e FC Porto e admite foco nos Aliados\",\"datePublished\":\"2026-03-27T18:10:26+00:00\",\"mainEntityOfPage\":{\"@id\":\"https:\/\/portaltela.pt\/noticias\/2026\/03\/27\/alberto-costa-compara-v-guimaraes-e-fc-porto-e-admite-foco-nos-aliados\/\"},\"wordCount\":291,\"image\":{\"@id\":\"https:\/\/portaltela.pt\/noticias\/2026\/03\/27\/alberto-costa-compara-v-guimaraes-e-fc-porto-e-admite-foco-nos-aliados\/#primaryimage\"},\"thumbnailUrl\":\"https:\/\/portaltela.pt\/s.01k8rhncp4jt1\/2026\/03\/img_920x518uu2026-03-03-21-27-57-2424775.jpg\",\"keywords\":[\"FC Porto\",\"futebol\",\"Porto\",\"Santo Tirso\",\"Sele\u00e7\u00e3o Nacional\",\"Vit\u00f3ria\"],\"articleSection\":[\"Desporto\",\"Futebol\"],\"inLanguage\":\"pt-PT\"},{\"@type\":\"WebPage\",\"@id\":\"https:\/\/portaltela.pt\/noticias\/2026\/03\/27\/alberto-costa-compara-v-guimaraes-e-fc-porto-e-admite-foco-nos-aliados\/\",\"url\":\"https:\/\/portaltela.pt\/noticias\/2026\/03\/27\/alberto-costa-compara-v-guimaraes-e-fc-porto-e-admite-foco-nos-aliados\/\",\"name\":\"Alberto Costa compara V. Guimar\u00e3es e FC Porto e admite foco nos Aliados - Portal Tela Portugal\",\"isPartOf\":{\"@id\":\"https:\/\/portaltela.pt\/#website\"},\"primaryImageOfPage\":{\"@id\":\"https:\/\/portaltela.pt\/noticias\/2026\/03\/27\/alberto-costa-compara-v-guimaraes-e-fc-porto-e-admite-foco-nos-aliados\/#primaryimage\"},\"image\":{\"@id\":\"https:\/\/portaltela.pt\/noticias\/2026\/03\/27\/alberto-costa-compara-v-guimaraes-e-fc-porto-e-admite-foco-nos-aliados\/#primaryimage\"},\"thumbnailUrl\":\"https:\/\/portaltela.pt\/s.01k8rhncp4jt1\/2026\/03\/img_920x518uu2026-03-03-21-27-57-2424775.jpg\",\"datePublished\":\"2026-03-27T18:10:26+00:00\",\"author\":{\"@id\":\"https:\/\/portaltela.pt\/#\/schema\/person\/c4278d4a6028830caff9ee44b42d32ed\"},\"breadcrumb\":{\"@id\":\"https:\/\/portaltela.pt\/noticias\/2026\/03\/27\/alberto-costa-compara-v-guimaraes-e-fc-porto-e-admite-foco-nos-aliados\/#breadcrumb\"},\"inLanguage\":\"pt-PT\",\"potentialAction\":[{\"@type\":\"ReadAction\",\"target\":[\"https:\/\/portaltela.pt\/noticias\/2026\/03\/27\/alberto-costa-compara-v-guimaraes-e-fc-porto-e-admite-foco-nos-aliados\/\"]}]},{\"@type\":\"ImageObject\",\"inLanguage\":\"pt-PT\",\"@id\":\"https:\/\/portaltela.pt\/noticias\/2026\/03\/27\/alberto-costa-compara-v-guimaraes-e-fc-porto-e-admite-foco-nos-aliados\/#primaryimage\",\"url\":\"https:\/\/portaltela.pt\/s.01k8rhncp4jt1\/2026\/03\/img_920x518uu2026-03-03-21-27-57-2424775.jpg\",\"contentUrl\":\"https:\/\/portaltela.pt\/s.01k8rhncp4jt1\/2026\/03\/img_920x518uu2026-03-03-21-27-57-2424775.jpg\",\"width\":796,\"height\":448,\"caption\":\"Alberto Costa com Morten Hjulmand durante o Sporting-FC Porto da 1.\u00aa m\u00e3o das 'meias' da Ta\u00e7a de Portugal\"},{\"@type\":\"BreadcrumbList\",\"@id\":\"https:\/\/portaltela.pt\/noticias\/2026\/03\/27\/alberto-costa-compara-v-guimaraes-e-fc-porto-e-admite-foco-nos-aliados\/#breadcrumb\",\"itemListElement\":[{\"@type\":\"ListItem\",\"position\":1,\"name\":\"In\u00edcio\",\"item\":\"https:\/\/portaltela.pt\/\"},{\"@type\":\"ListItem\",\"position\":2,\"name\":\"Alberto Costa compara V. Guimar\u00e3es e FC Porto e admite foco nos Aliados\"}]},{\"@type\":\"WebSite\",\"@id\":\"https:\/\/portaltela.pt\/#website\",\"url\":\"https:\/\/portaltela.pt\/\",\"name\":\"Portal Tela Portugal\",\"description\":\"\",\"potentialAction\":[{\"@type\":\"SearchAction\",\"target\":{\"@type\":\"EntryPoint\",\"urlTemplate\":\"https:\/\/portaltela.pt\/?s={search_term_string}\"},\"query-input\":{\"@type\":\"PropertyValueSpecification\",\"valueRequired\":true,\"valueName\":\"search_term_string\"}}],\"inLanguage\":\"pt-PT\"},{\"@type\":\"Person\",\"@id\":\"https:\/\/portaltela.pt\/#\/schema\/person\/c4278d4a6028830caff9ee44b42d32ed\",\"name\":\"Telinha\",\"image\":{\"@type\":\"ImageObject\",\"inLanguage\":\"pt-PT\",\"@id\":\"https:\/\/portaltela.pt\/s.01k8rhncp4jt1\/2025\/11\/talking-bot-125x125.png\",\"url\":\"https:\/\/portaltela.pt\/s.01k8rhncp4jt1\/2025\/11\/talking-bot-125x125.png\",\"contentUrl\":\"https:\/\/portaltela.pt\/s.01k8rhncp4jt1\/2025\/11\/talking-bot-125x125.png\",\"caption\":\"Telinha\"},\"sameAs\":[\"https:\/\/portaltela.pt\/\"],\"url\":\"https:\/\/portaltela.pt\/por\/367410592786\/\"}]}<\/script>\n<!-- \/ Yoast SEO plugin. -->","yoast_head_json":{"title":"Alberto Costa compara V. Guimar\u00e3es e FC Porto e admite foco nos Aliados - Portal Tela Portugal","robots":{"index":"index","follow":"follow","max-snippet":"max-snippet:-1","max-image-preview":"max-image-preview:large","max-video-preview":"max-video-preview:-1"},"og_locale":"pt_PT","og_type":"article","og_title":"Alberto Costa compara V. Guimar\u00e3es e FC Porto e admite foco nos Aliados - Portal Tela Portugal","og_description":"Alberto Costa passou de Vit\u00f3ria de Guimar\u00e3es para Turim e, mais recentemente, para o FC Porto, em passo r\u00e1pido na sua carreira. O jogador afirma que a press\u00e3o \u00e9 grande no Porto, especialmente na rua, mas que, apesar de tudo, est\u00e1 a correr bem. Comparando com o Vit\u00f3ria, admite que l\u00e1 tamb\u00e9m havia press\u00e3o e f\u00e3s envolvidos, com a diferen\u00e7a de sentir o carinho de forma diferente. Diz preferir Santo Tirso \u00e0 Invicta e revela que o que mais o agrada na cidade \u00e9 a ideia de celebrar, apontando a ambi\u00e7\u00e3o de um t\u00edtulo no futuro. Alvo de chegar \u00e0 Sele\u00e7\u00e3o Nacional, entende que est\u00e1 no clube certo para esse objetivo e confia no seu crescimento no FC Porto.","og_url":"https:\/\/portaltela.pt\/noticias\/2026\/03\/27\/alberto-costa-compara-v-guimaraes-e-fc-porto-e-admite-foco-nos-aliados\/","og_site_name":"Portal Tela Portugal","article_published_time":"2026-03-27T18:10:26+00:00","author":"Telinha","twitter_card":"summary_large_image","twitter_misc":{"Escrito por":"Telinha","Tempo estimado de leitura":"1 minuto"},"schema":{"@context":"https:\/\/schema.org","@graph":[{"@type":"Article","@id":"https:\/\/portaltela.pt\/noticias\/2026\/03\/27\/alberto-costa-compara-v-guimaraes-e-fc-porto-e-admite-foco-nos-aliados\/#article","isPartOf":{"@id":"https:\/\/portaltela.pt\/noticias\/2026\/03\/27\/alberto-costa-compara-v-guimaraes-e-fc-porto-e-admite-foco-nos-aliados\/"},"author":{"name":"Telinha","@id":"https:\/\/portaltela.pt\/#\/schema\/person\/c4278d4a6028830caff9ee44b42d32ed"},"headline":"Alberto Costa compara V. Guimar\u00e3es e FC Porto e admite foco nos Aliados","datePublished":"2026-03-27T18:10:26+00:00","mainEntityOfPage":{"@id":"https:\/\/portaltela.pt\/noticias\/2026\/03\/27\/alberto-costa-compara-v-guimaraes-e-fc-porto-e-admite-foco-nos-aliados\/"},"wordCount":291,"image":{"@id":"https:\/\/portaltela.pt\/noticias\/2026\/03\/27\/alberto-costa-compara-v-guimaraes-e-fc-porto-e-admite-foco-nos-aliados\/#primaryimage"},"thumbnailUrl":"https:\/\/portaltela.pt\/s.01k8rhncp4jt1\/2026\/03\/img_920x518uu2026-03-03-21-27-57-2424775.jpg","keywords":["FC Porto","futebol","Porto","Santo Tirso","Sele\u00e7\u00e3o Nacional","Vit\u00f3ria"],"articleSection":["Desporto","Futebol"],"inLanguage":"pt-PT"},{"@type":"WebPage","@id":"https:\/\/portaltela.pt\/noticias\/2026\/03\/27\/alberto-costa-compara-v-guimaraes-e-fc-porto-e-admite-foco-nos-aliados\/","url":"https:\/\/portaltela.pt\/noticias\/2026\/03\/27\/alberto-costa-compara-v-guimaraes-e-fc-porto-e-admite-foco-nos-aliados\/","name":"Alberto Costa compara V. Guimar\u00e3es e FC Porto e admite foco nos Aliados - Portal Tela Portugal","isPartOf":{"@id":"https:\/\/portaltela.pt\/#website"},"primaryImageOfPage":{"@id":"https:\/\/portaltela.pt\/noticias\/2026\/03\/27\/alberto-costa-compara-v-guimaraes-e-fc-porto-e-admite-foco-nos-aliados\/#primaryimage"},"image":{"@id":"https:\/\/portaltela.pt\/noticias\/2026\/03\/27\/alberto-costa-compara-v-guimaraes-e-fc-porto-e-admite-foco-nos-aliados\/#primaryimage"},"thumbnailUrl":"https:\/\/portaltela.pt\/s.01k8rhncp4jt1\/2026\/03\/img_920x518uu2026-03-03-21-27-57-2424775.jpg","datePublished":"2026-03-27T18:10:26+00:00","author":{"@id":"https:\/\/portaltela.pt\/#\/schema\/person\/c4278d4a6028830caff9ee44b42d32ed"},"breadcrumb":{"@id":"https:\/\/portaltela.pt\/noticias\/2026\/03\/27\/alberto-costa-compara-v-guimaraes-e-fc-porto-e-admite-foco-nos-aliados\/#breadcrumb"},"inLanguage":"pt-PT","potentialAction":[{"@type":"ReadAction","target":["https:\/\/portaltela.pt\/noticias\/2026\/03\/27\/alberto-costa-compara-v-guimaraes-e-fc-porto-e-admite-foco-nos-aliados\/"]}]},{"@type":"ImageObject","inLanguage":"pt-PT","@id":"https:\/\/portaltela.pt\/noticias\/2026\/03\/27\/alberto-costa-compara-v-guimaraes-e-fc-porto-e-admite-foco-nos-aliados\/#primaryimage","url":"https:\/\/portaltela.pt\/s.01k8rhncp4jt1\/2026\/03\/img_920x518uu2026-03-03-21-27-57-2424775.jpg","contentUrl":"https:\/\/portaltela.pt\/s.01k8rhncp4jt1\/2026\/03\/img_920x518uu2026-03-03-21-27-57-2424775.jpg","width":796,"height":448,"caption":"Alberto Costa com Morten Hjulmand durante o Sporting-FC Porto da 1.\u00aa m\u00e3o das 'meias' da Ta\u00e7a de Portugal"},{"@type":"BreadcrumbList","@id":"https:\/\/portaltela.pt\/noticias\/2026\/03\/27\/alberto-costa-compara-v-guimaraes-e-fc-porto-e-admite-foco-nos-aliados\/#breadcrumb","itemListElement":[{"@type":"ListItem","position":1,"name":"In\u00edcio","item":"https:\/\/portaltela.pt\/"},{"@type":"ListItem","position":2,"name":"Alberto Costa compara V. Guimar\u00e3es e FC Porto e admite foco nos Aliados"}]},{"@type":"WebSite","@id":"https:\/\/portaltela.pt\/#website","url":"https:\/\/portaltela.pt\/","name":"Portal Tela Portugal","description":"","potentialAction":[{"@type":"SearchAction","target":{"@type":"EntryPoint","urlTemplate":"https:\/\/portaltela.pt\/?s={search_term_string}"},"query-input":{"@type":"PropertyValueSpecification","valueRequired":true,"valueName":"search_term_string"}}],"inLanguage":"pt-PT"},{"@type":"Person","@id":"https:\/\/portaltela.pt\/#\/schema\/person\/c4278d4a6028830caff9ee44b42d32ed","name":"Telinha","image":{"@type":"ImageObject","inLanguage":"pt-PT","@id":"https:\/\/portaltela.pt\/s.01k8rhncp4jt1\/2025\/11\/talking-bot-125x125.png","url":"https:\/\/portaltela.pt\/s.01k8rhncp4jt1\/2025\/11\/talking-bot-125x125.png","contentUrl":"https:\/\/portaltela.pt\/s.01k8rhncp4jt1\/2025\/11\/talking-bot-125x125.png","caption":"Telinha"},"sameAs":["https:\/\/portaltela.pt\/"],"url":"https:\/\/portaltela.pt\/por\/367410592786\/"}]}},"_links":{"self":[{"href":"https:\/\/portaltela.pt\/api\/wp\/v2\/posts\/424161","targetHints":{"allow":["GET"]}}],"collection":[{"href":"https:\/\/portaltela.pt\/api\/wp\/v2\/posts"}],"about":[{"href":"https:\/\/portaltela.pt\/api\/wp\/v2\/types\/post"}],"author":[{"embeddable":true,"href":"https:\/\/portaltela.pt\/api\/wp\/v2\/users\/2"}],"replies":[{"embeddable":true,"href":"https:\/\/portaltela.pt\/api\/wp\/v2\/comments?post=424161"}],"version-history":[{"count":0,"href":"https:\/\/portaltela.pt\/api\/wp\/v2\/posts\/424161\/revisions"}],"wp:featuredmedia":[{"embeddable":true,"href":"https:\/\/portaltela.pt\/api\/wp\/v2\/media\/424167"}],"wp:attachment":[{"href":"https:\/\/portaltela.pt\/api\/wp\/v2\/media?parent=424161"}],"wp:term":[{"taxonomy":"category","embeddable":true,"href":"https:\/\/portaltela.pt\/api\/wp\/v2\/categories?post=424161"},{"taxonomy":"post_tag","embeddable":true,"href":"https:\/\/portaltela.pt\/api\/wp\/v2\/tags?post=424161"}],"curies":[{"name":"wp","href":"https:\/\/api.w.org\/{rel}","templated":true}]}}