{"id":424157,"date":"2026-03-27T15:02:00","date_gmt":"2026-03-27T18:02:00","guid":{"rendered":"https:\/\/portaltela.pt\/noticias\/2026\/03\/27\/turismo-de-portugal-amplia-programa-de-formacao-para-migrantes\/"},"modified":"2026-03-27T15:02:00","modified_gmt":"2026-03-27T18:02:00","slug":"turismo-de-portugal-amplia-programa-de-formacao-para-migrantes","status":"publish","type":"post","link":"https:\/\/portaltela.pt\/noticias\/economia\/2026\/03\/27\/turismo-de-portugal-amplia-programa-de-formacao-para-migrantes\/","title":{"rendered":"Turismo de Portugal amplia programa de forma\u00e7\u00e3o para migrantes"},"content":{"rendered":"<p>O Turismo de Portugal refor\u00e7a o programa Integrar para o Turismo, agora com maior envolvimento do IEFP. A segunda edi\u00e7\u00e3o prev\u00ea mais apoios monet\u00e1rios e est\u00e1gios mais alargados para migrantes e benefici\u00e1rios de prote\u00e7\u00e3o internacional, assegurando maior probabilidade de integra\u00e7\u00e3o no mercado de trabalho.<\/p>\n<p>A iniciativa abre mil vagas em abril, com mudan\u00e7as relevantes em compara\u00e7\u00e3o com a edi\u00e7\u00e3o anterior. Os est\u00e1gios passam de um m\u00eas para tr\u00eas, e o apoio financeiro sobe, incluindo uma valoriza\u00e7\u00e3o da componente de l\u00ednguas e a adi\u00e7\u00e3o de um m\u00f3dulo de literacia financeira.<\/p>\n<p>A forma\u00e7\u00e3o inicial ser\u00e1 assegurada pela rede de escolas de hotelaria e turismo do Turismo de Portugal, seguida de um est\u00e1gio de tr\u00eas meses nas empresas aderentes. A dura\u00e7\u00e3o aumenta para responder \u00e0s necessidades das empresas e melhorar a integra\u00e7\u00e3o.<\/p>\n<h3>Resultados da primeira edi\u00e7\u00e3o<\/h3>\n<p>Na edi\u00e7\u00e3o anterior, as mil vagas foram ampliadas para 1299, devido \u00e0 forte procura, sobretudo de Brasil e Angola. Contudo, apenas 915 candidaturas foram validadas e houve um elevado n\u00famero de desist\u00eancias.<\/p>\n<p>Entre os candidatos formados, 655 conclu\u00edram o programa. Desses, 84,87% j\u00e1 estavam a trabalhar, sendo que 43,91% atuavam no setor do turismo, com maior express\u00e3o na \u00e1rea da cozinha.<\/p>\n<h3>Apoio financeiro e participa\u00e7\u00e3o das empresas<\/h3>\n<p>O refor\u00e7o do IEFP permitiu aumentar o apoio monet\u00e1rio para sete IAS, cerca de 3759,9 euros. O objetivo \u00e9 reduzir constrangimentos econ\u00f3micos e facilitar a conclus\u00e3o do programa com sucesso, com um or\u00e7amento total de cinco milh\u00f5es de euros.<\/p>\n<p>\u00c0 data, 329 empresas manifestaram disponibilidade para est\u00e1gios, mas apenas 53% efetivamente participaram no processo. O envolvimento foi mais baixo entre empresas de pequena dimens\u00e3o, com menos de 50 trabalhadores.<\/p>\n","protected":false},"excerpt":{"rendered":"<ul>\n<li>A segunda edi\u00e7\u00e3o do programa Integrar para o Turismo abre mil vagas em abril, com forma\u00e7\u00e3o de tr\u00eas meses e est\u00e1gio de tr\u00eas meses nas empresas aderentes.<\/li>\n<li>O programa aumenta a dura\u00e7\u00e3o dos est\u00e1gios, refor\u00e7a o apoio financeiro aos participantes e inclui m\u00f3dulos de l\u00ednguas e literacia financeira, com maior interven\u00e7\u00e3o do IEFP.<\/li>\n<li>O or\u00e7amento total \u00e9 de cinco milh\u00f5es de euros; o apoio monet\u00e1rio passa a sete IAS, equivalente a 3759,9 mil euros.<\/li>\n<li>Abrangendo a Ag\u00eancia para a Integra\u00e7\u00e3o, Migra\u00e7\u00f5es e Asilo (AIMA) e a Confedera\u00e7\u00e3o do Turismo de Portugal (CTP), conta ainda com uma nova plataforma de inscri\u00e7\u00e3o.<\/li>\n<li>No balan\u00e7o da primeira edi\u00e7\u00e3o, 915 candidaturas foram validadas, resultando em 655 formados; 84,87% dos formados estavam a trabalhar, sendo 43,91% no turismo. Tamb\u00e9m houve 329 empresas dispon\u00edveis para est\u00e1gios, com 53% a envolver-se no processo.<\/li>\n<\/ul>\n","protected":false},"author":2,"featured_media":424166,"comment_status":"closed","ping_status":"closed","sticky":false,"template":"","format":"standard","meta":{"footnotes":""},"categories":[2,6735],"tags":[28,1290,4352,1678,2201,169],"class_list":["post-424157","post","type-post","status-publish","format-standard","has-post-thumbnail","hentry","category-economia","category-negocios","tag-economia","tag-formacao","tag-iefp","tag-migrantes","tag-trabalho","tag-turismo"],"yoast_head":"<!-- This site is optimized with the Yoast SEO plugin v27.2 - https:\/\/yoast.com\/product\/yoast-seo-wordpress\/ -->\n<title>Turismo de Portugal amplia programa de forma\u00e7\u00e3o para migrantes - Portal Tela Portugal<\/title>\n<meta name=\"robots\" content=\"index, follow, max-snippet:-1, max-image-preview:large, max-video-preview:-1\" \/>\n<meta property=\"og:locale\" content=\"pt_PT\" \/>\n<meta property=\"og:type\" content=\"article\" \/>\n<meta property=\"og:title\" content=\"Turismo de Portugal amplia programa de forma\u00e7\u00e3o para migrantes - Portal Tela Portugal\" \/>\n<meta property=\"og:description\" content=\"A segunda edi\u00e7\u00e3o do programa Integrar para o Turismo abre mil vagas em abril, com forma\u00e7\u00e3o de tr\u00eas meses e est\u00e1gio de tr\u00eas meses nas empresas aderentes. O programa aumenta a dura\u00e7\u00e3o dos est\u00e1gios, refor\u00e7a o apoio financeiro aos participantes e inclui m\u00f3dulos de l\u00ednguas e literacia financeira, com maior interven\u00e7\u00e3o do IEFP. O or\u00e7amento total \u00e9 de cinco milh\u00f5es de euros; o apoio monet\u00e1rio passa a sete IAS, equivalente a 3759,9 mil euros. Abrangendo a Ag\u00eancia para a Integra\u00e7\u00e3o, Migra\u00e7\u00f5es e Asilo (AIMA) e a Confedera\u00e7\u00e3o do Turismo de Portugal (CTP), conta ainda com uma nova plataforma de inscri\u00e7\u00e3o. No balan\u00e7o da primeira edi\u00e7\u00e3o, 915 candidaturas foram validadas, resultando em 655 formados; 84,87% dos formados estavam a trabalhar, sendo 43,91% no turismo. Tamb\u00e9m houve 329 empresas dispon\u00edveis para est\u00e1gios, com 53% a envolver-se no processo.\" \/>\n<meta property=\"og:url\" content=\"https:\/\/portaltela.pt\/noticias\/2026\/03\/27\/turismo-de-portugal-amplia-programa-de-formacao-para-migrantes\/\" \/>\n<meta property=\"og:site_name\" content=\"Portal Tela Portugal\" \/>\n<meta property=\"article:published_time\" content=\"2026-03-27T18:02:00+00:00\" \/>\n<meta name=\"author\" content=\"Telinha\" \/>\n<meta name=\"twitter:card\" content=\"summary_large_image\" \/>\n<meta name=\"twitter:label1\" content=\"Escrito por\" \/>\n\t<meta name=\"twitter:data1\" content=\"Telinha\" \/>\n\t<meta name=\"twitter:label2\" content=\"Tempo estimado de leitura\" \/>\n\t<meta name=\"twitter:data2\" content=\"1 minuto\" \/>\n<script type=\"application\/ld+json\" class=\"yoast-schema-graph\">{\"@context\":\"https:\/\/schema.org\",\"@graph\":[{\"@type\":\"Article\",\"@id\":\"https:\/\/portaltela.pt\/noticias\/2026\/03\/27\/turismo-de-portugal-amplia-programa-de-formacao-para-migrantes\/#article\",\"isPartOf\":{\"@id\":\"https:\/\/portaltela.pt\/noticias\/2026\/03\/27\/turismo-de-portugal-amplia-programa-de-formacao-para-migrantes\/\"},\"author\":{\"name\":\"Telinha\",\"@id\":\"https:\/\/portaltela.pt\/#\/schema\/person\/c4278d4a6028830caff9ee44b42d32ed\"},\"headline\":\"Turismo de Portugal amplia programa de forma\u00e7\u00e3o para migrantes\",\"datePublished\":\"2026-03-27T18:02:00+00:00\",\"mainEntityOfPage\":{\"@id\":\"https:\/\/portaltela.pt\/noticias\/2026\/03\/27\/turismo-de-portugal-amplia-programa-de-formacao-para-migrantes\/\"},\"wordCount\":304,\"image\":{\"@id\":\"https:\/\/portaltela.pt\/noticias\/2026\/03\/27\/turismo-de-portugal-amplia-programa-de-formacao-para-migrantes\/#primaryimage\"},\"thumbnailUrl\":\"https:\/\/portaltela.pt\/s.01k8rhncp4jt1\/2026\/03\/2077476.jpg\",\"keywords\":[\"economia\",\"forma\u00e7\u00e3o\",\"IEFP\",\"migrantes\",\"trabalho\",\"turismo\"],\"articleSection\":[\"Economia\",\"Neg\u00f3cios\"],\"inLanguage\":\"pt-PT\"},{\"@type\":\"WebPage\",\"@id\":\"https:\/\/portaltela.pt\/noticias\/2026\/03\/27\/turismo-de-portugal-amplia-programa-de-formacao-para-migrantes\/\",\"url\":\"https:\/\/portaltela.pt\/noticias\/2026\/03\/27\/turismo-de-portugal-amplia-programa-de-formacao-para-migrantes\/\",\"name\":\"Turismo de Portugal amplia programa de forma\u00e7\u00e3o para migrantes - Portal Tela Portugal\",\"isPartOf\":{\"@id\":\"https:\/\/portaltela.pt\/#website\"},\"primaryImageOfPage\":{\"@id\":\"https:\/\/portaltela.pt\/noticias\/2026\/03\/27\/turismo-de-portugal-amplia-programa-de-formacao-para-migrantes\/#primaryimage\"},\"image\":{\"@id\":\"https:\/\/portaltela.pt\/noticias\/2026\/03\/27\/turismo-de-portugal-amplia-programa-de-formacao-para-migrantes\/#primaryimage\"},\"thumbnailUrl\":\"https:\/\/portaltela.pt\/s.01k8rhncp4jt1\/2026\/03\/2077476.jpg\",\"datePublished\":\"2026-03-27T18:02:00+00:00\",\"author\":{\"@id\":\"https:\/\/portaltela.pt\/#\/schema\/person\/c4278d4a6028830caff9ee44b42d32ed\"},\"breadcrumb\":{\"@id\":\"https:\/\/portaltela.pt\/noticias\/2026\/03\/27\/turismo-de-portugal-amplia-programa-de-formacao-para-migrantes\/#breadcrumb\"},\"inLanguage\":\"pt-PT\",\"potentialAction\":[{\"@type\":\"ReadAction\",\"target\":[\"https:\/\/portaltela.pt\/noticias\/2026\/03\/27\/turismo-de-portugal-amplia-programa-de-formacao-para-migrantes\/\"]}]},{\"@type\":\"ImageObject\",\"inLanguage\":\"pt-PT\",\"@id\":\"https:\/\/portaltela.pt\/noticias\/2026\/03\/27\/turismo-de-portugal-amplia-programa-de-formacao-para-migrantes\/#primaryimage\",\"url\":\"https:\/\/portaltela.pt\/s.01k8rhncp4jt1\/2026\/03\/2077476.jpg\",\"contentUrl\":\"https:\/\/portaltela.pt\/s.01k8rhncp4jt1\/2026\/03\/2077476.jpg\",\"width\":796,\"height\":448,\"caption\":\"Formandos da primeira edi\u00e7\u00e3o que est\u00e3o a trabalhar no sector ficaram principalmente com empregos ao n\u00edvel da cozinha\"},{\"@type\":\"BreadcrumbList\",\"@id\":\"https:\/\/portaltela.pt\/noticias\/2026\/03\/27\/turismo-de-portugal-amplia-programa-de-formacao-para-migrantes\/#breadcrumb\",\"itemListElement\":[{\"@type\":\"ListItem\",\"position\":1,\"name\":\"In\u00edcio\",\"item\":\"https:\/\/portaltela.pt\/\"},{\"@type\":\"ListItem\",\"position\":2,\"name\":\"Turismo de Portugal amplia programa de forma\u00e7\u00e3o para migrantes\"}]},{\"@type\":\"WebSite\",\"@id\":\"https:\/\/portaltela.pt\/#website\",\"url\":\"https:\/\/portaltela.pt\/\",\"name\":\"Portal Tela Portugal\",\"description\":\"\",\"potentialAction\":[{\"@type\":\"SearchAction\",\"target\":{\"@type\":\"EntryPoint\",\"urlTemplate\":\"https:\/\/portaltela.pt\/?s={search_term_string}\"},\"query-input\":{\"@type\":\"PropertyValueSpecification\",\"valueRequired\":true,\"valueName\":\"search_term_string\"}}],\"inLanguage\":\"pt-PT\"},{\"@type\":\"Person\",\"@id\":\"https:\/\/portaltela.pt\/#\/schema\/person\/c4278d4a6028830caff9ee44b42d32ed\",\"name\":\"Telinha\",\"image\":{\"@type\":\"ImageObject\",\"inLanguage\":\"pt-PT\",\"@id\":\"https:\/\/portaltela.pt\/s.01k8rhncp4jt1\/2025\/11\/talking-bot-125x125.png\",\"url\":\"https:\/\/portaltela.pt\/s.01k8rhncp4jt1\/2025\/11\/talking-bot-125x125.png\",\"contentUrl\":\"https:\/\/portaltela.pt\/s.01k8rhncp4jt1\/2025\/11\/talking-bot-125x125.png\",\"caption\":\"Telinha\"},\"sameAs\":[\"https:\/\/portaltela.pt\/\"],\"url\":\"https:\/\/portaltela.pt\/por\/367410592786\/\"}]}<\/script>\n<!-- \/ Yoast SEO plugin. -->","yoast_head_json":{"title":"Turismo de Portugal amplia programa de forma\u00e7\u00e3o para migrantes - Portal Tela Portugal","robots":{"index":"index","follow":"follow","max-snippet":"max-snippet:-1","max-image-preview":"max-image-preview:large","max-video-preview":"max-video-preview:-1"},"og_locale":"pt_PT","og_type":"article","og_title":"Turismo de Portugal amplia programa de forma\u00e7\u00e3o para migrantes - Portal Tela Portugal","og_description":"A segunda edi\u00e7\u00e3o do programa Integrar para o Turismo abre mil vagas em abril, com forma\u00e7\u00e3o de tr\u00eas meses e est\u00e1gio de tr\u00eas meses nas empresas aderentes. O programa aumenta a dura\u00e7\u00e3o dos est\u00e1gios, refor\u00e7a o apoio financeiro aos participantes e inclui m\u00f3dulos de l\u00ednguas e literacia financeira, com maior interven\u00e7\u00e3o do IEFP. O or\u00e7amento total \u00e9 de cinco milh\u00f5es de euros; o apoio monet\u00e1rio passa a sete IAS, equivalente a 3759,9 mil euros. Abrangendo a Ag\u00eancia para a Integra\u00e7\u00e3o, Migra\u00e7\u00f5es e Asilo (AIMA) e a Confedera\u00e7\u00e3o do Turismo de Portugal (CTP), conta ainda com uma nova plataforma de inscri\u00e7\u00e3o. No balan\u00e7o da primeira edi\u00e7\u00e3o, 915 candidaturas foram validadas, resultando em 655 formados; 84,87% dos formados estavam a trabalhar, sendo 43,91% no turismo. Tamb\u00e9m houve 329 empresas dispon\u00edveis para est\u00e1gios, com 53% a envolver-se no processo.","og_url":"https:\/\/portaltela.pt\/noticias\/2026\/03\/27\/turismo-de-portugal-amplia-programa-de-formacao-para-migrantes\/","og_site_name":"Portal Tela Portugal","article_published_time":"2026-03-27T18:02:00+00:00","author":"Telinha","twitter_card":"summary_large_image","twitter_misc":{"Escrito por":"Telinha","Tempo estimado de leitura":"1 minuto"},"schema":{"@context":"https:\/\/schema.org","@graph":[{"@type":"Article","@id":"https:\/\/portaltela.pt\/noticias\/2026\/03\/27\/turismo-de-portugal-amplia-programa-de-formacao-para-migrantes\/#article","isPartOf":{"@id":"https:\/\/portaltela.pt\/noticias\/2026\/03\/27\/turismo-de-portugal-amplia-programa-de-formacao-para-migrantes\/"},"author":{"name":"Telinha","@id":"https:\/\/portaltela.pt\/#\/schema\/person\/c4278d4a6028830caff9ee44b42d32ed"},"headline":"Turismo de Portugal amplia programa de forma\u00e7\u00e3o para migrantes","datePublished":"2026-03-27T18:02:00+00:00","mainEntityOfPage":{"@id":"https:\/\/portaltela.pt\/noticias\/2026\/03\/27\/turismo-de-portugal-amplia-programa-de-formacao-para-migrantes\/"},"wordCount":304,"image":{"@id":"https:\/\/portaltela.pt\/noticias\/2026\/03\/27\/turismo-de-portugal-amplia-programa-de-formacao-para-migrantes\/#primaryimage"},"thumbnailUrl":"https:\/\/portaltela.pt\/s.01k8rhncp4jt1\/2026\/03\/2077476.jpg","keywords":["economia","forma\u00e7\u00e3o","IEFP","migrantes","trabalho","turismo"],"articleSection":["Economia","Neg\u00f3cios"],"inLanguage":"pt-PT"},{"@type":"WebPage","@id":"https:\/\/portaltela.pt\/noticias\/2026\/03\/27\/turismo-de-portugal-amplia-programa-de-formacao-para-migrantes\/","url":"https:\/\/portaltela.pt\/noticias\/2026\/03\/27\/turismo-de-portugal-amplia-programa-de-formacao-para-migrantes\/","name":"Turismo de Portugal amplia programa de forma\u00e7\u00e3o para migrantes - Portal Tela Portugal","isPartOf":{"@id":"https:\/\/portaltela.pt\/#website"},"primaryImageOfPage":{"@id":"https:\/\/portaltela.pt\/noticias\/2026\/03\/27\/turismo-de-portugal-amplia-programa-de-formacao-para-migrantes\/#primaryimage"},"image":{"@id":"https:\/\/portaltela.pt\/noticias\/2026\/03\/27\/turismo-de-portugal-amplia-programa-de-formacao-para-migrantes\/#primaryimage"},"thumbnailUrl":"https:\/\/portaltela.pt\/s.01k8rhncp4jt1\/2026\/03\/2077476.jpg","datePublished":"2026-03-27T18:02:00+00:00","author":{"@id":"https:\/\/portaltela.pt\/#\/schema\/person\/c4278d4a6028830caff9ee44b42d32ed"},"breadcrumb":{"@id":"https:\/\/portaltela.pt\/noticias\/2026\/03\/27\/turismo-de-portugal-amplia-programa-de-formacao-para-migrantes\/#breadcrumb"},"inLanguage":"pt-PT","potentialAction":[{"@type":"ReadAction","target":["https:\/\/portaltela.pt\/noticias\/2026\/03\/27\/turismo-de-portugal-amplia-programa-de-formacao-para-migrantes\/"]}]},{"@type":"ImageObject","inLanguage":"pt-PT","@id":"https:\/\/portaltela.pt\/noticias\/2026\/03\/27\/turismo-de-portugal-amplia-programa-de-formacao-para-migrantes\/#primaryimage","url":"https:\/\/portaltela.pt\/s.01k8rhncp4jt1\/2026\/03\/2077476.jpg","contentUrl":"https:\/\/portaltela.pt\/s.01k8rhncp4jt1\/2026\/03\/2077476.jpg","width":796,"height":448,"caption":"Formandos da primeira edi\u00e7\u00e3o que est\u00e3o a trabalhar no sector ficaram principalmente com empregos ao n\u00edvel da cozinha"},{"@type":"BreadcrumbList","@id":"https:\/\/portaltela.pt\/noticias\/2026\/03\/27\/turismo-de-portugal-amplia-programa-de-formacao-para-migrantes\/#breadcrumb","itemListElement":[{"@type":"ListItem","position":1,"name":"In\u00edcio","item":"https:\/\/portaltela.pt\/"},{"@type":"ListItem","position":2,"name":"Turismo de Portugal amplia programa de forma\u00e7\u00e3o para migrantes"}]},{"@type":"WebSite","@id":"https:\/\/portaltela.pt\/#website","url":"https:\/\/portaltela.pt\/","name":"Portal Tela Portugal","description":"","potentialAction":[{"@type":"SearchAction","target":{"@type":"EntryPoint","urlTemplate":"https:\/\/portaltela.pt\/?s={search_term_string}"},"query-input":{"@type":"PropertyValueSpecification","valueRequired":true,"valueName":"search_term_string"}}],"inLanguage":"pt-PT"},{"@type":"Person","@id":"https:\/\/portaltela.pt\/#\/schema\/person\/c4278d4a6028830caff9ee44b42d32ed","name":"Telinha","image":{"@type":"ImageObject","inLanguage":"pt-PT","@id":"https:\/\/portaltela.pt\/s.01k8rhncp4jt1\/2025\/11\/talking-bot-125x125.png","url":"https:\/\/portaltela.pt\/s.01k8rhncp4jt1\/2025\/11\/talking-bot-125x125.png","contentUrl":"https:\/\/portaltela.pt\/s.01k8rhncp4jt1\/2025\/11\/talking-bot-125x125.png","caption":"Telinha"},"sameAs":["https:\/\/portaltela.pt\/"],"url":"https:\/\/portaltela.pt\/por\/367410592786\/"}]}},"_links":{"self":[{"href":"https:\/\/portaltela.pt\/api\/wp\/v2\/posts\/424157","targetHints":{"allow":["GET"]}}],"collection":[{"href":"https:\/\/portaltela.pt\/api\/wp\/v2\/posts"}],"about":[{"href":"https:\/\/portaltela.pt\/api\/wp\/v2\/types\/post"}],"author":[{"embeddable":true,"href":"https:\/\/portaltela.pt\/api\/wp\/v2\/users\/2"}],"replies":[{"embeddable":true,"href":"https:\/\/portaltela.pt\/api\/wp\/v2\/comments?post=424157"}],"version-history":[{"count":0,"href":"https:\/\/portaltela.pt\/api\/wp\/v2\/posts\/424157\/revisions"}],"wp:featuredmedia":[{"embeddable":true,"href":"https:\/\/portaltela.pt\/api\/wp\/v2\/media\/424166"}],"wp:attachment":[{"href":"https:\/\/portaltela.pt\/api\/wp\/v2\/media?parent=424157"}],"wp:term":[{"taxonomy":"category","embeddable":true,"href":"https:\/\/portaltela.pt\/api\/wp\/v2\/categories?post=424157"},{"taxonomy":"post_tag","embeddable":true,"href":"https:\/\/portaltela.pt\/api\/wp\/v2\/tags?post=424157"}],"curies":[{"name":"wp","href":"https:\/\/api.w.org\/{rel}","templated":true}]}}