{"id":424155,"date":"2026-03-27T15:14:45","date_gmt":"2026-03-27T18:14:45","guid":{"rendered":"https:\/\/portaltela.pt\/noticias\/2026\/03\/27\/quatro-satelites-portugueses-vao-ser-lancados-nos-eua-na-segunda-feira\/"},"modified":"2026-03-27T15:14:45","modified_gmt":"2026-03-27T18:14:45","slug":"quatro-satelites-portugueses-vao-ser-lancados-nos-eua-na-segunda-feira","status":"publish","type":"post","link":"https:\/\/portaltela.pt\/tecnologia\/2026\/03\/27\/quatro-satelites-portugueses-vao-ser-lancados-nos-eua-na-segunda-feira\/","title":{"rendered":"Quatro sat\u00e9lites portugueses v\u00e3o ser lan\u00e7ados nos EUA na segunda-feira"},"content":{"rendered":"<p>Quatro sat\u00e9lites portugueses v\u00e3o ser lan\u00e7ados na pr\u00f3xima segunda-feira, nos Estados Unidos, inaugurando a constela\u00e7\u00e3o Lus\u00edada. O objetivo \u00e9 melhorar as comunica\u00e7\u00f5es mar\u00edtimas, com uma rede de internet funcional no mar em qualquer condi\u00e7\u00e3o meteorol\u00f3gica.<\/p>\n<p>A iniciativa \u00e9 da empresa privada LusoSpace, que descreve o projeto como o lan\u00e7amento de uma plataforma que facilitar\u00e1 navega\u00e7\u00e3o e seguran\u00e7a nas viagens mar\u00edtimas. O lan\u00e7amento ocorrer\u00e1 a partir da base de Vandenberg, na Calif\u00f3rnia, com um foguet\u00e3o da SpaceX.<\/p>\n<p>A constela\u00e7\u00e3o come\u00e7a com os sat\u00e9lites Cam\u00f5es, Agustina, Pessoa e Saramago. O investimento total ascende a 15 milh\u00f5es de euros, dos quais 10 milh\u00f5es s\u00e3o financiados pelo Plano de Recupera\u00e7\u00e3o e Resili\u00eancia (PRR). A LusoSpace contribui com cerca de 2,5 milh\u00f5es, cabendo o resto a investidores privados.<\/p>\n<h3>Desdobramentos e parcerias<\/h3>\n<p>O projeto envolve parcerias estrat\u00e9gicas com entidades governamentais, refor\u00e7ando a componente de defesa e aeroespacial. O lan\u00e7amento marca o arranque de um conjunto de 12 sat\u00e9lites dedicados \u00e0s comunica\u00e7\u00f5es mar\u00edtimas, previstas para terminar em fases futuras.<\/p>\n<p>Na manh\u00e3 de segunda-feira, \u00e9 poss\u00edvel acompanhar o lan\u00e7amento em Lisboa, num evento em tempo real. O evento conta com a presen\u00e7a de entidades ligadas \u00e0 \u00e1rea aeroespacial e \u00e0 Defesa, conforme anunciada pela organiza\u00e7\u00e3o.<\/p>\n","protected":false},"excerpt":{"rendered":"<ul>\n<li>Quatro sat\u00e9lites portugueses ser\u00e3o lan\u00e7ados na segunda-feira nos Estados Unidos, abrindo a constela\u00e7\u00e3o Lus\u00edada com doze m\u00f3dulos dedicados \u00e0s comunica\u00e7\u00f5es mar\u00edtimas.<\/li>\n<li>Os sat\u00e9lites Cam\u00f5es, Agustina, Pessoa e Saramago ser\u00e3o enviados para \u00f3rbita num foguet\u00e3o da SpaceX a partir da base de Vandenberg, na Calif\u00f3rnia.<\/li>\n<li>O projeto privado LusoSpace envolve parcerias com entidades governamentais e representa um investimento total de \u20ac 15 milh\u00f5es, dos quais \u20ac 10 milh\u00f5es s\u00e3o financiados pelo Plano de Recupera\u00e7\u00e3o e Resili\u00eancia (PRR).<\/li>\n<li>A LusoSpace financia cerca de \u20ac 2,5 milh\u00f5es, sendo o restante angariado junto de investidores privados.<\/li>\n<li>Na manh\u00e3 de segunda-feira, o lan\u00e7amento poder\u00e1 ser acompanhado em tempo real, em Lisboa, num evento com entidades ligadas \u00e0 aeroespacial e \u00e0 Defesa.<\/li>\n<\/ul>\n","protected":false},"author":2,"featured_media":424164,"comment_status":"closed","ping_status":"closed","sticky":false,"template":"","format":"standard","meta":{"footnotes":""},"categories":[6716],"tags":[2625,6103,2336,316,1014,153],"class_list":["post-424155","post","type-post","status-publish","format-standard","has-post-thumbnail","hentry","category-tecnologia","tag-aeronautica","tag-comunicacao-internacional","tag-defesa-nacional","tag-investimento","tag-portugal","tag-tecnologia"],"yoast_head":"<!-- This site is optimized with the Yoast SEO plugin v27.2 - https:\/\/yoast.com\/product\/yoast-seo-wordpress\/ -->\n<title>Quatro sat\u00e9lites portugueses v\u00e3o ser lan\u00e7ados nos EUA na segunda-feira - Portal Tela Portugal<\/title>\n<meta name=\"robots\" content=\"index, follow, max-snippet:-1, max-image-preview:large, max-video-preview:-1\" \/>\n<meta property=\"og:locale\" content=\"pt_PT\" \/>\n<meta property=\"og:type\" content=\"article\" \/>\n<meta property=\"og:title\" content=\"Quatro sat\u00e9lites portugueses v\u00e3o ser lan\u00e7ados nos EUA na segunda-feira - Portal Tela Portugal\" \/>\n<meta property=\"og:description\" content=\"Quatro sat\u00e9lites portugueses ser\u00e3o lan\u00e7ados na segunda-feira nos Estados Unidos, abrindo a constela\u00e7\u00e3o Lus\u00edada com doze m\u00f3dulos dedicados \u00e0s comunica\u00e7\u00f5es mar\u00edtimas. Os sat\u00e9lites Cam\u00f5es, Agustina, Pessoa e Saramago ser\u00e3o enviados para \u00f3rbita num foguet\u00e3o da SpaceX a partir da base de Vandenberg, na Calif\u00f3rnia. O projeto privado LusoSpace envolve parcerias com entidades governamentais e representa um investimento total de \u20ac 15 milh\u00f5es, dos quais \u20ac 10 milh\u00f5es s\u00e3o financiados pelo Plano de Recupera\u00e7\u00e3o e Resili\u00eancia (PRR). A LusoSpace financia cerca de \u20ac 2,5 milh\u00f5es, sendo o restante angariado junto de investidores privados. Na manh\u00e3 de segunda-feira, o lan\u00e7amento poder\u00e1 ser acompanhado em tempo real, em Lisboa, num evento com entidades ligadas \u00e0 aeroespacial e \u00e0 Defesa.\" \/>\n<meta property=\"og:url\" content=\"https:\/\/portaltela.pt\/noticias\/2026\/03\/27\/quatro-satelites-portugueses-vao-ser-lancados-nos-eua-na-segunda-feira\/\" \/>\n<meta property=\"og:site_name\" content=\"Portal Tela Portugal\" \/>\n<meta property=\"article:published_time\" content=\"2026-03-27T18:14:45+00:00\" \/>\n<meta name=\"author\" content=\"Telinha\" \/>\n<meta name=\"twitter:card\" content=\"summary_large_image\" \/>\n<meta name=\"twitter:label1\" content=\"Escrito por\" \/>\n\t<meta name=\"twitter:data1\" content=\"Telinha\" \/>\n\t<meta name=\"twitter:label2\" content=\"Tempo estimado de leitura\" \/>\n\t<meta name=\"twitter:data2\" content=\"1 minuto\" \/>\n<script type=\"application\/ld+json\" class=\"yoast-schema-graph\">{\"@context\":\"https:\/\/schema.org\",\"@graph\":[{\"@type\":\"Article\",\"@id\":\"https:\/\/portaltela.pt\/noticias\/2026\/03\/27\/quatro-satelites-portugueses-vao-ser-lancados-nos-eua-na-segunda-feira\/#article\",\"isPartOf\":{\"@id\":\"https:\/\/portaltela.pt\/noticias\/2026\/03\/27\/quatro-satelites-portugueses-vao-ser-lancados-nos-eua-na-segunda-feira\/\"},\"author\":{\"name\":\"Telinha\",\"@id\":\"https:\/\/portaltela.pt\/#\/schema\/person\/c4278d4a6028830caff9ee44b42d32ed\"},\"headline\":\"Quatro sat\u00e9lites portugueses v\u00e3o ser lan\u00e7ados nos EUA na segunda-feira\",\"datePublished\":\"2026-03-27T18:14:45+00:00\",\"mainEntityOfPage\":{\"@id\":\"https:\/\/portaltela.pt\/noticias\/2026\/03\/27\/quatro-satelites-portugueses-vao-ser-lancados-nos-eua-na-segunda-feira\/\"},\"wordCount\":238,\"image\":{\"@id\":\"https:\/\/portaltela.pt\/noticias\/2026\/03\/27\/quatro-satelites-portugueses-vao-ser-lancados-nos-eua-na-segunda-feira\/#primaryimage\"},\"thumbnailUrl\":\"https:\/\/portaltela.pt\/s.01k8rhncp4jt1\/2026\/03\/img_1500x1000uu2019-12-18-11-46-04-910614.jpg\",\"keywords\":[\"aeron\u00e1utica\",\"comunica\u00e7\u00e3o internacional\",\"Defesa Nacional\",\"investimento\",\"Portugal\",\"tecnologia\"],\"articleSection\":[\"Tecnologia\"],\"inLanguage\":\"pt-PT\"},{\"@type\":\"WebPage\",\"@id\":\"https:\/\/portaltela.pt\/noticias\/2026\/03\/27\/quatro-satelites-portugueses-vao-ser-lancados-nos-eua-na-segunda-feira\/\",\"url\":\"https:\/\/portaltela.pt\/noticias\/2026\/03\/27\/quatro-satelites-portugueses-vao-ser-lancados-nos-eua-na-segunda-feira\/\",\"name\":\"Quatro sat\u00e9lites portugueses v\u00e3o ser lan\u00e7ados nos EUA na segunda-feira - Portal Tela Portugal\",\"isPartOf\":{\"@id\":\"https:\/\/portaltela.pt\/#website\"},\"primaryImageOfPage\":{\"@id\":\"https:\/\/portaltela.pt\/noticias\/2026\/03\/27\/quatro-satelites-portugueses-vao-ser-lancados-nos-eua-na-segunda-feira\/#primaryimage\"},\"image\":{\"@id\":\"https:\/\/portaltela.pt\/noticias\/2026\/03\/27\/quatro-satelites-portugueses-vao-ser-lancados-nos-eua-na-segunda-feira\/#primaryimage\"},\"thumbnailUrl\":\"https:\/\/portaltela.pt\/s.01k8rhncp4jt1\/2026\/03\/img_1500x1000uu2019-12-18-11-46-04-910614.jpg\",\"datePublished\":\"2026-03-27T18:14:45+00:00\",\"author\":{\"@id\":\"https:\/\/portaltela.pt\/#\/schema\/person\/c4278d4a6028830caff9ee44b42d32ed\"},\"breadcrumb\":{\"@id\":\"https:\/\/portaltela.pt\/noticias\/2026\/03\/27\/quatro-satelites-portugueses-vao-ser-lancados-nos-eua-na-segunda-feira\/#breadcrumb\"},\"inLanguage\":\"pt-PT\",\"potentialAction\":[{\"@type\":\"ReadAction\",\"target\":[\"https:\/\/portaltela.pt\/noticias\/2026\/03\/27\/quatro-satelites-portugueses-vao-ser-lancados-nos-eua-na-segunda-feira\/\"]}]},{\"@type\":\"ImageObject\",\"inLanguage\":\"pt-PT\",\"@id\":\"https:\/\/portaltela.pt\/noticias\/2026\/03\/27\/quatro-satelites-portugueses-vao-ser-lancados-nos-eua-na-segunda-feira\/#primaryimage\",\"url\":\"https:\/\/portaltela.pt\/s.01k8rhncp4jt1\/2026\/03\/img_1500x1000uu2019-12-18-11-46-04-910614.jpg\",\"contentUrl\":\"https:\/\/portaltela.pt\/s.01k8rhncp4jt1\/2026\/03\/img_1500x1000uu2019-12-18-11-46-04-910614.jpg\",\"width\":796,\"height\":448,\"caption\":\"Quatro sat\u00e9lites portugueses v\u00e3o ser lan\u00e7ados na segunda-feira nos EUA\"},{\"@type\":\"BreadcrumbList\",\"@id\":\"https:\/\/portaltela.pt\/noticias\/2026\/03\/27\/quatro-satelites-portugueses-vao-ser-lancados-nos-eua-na-segunda-feira\/#breadcrumb\",\"itemListElement\":[{\"@type\":\"ListItem\",\"position\":1,\"name\":\"In\u00edcio\",\"item\":\"https:\/\/portaltela.pt\/\"},{\"@type\":\"ListItem\",\"position\":2,\"name\":\"Quatro sat\u00e9lites portugueses v\u00e3o ser lan\u00e7ados nos EUA na segunda-feira\"}]},{\"@type\":\"WebSite\",\"@id\":\"https:\/\/portaltela.pt\/#website\",\"url\":\"https:\/\/portaltela.pt\/\",\"name\":\"Portal Tela Portugal\",\"description\":\"\",\"potentialAction\":[{\"@type\":\"SearchAction\",\"target\":{\"@type\":\"EntryPoint\",\"urlTemplate\":\"https:\/\/portaltela.pt\/?s={search_term_string}\"},\"query-input\":{\"@type\":\"PropertyValueSpecification\",\"valueRequired\":true,\"valueName\":\"search_term_string\"}}],\"inLanguage\":\"pt-PT\"},{\"@type\":\"Person\",\"@id\":\"https:\/\/portaltela.pt\/#\/schema\/person\/c4278d4a6028830caff9ee44b42d32ed\",\"name\":\"Telinha\",\"image\":{\"@type\":\"ImageObject\",\"inLanguage\":\"pt-PT\",\"@id\":\"https:\/\/portaltela.pt\/s.01k8rhncp4jt1\/2025\/11\/talking-bot-125x125.png\",\"url\":\"https:\/\/portaltela.pt\/s.01k8rhncp4jt1\/2025\/11\/talking-bot-125x125.png\",\"contentUrl\":\"https:\/\/portaltela.pt\/s.01k8rhncp4jt1\/2025\/11\/talking-bot-125x125.png\",\"caption\":\"Telinha\"},\"sameAs\":[\"https:\/\/portaltela.pt\/\"],\"url\":\"https:\/\/portaltela.pt\/por\/367410592786\/\"}]}<\/script>\n<!-- \/ Yoast SEO plugin. -->","yoast_head_json":{"title":"Quatro sat\u00e9lites portugueses v\u00e3o ser lan\u00e7ados nos EUA na segunda-feira - Portal Tela Portugal","robots":{"index":"index","follow":"follow","max-snippet":"max-snippet:-1","max-image-preview":"max-image-preview:large","max-video-preview":"max-video-preview:-1"},"og_locale":"pt_PT","og_type":"article","og_title":"Quatro sat\u00e9lites portugueses v\u00e3o ser lan\u00e7ados nos EUA na segunda-feira - Portal Tela Portugal","og_description":"Quatro sat\u00e9lites portugueses ser\u00e3o lan\u00e7ados na segunda-feira nos Estados Unidos, abrindo a constela\u00e7\u00e3o Lus\u00edada com doze m\u00f3dulos dedicados \u00e0s comunica\u00e7\u00f5es mar\u00edtimas. Os sat\u00e9lites Cam\u00f5es, Agustina, Pessoa e Saramago ser\u00e3o enviados para \u00f3rbita num foguet\u00e3o da SpaceX a partir da base de Vandenberg, na Calif\u00f3rnia. O projeto privado LusoSpace envolve parcerias com entidades governamentais e representa um investimento total de \u20ac 15 milh\u00f5es, dos quais \u20ac 10 milh\u00f5es s\u00e3o financiados pelo Plano de Recupera\u00e7\u00e3o e Resili\u00eancia (PRR). A LusoSpace financia cerca de \u20ac 2,5 milh\u00f5es, sendo o restante angariado junto de investidores privados. Na manh\u00e3 de segunda-feira, o lan\u00e7amento poder\u00e1 ser acompanhado em tempo real, em Lisboa, num evento com entidades ligadas \u00e0 aeroespacial e \u00e0 Defesa.","og_url":"https:\/\/portaltela.pt\/noticias\/2026\/03\/27\/quatro-satelites-portugueses-vao-ser-lancados-nos-eua-na-segunda-feira\/","og_site_name":"Portal Tela Portugal","article_published_time":"2026-03-27T18:14:45+00:00","author":"Telinha","twitter_card":"summary_large_image","twitter_misc":{"Escrito por":"Telinha","Tempo estimado de leitura":"1 minuto"},"schema":{"@context":"https:\/\/schema.org","@graph":[{"@type":"Article","@id":"https:\/\/portaltela.pt\/noticias\/2026\/03\/27\/quatro-satelites-portugueses-vao-ser-lancados-nos-eua-na-segunda-feira\/#article","isPartOf":{"@id":"https:\/\/portaltela.pt\/noticias\/2026\/03\/27\/quatro-satelites-portugueses-vao-ser-lancados-nos-eua-na-segunda-feira\/"},"author":{"name":"Telinha","@id":"https:\/\/portaltela.pt\/#\/schema\/person\/c4278d4a6028830caff9ee44b42d32ed"},"headline":"Quatro sat\u00e9lites portugueses v\u00e3o ser lan\u00e7ados nos EUA na segunda-feira","datePublished":"2026-03-27T18:14:45+00:00","mainEntityOfPage":{"@id":"https:\/\/portaltela.pt\/noticias\/2026\/03\/27\/quatro-satelites-portugueses-vao-ser-lancados-nos-eua-na-segunda-feira\/"},"wordCount":238,"image":{"@id":"https:\/\/portaltela.pt\/noticias\/2026\/03\/27\/quatro-satelites-portugueses-vao-ser-lancados-nos-eua-na-segunda-feira\/#primaryimage"},"thumbnailUrl":"https:\/\/portaltela.pt\/s.01k8rhncp4jt1\/2026\/03\/img_1500x1000uu2019-12-18-11-46-04-910614.jpg","keywords":["aeron\u00e1utica","comunica\u00e7\u00e3o internacional","Defesa Nacional","investimento","Portugal","tecnologia"],"articleSection":["Tecnologia"],"inLanguage":"pt-PT"},{"@type":"WebPage","@id":"https:\/\/portaltela.pt\/noticias\/2026\/03\/27\/quatro-satelites-portugueses-vao-ser-lancados-nos-eua-na-segunda-feira\/","url":"https:\/\/portaltela.pt\/noticias\/2026\/03\/27\/quatro-satelites-portugueses-vao-ser-lancados-nos-eua-na-segunda-feira\/","name":"Quatro sat\u00e9lites portugueses v\u00e3o ser lan\u00e7ados nos EUA na segunda-feira - Portal Tela Portugal","isPartOf":{"@id":"https:\/\/portaltela.pt\/#website"},"primaryImageOfPage":{"@id":"https:\/\/portaltela.pt\/noticias\/2026\/03\/27\/quatro-satelites-portugueses-vao-ser-lancados-nos-eua-na-segunda-feira\/#primaryimage"},"image":{"@id":"https:\/\/portaltela.pt\/noticias\/2026\/03\/27\/quatro-satelites-portugueses-vao-ser-lancados-nos-eua-na-segunda-feira\/#primaryimage"},"thumbnailUrl":"https:\/\/portaltela.pt\/s.01k8rhncp4jt1\/2026\/03\/img_1500x1000uu2019-12-18-11-46-04-910614.jpg","datePublished":"2026-03-27T18:14:45+00:00","author":{"@id":"https:\/\/portaltela.pt\/#\/schema\/person\/c4278d4a6028830caff9ee44b42d32ed"},"breadcrumb":{"@id":"https:\/\/portaltela.pt\/noticias\/2026\/03\/27\/quatro-satelites-portugueses-vao-ser-lancados-nos-eua-na-segunda-feira\/#breadcrumb"},"inLanguage":"pt-PT","potentialAction":[{"@type":"ReadAction","target":["https:\/\/portaltela.pt\/noticias\/2026\/03\/27\/quatro-satelites-portugueses-vao-ser-lancados-nos-eua-na-segunda-feira\/"]}]},{"@type":"ImageObject","inLanguage":"pt-PT","@id":"https:\/\/portaltela.pt\/noticias\/2026\/03\/27\/quatro-satelites-portugueses-vao-ser-lancados-nos-eua-na-segunda-feira\/#primaryimage","url":"https:\/\/portaltela.pt\/s.01k8rhncp4jt1\/2026\/03\/img_1500x1000uu2019-12-18-11-46-04-910614.jpg","contentUrl":"https:\/\/portaltela.pt\/s.01k8rhncp4jt1\/2026\/03\/img_1500x1000uu2019-12-18-11-46-04-910614.jpg","width":796,"height":448,"caption":"Quatro sat\u00e9lites portugueses v\u00e3o ser lan\u00e7ados na segunda-feira nos EUA"},{"@type":"BreadcrumbList","@id":"https:\/\/portaltela.pt\/noticias\/2026\/03\/27\/quatro-satelites-portugueses-vao-ser-lancados-nos-eua-na-segunda-feira\/#breadcrumb","itemListElement":[{"@type":"ListItem","position":1,"name":"In\u00edcio","item":"https:\/\/portaltela.pt\/"},{"@type":"ListItem","position":2,"name":"Quatro sat\u00e9lites portugueses v\u00e3o ser lan\u00e7ados nos EUA na segunda-feira"}]},{"@type":"WebSite","@id":"https:\/\/portaltela.pt\/#website","url":"https:\/\/portaltela.pt\/","name":"Portal Tela Portugal","description":"","potentialAction":[{"@type":"SearchAction","target":{"@type":"EntryPoint","urlTemplate":"https:\/\/portaltela.pt\/?s={search_term_string}"},"query-input":{"@type":"PropertyValueSpecification","valueRequired":true,"valueName":"search_term_string"}}],"inLanguage":"pt-PT"},{"@type":"Person","@id":"https:\/\/portaltela.pt\/#\/schema\/person\/c4278d4a6028830caff9ee44b42d32ed","name":"Telinha","image":{"@type":"ImageObject","inLanguage":"pt-PT","@id":"https:\/\/portaltela.pt\/s.01k8rhncp4jt1\/2025\/11\/talking-bot-125x125.png","url":"https:\/\/portaltela.pt\/s.01k8rhncp4jt1\/2025\/11\/talking-bot-125x125.png","contentUrl":"https:\/\/portaltela.pt\/s.01k8rhncp4jt1\/2025\/11\/talking-bot-125x125.png","caption":"Telinha"},"sameAs":["https:\/\/portaltela.pt\/"],"url":"https:\/\/portaltela.pt\/por\/367410592786\/"}]}},"_links":{"self":[{"href":"https:\/\/portaltela.pt\/api\/wp\/v2\/posts\/424155","targetHints":{"allow":["GET"]}}],"collection":[{"href":"https:\/\/portaltela.pt\/api\/wp\/v2\/posts"}],"about":[{"href":"https:\/\/portaltela.pt\/api\/wp\/v2\/types\/post"}],"author":[{"embeddable":true,"href":"https:\/\/portaltela.pt\/api\/wp\/v2\/users\/2"}],"replies":[{"embeddable":true,"href":"https:\/\/portaltela.pt\/api\/wp\/v2\/comments?post=424155"}],"version-history":[{"count":0,"href":"https:\/\/portaltela.pt\/api\/wp\/v2\/posts\/424155\/revisions"}],"wp:featuredmedia":[{"embeddable":true,"href":"https:\/\/portaltela.pt\/api\/wp\/v2\/media\/424164"}],"wp:attachment":[{"href":"https:\/\/portaltela.pt\/api\/wp\/v2\/media?parent=424155"}],"wp:term":[{"taxonomy":"category","embeddable":true,"href":"https:\/\/portaltela.pt\/api\/wp\/v2\/categories?post=424155"},{"taxonomy":"post_tag","embeddable":true,"href":"https:\/\/portaltela.pt\/api\/wp\/v2\/tags?post=424155"}],"curies":[{"name":"wp","href":"https:\/\/api.w.org\/{rel}","templated":true}]}}