{"id":424150,"date":"2026-03-27T15:06:00","date_gmt":"2026-03-27T18:06:00","guid":{"rendered":"https:\/\/portaltela.pt\/noticias\/2026\/03\/27\/ambiente-emite-parecer-condicionado-a-ampliacao-do-terminal-norte-em-leixoes\/"},"modified":"2026-03-27T15:06:00","modified_gmt":"2026-03-27T18:06:00","slug":"ambiente-emite-parecer-condicionado-a-ampliacao-do-terminal-norte-em-leixoes","status":"publish","type":"post","link":"https:\/\/portaltela.pt\/meio-ambiente\/2026\/03\/27\/ambiente-emite-parecer-condicionado-a-ampliacao-do-terminal-norte-em-leixoes\/","title":{"rendered":"Ambiente emite parecer condicionado \u00e0 amplia\u00e7\u00e3o do terminal norte em Leix\u00f5es"},"content":{"rendered":"<p>A Amplia\u00e7\u00e3o e reorganiza\u00e7\u00e3o do terminal norte do porto de Leix\u00f5es, em Matosinhos, poder\u00e1 ter um custo de at\u00e9 216,6 milh\u00f5es de euros. A decis\u00e3o, tomada pela Ag\u00eancia Portuguesa do Ambiente (APA) e comunicada pela Lusa, condiciona o projeto a avalia\u00e7\u00f5es e medidas espec\u00edficas. A Administra\u00e7\u00e3o dos Portos do Douro, Leix\u00f5es e Viana do Castelo (APDL) pode avan\u00e7ar com o projeto mediante o cumprimento destas exig\u00eancias.<\/p>\n<p>O parecer define condi\u00e7\u00f5es t\u00e9cnicas, entre as quais a ado\u00e7\u00e3o da alternativa B de geometria\/layout para o terrapleno, o uso de estacas na estrutura do cais e a cria\u00e7\u00e3o de uma liga\u00e7\u00e3o ferrovi\u00e1ria iniciando no terminal ampliado. Mant\u00e9m-se a obriga\u00e7\u00e3o de preservar in situ o Tit\u00e3 e a Esta\u00e7\u00e3o de Passageiros no Porto de Leix\u00f5es situados no molhe norte. Al\u00e9m disso, exige um estudo detalhado sobre a relocaliza\u00e7\u00e3o da Marina Porto Atl\u00e2ntico e impactos visuais e econ\u00f3micos sobre atividades n\u00e1uticas.<\/p>\n<h3>Impactos, patrim\u00f3nio e planeamento<\/h3>\n<p>O Estudo de Impacto Ambiental do terminal j\u00e1 indicava impactos negativos significativos na paisagem. O RECAPE deve apresentar solu\u00e7\u00f5es para a relocaliza\u00e7\u00e3o da Marina Porto Atl\u00e2ntico, assegurando capacidade para o mesmo n\u00famero de embarca\u00e7\u00f5es e continuidade das atividades n\u00e1uticas. O processo inclui avalia\u00e7\u00e3o do impacto social e econ\u00f3mico destas atividades, com op\u00e7\u00f5es e fundamenta\u00e7\u00e3o para as solu\u00e7\u00f5es de relocaliza\u00e7\u00e3o.<\/p>\n<p>A avalia\u00e7\u00e3o dever\u00e1 ainda considerar o patrim\u00f3nio cultural existente na \u00e1rea de estudo, incluindo edif\u00edcios e estruturas classificados ou em vias de classifica\u00e7\u00e3o. A an\u00e1lise dever\u00e1 abranger o Passeio Mar\u00edtimo, o Farol de Le\u00e7a, o Castelo do Queijo, a Esta\u00e7\u00e3o de Passageiros e outros lugares de interesse, bem como as \u00e1reas portu\u00e1rias antigas. O relat\u00f3rio ter\u00e1 de apresentar vistas com p\u00f3rticos, pilhas de contentores e limites de altura para garantir a viabilidade do projeto no conjunto urbano.<\/p>\n<p>###<\/p>\n<p>Coopera\u00e7\u00e3o local e cronograma<\/p>\n<p>Dever\u00e1 ser demonstrada a promo\u00e7\u00e3o de iniciativas de articula\u00e7\u00e3o com atores locais, com a cria\u00e7\u00e3o potencial de um grupo de acompanhamento envolvendo a C\u00e2mara Municipal de Matosinhos, Juntas de Freguesia, associa\u00e7\u00f5es e clubes da Marina Porto Atl\u00e2ntico, entre outras entidades. A amplia\u00e7\u00e3o tem dura\u00e7\u00e3o prevista de quatro anos e meio, com o custo estimado de 216,6 milh\u00f5es de euros.<\/p>\n<p>A APA aponta que o projeto pode avan\u00e7ar apenas mediante o atendimento das condi\u00e7\u00f5es apresentadas, incluindo a liga\u00e7\u00e3o ferrovi\u00e1ria e a garantia de opera\u00e7\u00f5es cont\u00ednuas, sem prejudicar as atividades existentes na zona. O parecer, datado de quarta-feira, foi consultado pela Lusa nesta sexta-feira.<\/p>\n","protected":false},"excerpt":{"rendered":"<ul>\n<li>A Ag\u00eancia Portuguesa do Ambiente deu parecer favor\u00e1vel condicionado \u00e0 amplia\u00e7\u00e3o do terminal norte de contentores do porto de Leix\u00f5es, em Matosinhos, com exig\u00eancias t\u00e9cnicas e ambientais.<\/li>\n<li>O custo estimado \u00e9 de at\u00e9 216,6 milh\u00f5es de euros, com durabilidade da obra prevista em quatro anos e seis meses.<\/li>\n<li>Entre as condi\u00e7\u00f5es, est\u00e3o: ado\u00e7\u00e3o da geometria\/layout alternativa B, utiliza\u00e7\u00e3o de estacas na estrutura do cais e liga\u00e7\u00e3o ferrovi\u00e1ria a partir do terminal ampliado; preserva\u00e7\u00e3o do Tit\u00e3 e da Esta\u00e7\u00e3o de Passageiros no molhe norte.<\/li>\n<li>O estudo de impacto ambiental (RECAPE) dever\u00e1 prever a relocaliza\u00e7\u00e3o da Marina Porto Atl\u00e2ntico, garantir capacidade para o mesmo n\u00famero de embarca\u00e7\u00f5es e apresentar an\u00e1lise social, econ\u00f3mica e de impacte visual sobre o patrim\u00f3nio e edinif\u00edcios hist\u00f3ricos da zona.<\/li>\n<li>Ser\u00e1 tamb\u00e9m exigida uma avalia\u00e7\u00e3o detalhada do impacte visual sobre o patrim\u00f3nio cultural e existente na \u00e1rea, com participa\u00e7\u00e3o de atores locais e poss\u00edvel cria\u00e7\u00e3o de um grupo de acompanhamento envolvendo a C\u00e2mara Municipal de Matosinhos, juntas de freguesia e associa\u00e7\u00f5es relacionadas.<\/li>\n<\/ul>\n","protected":false},"author":2,"featured_media":424154,"comment_status":"closed","ping_status":"closed","sticky":false,"template":"","format":"standard","meta":{"footnotes":""},"categories":[6725],"tags":[3100,167,1615,1709,814,5013],"class_list":["post-424150","post","type-post","status-publish","format-standard","has-post-thumbnail","hentry","category-meio-ambiente","tag-ambiental","tag-ambiente","tag-infraestrutura","tag-matosinhos","tag-patrimonio","tag-portos"],"yoast_head":"<!-- This site is optimized with the Yoast SEO plugin v27.2 - https:\/\/yoast.com\/product\/yoast-seo-wordpress\/ -->\n<title>Ambiente emite parecer condicionado \u00e0 amplia\u00e7\u00e3o do terminal norte em Leix\u00f5es - Portal Tela Portugal<\/title>\n<meta name=\"robots\" content=\"index, follow, max-snippet:-1, max-image-preview:large, max-video-preview:-1\" \/>\n<meta property=\"og:locale\" content=\"pt_PT\" \/>\n<meta property=\"og:type\" content=\"article\" \/>\n<meta property=\"og:title\" content=\"Ambiente emite parecer condicionado \u00e0 amplia\u00e7\u00e3o do terminal norte em Leix\u00f5es - Portal Tela Portugal\" \/>\n<meta property=\"og:description\" content=\"A Ag\u00eancia Portuguesa do Ambiente deu parecer favor\u00e1vel condicionado \u00e0 amplia\u00e7\u00e3o do terminal norte de contentores do porto de Leix\u00f5es, em Matosinhos, com exig\u00eancias t\u00e9cnicas e ambientais. O custo estimado \u00e9 de at\u00e9 216,6 milh\u00f5es de euros, com durabilidade da obra prevista em quatro anos e seis meses. Entre as condi\u00e7\u00f5es, est\u00e3o: ado\u00e7\u00e3o da geometria\/layout alternativa B, utiliza\u00e7\u00e3o de estacas na estrutura do cais e liga\u00e7\u00e3o ferrovi\u00e1ria a partir do terminal ampliado; preserva\u00e7\u00e3o do Tit\u00e3 e da Esta\u00e7\u00e3o de Passageiros no molhe norte. O estudo de impacto ambiental (RECAPE) dever\u00e1 prever a relocaliza\u00e7\u00e3o da Marina Porto Atl\u00e2ntico, garantir capacidade para o mesmo n\u00famero de embarca\u00e7\u00f5es e apresentar an\u00e1lise social, econ\u00f3mica e de impacte visual sobre o patrim\u00f3nio e edinif\u00edcios hist\u00f3ricos da zona. Ser\u00e1 tamb\u00e9m exigida uma avalia\u00e7\u00e3o detalhada do impacte visual sobre o patrim\u00f3nio cultural e existente na \u00e1rea, com participa\u00e7\u00e3o de atores locais e poss\u00edvel cria\u00e7\u00e3o de um grupo de acompanhamento envolvendo a C\u00e2mara Municipal de Matosinhos, juntas de freguesia e associa\u00e7\u00f5es relacionadas.\" \/>\n<meta property=\"og:url\" content=\"https:\/\/portaltela.pt\/noticias\/2026\/03\/27\/ambiente-emite-parecer-condicionado-a-ampliacao-do-terminal-norte-em-leixoes\/\" \/>\n<meta property=\"og:site_name\" content=\"Portal Tela Portugal\" \/>\n<meta property=\"article:published_time\" content=\"2026-03-27T18:06:00+00:00\" \/>\n<meta name=\"author\" content=\"Telinha\" \/>\n<meta name=\"twitter:card\" content=\"summary_large_image\" \/>\n<meta name=\"twitter:label1\" content=\"Escrito por\" \/>\n\t<meta name=\"twitter:data1\" content=\"Telinha\" \/>\n\t<meta name=\"twitter:label2\" content=\"Tempo estimado de leitura\" \/>\n\t<meta name=\"twitter:data2\" content=\"2 minutos\" \/>\n<script type=\"application\/ld+json\" class=\"yoast-schema-graph\">{\"@context\":\"https:\/\/schema.org\",\"@graph\":[{\"@type\":\"Article\",\"@id\":\"https:\/\/portaltela.pt\/noticias\/2026\/03\/27\/ambiente-emite-parecer-condicionado-a-ampliacao-do-terminal-norte-em-leixoes\/#article\",\"isPartOf\":{\"@id\":\"https:\/\/portaltela.pt\/noticias\/2026\/03\/27\/ambiente-emite-parecer-condicionado-a-ampliacao-do-terminal-norte-em-leixoes\/\"},\"author\":{\"name\":\"Telinha\",\"@id\":\"https:\/\/portaltela.pt\/#\/schema\/person\/c4278d4a6028830caff9ee44b42d32ed\"},\"headline\":\"Ambiente emite parecer condicionado \u00e0 amplia\u00e7\u00e3o do terminal norte em Leix\u00f5es\",\"datePublished\":\"2026-03-27T18:06:00+00:00\",\"mainEntityOfPage\":{\"@id\":\"https:\/\/portaltela.pt\/noticias\/2026\/03\/27\/ambiente-emite-parecer-condicionado-a-ampliacao-do-terminal-norte-em-leixoes\/\"},\"wordCount\":470,\"image\":{\"@id\":\"https:\/\/portaltela.pt\/noticias\/2026\/03\/27\/ambiente-emite-parecer-condicionado-a-ampliacao-do-terminal-norte-em-leixoes\/#primaryimage\"},\"thumbnailUrl\":\"https:\/\/portaltela.pt\/s.01k8rhncp4jt1\/2026\/03\/2077479.jpg\",\"keywords\":[\"ambiental\",\"ambiente\",\"infraestrutura\",\"Matosinhos\",\"patrim\u00f3nio\",\"Portos\"],\"articleSection\":[\"Meio Ambiente\"],\"inLanguage\":\"pt-PT\"},{\"@type\":\"WebPage\",\"@id\":\"https:\/\/portaltela.pt\/noticias\/2026\/03\/27\/ambiente-emite-parecer-condicionado-a-ampliacao-do-terminal-norte-em-leixoes\/\",\"url\":\"https:\/\/portaltela.pt\/noticias\/2026\/03\/27\/ambiente-emite-parecer-condicionado-a-ampliacao-do-terminal-norte-em-leixoes\/\",\"name\":\"Ambiente emite parecer condicionado \u00e0 amplia\u00e7\u00e3o do terminal norte em Leix\u00f5es - Portal Tela Portugal\",\"isPartOf\":{\"@id\":\"https:\/\/portaltela.pt\/#website\"},\"primaryImageOfPage\":{\"@id\":\"https:\/\/portaltela.pt\/noticias\/2026\/03\/27\/ambiente-emite-parecer-condicionado-a-ampliacao-do-terminal-norte-em-leixoes\/#primaryimage\"},\"image\":{\"@id\":\"https:\/\/portaltela.pt\/noticias\/2026\/03\/27\/ambiente-emite-parecer-condicionado-a-ampliacao-do-terminal-norte-em-leixoes\/#primaryimage\"},\"thumbnailUrl\":\"https:\/\/portaltela.pt\/s.01k8rhncp4jt1\/2026\/03\/2077479.jpg\",\"datePublished\":\"2026-03-27T18:06:00+00:00\",\"author\":{\"@id\":\"https:\/\/portaltela.pt\/#\/schema\/person\/c4278d4a6028830caff9ee44b42d32ed\"},\"breadcrumb\":{\"@id\":\"https:\/\/portaltela.pt\/noticias\/2026\/03\/27\/ambiente-emite-parecer-condicionado-a-ampliacao-do-terminal-norte-em-leixoes\/#breadcrumb\"},\"inLanguage\":\"pt-PT\",\"potentialAction\":[{\"@type\":\"ReadAction\",\"target\":[\"https:\/\/portaltela.pt\/noticias\/2026\/03\/27\/ambiente-emite-parecer-condicionado-a-ampliacao-do-terminal-norte-em-leixoes\/\"]}]},{\"@type\":\"ImageObject\",\"inLanguage\":\"pt-PT\",\"@id\":\"https:\/\/portaltela.pt\/noticias\/2026\/03\/27\/ambiente-emite-parecer-condicionado-a-ampliacao-do-terminal-norte-em-leixoes\/#primaryimage\",\"url\":\"https:\/\/portaltela.pt\/s.01k8rhncp4jt1\/2026\/03\/2077479.jpg\",\"contentUrl\":\"https:\/\/portaltela.pt\/s.01k8rhncp4jt1\/2026\/03\/2077479.jpg\",\"width\":796,\"height\":448,\"caption\":\"A amplia\u00e7\u00e3o e reorganiza\u00e7\u00e3o do terminal de contentores norte do porto de Leix\u00f5es poder\u00e1 custar at\u00e9 216,6 milh\u00f5es de euros\"},{\"@type\":\"BreadcrumbList\",\"@id\":\"https:\/\/portaltela.pt\/noticias\/2026\/03\/27\/ambiente-emite-parecer-condicionado-a-ampliacao-do-terminal-norte-em-leixoes\/#breadcrumb\",\"itemListElement\":[{\"@type\":\"ListItem\",\"position\":1,\"name\":\"In\u00edcio\",\"item\":\"https:\/\/portaltela.pt\/\"},{\"@type\":\"ListItem\",\"position\":2,\"name\":\"Ambiente emite parecer condicionado \u00e0 amplia\u00e7\u00e3o do terminal norte em Leix\u00f5es\"}]},{\"@type\":\"WebSite\",\"@id\":\"https:\/\/portaltela.pt\/#website\",\"url\":\"https:\/\/portaltela.pt\/\",\"name\":\"Portal Tela Portugal\",\"description\":\"\",\"potentialAction\":[{\"@type\":\"SearchAction\",\"target\":{\"@type\":\"EntryPoint\",\"urlTemplate\":\"https:\/\/portaltela.pt\/?s={search_term_string}\"},\"query-input\":{\"@type\":\"PropertyValueSpecification\",\"valueRequired\":true,\"valueName\":\"search_term_string\"}}],\"inLanguage\":\"pt-PT\"},{\"@type\":\"Person\",\"@id\":\"https:\/\/portaltela.pt\/#\/schema\/person\/c4278d4a6028830caff9ee44b42d32ed\",\"name\":\"Telinha\",\"image\":{\"@type\":\"ImageObject\",\"inLanguage\":\"pt-PT\",\"@id\":\"https:\/\/portaltela.pt\/s.01k8rhncp4jt1\/2025\/11\/talking-bot-125x125.png\",\"url\":\"https:\/\/portaltela.pt\/s.01k8rhncp4jt1\/2025\/11\/talking-bot-125x125.png\",\"contentUrl\":\"https:\/\/portaltela.pt\/s.01k8rhncp4jt1\/2025\/11\/talking-bot-125x125.png\",\"caption\":\"Telinha\"},\"sameAs\":[\"https:\/\/portaltela.pt\/\"],\"url\":\"https:\/\/portaltela.pt\/por\/367410592786\/\"}]}<\/script>\n<!-- \/ Yoast SEO plugin. -->","yoast_head_json":{"title":"Ambiente emite parecer condicionado \u00e0 amplia\u00e7\u00e3o do terminal norte em Leix\u00f5es - Portal Tela Portugal","robots":{"index":"index","follow":"follow","max-snippet":"max-snippet:-1","max-image-preview":"max-image-preview:large","max-video-preview":"max-video-preview:-1"},"og_locale":"pt_PT","og_type":"article","og_title":"Ambiente emite parecer condicionado \u00e0 amplia\u00e7\u00e3o do terminal norte em Leix\u00f5es - Portal Tela Portugal","og_description":"A Ag\u00eancia Portuguesa do Ambiente deu parecer favor\u00e1vel condicionado \u00e0 amplia\u00e7\u00e3o do terminal norte de contentores do porto de Leix\u00f5es, em Matosinhos, com exig\u00eancias t\u00e9cnicas e ambientais. O custo estimado \u00e9 de at\u00e9 216,6 milh\u00f5es de euros, com durabilidade da obra prevista em quatro anos e seis meses. Entre as condi\u00e7\u00f5es, est\u00e3o: ado\u00e7\u00e3o da geometria\/layout alternativa B, utiliza\u00e7\u00e3o de estacas na estrutura do cais e liga\u00e7\u00e3o ferrovi\u00e1ria a partir do terminal ampliado; preserva\u00e7\u00e3o do Tit\u00e3 e da Esta\u00e7\u00e3o de Passageiros no molhe norte. O estudo de impacto ambiental (RECAPE) dever\u00e1 prever a relocaliza\u00e7\u00e3o da Marina Porto Atl\u00e2ntico, garantir capacidade para o mesmo n\u00famero de embarca\u00e7\u00f5es e apresentar an\u00e1lise social, econ\u00f3mica e de impacte visual sobre o patrim\u00f3nio e edinif\u00edcios hist\u00f3ricos da zona. Ser\u00e1 tamb\u00e9m exigida uma avalia\u00e7\u00e3o detalhada do impacte visual sobre o patrim\u00f3nio cultural e existente na \u00e1rea, com participa\u00e7\u00e3o de atores locais e poss\u00edvel cria\u00e7\u00e3o de um grupo de acompanhamento envolvendo a C\u00e2mara Municipal de Matosinhos, juntas de freguesia e associa\u00e7\u00f5es relacionadas.","og_url":"https:\/\/portaltela.pt\/noticias\/2026\/03\/27\/ambiente-emite-parecer-condicionado-a-ampliacao-do-terminal-norte-em-leixoes\/","og_site_name":"Portal Tela Portugal","article_published_time":"2026-03-27T18:06:00+00:00","author":"Telinha","twitter_card":"summary_large_image","twitter_misc":{"Escrito por":"Telinha","Tempo estimado de leitura":"2 minutos"},"schema":{"@context":"https:\/\/schema.org","@graph":[{"@type":"Article","@id":"https:\/\/portaltela.pt\/noticias\/2026\/03\/27\/ambiente-emite-parecer-condicionado-a-ampliacao-do-terminal-norte-em-leixoes\/#article","isPartOf":{"@id":"https:\/\/portaltela.pt\/noticias\/2026\/03\/27\/ambiente-emite-parecer-condicionado-a-ampliacao-do-terminal-norte-em-leixoes\/"},"author":{"name":"Telinha","@id":"https:\/\/portaltela.pt\/#\/schema\/person\/c4278d4a6028830caff9ee44b42d32ed"},"headline":"Ambiente emite parecer condicionado \u00e0 amplia\u00e7\u00e3o do terminal norte em Leix\u00f5es","datePublished":"2026-03-27T18:06:00+00:00","mainEntityOfPage":{"@id":"https:\/\/portaltela.pt\/noticias\/2026\/03\/27\/ambiente-emite-parecer-condicionado-a-ampliacao-do-terminal-norte-em-leixoes\/"},"wordCount":470,"image":{"@id":"https:\/\/portaltela.pt\/noticias\/2026\/03\/27\/ambiente-emite-parecer-condicionado-a-ampliacao-do-terminal-norte-em-leixoes\/#primaryimage"},"thumbnailUrl":"https:\/\/portaltela.pt\/s.01k8rhncp4jt1\/2026\/03\/2077479.jpg","keywords":["ambiental","ambiente","infraestrutura","Matosinhos","patrim\u00f3nio","Portos"],"articleSection":["Meio Ambiente"],"inLanguage":"pt-PT"},{"@type":"WebPage","@id":"https:\/\/portaltela.pt\/noticias\/2026\/03\/27\/ambiente-emite-parecer-condicionado-a-ampliacao-do-terminal-norte-em-leixoes\/","url":"https:\/\/portaltela.pt\/noticias\/2026\/03\/27\/ambiente-emite-parecer-condicionado-a-ampliacao-do-terminal-norte-em-leixoes\/","name":"Ambiente emite parecer condicionado \u00e0 amplia\u00e7\u00e3o do terminal norte em Leix\u00f5es - Portal Tela Portugal","isPartOf":{"@id":"https:\/\/portaltela.pt\/#website"},"primaryImageOfPage":{"@id":"https:\/\/portaltela.pt\/noticias\/2026\/03\/27\/ambiente-emite-parecer-condicionado-a-ampliacao-do-terminal-norte-em-leixoes\/#primaryimage"},"image":{"@id":"https:\/\/portaltela.pt\/noticias\/2026\/03\/27\/ambiente-emite-parecer-condicionado-a-ampliacao-do-terminal-norte-em-leixoes\/#primaryimage"},"thumbnailUrl":"https:\/\/portaltela.pt\/s.01k8rhncp4jt1\/2026\/03\/2077479.jpg","datePublished":"2026-03-27T18:06:00+00:00","author":{"@id":"https:\/\/portaltela.pt\/#\/schema\/person\/c4278d4a6028830caff9ee44b42d32ed"},"breadcrumb":{"@id":"https:\/\/portaltela.pt\/noticias\/2026\/03\/27\/ambiente-emite-parecer-condicionado-a-ampliacao-do-terminal-norte-em-leixoes\/#breadcrumb"},"inLanguage":"pt-PT","potentialAction":[{"@type":"ReadAction","target":["https:\/\/portaltela.pt\/noticias\/2026\/03\/27\/ambiente-emite-parecer-condicionado-a-ampliacao-do-terminal-norte-em-leixoes\/"]}]},{"@type":"ImageObject","inLanguage":"pt-PT","@id":"https:\/\/portaltela.pt\/noticias\/2026\/03\/27\/ambiente-emite-parecer-condicionado-a-ampliacao-do-terminal-norte-em-leixoes\/#primaryimage","url":"https:\/\/portaltela.pt\/s.01k8rhncp4jt1\/2026\/03\/2077479.jpg","contentUrl":"https:\/\/portaltela.pt\/s.01k8rhncp4jt1\/2026\/03\/2077479.jpg","width":796,"height":448,"caption":"A amplia\u00e7\u00e3o e reorganiza\u00e7\u00e3o do terminal de contentores norte do porto de Leix\u00f5es poder\u00e1 custar at\u00e9 216,6 milh\u00f5es de euros"},{"@type":"BreadcrumbList","@id":"https:\/\/portaltela.pt\/noticias\/2026\/03\/27\/ambiente-emite-parecer-condicionado-a-ampliacao-do-terminal-norte-em-leixoes\/#breadcrumb","itemListElement":[{"@type":"ListItem","position":1,"name":"In\u00edcio","item":"https:\/\/portaltela.pt\/"},{"@type":"ListItem","position":2,"name":"Ambiente emite parecer condicionado \u00e0 amplia\u00e7\u00e3o do terminal norte em Leix\u00f5es"}]},{"@type":"WebSite","@id":"https:\/\/portaltela.pt\/#website","url":"https:\/\/portaltela.pt\/","name":"Portal Tela Portugal","description":"","potentialAction":[{"@type":"SearchAction","target":{"@type":"EntryPoint","urlTemplate":"https:\/\/portaltela.pt\/?s={search_term_string}"},"query-input":{"@type":"PropertyValueSpecification","valueRequired":true,"valueName":"search_term_string"}}],"inLanguage":"pt-PT"},{"@type":"Person","@id":"https:\/\/portaltela.pt\/#\/schema\/person\/c4278d4a6028830caff9ee44b42d32ed","name":"Telinha","image":{"@type":"ImageObject","inLanguage":"pt-PT","@id":"https:\/\/portaltela.pt\/s.01k8rhncp4jt1\/2025\/11\/talking-bot-125x125.png","url":"https:\/\/portaltela.pt\/s.01k8rhncp4jt1\/2025\/11\/talking-bot-125x125.png","contentUrl":"https:\/\/portaltela.pt\/s.01k8rhncp4jt1\/2025\/11\/talking-bot-125x125.png","caption":"Telinha"},"sameAs":["https:\/\/portaltela.pt\/"],"url":"https:\/\/portaltela.pt\/por\/367410592786\/"}]}},"_links":{"self":[{"href":"https:\/\/portaltela.pt\/api\/wp\/v2\/posts\/424150","targetHints":{"allow":["GET"]}}],"collection":[{"href":"https:\/\/portaltela.pt\/api\/wp\/v2\/posts"}],"about":[{"href":"https:\/\/portaltela.pt\/api\/wp\/v2\/types\/post"}],"author":[{"embeddable":true,"href":"https:\/\/portaltela.pt\/api\/wp\/v2\/users\/2"}],"replies":[{"embeddable":true,"href":"https:\/\/portaltela.pt\/api\/wp\/v2\/comments?post=424150"}],"version-history":[{"count":0,"href":"https:\/\/portaltela.pt\/api\/wp\/v2\/posts\/424150\/revisions"}],"wp:featuredmedia":[{"embeddable":true,"href":"https:\/\/portaltela.pt\/api\/wp\/v2\/media\/424154"}],"wp:attachment":[{"href":"https:\/\/portaltela.pt\/api\/wp\/v2\/media?parent=424150"}],"wp:term":[{"taxonomy":"category","embeddable":true,"href":"https:\/\/portaltela.pt\/api\/wp\/v2\/categories?post=424150"},{"taxonomy":"post_tag","embeddable":true,"href":"https:\/\/portaltela.pt\/api\/wp\/v2\/tags?post=424150"}],"curies":[{"name":"wp","href":"https:\/\/api.w.org\/{rel}","templated":true}]}}