{"id":424148,"date":"2026-03-27T15:08:00","date_gmt":"2026-03-27T18:08:00","guid":{"rendered":"https:\/\/portaltela.pt\/noticias\/2026\/03\/27\/grande-vadio-tinto-2011-vinho-da-safra-de-2011\/"},"modified":"2026-03-27T15:08:00","modified_gmt":"2026-03-27T18:08:00","slug":"grande-vadio-tinto-2011-vinho-da-safra-de-2011","status":"publish","type":"post","link":"https:\/\/portaltela.pt\/noticias\/2026\/03\/27\/grande-vadio-tinto-2011-vinho-da-safra-de-2011\/","title":{"rendered":"Grande Vadio Tinto 2011: vinho da safra de 2011"},"content":{"rendered":"<p>O Grande Vadio Tinto 2011, topo da Vadio Wines, nasce numa parcela de 1,3 hectares numa encosta de solos franco-arenosos. O vinho foi provado em magnum (1,5 l) e encontra-se, segundo os degustadores, em excelente estado.<\/p>\n<p>Ao nariz, destacam-se aromas elegantes de fruta madura vermelha e silvestre, com notas de especiaria e um toque bals\u00e2mico fresco. A combina\u00e7\u00e3o sugere uma evolu\u00e7\u00e3o arom\u00e1tica equilibrada.<\/p>\n<p>Na boca, apresenta taninos sedosos, prova profunda e estrutura robusta, com um final longo e fumado. A descri\u00e7\u00e3o aponta uma express\u00e3o fino e denso, revelando complexidade em camadas.<\/p>\n<p>A pe\u00e7a \u00e9 apresentada como refer\u00eancia na cole\u00e7\u00e3o da casa, demonstrando a qualidade de uma parcela singular e o potencial de envelhecimento controlado, mantendo equil\u00edbrio entre delicadeza e densidade.<\/p>\n","protected":false},"excerpt":{"rendered":"<ul>\n<li>O Grande Vadio \u00e9 o topo da Vadio Wines, produzido numa parcela de 1,3 hectares numa encosta de solos franco-arenosos.<\/li>\n<li>O 2011, provado em magnum (1,5 l), est\u00e1 perfeito no momento da prova.<\/li>\n<li>Aromas elegantes com fruta madura vermelha e silvestre, especiaria e um toque bals\u00e2mico fresco.<\/li>\n<li>Na boca, tanino sedoso, prova profunda, estrutura robusta e final longo e fumado.<\/li>\n<li>A express\u00e3o \u00e9 fina e densa, com complexidade que se revela por camadas.<\/li>\n<\/ul>\n","protected":false},"author":2,"featured_media":424151,"comment_status":"closed","ping_status":"closed","sticky":false,"template":"","format":"standard","meta":{"footnotes":""},"categories":[7369,1],"tags":[5586,779,4103,3508],"class_list":["post-424148","post","type-post","status-publish","format-standard","has-post-thumbnail","hentry","category-gastronomia","category-noticias","tag-vinho","tag-vinhos","tag-viticultura","tag-vitivinicultura"],"yoast_head":"<!-- This site is optimized with the Yoast SEO plugin v27.2 - https:\/\/yoast.com\/product\/yoast-seo-wordpress\/ -->\n<title>Grande Vadio Tinto 2011: vinho da safra de 2011 - Portal Tela Portugal<\/title>\n<meta name=\"robots\" content=\"index, follow, max-snippet:-1, max-image-preview:large, max-video-preview:-1\" \/>\n<meta property=\"og:locale\" content=\"pt_PT\" \/>\n<meta property=\"og:type\" content=\"article\" \/>\n<meta property=\"og:title\" content=\"Grande Vadio Tinto 2011: vinho da safra de 2011 - Portal Tela Portugal\" \/>\n<meta property=\"og:description\" content=\"O Grande Vadio \u00e9 o topo da Vadio Wines, produzido numa parcela de 1,3 hectares numa encosta de solos franco-arenosos. O 2011, provado em magnum (1,5 l), est\u00e1 perfeito no momento da prova. Aromas elegantes com fruta madura vermelha e silvestre, especiaria e um toque bals\u00e2mico fresco. Na boca, tanino sedoso, prova profunda, estrutura robusta e final longo e fumado. A express\u00e3o \u00e9 fina e densa, com complexidade que se revela por camadas.\" \/>\n<meta property=\"og:url\" content=\"https:\/\/portaltela.pt\/noticias\/2026\/03\/27\/grande-vadio-tinto-2011-vinho-da-safra-de-2011\/\" \/>\n<meta property=\"og:site_name\" content=\"Portal Tela Portugal\" \/>\n<meta property=\"article:published_time\" content=\"2026-03-27T18:08:00+00:00\" \/>\n<meta name=\"author\" content=\"Telinha\" \/>\n<meta name=\"twitter:card\" content=\"summary_large_image\" \/>\n<meta name=\"twitter:label1\" content=\"Escrito por\" \/>\n\t<meta name=\"twitter:data1\" content=\"Telinha\" \/>\n\t<meta name=\"twitter:label2\" content=\"Tempo estimado de leitura\" \/>\n\t<meta name=\"twitter:data2\" content=\"1 minuto\" \/>\n<script type=\"application\/ld+json\" class=\"yoast-schema-graph\">{\"@context\":\"https:\/\/schema.org\",\"@graph\":[{\"@type\":\"Article\",\"@id\":\"https:\/\/portaltela.pt\/noticias\/2026\/03\/27\/grande-vadio-tinto-2011-vinho-da-safra-de-2011\/#article\",\"isPartOf\":{\"@id\":\"https:\/\/portaltela.pt\/noticias\/2026\/03\/27\/grande-vadio-tinto-2011-vinho-da-safra-de-2011\/\"},\"author\":{\"name\":\"Telinha\",\"@id\":\"https:\/\/portaltela.pt\/#\/schema\/person\/c4278d4a6028830caff9ee44b42d32ed\"},\"headline\":\"Grande Vadio Tinto 2011: vinho da safra de 2011\",\"datePublished\":\"2026-03-27T18:08:00+00:00\",\"mainEntityOfPage\":{\"@id\":\"https:\/\/portaltela.pt\/noticias\/2026\/03\/27\/grande-vadio-tinto-2011-vinho-da-safra-de-2011\/\"},\"wordCount\":133,\"image\":{\"@id\":\"https:\/\/portaltela.pt\/noticias\/2026\/03\/27\/grande-vadio-tinto-2011-vinho-da-safra-de-2011\/#primaryimage\"},\"thumbnailUrl\":\"https:\/\/portaltela.pt\/s.01k8rhncp4jt1\/2026\/03\/2076849.jpg\",\"keywords\":[\"vinho\",\"vinhos\",\"viticultura\",\"vitivinicultura\"],\"articleSection\":[\"Gastronomia\",\"Not\u00edcias\"],\"inLanguage\":\"pt-PT\"},{\"@type\":\"WebPage\",\"@id\":\"https:\/\/portaltela.pt\/noticias\/2026\/03\/27\/grande-vadio-tinto-2011-vinho-da-safra-de-2011\/\",\"url\":\"https:\/\/portaltela.pt\/noticias\/2026\/03\/27\/grande-vadio-tinto-2011-vinho-da-safra-de-2011\/\",\"name\":\"Grande Vadio Tinto 2011: vinho da safra de 2011 - Portal Tela Portugal\",\"isPartOf\":{\"@id\":\"https:\/\/portaltela.pt\/#website\"},\"primaryImageOfPage\":{\"@id\":\"https:\/\/portaltela.pt\/noticias\/2026\/03\/27\/grande-vadio-tinto-2011-vinho-da-safra-de-2011\/#primaryimage\"},\"image\":{\"@id\":\"https:\/\/portaltela.pt\/noticias\/2026\/03\/27\/grande-vadio-tinto-2011-vinho-da-safra-de-2011\/#primaryimage\"},\"thumbnailUrl\":\"https:\/\/portaltela.pt\/s.01k8rhncp4jt1\/2026\/03\/2076849.jpg\",\"datePublished\":\"2026-03-27T18:08:00+00:00\",\"author\":{\"@id\":\"https:\/\/portaltela.pt\/#\/schema\/person\/c4278d4a6028830caff9ee44b42d32ed\"},\"breadcrumb\":{\"@id\":\"https:\/\/portaltela.pt\/noticias\/2026\/03\/27\/grande-vadio-tinto-2011-vinho-da-safra-de-2011\/#breadcrumb\"},\"inLanguage\":\"pt-PT\",\"potentialAction\":[{\"@type\":\"ReadAction\",\"target\":[\"https:\/\/portaltela.pt\/noticias\/2026\/03\/27\/grande-vadio-tinto-2011-vinho-da-safra-de-2011\/\"]}]},{\"@type\":\"ImageObject\",\"inLanguage\":\"pt-PT\",\"@id\":\"https:\/\/portaltela.pt\/noticias\/2026\/03\/27\/grande-vadio-tinto-2011-vinho-da-safra-de-2011\/#primaryimage\",\"url\":\"https:\/\/portaltela.pt\/s.01k8rhncp4jt1\/2026\/03\/2076849.jpg\",\"contentUrl\":\"https:\/\/portaltela.pt\/s.01k8rhncp4jt1\/2026\/03\/2076849.jpg\",\"width\":796,\"height\":448,\"caption\":\"Photo\"},{\"@type\":\"BreadcrumbList\",\"@id\":\"https:\/\/portaltela.pt\/noticias\/2026\/03\/27\/grande-vadio-tinto-2011-vinho-da-safra-de-2011\/#breadcrumb\",\"itemListElement\":[{\"@type\":\"ListItem\",\"position\":1,\"name\":\"In\u00edcio\",\"item\":\"https:\/\/portaltela.pt\/\"},{\"@type\":\"ListItem\",\"position\":2,\"name\":\"Grande Vadio Tinto 2011: vinho da safra de 2011\"}]},{\"@type\":\"WebSite\",\"@id\":\"https:\/\/portaltela.pt\/#website\",\"url\":\"https:\/\/portaltela.pt\/\",\"name\":\"Portal Tela Portugal\",\"description\":\"\",\"potentialAction\":[{\"@type\":\"SearchAction\",\"target\":{\"@type\":\"EntryPoint\",\"urlTemplate\":\"https:\/\/portaltela.pt\/?s={search_term_string}\"},\"query-input\":{\"@type\":\"PropertyValueSpecification\",\"valueRequired\":true,\"valueName\":\"search_term_string\"}}],\"inLanguage\":\"pt-PT\"},{\"@type\":\"Person\",\"@id\":\"https:\/\/portaltela.pt\/#\/schema\/person\/c4278d4a6028830caff9ee44b42d32ed\",\"name\":\"Telinha\",\"image\":{\"@type\":\"ImageObject\",\"inLanguage\":\"pt-PT\",\"@id\":\"https:\/\/portaltela.pt\/s.01k8rhncp4jt1\/2025\/11\/talking-bot-125x125.png\",\"url\":\"https:\/\/portaltela.pt\/s.01k8rhncp4jt1\/2025\/11\/talking-bot-125x125.png\",\"contentUrl\":\"https:\/\/portaltela.pt\/s.01k8rhncp4jt1\/2025\/11\/talking-bot-125x125.png\",\"caption\":\"Telinha\"},\"sameAs\":[\"https:\/\/portaltela.pt\/\"],\"url\":\"https:\/\/portaltela.pt\/por\/367410592786\/\"}]}<\/script>\n<!-- \/ Yoast SEO plugin. -->","yoast_head_json":{"title":"Grande Vadio Tinto 2011: vinho da safra de 2011 - Portal Tela Portugal","robots":{"index":"index","follow":"follow","max-snippet":"max-snippet:-1","max-image-preview":"max-image-preview:large","max-video-preview":"max-video-preview:-1"},"og_locale":"pt_PT","og_type":"article","og_title":"Grande Vadio Tinto 2011: vinho da safra de 2011 - Portal Tela Portugal","og_description":"O Grande Vadio \u00e9 o topo da Vadio Wines, produzido numa parcela de 1,3 hectares numa encosta de solos franco-arenosos. O 2011, provado em magnum (1,5 l), est\u00e1 perfeito no momento da prova. Aromas elegantes com fruta madura vermelha e silvestre, especiaria e um toque bals\u00e2mico fresco. Na boca, tanino sedoso, prova profunda, estrutura robusta e final longo e fumado. A express\u00e3o \u00e9 fina e densa, com complexidade que se revela por camadas.","og_url":"https:\/\/portaltela.pt\/noticias\/2026\/03\/27\/grande-vadio-tinto-2011-vinho-da-safra-de-2011\/","og_site_name":"Portal Tela Portugal","article_published_time":"2026-03-27T18:08:00+00:00","author":"Telinha","twitter_card":"summary_large_image","twitter_misc":{"Escrito por":"Telinha","Tempo estimado de leitura":"1 minuto"},"schema":{"@context":"https:\/\/schema.org","@graph":[{"@type":"Article","@id":"https:\/\/portaltela.pt\/noticias\/2026\/03\/27\/grande-vadio-tinto-2011-vinho-da-safra-de-2011\/#article","isPartOf":{"@id":"https:\/\/portaltela.pt\/noticias\/2026\/03\/27\/grande-vadio-tinto-2011-vinho-da-safra-de-2011\/"},"author":{"name":"Telinha","@id":"https:\/\/portaltela.pt\/#\/schema\/person\/c4278d4a6028830caff9ee44b42d32ed"},"headline":"Grande Vadio Tinto 2011: vinho da safra de 2011","datePublished":"2026-03-27T18:08:00+00:00","mainEntityOfPage":{"@id":"https:\/\/portaltela.pt\/noticias\/2026\/03\/27\/grande-vadio-tinto-2011-vinho-da-safra-de-2011\/"},"wordCount":133,"image":{"@id":"https:\/\/portaltela.pt\/noticias\/2026\/03\/27\/grande-vadio-tinto-2011-vinho-da-safra-de-2011\/#primaryimage"},"thumbnailUrl":"https:\/\/portaltela.pt\/s.01k8rhncp4jt1\/2026\/03\/2076849.jpg","keywords":["vinho","vinhos","viticultura","vitivinicultura"],"articleSection":["Gastronomia","Not\u00edcias"],"inLanguage":"pt-PT"},{"@type":"WebPage","@id":"https:\/\/portaltela.pt\/noticias\/2026\/03\/27\/grande-vadio-tinto-2011-vinho-da-safra-de-2011\/","url":"https:\/\/portaltela.pt\/noticias\/2026\/03\/27\/grande-vadio-tinto-2011-vinho-da-safra-de-2011\/","name":"Grande Vadio Tinto 2011: vinho da safra de 2011 - Portal Tela Portugal","isPartOf":{"@id":"https:\/\/portaltela.pt\/#website"},"primaryImageOfPage":{"@id":"https:\/\/portaltela.pt\/noticias\/2026\/03\/27\/grande-vadio-tinto-2011-vinho-da-safra-de-2011\/#primaryimage"},"image":{"@id":"https:\/\/portaltela.pt\/noticias\/2026\/03\/27\/grande-vadio-tinto-2011-vinho-da-safra-de-2011\/#primaryimage"},"thumbnailUrl":"https:\/\/portaltela.pt\/s.01k8rhncp4jt1\/2026\/03\/2076849.jpg","datePublished":"2026-03-27T18:08:00+00:00","author":{"@id":"https:\/\/portaltela.pt\/#\/schema\/person\/c4278d4a6028830caff9ee44b42d32ed"},"breadcrumb":{"@id":"https:\/\/portaltela.pt\/noticias\/2026\/03\/27\/grande-vadio-tinto-2011-vinho-da-safra-de-2011\/#breadcrumb"},"inLanguage":"pt-PT","potentialAction":[{"@type":"ReadAction","target":["https:\/\/portaltela.pt\/noticias\/2026\/03\/27\/grande-vadio-tinto-2011-vinho-da-safra-de-2011\/"]}]},{"@type":"ImageObject","inLanguage":"pt-PT","@id":"https:\/\/portaltela.pt\/noticias\/2026\/03\/27\/grande-vadio-tinto-2011-vinho-da-safra-de-2011\/#primaryimage","url":"https:\/\/portaltela.pt\/s.01k8rhncp4jt1\/2026\/03\/2076849.jpg","contentUrl":"https:\/\/portaltela.pt\/s.01k8rhncp4jt1\/2026\/03\/2076849.jpg","width":796,"height":448,"caption":"Photo"},{"@type":"BreadcrumbList","@id":"https:\/\/portaltela.pt\/noticias\/2026\/03\/27\/grande-vadio-tinto-2011-vinho-da-safra-de-2011\/#breadcrumb","itemListElement":[{"@type":"ListItem","position":1,"name":"In\u00edcio","item":"https:\/\/portaltela.pt\/"},{"@type":"ListItem","position":2,"name":"Grande Vadio Tinto 2011: vinho da safra de 2011"}]},{"@type":"WebSite","@id":"https:\/\/portaltela.pt\/#website","url":"https:\/\/portaltela.pt\/","name":"Portal Tela Portugal","description":"","potentialAction":[{"@type":"SearchAction","target":{"@type":"EntryPoint","urlTemplate":"https:\/\/portaltela.pt\/?s={search_term_string}"},"query-input":{"@type":"PropertyValueSpecification","valueRequired":true,"valueName":"search_term_string"}}],"inLanguage":"pt-PT"},{"@type":"Person","@id":"https:\/\/portaltela.pt\/#\/schema\/person\/c4278d4a6028830caff9ee44b42d32ed","name":"Telinha","image":{"@type":"ImageObject","inLanguage":"pt-PT","@id":"https:\/\/portaltela.pt\/s.01k8rhncp4jt1\/2025\/11\/talking-bot-125x125.png","url":"https:\/\/portaltela.pt\/s.01k8rhncp4jt1\/2025\/11\/talking-bot-125x125.png","contentUrl":"https:\/\/portaltela.pt\/s.01k8rhncp4jt1\/2025\/11\/talking-bot-125x125.png","caption":"Telinha"},"sameAs":["https:\/\/portaltela.pt\/"],"url":"https:\/\/portaltela.pt\/por\/367410592786\/"}]}},"_links":{"self":[{"href":"https:\/\/portaltela.pt\/api\/wp\/v2\/posts\/424148","targetHints":{"allow":["GET"]}}],"collection":[{"href":"https:\/\/portaltela.pt\/api\/wp\/v2\/posts"}],"about":[{"href":"https:\/\/portaltela.pt\/api\/wp\/v2\/types\/post"}],"author":[{"embeddable":true,"href":"https:\/\/portaltela.pt\/api\/wp\/v2\/users\/2"}],"replies":[{"embeddable":true,"href":"https:\/\/portaltela.pt\/api\/wp\/v2\/comments?post=424148"}],"version-history":[{"count":0,"href":"https:\/\/portaltela.pt\/api\/wp\/v2\/posts\/424148\/revisions"}],"wp:featuredmedia":[{"embeddable":true,"href":"https:\/\/portaltela.pt\/api\/wp\/v2\/media\/424151"}],"wp:attachment":[{"href":"https:\/\/portaltela.pt\/api\/wp\/v2\/media?parent=424148"}],"wp:term":[{"taxonomy":"category","embeddable":true,"href":"https:\/\/portaltela.pt\/api\/wp\/v2\/categories?post=424148"},{"taxonomy":"post_tag","embeddable":true,"href":"https:\/\/portaltela.pt\/api\/wp\/v2\/tags?post=424148"}],"curies":[{"name":"wp","href":"https:\/\/api.w.org\/{rel}","templated":true}]}}