{"id":424137,"date":"2026-03-27T14:52:56","date_gmt":"2026-03-27T17:52:56","guid":{"rendered":"https:\/\/portaltela.pt\/noticias\/2026\/03\/27\/nych-vence-crono-e-rafael-reis-veste-a-amarela-na-volta-ao-alentejo\/"},"modified":"2026-03-27T14:52:56","modified_gmt":"2026-03-27T17:52:56","slug":"nych-vence-crono-e-rafael-reis-veste-a-amarela-na-volta-ao-alentejo","status":"publish","type":"post","link":"https:\/\/portaltela.pt\/desporto\/futebol\/2026\/03\/27\/nych-vence-crono-e-rafael-reis-veste-a-amarela-na-volta-ao-alentejo\/","title":{"rendered":"Nych vence crono e Rafael Reis veste a amarela na Volta ao Alentejo"},"content":{"rendered":"<p>O russo Artem Nych venceu o contrarrel\u00f3gio da terceira etapa da Volta ao Alentejo, efetuando 23,2 quil\u00f3metros com partida e chegada no Crato. O tempo foi de 27.54 minutos, impondo-se ao companheiro de equipa Rafael Reis.<\/p>\n<p>Rafael Reis ficou em segundo, a apenas quatro segundos do vencedor, mas reassumiu a lideran\u00e7a da classifica\u00e7\u00e3o geral, substituindo Santiago Mesa, da mesma equipa Anicolor-Campicarn. Enzo Leijnse completou o p\u00f3dio da etapa, a seis segundos de Nych.<\/p>\n<p>Tiago Antunes (Efapel) foi quarto, a nove segundos, mantendo-se na terceira posi\u00e7\u00e3o da geral, a nove segundos de Reis. Miguel Salgueiro (Tavira-Cr\u00e9dito Agr\u00edcola) foi nono na etapa e mant\u00e9m o mesmo lugar na geral, ap\u00f3s a sua recupera\u00e7\u00e3o recente.<\/p>\n<h3>Etapa rainha da Volta ao Alentejo<\/h3>\n<p>No s\u00e1bado disputa-se a etapa rainha, entre Vila Vi\u00e7osa e Serra de S\u00e3o Mamede, com 153,3 quil\u00f3metros e tr\u00eas contagens de montanha, sendo a \u00faltima de primeira categoria na meta. A chegada promete decidir a lideran\u00e7a geral.<\/p>\n","protected":false},"excerpt":{"rendered":"<ul>\n<li>Artem Nych venceu o contrarrel\u00f3gio de 23,2 quil\u00f3metros, em Crato, com 27,54 minutos, na terceira etapa da Volta ao Alentejo.<\/li>\n<li>Rafael Reis ficou em segundo e assumiu a lideran\u00e7a da classifica\u00e7\u00e3o geral, com Nych a ficar a 2 segundos.<\/li>\n<li>Enzo Leijnse completou a etapa em terceiro, a 6 segundos de Nych; Tiago Antunes ficou em quarto, a 7 segundos.<\/li>\n<li>Miguel Salgueiro terminou em nono lugar na etapa, mantendo a mesma posi\u00e7\u00e3o na geral, ap\u00f3s a primeira prova desde a queda nos Europeus de pista.<\/li>\n<li>A etapa rainha est\u00e1 marcada para s\u00e1bado, entre Vila Vi\u00e7osa e Serra de S\u00e3o Mamede, com 153,3 quil\u00f3metros e tr\u00eas contagens de montanha, a \u00faltima em primeira categoria na meta.<\/li>\n<\/ul>\n","protected":false},"author":2,"featured_media":424141,"comment_status":"closed","ping_status":"closed","sticky":false,"template":"","format":"standard","meta":{"footnotes":""},"categories":[21,24],"tags":[883,4004,923,7578,2687],"class_list":["post-424137","post","type-post","status-publish","format-standard","has-post-thumbnail","hentry","category-desporto","category-futebol","tag-alentejo","tag-anicolor-campicarn","tag-ciclismo","tag-credito-agricola","tag-tavira"],"yoast_head":"<!-- This site is optimized with the Yoast SEO plugin v27.2 - https:\/\/yoast.com\/product\/yoast-seo-wordpress\/ -->\n<title>Nych vence crono e Rafael Reis veste a amarela na Volta ao Alentejo - Portal Tela Portugal<\/title>\n<meta name=\"robots\" content=\"index, follow, max-snippet:-1, max-image-preview:large, max-video-preview:-1\" \/>\n<meta property=\"og:locale\" content=\"pt_PT\" \/>\n<meta property=\"og:type\" content=\"article\" \/>\n<meta property=\"og:title\" content=\"Nych vence crono e Rafael Reis veste a amarela na Volta ao Alentejo - Portal Tela Portugal\" \/>\n<meta property=\"og:description\" content=\"Artem Nych venceu o contrarrel\u00f3gio de 23,2 quil\u00f3metros, em Crato, com 27,54 minutos, na terceira etapa da Volta ao Alentejo. Rafael Reis ficou em segundo e assumiu a lideran\u00e7a da classifica\u00e7\u00e3o geral, com Nych a ficar a 2 segundos. Enzo Leijnse completou a etapa em terceiro, a 6 segundos de Nych; Tiago Antunes ficou em quarto, a 7 segundos. Miguel Salgueiro terminou em nono lugar na etapa, mantendo a mesma posi\u00e7\u00e3o na geral, ap\u00f3s a primeira prova desde a queda nos Europeus de pista. A etapa rainha est\u00e1 marcada para s\u00e1bado, entre Vila Vi\u00e7osa e Serra de S\u00e3o Mamede, com 153,3 quil\u00f3metros e tr\u00eas contagens de montanha, a \u00faltima em primeira categoria na meta.\" \/>\n<meta property=\"og:url\" content=\"https:\/\/portaltela.pt\/noticias\/2026\/03\/27\/nych-vence-crono-e-rafael-reis-veste-a-amarela-na-volta-ao-alentejo\/\" \/>\n<meta property=\"og:site_name\" content=\"Portal Tela Portugal\" \/>\n<meta property=\"article:published_time\" content=\"2026-03-27T17:52:56+00:00\" \/>\n<meta name=\"author\" content=\"Telinha\" \/>\n<meta name=\"twitter:card\" content=\"summary_large_image\" \/>\n<meta name=\"twitter:label1\" content=\"Escrito por\" \/>\n\t<meta name=\"twitter:data1\" content=\"Telinha\" \/>\n\t<meta name=\"twitter:label2\" content=\"Tempo estimado de leitura\" \/>\n\t<meta name=\"twitter:data2\" content=\"1 minuto\" \/>\n<script type=\"application\/ld+json\" class=\"yoast-schema-graph\">{\"@context\":\"https:\/\/schema.org\",\"@graph\":[{\"@type\":\"Article\",\"@id\":\"https:\/\/portaltela.pt\/noticias\/2026\/03\/27\/nych-vence-crono-e-rafael-reis-veste-a-amarela-na-volta-ao-alentejo\/#article\",\"isPartOf\":{\"@id\":\"https:\/\/portaltela.pt\/noticias\/2026\/03\/27\/nych-vence-crono-e-rafael-reis-veste-a-amarela-na-volta-ao-alentejo\/\"},\"author\":{\"name\":\"Telinha\",\"@id\":\"https:\/\/portaltela.pt\/#\/schema\/person\/c4278d4a6028830caff9ee44b42d32ed\"},\"headline\":\"Nych vence crono e Rafael Reis veste a amarela na Volta ao Alentejo\",\"datePublished\":\"2026-03-27T17:52:56+00:00\",\"mainEntityOfPage\":{\"@id\":\"https:\/\/portaltela.pt\/noticias\/2026\/03\/27\/nych-vence-crono-e-rafael-reis-veste-a-amarela-na-volta-ao-alentejo\/\"},\"wordCount\":182,\"image\":{\"@id\":\"https:\/\/portaltela.pt\/noticias\/2026\/03\/27\/nych-vence-crono-e-rafael-reis-veste-a-amarela-na-volta-ao-alentejo\/#primaryimage\"},\"thumbnailUrl\":\"https:\/\/portaltela.pt\/s.01k8rhncp4jt1\/2026\/03\/img_920x518uu2026-03-27-17-52-42-2429726.jpg\",\"keywords\":[\"Alentejo\",\"Anicolor-Campicarn\",\"ciclismo\",\"Credito Agr\u00edcola\",\"Tavira\"],\"articleSection\":[\"Desporto\",\"Futebol\"],\"inLanguage\":\"pt-PT\"},{\"@type\":\"WebPage\",\"@id\":\"https:\/\/portaltela.pt\/noticias\/2026\/03\/27\/nych-vence-crono-e-rafael-reis-veste-a-amarela-na-volta-ao-alentejo\/\",\"url\":\"https:\/\/portaltela.pt\/noticias\/2026\/03\/27\/nych-vence-crono-e-rafael-reis-veste-a-amarela-na-volta-ao-alentejo\/\",\"name\":\"Nych vence crono e Rafael Reis veste a amarela na Volta ao Alentejo - Portal Tela Portugal\",\"isPartOf\":{\"@id\":\"https:\/\/portaltela.pt\/#website\"},\"primaryImageOfPage\":{\"@id\":\"https:\/\/portaltela.pt\/noticias\/2026\/03\/27\/nych-vence-crono-e-rafael-reis-veste-a-amarela-na-volta-ao-alentejo\/#primaryimage\"},\"image\":{\"@id\":\"https:\/\/portaltela.pt\/noticias\/2026\/03\/27\/nych-vence-crono-e-rafael-reis-veste-a-amarela-na-volta-ao-alentejo\/#primaryimage\"},\"thumbnailUrl\":\"https:\/\/portaltela.pt\/s.01k8rhncp4jt1\/2026\/03\/img_920x518uu2026-03-27-17-52-42-2429726.jpg\",\"datePublished\":\"2026-03-27T17:52:56+00:00\",\"author\":{\"@id\":\"https:\/\/portaltela.pt\/#\/schema\/person\/c4278d4a6028830caff9ee44b42d32ed\"},\"breadcrumb\":{\"@id\":\"https:\/\/portaltela.pt\/noticias\/2026\/03\/27\/nych-vence-crono-e-rafael-reis-veste-a-amarela-na-volta-ao-alentejo\/#breadcrumb\"},\"inLanguage\":\"pt-PT\",\"potentialAction\":[{\"@type\":\"ReadAction\",\"target\":[\"https:\/\/portaltela.pt\/noticias\/2026\/03\/27\/nych-vence-crono-e-rafael-reis-veste-a-amarela-na-volta-ao-alentejo\/\"]}]},{\"@type\":\"ImageObject\",\"inLanguage\":\"pt-PT\",\"@id\":\"https:\/\/portaltela.pt\/noticias\/2026\/03\/27\/nych-vence-crono-e-rafael-reis-veste-a-amarela-na-volta-ao-alentejo\/#primaryimage\",\"url\":\"https:\/\/portaltela.pt\/s.01k8rhncp4jt1\/2026\/03\/img_920x518uu2026-03-27-17-52-42-2429726.jpg\",\"contentUrl\":\"https:\/\/portaltela.pt\/s.01k8rhncp4jt1\/2026\/03\/img_920x518uu2026-03-27-17-52-42-2429726.jpg\",\"width\":796,\"height\":448,\"caption\":\"Artem Nych\"},{\"@type\":\"BreadcrumbList\",\"@id\":\"https:\/\/portaltela.pt\/noticias\/2026\/03\/27\/nych-vence-crono-e-rafael-reis-veste-a-amarela-na-volta-ao-alentejo\/#breadcrumb\",\"itemListElement\":[{\"@type\":\"ListItem\",\"position\":1,\"name\":\"In\u00edcio\",\"item\":\"https:\/\/portaltela.pt\/\"},{\"@type\":\"ListItem\",\"position\":2,\"name\":\"Nych vence crono e Rafael Reis veste a amarela na Volta ao Alentejo\"}]},{\"@type\":\"WebSite\",\"@id\":\"https:\/\/portaltela.pt\/#website\",\"url\":\"https:\/\/portaltela.pt\/\",\"name\":\"Portal Tela Portugal\",\"description\":\"\",\"potentialAction\":[{\"@type\":\"SearchAction\",\"target\":{\"@type\":\"EntryPoint\",\"urlTemplate\":\"https:\/\/portaltela.pt\/?s={search_term_string}\"},\"query-input\":{\"@type\":\"PropertyValueSpecification\",\"valueRequired\":true,\"valueName\":\"search_term_string\"}}],\"inLanguage\":\"pt-PT\"},{\"@type\":\"Person\",\"@id\":\"https:\/\/portaltela.pt\/#\/schema\/person\/c4278d4a6028830caff9ee44b42d32ed\",\"name\":\"Telinha\",\"image\":{\"@type\":\"ImageObject\",\"inLanguage\":\"pt-PT\",\"@id\":\"https:\/\/portaltela.pt\/s.01k8rhncp4jt1\/2025\/11\/talking-bot-125x125.png\",\"url\":\"https:\/\/portaltela.pt\/s.01k8rhncp4jt1\/2025\/11\/talking-bot-125x125.png\",\"contentUrl\":\"https:\/\/portaltela.pt\/s.01k8rhncp4jt1\/2025\/11\/talking-bot-125x125.png\",\"caption\":\"Telinha\"},\"sameAs\":[\"https:\/\/portaltela.pt\/\"],\"url\":\"https:\/\/portaltela.pt\/por\/367410592786\/\"}]}<\/script>\n<!-- \/ Yoast SEO plugin. -->","yoast_head_json":{"title":"Nych vence crono e Rafael Reis veste a amarela na Volta ao Alentejo - Portal Tela Portugal","robots":{"index":"index","follow":"follow","max-snippet":"max-snippet:-1","max-image-preview":"max-image-preview:large","max-video-preview":"max-video-preview:-1"},"og_locale":"pt_PT","og_type":"article","og_title":"Nych vence crono e Rafael Reis veste a amarela na Volta ao Alentejo - Portal Tela Portugal","og_description":"Artem Nych venceu o contrarrel\u00f3gio de 23,2 quil\u00f3metros, em Crato, com 27,54 minutos, na terceira etapa da Volta ao Alentejo. Rafael Reis ficou em segundo e assumiu a lideran\u00e7a da classifica\u00e7\u00e3o geral, com Nych a ficar a 2 segundos. Enzo Leijnse completou a etapa em terceiro, a 6 segundos de Nych; Tiago Antunes ficou em quarto, a 7 segundos. Miguel Salgueiro terminou em nono lugar na etapa, mantendo a mesma posi\u00e7\u00e3o na geral, ap\u00f3s a primeira prova desde a queda nos Europeus de pista. A etapa rainha est\u00e1 marcada para s\u00e1bado, entre Vila Vi\u00e7osa e Serra de S\u00e3o Mamede, com 153,3 quil\u00f3metros e tr\u00eas contagens de montanha, a \u00faltima em primeira categoria na meta.","og_url":"https:\/\/portaltela.pt\/noticias\/2026\/03\/27\/nych-vence-crono-e-rafael-reis-veste-a-amarela-na-volta-ao-alentejo\/","og_site_name":"Portal Tela Portugal","article_published_time":"2026-03-27T17:52:56+00:00","author":"Telinha","twitter_card":"summary_large_image","twitter_misc":{"Escrito por":"Telinha","Tempo estimado de leitura":"1 minuto"},"schema":{"@context":"https:\/\/schema.org","@graph":[{"@type":"Article","@id":"https:\/\/portaltela.pt\/noticias\/2026\/03\/27\/nych-vence-crono-e-rafael-reis-veste-a-amarela-na-volta-ao-alentejo\/#article","isPartOf":{"@id":"https:\/\/portaltela.pt\/noticias\/2026\/03\/27\/nych-vence-crono-e-rafael-reis-veste-a-amarela-na-volta-ao-alentejo\/"},"author":{"name":"Telinha","@id":"https:\/\/portaltela.pt\/#\/schema\/person\/c4278d4a6028830caff9ee44b42d32ed"},"headline":"Nych vence crono e Rafael Reis veste a amarela na Volta ao Alentejo","datePublished":"2026-03-27T17:52:56+00:00","mainEntityOfPage":{"@id":"https:\/\/portaltela.pt\/noticias\/2026\/03\/27\/nych-vence-crono-e-rafael-reis-veste-a-amarela-na-volta-ao-alentejo\/"},"wordCount":182,"image":{"@id":"https:\/\/portaltela.pt\/noticias\/2026\/03\/27\/nych-vence-crono-e-rafael-reis-veste-a-amarela-na-volta-ao-alentejo\/#primaryimage"},"thumbnailUrl":"https:\/\/portaltela.pt\/s.01k8rhncp4jt1\/2026\/03\/img_920x518uu2026-03-27-17-52-42-2429726.jpg","keywords":["Alentejo","Anicolor-Campicarn","ciclismo","Credito Agr\u00edcola","Tavira"],"articleSection":["Desporto","Futebol"],"inLanguage":"pt-PT"},{"@type":"WebPage","@id":"https:\/\/portaltela.pt\/noticias\/2026\/03\/27\/nych-vence-crono-e-rafael-reis-veste-a-amarela-na-volta-ao-alentejo\/","url":"https:\/\/portaltela.pt\/noticias\/2026\/03\/27\/nych-vence-crono-e-rafael-reis-veste-a-amarela-na-volta-ao-alentejo\/","name":"Nych vence crono e Rafael Reis veste a amarela na Volta ao Alentejo - Portal Tela Portugal","isPartOf":{"@id":"https:\/\/portaltela.pt\/#website"},"primaryImageOfPage":{"@id":"https:\/\/portaltela.pt\/noticias\/2026\/03\/27\/nych-vence-crono-e-rafael-reis-veste-a-amarela-na-volta-ao-alentejo\/#primaryimage"},"image":{"@id":"https:\/\/portaltela.pt\/noticias\/2026\/03\/27\/nych-vence-crono-e-rafael-reis-veste-a-amarela-na-volta-ao-alentejo\/#primaryimage"},"thumbnailUrl":"https:\/\/portaltela.pt\/s.01k8rhncp4jt1\/2026\/03\/img_920x518uu2026-03-27-17-52-42-2429726.jpg","datePublished":"2026-03-27T17:52:56+00:00","author":{"@id":"https:\/\/portaltela.pt\/#\/schema\/person\/c4278d4a6028830caff9ee44b42d32ed"},"breadcrumb":{"@id":"https:\/\/portaltela.pt\/noticias\/2026\/03\/27\/nych-vence-crono-e-rafael-reis-veste-a-amarela-na-volta-ao-alentejo\/#breadcrumb"},"inLanguage":"pt-PT","potentialAction":[{"@type":"ReadAction","target":["https:\/\/portaltela.pt\/noticias\/2026\/03\/27\/nych-vence-crono-e-rafael-reis-veste-a-amarela-na-volta-ao-alentejo\/"]}]},{"@type":"ImageObject","inLanguage":"pt-PT","@id":"https:\/\/portaltela.pt\/noticias\/2026\/03\/27\/nych-vence-crono-e-rafael-reis-veste-a-amarela-na-volta-ao-alentejo\/#primaryimage","url":"https:\/\/portaltela.pt\/s.01k8rhncp4jt1\/2026\/03\/img_920x518uu2026-03-27-17-52-42-2429726.jpg","contentUrl":"https:\/\/portaltela.pt\/s.01k8rhncp4jt1\/2026\/03\/img_920x518uu2026-03-27-17-52-42-2429726.jpg","width":796,"height":448,"caption":"Artem Nych"},{"@type":"BreadcrumbList","@id":"https:\/\/portaltela.pt\/noticias\/2026\/03\/27\/nych-vence-crono-e-rafael-reis-veste-a-amarela-na-volta-ao-alentejo\/#breadcrumb","itemListElement":[{"@type":"ListItem","position":1,"name":"In\u00edcio","item":"https:\/\/portaltela.pt\/"},{"@type":"ListItem","position":2,"name":"Nych vence crono e Rafael Reis veste a amarela na Volta ao Alentejo"}]},{"@type":"WebSite","@id":"https:\/\/portaltela.pt\/#website","url":"https:\/\/portaltela.pt\/","name":"Portal Tela Portugal","description":"","potentialAction":[{"@type":"SearchAction","target":{"@type":"EntryPoint","urlTemplate":"https:\/\/portaltela.pt\/?s={search_term_string}"},"query-input":{"@type":"PropertyValueSpecification","valueRequired":true,"valueName":"search_term_string"}}],"inLanguage":"pt-PT"},{"@type":"Person","@id":"https:\/\/portaltela.pt\/#\/schema\/person\/c4278d4a6028830caff9ee44b42d32ed","name":"Telinha","image":{"@type":"ImageObject","inLanguage":"pt-PT","@id":"https:\/\/portaltela.pt\/s.01k8rhncp4jt1\/2025\/11\/talking-bot-125x125.png","url":"https:\/\/portaltela.pt\/s.01k8rhncp4jt1\/2025\/11\/talking-bot-125x125.png","contentUrl":"https:\/\/portaltela.pt\/s.01k8rhncp4jt1\/2025\/11\/talking-bot-125x125.png","caption":"Telinha"},"sameAs":["https:\/\/portaltela.pt\/"],"url":"https:\/\/portaltela.pt\/por\/367410592786\/"}]}},"_links":{"self":[{"href":"https:\/\/portaltela.pt\/api\/wp\/v2\/posts\/424137","targetHints":{"allow":["GET"]}}],"collection":[{"href":"https:\/\/portaltela.pt\/api\/wp\/v2\/posts"}],"about":[{"href":"https:\/\/portaltela.pt\/api\/wp\/v2\/types\/post"}],"author":[{"embeddable":true,"href":"https:\/\/portaltela.pt\/api\/wp\/v2\/users\/2"}],"replies":[{"embeddable":true,"href":"https:\/\/portaltela.pt\/api\/wp\/v2\/comments?post=424137"}],"version-history":[{"count":0,"href":"https:\/\/portaltela.pt\/api\/wp\/v2\/posts\/424137\/revisions"}],"wp:featuredmedia":[{"embeddable":true,"href":"https:\/\/portaltela.pt\/api\/wp\/v2\/media\/424141"}],"wp:attachment":[{"href":"https:\/\/portaltela.pt\/api\/wp\/v2\/media?parent=424137"}],"wp:term":[{"taxonomy":"category","embeddable":true,"href":"https:\/\/portaltela.pt\/api\/wp\/v2\/categories?post=424137"},{"taxonomy":"post_tag","embeddable":true,"href":"https:\/\/portaltela.pt\/api\/wp\/v2\/tags?post=424137"}],"curies":[{"name":"wp","href":"https:\/\/api.w.org\/{rel}","templated":true}]}}