{"id":424128,"date":"2026-03-27T14:31:00","date_gmt":"2026-03-27T17:31:00","guid":{"rendered":"https:\/\/portaltela.pt\/noticias\/2026\/03\/27\/ventura-compromete-se-a-iniciar-revisao-constitucional-ate-ao-final-do-ano\/"},"modified":"2026-03-27T14:31:00","modified_gmt":"2026-03-27T17:31:00","slug":"ventura-compromete-se-a-iniciar-revisao-constitucional-ate-ao-final-do-ano","status":"publish","type":"post","link":"https:\/\/portaltela.pt\/noticias\/politica\/2026\/03\/27\/ventura-compromete-se-a-iniciar-revisao-constitucional-ate-ao-final-do-ano\/","title":{"rendered":"Ventura compromete-se a iniciar revis\u00e3o constitucional at\u00e9 ao final do ano"},"content":{"rendered":"<p>O l\u00edder do Chega, Andr\u00e9 Ventura, comprometeu-se a iniciar, at\u00e9 ao final do ano, o processo de revis\u00e3o constitucional. Garantiu que n\u00e3o houve negocia\u00e7\u00f5es secretas sobre o tema nem acordos com o Tribunal Constitucional. A afirma\u00e7\u00e3o ocorreu durante uma visita \u00e0 feira educativa Qualifica.<\/p>\n<p>Ventura afirmou que a revis\u00e3o est\u00e1 ainda numa fase de projecto, sem negocia\u00e7\u00f5es formais com os deputados necess\u00e1rios para alcan\u00e7ar os dois ter\u00e7os da Assembleia da Rep\u00fablica. O objetivo \u00e9 apresentar o projecto e abrir o debate pol\u00edtico na pr\u00f3xima fase.<\/p>\n<p>O dirigente de direita deu destaque \u00e0 possibilidade de uma revis\u00e3o com o apoio de dois ter\u00e7os no parlamento, mencionando o PSD e a Iniciativa Liberal como blocos de negocia\u00e7\u00e3o. O Chega pretende avan\u00e7ar com mudan\u00e7as que aumentem penas para crimes graves e permitam um modelo econ\u00f3mico mais flex\u00edvel.<\/p>\n<p>O foco da proposta incluiria medidas de endurecimento de puni\u00e7\u00f5es e reformas administrativas, mantendo a ideia de modernizar a arquitetura do Estado. O respons\u00e1vel afirmou que o tema est\u00e1 desvinculado de negocia\u00e7\u00f5es com o Tribunal Constitucional.<\/p>\n<h3>Contexto pol\u00edtico e prazos<\/h3>\n<p>A \u00faltima revis\u00e3o constitucional ocorreu em 2005. O artigo 284.\u00ba prev\u00ea revis\u00f5es por maioria de dois ter\u00e7os, com possibilidades de chamada em momentos espec\u00edficos. O Chega pretende cumprir o prazo at\u00e9 ao final do ano para levar a proposta ao Parlamento.<\/p>\n<p>Ventura tamb\u00e9m reagiu a rumores sobre acordos com o PSD para a nomea\u00e7\u00e3o de membros do Tribunal Constitucional, defendendo que, se n\u00e3o existisse acordo, n\u00e3o haveria elei\u00e7\u00f5es marcadas. A posi\u00e7\u00e3o foi apresentada como parte de uma explica\u00e7\u00e3o sobre o processo pol\u00edtico em curso.<\/p>\n<p>A lideran\u00e7a do PSD j\u00e1 sinalizou, no passado, que a revis\u00e3o seria tratada apenas quando existirem condi\u00e7\u00f5es pol\u00edticas favor\u00e1veis, destacando a busca por uma maioria est\u00e1vel. A discuss\u00e3o p\u00fablica sobre a revis\u00e3o continua sem uma data definida para a iniciativa avan\u00e7ar.<\/p>\n<p>O Governo atual mant\u00e9m o foco em prioridades administrativas, com a revis\u00e3o constitucional a ser condicionada pela atual composi\u00e7\u00e3o parlamentar. A discuss\u00e3o envolve ainda o equil\u00edbrio entre mudan\u00e7as estruturais e o timing pol\u00edtico, sem defini\u00e7\u00f5es r\u00edgidas de implementa\u00e7\u00e3o.<\/p>\n","protected":false},"excerpt":{"rendered":"<ul>\n<li>Andr\u00e9 Ventura, l\u00edder do Chega, comprometeu-se a iniciar o processo de revis\u00e3o constitucional at\u00e9 ao final do ano, garantindo que n\u00e3o houve negocia\u00e7\u00e3o secreta a esse respeito.<\/li>\n<li>O objetivo \u00e9 apresentar e discutir um projeto no Parlamento, com a expectativa de obter o apoio necess\u00e1rio para avan\u00e7ar.<\/li>\n<li>Ventura indicou que a eventual revis\u00e3o contar\u00e1 com o envolvimento do PSD e da Iniciativa Liberal, dois ter\u00e7os da Assembleia da Rep\u00fablica necess\u00e1rios para a maioria qualificada.<\/li>\n<li>O pol\u00edtico afirmou que o tema n\u00e3o est\u00e1 relacionado com negocia\u00e7\u00f5es sobre o Tribunal Constitucional.<\/li>\n<li>A \u00faltima revis\u00e3o da Constitui\u00e7\u00e3o ocorreu em 2005; as altera\u00e7\u00f5es exigem maioria de dois ter\u00e7os e o tempo para apresentar propostas \u00e9 regulado pela Constitui\u00e7\u00e3o.<\/li>\n<\/ul>\n","protected":false},"author":2,"featured_media":424132,"comment_status":"closed","ping_status":"closed","sticky":false,"template":"","format":"standard","meta":{"footnotes":""},"categories":[1,5],"tags":[4057,1482,1732,2832,3695,7405],"class_list":["post-424128","post","type-post","status-publish","format-standard","has-post-thumbnail","hentry","category-noticias","category-politica","tag-constituicao","tag-iniciativa-liberal","tag-partidos","tag-politica","tag-psd","tag-tribunal-constitucional"],"yoast_head":"<!-- This site is optimized with the Yoast SEO plugin v27.2 - https:\/\/yoast.com\/product\/yoast-seo-wordpress\/ -->\n<title>Ventura compromete-se a iniciar revis\u00e3o constitucional at\u00e9 ao final do ano - Portal Tela Portugal<\/title>\n<meta name=\"robots\" content=\"index, follow, max-snippet:-1, max-image-preview:large, max-video-preview:-1\" \/>\n<meta property=\"og:locale\" content=\"pt_PT\" \/>\n<meta property=\"og:type\" content=\"article\" \/>\n<meta property=\"og:title\" content=\"Ventura compromete-se a iniciar revis\u00e3o constitucional at\u00e9 ao final do ano - Portal Tela Portugal\" \/>\n<meta property=\"og:description\" content=\"Andr\u00e9 Ventura, l\u00edder do Chega, comprometeu-se a iniciar o processo de revis\u00e3o constitucional at\u00e9 ao final do ano, garantindo que n\u00e3o houve negocia\u00e7\u00e3o secreta a esse respeito. O objetivo \u00e9 apresentar e discutir um projeto no Parlamento, com a expectativa de obter o apoio necess\u00e1rio para avan\u00e7ar. Ventura indicou que a eventual revis\u00e3o contar\u00e1 com o envolvimento do PSD e da Iniciativa Liberal, dois ter\u00e7os da Assembleia da Rep\u00fablica necess\u00e1rios para a maioria qualificada. O pol\u00edtico afirmou que o tema n\u00e3o est\u00e1 relacionado com negocia\u00e7\u00f5es sobre o Tribunal Constitucional. A \u00faltima revis\u00e3o da Constitui\u00e7\u00e3o ocorreu em 2005; as altera\u00e7\u00f5es exigem maioria de dois ter\u00e7os e o tempo para apresentar propostas \u00e9 regulado pela Constitui\u00e7\u00e3o.\" \/>\n<meta property=\"og:url\" content=\"https:\/\/portaltela.pt\/noticias\/2026\/03\/27\/ventura-compromete-se-a-iniciar-revisao-constitucional-ate-ao-final-do-ano\/\" \/>\n<meta property=\"og:site_name\" content=\"Portal Tela Portugal\" \/>\n<meta property=\"article:published_time\" content=\"2026-03-27T17:31:00+00:00\" \/>\n<meta name=\"author\" content=\"Telinha\" \/>\n<meta name=\"twitter:card\" content=\"summary_large_image\" \/>\n<meta name=\"twitter:label1\" content=\"Escrito por\" \/>\n\t<meta name=\"twitter:data1\" content=\"Telinha\" \/>\n\t<meta name=\"twitter:label2\" content=\"Tempo estimado de leitura\" \/>\n\t<meta name=\"twitter:data2\" content=\"2 minutos\" \/>\n<script type=\"application\/ld+json\" class=\"yoast-schema-graph\">{\"@context\":\"https:\/\/schema.org\",\"@graph\":[{\"@type\":\"Article\",\"@id\":\"https:\/\/portaltela.pt\/noticias\/2026\/03\/27\/ventura-compromete-se-a-iniciar-revisao-constitucional-ate-ao-final-do-ano\/#article\",\"isPartOf\":{\"@id\":\"https:\/\/portaltela.pt\/noticias\/2026\/03\/27\/ventura-compromete-se-a-iniciar-revisao-constitucional-ate-ao-final-do-ano\/\"},\"author\":{\"name\":\"Telinha\",\"@id\":\"https:\/\/portaltela.pt\/#\/schema\/person\/c4278d4a6028830caff9ee44b42d32ed\"},\"headline\":\"Ventura compromete-se a iniciar revis\u00e3o constitucional at\u00e9 ao final do ano\",\"datePublished\":\"2026-03-27T17:31:00+00:00\",\"mainEntityOfPage\":{\"@id\":\"https:\/\/portaltela.pt\/noticias\/2026\/03\/27\/ventura-compromete-se-a-iniciar-revisao-constitucional-ate-ao-final-do-ano\/\"},\"wordCount\":400,\"image\":{\"@id\":\"https:\/\/portaltela.pt\/noticias\/2026\/03\/27\/ventura-compromete-se-a-iniciar-revisao-constitucional-ate-ao-final-do-ano\/#primaryimage\"},\"thumbnailUrl\":\"https:\/\/portaltela.pt\/s.01k8rhncp4jt1\/2026\/03\/2077463.jpg\",\"keywords\":[\"constitui\u00e7\u00e3o\",\"Iniciativa Liberal\",\"partidos\",\"pol\u00edtica\",\"PSD\",\"Tribunal Constitucional\"],\"articleSection\":[\"Not\u00edcias\",\"Pol\u00edtica\"],\"inLanguage\":\"pt-PT\"},{\"@type\":\"WebPage\",\"@id\":\"https:\/\/portaltela.pt\/noticias\/2026\/03\/27\/ventura-compromete-se-a-iniciar-revisao-constitucional-ate-ao-final-do-ano\/\",\"url\":\"https:\/\/portaltela.pt\/noticias\/2026\/03\/27\/ventura-compromete-se-a-iniciar-revisao-constitucional-ate-ao-final-do-ano\/\",\"name\":\"Ventura compromete-se a iniciar revis\u00e3o constitucional at\u00e9 ao final do ano - Portal Tela Portugal\",\"isPartOf\":{\"@id\":\"https:\/\/portaltela.pt\/#website\"},\"primaryImageOfPage\":{\"@id\":\"https:\/\/portaltela.pt\/noticias\/2026\/03\/27\/ventura-compromete-se-a-iniciar-revisao-constitucional-ate-ao-final-do-ano\/#primaryimage\"},\"image\":{\"@id\":\"https:\/\/portaltela.pt\/noticias\/2026\/03\/27\/ventura-compromete-se-a-iniciar-revisao-constitucional-ate-ao-final-do-ano\/#primaryimage\"},\"thumbnailUrl\":\"https:\/\/portaltela.pt\/s.01k8rhncp4jt1\/2026\/03\/2077463.jpg\",\"datePublished\":\"2026-03-27T17:31:00+00:00\",\"author\":{\"@id\":\"https:\/\/portaltela.pt\/#\/schema\/person\/c4278d4a6028830caff9ee44b42d32ed\"},\"breadcrumb\":{\"@id\":\"https:\/\/portaltela.pt\/noticias\/2026\/03\/27\/ventura-compromete-se-a-iniciar-revisao-constitucional-ate-ao-final-do-ano\/#breadcrumb\"},\"inLanguage\":\"pt-PT\",\"potentialAction\":[{\"@type\":\"ReadAction\",\"target\":[\"https:\/\/portaltela.pt\/noticias\/2026\/03\/27\/ventura-compromete-se-a-iniciar-revisao-constitucional-ate-ao-final-do-ano\/\"]}]},{\"@type\":\"ImageObject\",\"inLanguage\":\"pt-PT\",\"@id\":\"https:\/\/portaltela.pt\/noticias\/2026\/03\/27\/ventura-compromete-se-a-iniciar-revisao-constitucional-ate-ao-final-do-ano\/#primaryimage\",\"url\":\"https:\/\/portaltela.pt\/s.01k8rhncp4jt1\/2026\/03\/2077463.jpg\",\"contentUrl\":\"https:\/\/portaltela.pt\/s.01k8rhncp4jt1\/2026\/03\/2077463.jpg\",\"width\":796,\"height\":448,\"caption\":\"Andr\u00e9 Ventura insistiu em que h\u00e1 um acordo com o PSD sobre as elei\u00e7\u00f5es para o Tribunal Constitucional\"},{\"@type\":\"BreadcrumbList\",\"@id\":\"https:\/\/portaltela.pt\/noticias\/2026\/03\/27\/ventura-compromete-se-a-iniciar-revisao-constitucional-ate-ao-final-do-ano\/#breadcrumb\",\"itemListElement\":[{\"@type\":\"ListItem\",\"position\":1,\"name\":\"In\u00edcio\",\"item\":\"https:\/\/portaltela.pt\/\"},{\"@type\":\"ListItem\",\"position\":2,\"name\":\"Ventura compromete-se a iniciar revis\u00e3o constitucional at\u00e9 ao final do ano\"}]},{\"@type\":\"WebSite\",\"@id\":\"https:\/\/portaltela.pt\/#website\",\"url\":\"https:\/\/portaltela.pt\/\",\"name\":\"Portal Tela Portugal\",\"description\":\"\",\"potentialAction\":[{\"@type\":\"SearchAction\",\"target\":{\"@type\":\"EntryPoint\",\"urlTemplate\":\"https:\/\/portaltela.pt\/?s={search_term_string}\"},\"query-input\":{\"@type\":\"PropertyValueSpecification\",\"valueRequired\":true,\"valueName\":\"search_term_string\"}}],\"inLanguage\":\"pt-PT\"},{\"@type\":\"Person\",\"@id\":\"https:\/\/portaltela.pt\/#\/schema\/person\/c4278d4a6028830caff9ee44b42d32ed\",\"name\":\"Telinha\",\"image\":{\"@type\":\"ImageObject\",\"inLanguage\":\"pt-PT\",\"@id\":\"https:\/\/portaltela.pt\/s.01k8rhncp4jt1\/2025\/11\/talking-bot-125x125.png\",\"url\":\"https:\/\/portaltela.pt\/s.01k8rhncp4jt1\/2025\/11\/talking-bot-125x125.png\",\"contentUrl\":\"https:\/\/portaltela.pt\/s.01k8rhncp4jt1\/2025\/11\/talking-bot-125x125.png\",\"caption\":\"Telinha\"},\"sameAs\":[\"https:\/\/portaltela.pt\/\"],\"url\":\"https:\/\/portaltela.pt\/por\/367410592786\/\"}]}<\/script>\n<!-- \/ Yoast SEO plugin. -->","yoast_head_json":{"title":"Ventura compromete-se a iniciar revis\u00e3o constitucional at\u00e9 ao final do ano - Portal Tela Portugal","robots":{"index":"index","follow":"follow","max-snippet":"max-snippet:-1","max-image-preview":"max-image-preview:large","max-video-preview":"max-video-preview:-1"},"og_locale":"pt_PT","og_type":"article","og_title":"Ventura compromete-se a iniciar revis\u00e3o constitucional at\u00e9 ao final do ano - Portal Tela Portugal","og_description":"Andr\u00e9 Ventura, l\u00edder do Chega, comprometeu-se a iniciar o processo de revis\u00e3o constitucional at\u00e9 ao final do ano, garantindo que n\u00e3o houve negocia\u00e7\u00e3o secreta a esse respeito. O objetivo \u00e9 apresentar e discutir um projeto no Parlamento, com a expectativa de obter o apoio necess\u00e1rio para avan\u00e7ar. Ventura indicou que a eventual revis\u00e3o contar\u00e1 com o envolvimento do PSD e da Iniciativa Liberal, dois ter\u00e7os da Assembleia da Rep\u00fablica necess\u00e1rios para a maioria qualificada. O pol\u00edtico afirmou que o tema n\u00e3o est\u00e1 relacionado com negocia\u00e7\u00f5es sobre o Tribunal Constitucional. A \u00faltima revis\u00e3o da Constitui\u00e7\u00e3o ocorreu em 2005; as altera\u00e7\u00f5es exigem maioria de dois ter\u00e7os e o tempo para apresentar propostas \u00e9 regulado pela Constitui\u00e7\u00e3o.","og_url":"https:\/\/portaltela.pt\/noticias\/2026\/03\/27\/ventura-compromete-se-a-iniciar-revisao-constitucional-ate-ao-final-do-ano\/","og_site_name":"Portal Tela Portugal","article_published_time":"2026-03-27T17:31:00+00:00","author":"Telinha","twitter_card":"summary_large_image","twitter_misc":{"Escrito por":"Telinha","Tempo estimado de leitura":"2 minutos"},"schema":{"@context":"https:\/\/schema.org","@graph":[{"@type":"Article","@id":"https:\/\/portaltela.pt\/noticias\/2026\/03\/27\/ventura-compromete-se-a-iniciar-revisao-constitucional-ate-ao-final-do-ano\/#article","isPartOf":{"@id":"https:\/\/portaltela.pt\/noticias\/2026\/03\/27\/ventura-compromete-se-a-iniciar-revisao-constitucional-ate-ao-final-do-ano\/"},"author":{"name":"Telinha","@id":"https:\/\/portaltela.pt\/#\/schema\/person\/c4278d4a6028830caff9ee44b42d32ed"},"headline":"Ventura compromete-se a iniciar revis\u00e3o constitucional at\u00e9 ao final do ano","datePublished":"2026-03-27T17:31:00+00:00","mainEntityOfPage":{"@id":"https:\/\/portaltela.pt\/noticias\/2026\/03\/27\/ventura-compromete-se-a-iniciar-revisao-constitucional-ate-ao-final-do-ano\/"},"wordCount":400,"image":{"@id":"https:\/\/portaltela.pt\/noticias\/2026\/03\/27\/ventura-compromete-se-a-iniciar-revisao-constitucional-ate-ao-final-do-ano\/#primaryimage"},"thumbnailUrl":"https:\/\/portaltela.pt\/s.01k8rhncp4jt1\/2026\/03\/2077463.jpg","keywords":["constitui\u00e7\u00e3o","Iniciativa Liberal","partidos","pol\u00edtica","PSD","Tribunal Constitucional"],"articleSection":["Not\u00edcias","Pol\u00edtica"],"inLanguage":"pt-PT"},{"@type":"WebPage","@id":"https:\/\/portaltela.pt\/noticias\/2026\/03\/27\/ventura-compromete-se-a-iniciar-revisao-constitucional-ate-ao-final-do-ano\/","url":"https:\/\/portaltela.pt\/noticias\/2026\/03\/27\/ventura-compromete-se-a-iniciar-revisao-constitucional-ate-ao-final-do-ano\/","name":"Ventura compromete-se a iniciar revis\u00e3o constitucional at\u00e9 ao final do ano - Portal Tela Portugal","isPartOf":{"@id":"https:\/\/portaltela.pt\/#website"},"primaryImageOfPage":{"@id":"https:\/\/portaltela.pt\/noticias\/2026\/03\/27\/ventura-compromete-se-a-iniciar-revisao-constitucional-ate-ao-final-do-ano\/#primaryimage"},"image":{"@id":"https:\/\/portaltela.pt\/noticias\/2026\/03\/27\/ventura-compromete-se-a-iniciar-revisao-constitucional-ate-ao-final-do-ano\/#primaryimage"},"thumbnailUrl":"https:\/\/portaltela.pt\/s.01k8rhncp4jt1\/2026\/03\/2077463.jpg","datePublished":"2026-03-27T17:31:00+00:00","author":{"@id":"https:\/\/portaltela.pt\/#\/schema\/person\/c4278d4a6028830caff9ee44b42d32ed"},"breadcrumb":{"@id":"https:\/\/portaltela.pt\/noticias\/2026\/03\/27\/ventura-compromete-se-a-iniciar-revisao-constitucional-ate-ao-final-do-ano\/#breadcrumb"},"inLanguage":"pt-PT","potentialAction":[{"@type":"ReadAction","target":["https:\/\/portaltela.pt\/noticias\/2026\/03\/27\/ventura-compromete-se-a-iniciar-revisao-constitucional-ate-ao-final-do-ano\/"]}]},{"@type":"ImageObject","inLanguage":"pt-PT","@id":"https:\/\/portaltela.pt\/noticias\/2026\/03\/27\/ventura-compromete-se-a-iniciar-revisao-constitucional-ate-ao-final-do-ano\/#primaryimage","url":"https:\/\/portaltela.pt\/s.01k8rhncp4jt1\/2026\/03\/2077463.jpg","contentUrl":"https:\/\/portaltela.pt\/s.01k8rhncp4jt1\/2026\/03\/2077463.jpg","width":796,"height":448,"caption":"Andr\u00e9 Ventura insistiu em que h\u00e1 um acordo com o PSD sobre as elei\u00e7\u00f5es para o Tribunal Constitucional"},{"@type":"BreadcrumbList","@id":"https:\/\/portaltela.pt\/noticias\/2026\/03\/27\/ventura-compromete-se-a-iniciar-revisao-constitucional-ate-ao-final-do-ano\/#breadcrumb","itemListElement":[{"@type":"ListItem","position":1,"name":"In\u00edcio","item":"https:\/\/portaltela.pt\/"},{"@type":"ListItem","position":2,"name":"Ventura compromete-se a iniciar revis\u00e3o constitucional at\u00e9 ao final do ano"}]},{"@type":"WebSite","@id":"https:\/\/portaltela.pt\/#website","url":"https:\/\/portaltela.pt\/","name":"Portal Tela Portugal","description":"","potentialAction":[{"@type":"SearchAction","target":{"@type":"EntryPoint","urlTemplate":"https:\/\/portaltela.pt\/?s={search_term_string}"},"query-input":{"@type":"PropertyValueSpecification","valueRequired":true,"valueName":"search_term_string"}}],"inLanguage":"pt-PT"},{"@type":"Person","@id":"https:\/\/portaltela.pt\/#\/schema\/person\/c4278d4a6028830caff9ee44b42d32ed","name":"Telinha","image":{"@type":"ImageObject","inLanguage":"pt-PT","@id":"https:\/\/portaltela.pt\/s.01k8rhncp4jt1\/2025\/11\/talking-bot-125x125.png","url":"https:\/\/portaltela.pt\/s.01k8rhncp4jt1\/2025\/11\/talking-bot-125x125.png","contentUrl":"https:\/\/portaltela.pt\/s.01k8rhncp4jt1\/2025\/11\/talking-bot-125x125.png","caption":"Telinha"},"sameAs":["https:\/\/portaltela.pt\/"],"url":"https:\/\/portaltela.pt\/por\/367410592786\/"}]}},"_links":{"self":[{"href":"https:\/\/portaltela.pt\/api\/wp\/v2\/posts\/424128","targetHints":{"allow":["GET"]}}],"collection":[{"href":"https:\/\/portaltela.pt\/api\/wp\/v2\/posts"}],"about":[{"href":"https:\/\/portaltela.pt\/api\/wp\/v2\/types\/post"}],"author":[{"embeddable":true,"href":"https:\/\/portaltela.pt\/api\/wp\/v2\/users\/2"}],"replies":[{"embeddable":true,"href":"https:\/\/portaltela.pt\/api\/wp\/v2\/comments?post=424128"}],"version-history":[{"count":0,"href":"https:\/\/portaltela.pt\/api\/wp\/v2\/posts\/424128\/revisions"}],"wp:featuredmedia":[{"embeddable":true,"href":"https:\/\/portaltela.pt\/api\/wp\/v2\/media\/424132"}],"wp:attachment":[{"href":"https:\/\/portaltela.pt\/api\/wp\/v2\/media?parent=424128"}],"wp:term":[{"taxonomy":"category","embeddable":true,"href":"https:\/\/portaltela.pt\/api\/wp\/v2\/categories?post=424128"},{"taxonomy":"post_tag","embeddable":true,"href":"https:\/\/portaltela.pt\/api\/wp\/v2\/tags?post=424128"}],"curies":[{"name":"wp","href":"https:\/\/api.w.org\/{rel}","templated":true}]}}