{"id":424114,"date":"2026-03-27T14:47:22","date_gmt":"2026-03-27T17:47:22","guid":{"rendered":"https:\/\/portaltela.pt\/noticias\/2026\/03\/27\/ue-propoe-modelo-similar-ao-do-mar-negro-para-desbloquear-estreito-de-ormuz\/"},"modified":"2026-03-27T14:47:22","modified_gmt":"2026-03-27T17:47:22","slug":"ue-propoe-modelo-similar-ao-do-mar-negro-para-desbloquear-estreito-de-ormuz","status":"publish","type":"post","link":"https:\/\/portaltela.pt\/noticias\/internacional\/2026\/03\/27\/ue-propoe-modelo-similar-ao-do-mar-negro-para-desbloquear-estreito-de-ormuz\/","title":{"rendered":"UE prop\u00f5e modelo similar ao do Mar Negro para desbloquear Estreito de Ormuz"},"content":{"rendered":"<p>A Uni\u00e3o Europeia pediu que se adopte um modelo semelhante ao acordo do transporte de cereais no Mar Negro para desbloquear o Estreito de Ormuz. A sugest\u00e3o foi feita pelo enviado especial da UE para a regi\u00e3o do Golfo, durante uma interven\u00e7\u00e3o em Doha.<\/p>\n<p>Di Maio explicou que, ap\u00f3s o acordo entre R\u00fassia e Ucr\u00e2nia que abriu corredores mar\u00edtimos no Mar Negro, a UE pretende promover uma solu\u00e7\u00e3o diplom\u00e1tica para garantir a liberdade de navega\u00e7\u00e3o em Ormuz. A alta representante da UE, Kaja Kallas, contactou o secretariado da ONU para apoiar a iniciativa.<\/p>\n<p>O objetivo \u00e9 evitar que o bloqueio atual cause uma crise humanit\u00e1ria, com impactos que v\u00e3o al\u00e9m do g\u00e1s e do petr\u00f3leo, abrangendo fertilizantes, h\u00e9lio e outros componentes essenciais para a agricultuta e exporta\u00e7\u00f5es dos pa\u00edses do Conselho de Coopera\u00e7\u00e3o do Golfo (CCG).<\/p>\n<p>A UE refor\u00e7a que n\u00e3o h\u00e1 problemas de abastecimento de combust\u00edveis f\u00f3sseis para os seus Estados-membros, mas reconhece a press\u00e3o dos pre\u00e7os globais. O enviado assinalou a necessidade de trabalhar com os parceiros do Golfo e com as Na\u00e7\u00f5es Unidas para uma solu\u00e7\u00e3o diplom\u00e1tica.<\/p>\n<p>A digress\u00e3o regional acompanha o aprofundamento da parceria entre a UE e os pa\u00edses do Golfo, quatro semanas ap\u00f3s o in\u00edcio do conflito com o Ir\u00e3o. Di Maio manteve contactos com a Ar\u00e1bia Saudita, Emirados \u00c1rabes Unidos, Om\u00e3 e Qatar, com Kuwait e Bahrein a seguir-nos nos pr\u00f3ximos dias.<\/p>\n<h3>Coopera\u00e7\u00e3o de defesa e seguran\u00e7a<\/h3>\n<p>Di Maio disse que a UE apoia os pa\u00edses do CCG na autodefesa, disponibilizando equipas e treino. Foi mencionada a coopera\u00e7\u00e3o com a Ucr\u00e2nia em mat\u00e9ria de drones, para enfrentar ataques a\u00e9reos com tecnologia e forma\u00e7\u00e3o dos parceiros regionais.<\/p>\n<p>O objetivo da UE \u00e9 uma solu\u00e7\u00e3o estruturada para o conflito, com uma arquitetura de seguran\u00e7a est\u00e1vel no M\u00e9dio Oriente. A UE pretende manter-se ao lado do CCG nas pr\u00f3ximas semanas e meses, conforme as necessidades de coopera\u00e7\u00e3o.<\/p>\n<p>Paralelamente, o di\u00e1logo incluiu promessas de coopera\u00e7\u00e3o energ\u00e9tica entre a UE e o Qatar, com encontros entre o ministro da Defesa do Qatar e o ministro da Energia do pa\u00eds para alinhamento de estrat\u00e9gias de longo prazo. A imprensa local reporta que as conversas tamb\u00e9m abordaram a parceria em defesa.<\/p>\n","protected":false},"excerpt":{"rendered":"<ul>\n<li>A Uni\u00e3o Europeia pediu a ado\u00e7\u00e3o de um modelo semelhante ao acordo do transporte de cereais no Mar Negro para desbloquear o Estreito de Ormuz, disse o representante da UE \u00e0 Euronews em Doha.<\/li>\n<li>Di Maio afirmou que, ap\u00f3s o acordo russo-ucraniano para corredores humanit\u00e1rios no Mar Negro, deve haver uma solu\u00e7\u00e3o diplom\u00e1tica semelhante para garantir a liberdade de navega\u00e7\u00e3o no Estreito de Ormuz, com contacto da UE junto da ONU.<\/li>\n<li>O objetivo \u00e9 uma solu\u00e7\u00e3o diplom\u00e1tica que envolva coopera\u00e7\u00e3o com o Conselho de Coopera\u00e7\u00e3o do Golfo e com parceiros internacionais, incluindo a ONU, para mitigar a crise que afeta fornecimentos de bens essenciais al\u00e9m de petr\u00f3leo e g\u00e1s.<\/li>\n<li>A UE refor\u00e7a o apoio \u00e0 autodefesa do Golfo e mant\u00e9m coopera\u00e7\u00e3o com Ucr\u00e2nia no dom\u00ednio de defesa, incluindo combate a drones iranianos, em linha com a parceria estrat\u00e9gica entre a UE e o Golfo.<\/li>\n<li>Di Maio visitou v\u00e1rios pa\u00edses da regi\u00e3o (Ar\u00e1bia Saudita, Emirados \u00c1rabes Unidos, Om\u00e3 e Qatar) para discutir seguran\u00e7a, coopera\u00e7\u00e3o energ\u00e9tica de longo prazo e a promo\u00e7\u00e3o de uma solu\u00e7\u00e3o estruturada para o conflito no M\u00e9dio Oriente, com rela\u00e7\u00e3o cont\u00ednua \u00e0 Iniciativa de Islamabad.<\/li>\n<\/ul>\n","protected":false},"author":2,"featured_media":424117,"comment_status":"closed","ping_status":"closed","sticky":false,"template":"","format":"standard","meta":{"footnotes":""},"categories":[6814,4],"tags":[1016,256,29,2370,5209,2055],"class_list":["post-424114","post","type-post","status-publish","format-standard","has-post-thumbnail","hentry","category-geopolitica","category-internacional","tag-arabia-saudita","tag-cooperacao-internacional","tag-diplomacia","tag-emirados-arabes-unidos","tag-qatar","tag-uniao-europeia"],"yoast_head":"<!-- This site is optimized with the Yoast SEO plugin v27.2 - https:\/\/yoast.com\/product\/yoast-seo-wordpress\/ -->\n<title>UE prop\u00f5e modelo similar ao do Mar Negro para desbloquear Estreito de Ormuz - Portal Tela Portugal<\/title>\n<meta name=\"robots\" content=\"index, follow, max-snippet:-1, max-image-preview:large, max-video-preview:-1\" \/>\n<meta property=\"og:locale\" content=\"pt_PT\" \/>\n<meta property=\"og:type\" content=\"article\" \/>\n<meta property=\"og:title\" content=\"UE prop\u00f5e modelo similar ao do Mar Negro para desbloquear Estreito de Ormuz - Portal Tela Portugal\" \/>\n<meta property=\"og:description\" content=\"A Uni\u00e3o Europeia pediu a ado\u00e7\u00e3o de um modelo semelhante ao acordo do transporte de cereais no Mar Negro para desbloquear o Estreito de Ormuz, disse o representante da UE \u00e0 Euronews em Doha. Di Maio afirmou que, ap\u00f3s o acordo russo-ucraniano para corredores humanit\u00e1rios no Mar Negro, deve haver uma solu\u00e7\u00e3o diplom\u00e1tica semelhante para garantir a liberdade de navega\u00e7\u00e3o no Estreito de Ormuz, com contacto da UE junto da ONU. O objetivo \u00e9 uma solu\u00e7\u00e3o diplom\u00e1tica que envolva coopera\u00e7\u00e3o com o Conselho de Coopera\u00e7\u00e3o do Golfo e com parceiros internacionais, incluindo a ONU, para mitigar a crise que afeta fornecimentos de bens essenciais al\u00e9m de petr\u00f3leo e g\u00e1s. A UE refor\u00e7a o apoio \u00e0 autodefesa do Golfo e mant\u00e9m coopera\u00e7\u00e3o com Ucr\u00e2nia no dom\u00ednio de defesa, incluindo combate a drones iranianos, em linha com a parceria estrat\u00e9gica entre a UE e o Golfo. Di Maio visitou v\u00e1rios pa\u00edses da regi\u00e3o (Ar\u00e1bia Saudita, Emirados \u00c1rabes Unidos, Om\u00e3 e Qatar) para discutir seguran\u00e7a, coopera\u00e7\u00e3o energ\u00e9tica de longo prazo e a promo\u00e7\u00e3o de uma solu\u00e7\u00e3o estruturada para o conflito no M\u00e9dio Oriente, com rela\u00e7\u00e3o cont\u00ednua \u00e0 Iniciativa de Islamabad.\" \/>\n<meta property=\"og:url\" content=\"https:\/\/portaltela.pt\/noticias\/2026\/03\/27\/ue-propoe-modelo-similar-ao-do-mar-negro-para-desbloquear-estreito-de-ormuz\/\" \/>\n<meta property=\"og:site_name\" content=\"Portal Tela Portugal\" \/>\n<meta property=\"article:published_time\" content=\"2026-03-27T17:47:22+00:00\" \/>\n<meta name=\"author\" content=\"Telinha\" \/>\n<meta name=\"twitter:card\" content=\"summary_large_image\" \/>\n<meta name=\"twitter:label1\" content=\"Escrito por\" \/>\n\t<meta name=\"twitter:data1\" content=\"Telinha\" \/>\n\t<meta name=\"twitter:label2\" content=\"Tempo estimado de leitura\" \/>\n\t<meta name=\"twitter:data2\" content=\"2 minutos\" \/>\n<script type=\"application\/ld+json\" class=\"yoast-schema-graph\">{\"@context\":\"https:\/\/schema.org\",\"@graph\":[{\"@type\":\"Article\",\"@id\":\"https:\/\/portaltela.pt\/noticias\/2026\/03\/27\/ue-propoe-modelo-similar-ao-do-mar-negro-para-desbloquear-estreito-de-ormuz\/#article\",\"isPartOf\":{\"@id\":\"https:\/\/portaltela.pt\/noticias\/2026\/03\/27\/ue-propoe-modelo-similar-ao-do-mar-negro-para-desbloquear-estreito-de-ormuz\/\"},\"author\":{\"name\":\"Telinha\",\"@id\":\"https:\/\/portaltela.pt\/#\/schema\/person\/c4278d4a6028830caff9ee44b42d32ed\"},\"headline\":\"UE prop\u00f5e modelo similar ao do Mar Negro para desbloquear Estreito de Ormuz\",\"datePublished\":\"2026-03-27T17:47:22+00:00\",\"mainEntityOfPage\":{\"@id\":\"https:\/\/portaltela.pt\/noticias\/2026\/03\/27\/ue-propoe-modelo-similar-ao-do-mar-negro-para-desbloquear-estreito-de-ormuz\/\"},\"wordCount\":429,\"image\":{\"@id\":\"https:\/\/portaltela.pt\/noticias\/2026\/03\/27\/ue-propoe-modelo-similar-ao-do-mar-negro-para-desbloquear-estreito-de-ormuz\/#primaryimage\"},\"thumbnailUrl\":\"https:\/\/portaltela.pt\/s.01k8rhncp4jt1\/2026\/03\/1536x864_cmsv2_7e892aa8-6f30-5802-bbdf-10765e448c64-9701456.jpg\",\"keywords\":[\"Ar\u00e1bia Saudita\",\"coopera\u00e7\u00e3o internacional\",\"diplomacia\",\"Emirados \u00c1rabes Unidos\",\"Qatar\",\"Uni\u00e3o Europeia\"],\"articleSection\":[\"Geopol\u00edtica\",\"Internacional\"],\"inLanguage\":\"pt-PT\"},{\"@type\":\"WebPage\",\"@id\":\"https:\/\/portaltela.pt\/noticias\/2026\/03\/27\/ue-propoe-modelo-similar-ao-do-mar-negro-para-desbloquear-estreito-de-ormuz\/\",\"url\":\"https:\/\/portaltela.pt\/noticias\/2026\/03\/27\/ue-propoe-modelo-similar-ao-do-mar-negro-para-desbloquear-estreito-de-ormuz\/\",\"name\":\"UE prop\u00f5e modelo similar ao do Mar Negro para desbloquear Estreito de Ormuz - Portal Tela Portugal\",\"isPartOf\":{\"@id\":\"https:\/\/portaltela.pt\/#website\"},\"primaryImageOfPage\":{\"@id\":\"https:\/\/portaltela.pt\/noticias\/2026\/03\/27\/ue-propoe-modelo-similar-ao-do-mar-negro-para-desbloquear-estreito-de-ormuz\/#primaryimage\"},\"image\":{\"@id\":\"https:\/\/portaltela.pt\/noticias\/2026\/03\/27\/ue-propoe-modelo-similar-ao-do-mar-negro-para-desbloquear-estreito-de-ormuz\/#primaryimage\"},\"thumbnailUrl\":\"https:\/\/portaltela.pt\/s.01k8rhncp4jt1\/2026\/03\/1536x864_cmsv2_7e892aa8-6f30-5802-bbdf-10765e448c64-9701456.jpg\",\"datePublished\":\"2026-03-27T17:47:22+00:00\",\"author\":{\"@id\":\"https:\/\/portaltela.pt\/#\/schema\/person\/c4278d4a6028830caff9ee44b42d32ed\"},\"breadcrumb\":{\"@id\":\"https:\/\/portaltela.pt\/noticias\/2026\/03\/27\/ue-propoe-modelo-similar-ao-do-mar-negro-para-desbloquear-estreito-de-ormuz\/#breadcrumb\"},\"inLanguage\":\"pt-PT\",\"potentialAction\":[{\"@type\":\"ReadAction\",\"target\":[\"https:\/\/portaltela.pt\/noticias\/2026\/03\/27\/ue-propoe-modelo-similar-ao-do-mar-negro-para-desbloquear-estreito-de-ormuz\/\"]}]},{\"@type\":\"ImageObject\",\"inLanguage\":\"pt-PT\",\"@id\":\"https:\/\/portaltela.pt\/noticias\/2026\/03\/27\/ue-propoe-modelo-similar-ao-do-mar-negro-para-desbloquear-estreito-de-ormuz\/#primaryimage\",\"url\":\"https:\/\/portaltela.pt\/s.01k8rhncp4jt1\/2026\/03\/1536x864_cmsv2_7e892aa8-6f30-5802-bbdf-10765e448c64-9701456.jpg\",\"contentUrl\":\"https:\/\/portaltela.pt\/s.01k8rhncp4jt1\/2026\/03\/1536x864_cmsv2_7e892aa8-6f30-5802-bbdf-10765e448c64-9701456.jpg\",\"width\":796,\"height\":448,\"caption\":\"Luigi Di maio, enviado especial da UE para a regi\u00e3o do Golfo, numa entrevista \u00e0 Euronews em Doha, 27 de mar\u00e7o de 2026\"},{\"@type\":\"BreadcrumbList\",\"@id\":\"https:\/\/portaltela.pt\/noticias\/2026\/03\/27\/ue-propoe-modelo-similar-ao-do-mar-negro-para-desbloquear-estreito-de-ormuz\/#breadcrumb\",\"itemListElement\":[{\"@type\":\"ListItem\",\"position\":1,\"name\":\"In\u00edcio\",\"item\":\"https:\/\/portaltela.pt\/\"},{\"@type\":\"ListItem\",\"position\":2,\"name\":\"UE prop\u00f5e modelo similar ao do Mar Negro para desbloquear Estreito de Ormuz\"}]},{\"@type\":\"WebSite\",\"@id\":\"https:\/\/portaltela.pt\/#website\",\"url\":\"https:\/\/portaltela.pt\/\",\"name\":\"Portal Tela Portugal\",\"description\":\"\",\"potentialAction\":[{\"@type\":\"SearchAction\",\"target\":{\"@type\":\"EntryPoint\",\"urlTemplate\":\"https:\/\/portaltela.pt\/?s={search_term_string}\"},\"query-input\":{\"@type\":\"PropertyValueSpecification\",\"valueRequired\":true,\"valueName\":\"search_term_string\"}}],\"inLanguage\":\"pt-PT\"},{\"@type\":\"Person\",\"@id\":\"https:\/\/portaltela.pt\/#\/schema\/person\/c4278d4a6028830caff9ee44b42d32ed\",\"name\":\"Telinha\",\"image\":{\"@type\":\"ImageObject\",\"inLanguage\":\"pt-PT\",\"@id\":\"https:\/\/portaltela.pt\/s.01k8rhncp4jt1\/2025\/11\/talking-bot-125x125.png\",\"url\":\"https:\/\/portaltela.pt\/s.01k8rhncp4jt1\/2025\/11\/talking-bot-125x125.png\",\"contentUrl\":\"https:\/\/portaltela.pt\/s.01k8rhncp4jt1\/2025\/11\/talking-bot-125x125.png\",\"caption\":\"Telinha\"},\"sameAs\":[\"https:\/\/portaltela.pt\/\"],\"url\":\"https:\/\/portaltela.pt\/por\/367410592786\/\"}]}<\/script>\n<!-- \/ Yoast SEO plugin. -->","yoast_head_json":{"title":"UE prop\u00f5e modelo similar ao do Mar Negro para desbloquear Estreito de Ormuz - Portal Tela Portugal","robots":{"index":"index","follow":"follow","max-snippet":"max-snippet:-1","max-image-preview":"max-image-preview:large","max-video-preview":"max-video-preview:-1"},"og_locale":"pt_PT","og_type":"article","og_title":"UE prop\u00f5e modelo similar ao do Mar Negro para desbloquear Estreito de Ormuz - Portal Tela Portugal","og_description":"A Uni\u00e3o Europeia pediu a ado\u00e7\u00e3o de um modelo semelhante ao acordo do transporte de cereais no Mar Negro para desbloquear o Estreito de Ormuz, disse o representante da UE \u00e0 Euronews em Doha. Di Maio afirmou que, ap\u00f3s o acordo russo-ucraniano para corredores humanit\u00e1rios no Mar Negro, deve haver uma solu\u00e7\u00e3o diplom\u00e1tica semelhante para garantir a liberdade de navega\u00e7\u00e3o no Estreito de Ormuz, com contacto da UE junto da ONU. O objetivo \u00e9 uma solu\u00e7\u00e3o diplom\u00e1tica que envolva coopera\u00e7\u00e3o com o Conselho de Coopera\u00e7\u00e3o do Golfo e com parceiros internacionais, incluindo a ONU, para mitigar a crise que afeta fornecimentos de bens essenciais al\u00e9m de petr\u00f3leo e g\u00e1s. A UE refor\u00e7a o apoio \u00e0 autodefesa do Golfo e mant\u00e9m coopera\u00e7\u00e3o com Ucr\u00e2nia no dom\u00ednio de defesa, incluindo combate a drones iranianos, em linha com a parceria estrat\u00e9gica entre a UE e o Golfo. Di Maio visitou v\u00e1rios pa\u00edses da regi\u00e3o (Ar\u00e1bia Saudita, Emirados \u00c1rabes Unidos, Om\u00e3 e Qatar) para discutir seguran\u00e7a, coopera\u00e7\u00e3o energ\u00e9tica de longo prazo e a promo\u00e7\u00e3o de uma solu\u00e7\u00e3o estruturada para o conflito no M\u00e9dio Oriente, com rela\u00e7\u00e3o cont\u00ednua \u00e0 Iniciativa de Islamabad.","og_url":"https:\/\/portaltela.pt\/noticias\/2026\/03\/27\/ue-propoe-modelo-similar-ao-do-mar-negro-para-desbloquear-estreito-de-ormuz\/","og_site_name":"Portal Tela Portugal","article_published_time":"2026-03-27T17:47:22+00:00","author":"Telinha","twitter_card":"summary_large_image","twitter_misc":{"Escrito por":"Telinha","Tempo estimado de leitura":"2 minutos"},"schema":{"@context":"https:\/\/schema.org","@graph":[{"@type":"Article","@id":"https:\/\/portaltela.pt\/noticias\/2026\/03\/27\/ue-propoe-modelo-similar-ao-do-mar-negro-para-desbloquear-estreito-de-ormuz\/#article","isPartOf":{"@id":"https:\/\/portaltela.pt\/noticias\/2026\/03\/27\/ue-propoe-modelo-similar-ao-do-mar-negro-para-desbloquear-estreito-de-ormuz\/"},"author":{"name":"Telinha","@id":"https:\/\/portaltela.pt\/#\/schema\/person\/c4278d4a6028830caff9ee44b42d32ed"},"headline":"UE prop\u00f5e modelo similar ao do Mar Negro para desbloquear Estreito de Ormuz","datePublished":"2026-03-27T17:47:22+00:00","mainEntityOfPage":{"@id":"https:\/\/portaltela.pt\/noticias\/2026\/03\/27\/ue-propoe-modelo-similar-ao-do-mar-negro-para-desbloquear-estreito-de-ormuz\/"},"wordCount":429,"image":{"@id":"https:\/\/portaltela.pt\/noticias\/2026\/03\/27\/ue-propoe-modelo-similar-ao-do-mar-negro-para-desbloquear-estreito-de-ormuz\/#primaryimage"},"thumbnailUrl":"https:\/\/portaltela.pt\/s.01k8rhncp4jt1\/2026\/03\/1536x864_cmsv2_7e892aa8-6f30-5802-bbdf-10765e448c64-9701456.jpg","keywords":["Ar\u00e1bia Saudita","coopera\u00e7\u00e3o internacional","diplomacia","Emirados \u00c1rabes Unidos","Qatar","Uni\u00e3o Europeia"],"articleSection":["Geopol\u00edtica","Internacional"],"inLanguage":"pt-PT"},{"@type":"WebPage","@id":"https:\/\/portaltela.pt\/noticias\/2026\/03\/27\/ue-propoe-modelo-similar-ao-do-mar-negro-para-desbloquear-estreito-de-ormuz\/","url":"https:\/\/portaltela.pt\/noticias\/2026\/03\/27\/ue-propoe-modelo-similar-ao-do-mar-negro-para-desbloquear-estreito-de-ormuz\/","name":"UE prop\u00f5e modelo similar ao do Mar Negro para desbloquear Estreito de Ormuz - Portal Tela Portugal","isPartOf":{"@id":"https:\/\/portaltela.pt\/#website"},"primaryImageOfPage":{"@id":"https:\/\/portaltela.pt\/noticias\/2026\/03\/27\/ue-propoe-modelo-similar-ao-do-mar-negro-para-desbloquear-estreito-de-ormuz\/#primaryimage"},"image":{"@id":"https:\/\/portaltela.pt\/noticias\/2026\/03\/27\/ue-propoe-modelo-similar-ao-do-mar-negro-para-desbloquear-estreito-de-ormuz\/#primaryimage"},"thumbnailUrl":"https:\/\/portaltela.pt\/s.01k8rhncp4jt1\/2026\/03\/1536x864_cmsv2_7e892aa8-6f30-5802-bbdf-10765e448c64-9701456.jpg","datePublished":"2026-03-27T17:47:22+00:00","author":{"@id":"https:\/\/portaltela.pt\/#\/schema\/person\/c4278d4a6028830caff9ee44b42d32ed"},"breadcrumb":{"@id":"https:\/\/portaltela.pt\/noticias\/2026\/03\/27\/ue-propoe-modelo-similar-ao-do-mar-negro-para-desbloquear-estreito-de-ormuz\/#breadcrumb"},"inLanguage":"pt-PT","potentialAction":[{"@type":"ReadAction","target":["https:\/\/portaltela.pt\/noticias\/2026\/03\/27\/ue-propoe-modelo-similar-ao-do-mar-negro-para-desbloquear-estreito-de-ormuz\/"]}]},{"@type":"ImageObject","inLanguage":"pt-PT","@id":"https:\/\/portaltela.pt\/noticias\/2026\/03\/27\/ue-propoe-modelo-similar-ao-do-mar-negro-para-desbloquear-estreito-de-ormuz\/#primaryimage","url":"https:\/\/portaltela.pt\/s.01k8rhncp4jt1\/2026\/03\/1536x864_cmsv2_7e892aa8-6f30-5802-bbdf-10765e448c64-9701456.jpg","contentUrl":"https:\/\/portaltela.pt\/s.01k8rhncp4jt1\/2026\/03\/1536x864_cmsv2_7e892aa8-6f30-5802-bbdf-10765e448c64-9701456.jpg","width":796,"height":448,"caption":"Luigi Di maio, enviado especial da UE para a regi\u00e3o do Golfo, numa entrevista \u00e0 Euronews em Doha, 27 de mar\u00e7o de 2026"},{"@type":"BreadcrumbList","@id":"https:\/\/portaltela.pt\/noticias\/2026\/03\/27\/ue-propoe-modelo-similar-ao-do-mar-negro-para-desbloquear-estreito-de-ormuz\/#breadcrumb","itemListElement":[{"@type":"ListItem","position":1,"name":"In\u00edcio","item":"https:\/\/portaltela.pt\/"},{"@type":"ListItem","position":2,"name":"UE prop\u00f5e modelo similar ao do Mar Negro para desbloquear Estreito de Ormuz"}]},{"@type":"WebSite","@id":"https:\/\/portaltela.pt\/#website","url":"https:\/\/portaltela.pt\/","name":"Portal Tela Portugal","description":"","potentialAction":[{"@type":"SearchAction","target":{"@type":"EntryPoint","urlTemplate":"https:\/\/portaltela.pt\/?s={search_term_string}"},"query-input":{"@type":"PropertyValueSpecification","valueRequired":true,"valueName":"search_term_string"}}],"inLanguage":"pt-PT"},{"@type":"Person","@id":"https:\/\/portaltela.pt\/#\/schema\/person\/c4278d4a6028830caff9ee44b42d32ed","name":"Telinha","image":{"@type":"ImageObject","inLanguage":"pt-PT","@id":"https:\/\/portaltela.pt\/s.01k8rhncp4jt1\/2025\/11\/talking-bot-125x125.png","url":"https:\/\/portaltela.pt\/s.01k8rhncp4jt1\/2025\/11\/talking-bot-125x125.png","contentUrl":"https:\/\/portaltela.pt\/s.01k8rhncp4jt1\/2025\/11\/talking-bot-125x125.png","caption":"Telinha"},"sameAs":["https:\/\/portaltela.pt\/"],"url":"https:\/\/portaltela.pt\/por\/367410592786\/"}]}},"_links":{"self":[{"href":"https:\/\/portaltela.pt\/api\/wp\/v2\/posts\/424114","targetHints":{"allow":["GET"]}}],"collection":[{"href":"https:\/\/portaltela.pt\/api\/wp\/v2\/posts"}],"about":[{"href":"https:\/\/portaltela.pt\/api\/wp\/v2\/types\/post"}],"author":[{"embeddable":true,"href":"https:\/\/portaltela.pt\/api\/wp\/v2\/users\/2"}],"replies":[{"embeddable":true,"href":"https:\/\/portaltela.pt\/api\/wp\/v2\/comments?post=424114"}],"version-history":[{"count":0,"href":"https:\/\/portaltela.pt\/api\/wp\/v2\/posts\/424114\/revisions"}],"wp:featuredmedia":[{"embeddable":true,"href":"https:\/\/portaltela.pt\/api\/wp\/v2\/media\/424117"}],"wp:attachment":[{"href":"https:\/\/portaltela.pt\/api\/wp\/v2\/media?parent=424114"}],"wp:term":[{"taxonomy":"category","embeddable":true,"href":"https:\/\/portaltela.pt\/api\/wp\/v2\/categories?post=424114"},{"taxonomy":"post_tag","embeddable":true,"href":"https:\/\/portaltela.pt\/api\/wp\/v2\/tags?post=424114"}],"curies":[{"name":"wp","href":"https:\/\/api.w.org\/{rel}","templated":true}]}}