{"id":424112,"date":"2026-03-27T14:45:12","date_gmt":"2026-03-27T17:45:12","guid":{"rendered":"https:\/\/portaltela.pt\/noticias\/2026\/03\/27\/namorada-de-ruben-dias-surpreendida-com-marisco-portugues\/"},"modified":"2026-03-27T14:45:12","modified_gmt":"2026-03-27T17:45:12","slug":"namorada-de-ruben-dias-surpreendida-com-marisco-portugues","status":"publish","type":"post","link":"https:\/\/portaltela.pt\/celebridades\/2026\/03\/27\/namorada-de-ruben-dias-surpreendida-com-marisco-portugues\/","title":{"rendered":"Namorada de R\u00faben Dias surpreendida com marisco portugu\u00eas"},"content":{"rendered":"<p>Maya Jama, apresentadora brit\u00e2nica, est\u00e1 de f\u00e9rias em Portugal com o namorado, o internacional portugu\u00eas R\u00faben Dias. A que v\u00e3o as f\u00e9rias foi tamb\u00e9m a ocasi\u00e3o para experimentar a gastronomia local, em especial os percebes, prato t\u00edpico da costa portuguesa.<\/p>\n<p>Durante a estadia, a jovem mostrou-se curiosa pela cozinha portuguesa e provou pela primeira vez os percebes. A rea\u00e7\u00e3o foi de surpresa, com a \u00eanfase no aspeto pouco comum do petisco e no sabor que acabou por a conquistar.<\/p>\n<p>A ideia do &#8220;batismo gastron\u00f3mico&#8221; da estrela gerou v\u00e1rias intera\u00e7\u00f5es nas redes, com f\u00e3s nacionais a brincar com a experi\u00eancia. A hist\u00f3ria ganhou relev\u00e2ncia entre seguidores do casal.<\/p>\n<h3>Rela\u00e7\u00e3o em foco<\/h3>\n<p>R\u00faben Dias e Maya Jama conheceram-se em 2024 e tornaram p\u00fablica a rela\u00e7\u00e3o em 2025, mantendo v\u00e1rias sa\u00eddas e apari\u00e7\u00f5es p\u00fablicas juntos.<\/p>\n<p>O casal j\u00e1 foi visto em Portugal na companhia de familiares de Dias, sugerindo um avan\u00e7o na seriedade da rela\u00e7\u00e3o e no alinhamento entre as duas partes.<\/p>\n","protected":false},"excerpt":{"rendered":"<ul>\n<li>A apresentadora brit\u00e2nica Maya Jama est\u00e1 de f\u00e9rias em Portugal com o namorado, o futebolista R\u00faben Dias, numa escapadinha que atraiu aten\u00e7\u00f5es pela gastronomia local.<\/li>\n<li>Maya Jama experimentou pela primeira vez percebes, um marisco tradicional portugu\u00eas, ficando surpreendida com o aspeto pouco convencional.<\/li>\n<li>\u201c\u00c9 a primeira vez que vejo isto na minha vida. Parece uma garra de dinossauro, mas sabe a mexilh\u00e3o\u201d, comentou, divertindo os seguidores.<\/li>\n<li>As redes sociais reagiram rapidamente, com f\u00e3s portugueses a brincarem com o \u201cbatismo gastron\u00f3mico\u201d da estrela.<\/li>\n<li>O casal, que se assumiu em 2025 ap\u00f3s se conhecer em 2024, tem mostrado sintonia em viagens e apari\u00e7\u00f5es p\u00fablicas com a fam\u00edlia de Dias em Portugal.<\/li>\n<\/ul>\n","protected":false},"author":2,"featured_media":424119,"comment_status":"closed","ping_status":"closed","sticky":false,"template":"","format":"standard","meta":{"footnotes":""},"categories":[6675],"tags":[6214,76,219,1014,5022,169],"class_list":["post-424112","post","type-post","status-publish","format-standard","has-post-thumbnail","hentry","category-celebridades","tag-casal","tag-celebridades","tag-gastronomia","tag-portugal","tag-portugal-continental","tag-turismo"],"yoast_head":"<!-- This site is optimized with the Yoast SEO plugin v27.2 - https:\/\/yoast.com\/product\/yoast-seo-wordpress\/ -->\n<title>Namorada de R\u00faben Dias surpreendida com marisco portugu\u00eas - Portal Tela Portugal<\/title>\n<meta name=\"robots\" content=\"index, follow, max-snippet:-1, max-image-preview:large, max-video-preview:-1\" \/>\n<meta property=\"og:locale\" content=\"pt_PT\" \/>\n<meta property=\"og:type\" content=\"article\" \/>\n<meta property=\"og:title\" content=\"Namorada de R\u00faben Dias surpreendida com marisco portugu\u00eas - Portal Tela Portugal\" \/>\n<meta property=\"og:description\" content=\"A apresentadora brit\u00e2nica Maya Jama est\u00e1 de f\u00e9rias em Portugal com o namorado, o futebolista R\u00faben Dias, numa escapadinha que atraiu aten\u00e7\u00f5es pela gastronomia local. Maya Jama experimentou pela primeira vez percebes, um marisco tradicional portugu\u00eas, ficando surpreendida com o aspeto pouco convencional. \u201c\u00c9 a primeira vez que vejo isto na minha vida. Parece uma garra de dinossauro, mas sabe a mexilh\u00e3o\u201d, comentou, divertindo os seguidores. As redes sociais reagiram rapidamente, com f\u00e3s portugueses a brincarem com o \u201cbatismo gastron\u00f3mico\u201d da estrela. O casal, que se assumiu em 2025 ap\u00f3s se conhecer em 2024, tem mostrado sintonia em viagens e apari\u00e7\u00f5es p\u00fablicas com a fam\u00edlia de Dias em Portugal.\" \/>\n<meta property=\"og:url\" content=\"https:\/\/portaltela.pt\/noticias\/2026\/03\/27\/namorada-de-ruben-dias-surpreendida-com-marisco-portugues\/\" \/>\n<meta property=\"og:site_name\" content=\"Portal Tela Portugal\" \/>\n<meta property=\"article:published_time\" content=\"2026-03-27T17:45:12+00:00\" \/>\n<meta name=\"author\" content=\"Telinha\" \/>\n<meta name=\"twitter:card\" content=\"summary_large_image\" \/>\n<meta name=\"twitter:label1\" content=\"Escrito por\" \/>\n\t<meta name=\"twitter:data1\" content=\"Telinha\" \/>\n\t<meta name=\"twitter:label2\" content=\"Tempo estimado de leitura\" \/>\n\t<meta name=\"twitter:data2\" content=\"1 minuto\" \/>\n<script type=\"application\/ld+json\" class=\"yoast-schema-graph\">{\"@context\":\"https:\/\/schema.org\",\"@graph\":[{\"@type\":\"Article\",\"@id\":\"https:\/\/portaltela.pt\/noticias\/2026\/03\/27\/namorada-de-ruben-dias-surpreendida-com-marisco-portugues\/#article\",\"isPartOf\":{\"@id\":\"https:\/\/portaltela.pt\/noticias\/2026\/03\/27\/namorada-de-ruben-dias-surpreendida-com-marisco-portugues\/\"},\"author\":{\"name\":\"Telinha\",\"@id\":\"https:\/\/portaltela.pt\/#\/schema\/person\/c4278d4a6028830caff9ee44b42d32ed\"},\"headline\":\"Namorada de R\u00faben Dias surpreendida com marisco portugu\u00eas\",\"datePublished\":\"2026-03-27T17:45:12+00:00\",\"mainEntityOfPage\":{\"@id\":\"https:\/\/portaltela.pt\/noticias\/2026\/03\/27\/namorada-de-ruben-dias-surpreendida-com-marisco-portugues\/\"},\"wordCount\":194,\"image\":{\"@id\":\"https:\/\/portaltela.pt\/noticias\/2026\/03\/27\/namorada-de-ruben-dias-surpreendida-com-marisco-portugues\/#primaryimage\"},\"thumbnailUrl\":\"https:\/\/portaltela.pt\/s.01k8rhncp4jt1\/2026\/03\/img_1280x718uu2026-01-12-09-03-18-2259564-im-639046747980488002.jpg\",\"keywords\":[\"Casal\",\"celebridades\",\"gastronomia\",\"Portugal\",\"Portugal Continental\",\"turismo\"],\"articleSection\":[\"Celebridades\"],\"inLanguage\":\"pt-PT\"},{\"@type\":\"WebPage\",\"@id\":\"https:\/\/portaltela.pt\/noticias\/2026\/03\/27\/namorada-de-ruben-dias-surpreendida-com-marisco-portugues\/\",\"url\":\"https:\/\/portaltela.pt\/noticias\/2026\/03\/27\/namorada-de-ruben-dias-surpreendida-com-marisco-portugues\/\",\"name\":\"Namorada de R\u00faben Dias surpreendida com marisco portugu\u00eas - Portal Tela Portugal\",\"isPartOf\":{\"@id\":\"https:\/\/portaltela.pt\/#website\"},\"primaryImageOfPage\":{\"@id\":\"https:\/\/portaltela.pt\/noticias\/2026\/03\/27\/namorada-de-ruben-dias-surpreendida-com-marisco-portugues\/#primaryimage\"},\"image\":{\"@id\":\"https:\/\/portaltela.pt\/noticias\/2026\/03\/27\/namorada-de-ruben-dias-surpreendida-com-marisco-portugues\/#primaryimage\"},\"thumbnailUrl\":\"https:\/\/portaltela.pt\/s.01k8rhncp4jt1\/2026\/03\/img_1280x718uu2026-01-12-09-03-18-2259564-im-639046747980488002.jpg\",\"datePublished\":\"2026-03-27T17:45:12+00:00\",\"author\":{\"@id\":\"https:\/\/portaltela.pt\/#\/schema\/person\/c4278d4a6028830caff9ee44b42d32ed\"},\"breadcrumb\":{\"@id\":\"https:\/\/portaltela.pt\/noticias\/2026\/03\/27\/namorada-de-ruben-dias-surpreendida-com-marisco-portugues\/#breadcrumb\"},\"inLanguage\":\"pt-PT\",\"potentialAction\":[{\"@type\":\"ReadAction\",\"target\":[\"https:\/\/portaltela.pt\/noticias\/2026\/03\/27\/namorada-de-ruben-dias-surpreendida-com-marisco-portugues\/\"]}]},{\"@type\":\"ImageObject\",\"inLanguage\":\"pt-PT\",\"@id\":\"https:\/\/portaltela.pt\/noticias\/2026\/03\/27\/namorada-de-ruben-dias-surpreendida-com-marisco-portugues\/#primaryimage\",\"url\":\"https:\/\/portaltela.pt\/s.01k8rhncp4jt1\/2026\/03\/img_1280x718uu2026-01-12-09-03-18-2259564-im-639046747980488002.jpg\",\"contentUrl\":\"https:\/\/portaltela.pt\/s.01k8rhncp4jt1\/2026\/03\/img_1280x718uu2026-01-12-09-03-18-2259564-im-639046747980488002.jpg\",\"width\":796,\"height\":448,\"caption\":\"Maya Jama\"},{\"@type\":\"BreadcrumbList\",\"@id\":\"https:\/\/portaltela.pt\/noticias\/2026\/03\/27\/namorada-de-ruben-dias-surpreendida-com-marisco-portugues\/#breadcrumb\",\"itemListElement\":[{\"@type\":\"ListItem\",\"position\":1,\"name\":\"In\u00edcio\",\"item\":\"https:\/\/portaltela.pt\/\"},{\"@type\":\"ListItem\",\"position\":2,\"name\":\"Namorada de R\u00faben Dias surpreendida com marisco portugu\u00eas\"}]},{\"@type\":\"WebSite\",\"@id\":\"https:\/\/portaltela.pt\/#website\",\"url\":\"https:\/\/portaltela.pt\/\",\"name\":\"Portal Tela Portugal\",\"description\":\"\",\"potentialAction\":[{\"@type\":\"SearchAction\",\"target\":{\"@type\":\"EntryPoint\",\"urlTemplate\":\"https:\/\/portaltela.pt\/?s={search_term_string}\"},\"query-input\":{\"@type\":\"PropertyValueSpecification\",\"valueRequired\":true,\"valueName\":\"search_term_string\"}}],\"inLanguage\":\"pt-PT\"},{\"@type\":\"Person\",\"@id\":\"https:\/\/portaltela.pt\/#\/schema\/person\/c4278d4a6028830caff9ee44b42d32ed\",\"name\":\"Telinha\",\"image\":{\"@type\":\"ImageObject\",\"inLanguage\":\"pt-PT\",\"@id\":\"https:\/\/portaltela.pt\/s.01k8rhncp4jt1\/2025\/11\/talking-bot-125x125.png\",\"url\":\"https:\/\/portaltela.pt\/s.01k8rhncp4jt1\/2025\/11\/talking-bot-125x125.png\",\"contentUrl\":\"https:\/\/portaltela.pt\/s.01k8rhncp4jt1\/2025\/11\/talking-bot-125x125.png\",\"caption\":\"Telinha\"},\"sameAs\":[\"https:\/\/portaltela.pt\/\"],\"url\":\"https:\/\/portaltela.pt\/por\/367410592786\/\"}]}<\/script>\n<!-- \/ Yoast SEO plugin. -->","yoast_head_json":{"title":"Namorada de R\u00faben Dias surpreendida com marisco portugu\u00eas - Portal Tela Portugal","robots":{"index":"index","follow":"follow","max-snippet":"max-snippet:-1","max-image-preview":"max-image-preview:large","max-video-preview":"max-video-preview:-1"},"og_locale":"pt_PT","og_type":"article","og_title":"Namorada de R\u00faben Dias surpreendida com marisco portugu\u00eas - Portal Tela Portugal","og_description":"A apresentadora brit\u00e2nica Maya Jama est\u00e1 de f\u00e9rias em Portugal com o namorado, o futebolista R\u00faben Dias, numa escapadinha que atraiu aten\u00e7\u00f5es pela gastronomia local. Maya Jama experimentou pela primeira vez percebes, um marisco tradicional portugu\u00eas, ficando surpreendida com o aspeto pouco convencional. \u201c\u00c9 a primeira vez que vejo isto na minha vida. Parece uma garra de dinossauro, mas sabe a mexilh\u00e3o\u201d, comentou, divertindo os seguidores. As redes sociais reagiram rapidamente, com f\u00e3s portugueses a brincarem com o \u201cbatismo gastron\u00f3mico\u201d da estrela. O casal, que se assumiu em 2025 ap\u00f3s se conhecer em 2024, tem mostrado sintonia em viagens e apari\u00e7\u00f5es p\u00fablicas com a fam\u00edlia de Dias em Portugal.","og_url":"https:\/\/portaltela.pt\/noticias\/2026\/03\/27\/namorada-de-ruben-dias-surpreendida-com-marisco-portugues\/","og_site_name":"Portal Tela Portugal","article_published_time":"2026-03-27T17:45:12+00:00","author":"Telinha","twitter_card":"summary_large_image","twitter_misc":{"Escrito por":"Telinha","Tempo estimado de leitura":"1 minuto"},"schema":{"@context":"https:\/\/schema.org","@graph":[{"@type":"Article","@id":"https:\/\/portaltela.pt\/noticias\/2026\/03\/27\/namorada-de-ruben-dias-surpreendida-com-marisco-portugues\/#article","isPartOf":{"@id":"https:\/\/portaltela.pt\/noticias\/2026\/03\/27\/namorada-de-ruben-dias-surpreendida-com-marisco-portugues\/"},"author":{"name":"Telinha","@id":"https:\/\/portaltela.pt\/#\/schema\/person\/c4278d4a6028830caff9ee44b42d32ed"},"headline":"Namorada de R\u00faben Dias surpreendida com marisco portugu\u00eas","datePublished":"2026-03-27T17:45:12+00:00","mainEntityOfPage":{"@id":"https:\/\/portaltela.pt\/noticias\/2026\/03\/27\/namorada-de-ruben-dias-surpreendida-com-marisco-portugues\/"},"wordCount":194,"image":{"@id":"https:\/\/portaltela.pt\/noticias\/2026\/03\/27\/namorada-de-ruben-dias-surpreendida-com-marisco-portugues\/#primaryimage"},"thumbnailUrl":"https:\/\/portaltela.pt\/s.01k8rhncp4jt1\/2026\/03\/img_1280x718uu2026-01-12-09-03-18-2259564-im-639046747980488002.jpg","keywords":["Casal","celebridades","gastronomia","Portugal","Portugal Continental","turismo"],"articleSection":["Celebridades"],"inLanguage":"pt-PT"},{"@type":"WebPage","@id":"https:\/\/portaltela.pt\/noticias\/2026\/03\/27\/namorada-de-ruben-dias-surpreendida-com-marisco-portugues\/","url":"https:\/\/portaltela.pt\/noticias\/2026\/03\/27\/namorada-de-ruben-dias-surpreendida-com-marisco-portugues\/","name":"Namorada de R\u00faben Dias surpreendida com marisco portugu\u00eas - Portal Tela Portugal","isPartOf":{"@id":"https:\/\/portaltela.pt\/#website"},"primaryImageOfPage":{"@id":"https:\/\/portaltela.pt\/noticias\/2026\/03\/27\/namorada-de-ruben-dias-surpreendida-com-marisco-portugues\/#primaryimage"},"image":{"@id":"https:\/\/portaltela.pt\/noticias\/2026\/03\/27\/namorada-de-ruben-dias-surpreendida-com-marisco-portugues\/#primaryimage"},"thumbnailUrl":"https:\/\/portaltela.pt\/s.01k8rhncp4jt1\/2026\/03\/img_1280x718uu2026-01-12-09-03-18-2259564-im-639046747980488002.jpg","datePublished":"2026-03-27T17:45:12+00:00","author":{"@id":"https:\/\/portaltela.pt\/#\/schema\/person\/c4278d4a6028830caff9ee44b42d32ed"},"breadcrumb":{"@id":"https:\/\/portaltela.pt\/noticias\/2026\/03\/27\/namorada-de-ruben-dias-surpreendida-com-marisco-portugues\/#breadcrumb"},"inLanguage":"pt-PT","potentialAction":[{"@type":"ReadAction","target":["https:\/\/portaltela.pt\/noticias\/2026\/03\/27\/namorada-de-ruben-dias-surpreendida-com-marisco-portugues\/"]}]},{"@type":"ImageObject","inLanguage":"pt-PT","@id":"https:\/\/portaltela.pt\/noticias\/2026\/03\/27\/namorada-de-ruben-dias-surpreendida-com-marisco-portugues\/#primaryimage","url":"https:\/\/portaltela.pt\/s.01k8rhncp4jt1\/2026\/03\/img_1280x718uu2026-01-12-09-03-18-2259564-im-639046747980488002.jpg","contentUrl":"https:\/\/portaltela.pt\/s.01k8rhncp4jt1\/2026\/03\/img_1280x718uu2026-01-12-09-03-18-2259564-im-639046747980488002.jpg","width":796,"height":448,"caption":"Maya Jama"},{"@type":"BreadcrumbList","@id":"https:\/\/portaltela.pt\/noticias\/2026\/03\/27\/namorada-de-ruben-dias-surpreendida-com-marisco-portugues\/#breadcrumb","itemListElement":[{"@type":"ListItem","position":1,"name":"In\u00edcio","item":"https:\/\/portaltela.pt\/"},{"@type":"ListItem","position":2,"name":"Namorada de R\u00faben Dias surpreendida com marisco portugu\u00eas"}]},{"@type":"WebSite","@id":"https:\/\/portaltela.pt\/#website","url":"https:\/\/portaltela.pt\/","name":"Portal Tela Portugal","description":"","potentialAction":[{"@type":"SearchAction","target":{"@type":"EntryPoint","urlTemplate":"https:\/\/portaltela.pt\/?s={search_term_string}"},"query-input":{"@type":"PropertyValueSpecification","valueRequired":true,"valueName":"search_term_string"}}],"inLanguage":"pt-PT"},{"@type":"Person","@id":"https:\/\/portaltela.pt\/#\/schema\/person\/c4278d4a6028830caff9ee44b42d32ed","name":"Telinha","image":{"@type":"ImageObject","inLanguage":"pt-PT","@id":"https:\/\/portaltela.pt\/s.01k8rhncp4jt1\/2025\/11\/talking-bot-125x125.png","url":"https:\/\/portaltela.pt\/s.01k8rhncp4jt1\/2025\/11\/talking-bot-125x125.png","contentUrl":"https:\/\/portaltela.pt\/s.01k8rhncp4jt1\/2025\/11\/talking-bot-125x125.png","caption":"Telinha"},"sameAs":["https:\/\/portaltela.pt\/"],"url":"https:\/\/portaltela.pt\/por\/367410592786\/"}]}},"_links":{"self":[{"href":"https:\/\/portaltela.pt\/api\/wp\/v2\/posts\/424112","targetHints":{"allow":["GET"]}}],"collection":[{"href":"https:\/\/portaltela.pt\/api\/wp\/v2\/posts"}],"about":[{"href":"https:\/\/portaltela.pt\/api\/wp\/v2\/types\/post"}],"author":[{"embeddable":true,"href":"https:\/\/portaltela.pt\/api\/wp\/v2\/users\/2"}],"replies":[{"embeddable":true,"href":"https:\/\/portaltela.pt\/api\/wp\/v2\/comments?post=424112"}],"version-history":[{"count":0,"href":"https:\/\/portaltela.pt\/api\/wp\/v2\/posts\/424112\/revisions"}],"wp:featuredmedia":[{"embeddable":true,"href":"https:\/\/portaltela.pt\/api\/wp\/v2\/media\/424119"}],"wp:attachment":[{"href":"https:\/\/portaltela.pt\/api\/wp\/v2\/media?parent=424112"}],"wp:term":[{"taxonomy":"category","embeddable":true,"href":"https:\/\/portaltela.pt\/api\/wp\/v2\/categories?post=424112"},{"taxonomy":"post_tag","embeddable":true,"href":"https:\/\/portaltela.pt\/api\/wp\/v2\/tags?post=424112"}],"curies":[{"name":"wp","href":"https:\/\/api.w.org\/{rel}","templated":true}]}}