{"id":424105,"date":"2026-03-27T14:38:00","date_gmt":"2026-03-27T17:38:00","guid":{"rendered":"https:\/\/portaltela.pt\/noticias\/2026\/03\/27\/mais-de-3-mil-familias-reassentadas-em-zonas-de-risco-no-norte-de-mocambique\/"},"modified":"2026-03-27T14:38:00","modified_gmt":"2026-03-27T17:38:00","slug":"mais-de-3-mil-familias-reassentadas-em-zonas-de-risco-no-norte-de-mocambique","status":"publish","type":"post","link":"https:\/\/portaltela.pt\/sociedade\/2026\/03\/27\/mais-de-3-mil-familias-reassentadas-em-zonas-de-risco-no-norte-de-mocambique\/","title":{"rendered":"Mais de 3 mil fam\u00edlias reassentadas em zonas de risco no norte de Mo\u00e7ambique"},"content":{"rendered":"<p>As autoridades mo\u00e7ambicanas anunciaram hoje ter identificado o local para o reassentamento de pelo menos 3.000 fam\u00edlias que vivem em zonas de alto risco de desastres naturais na prov\u00edncia de Cabo Delgado, no norte do pa\u00eds. A medida visa reduzir a exposi\u00e7\u00e3o destas comunidades a eventos como inunda\u00e7\u00f5es, deslizamentos e tempestades.<\/p>\n<p>Segundo o an\u00fancio, o objetivo \u00e9 transferir as fam\u00edlias para \u00e1reas mais seguras, com condi\u00e7\u00f5es que permitam um habitar mais est\u00e1vel e a longo prazo. As autoridades destacam que o foco est\u00e1 na prote\u00e7\u00e3o das comunidades mais vulner\u00e1veis, sem detalhar o cronograma das opera\u00e7\u00f5es.<\/p>\n<p>Os respons\u00e1veis n\u00e3o forneceram, de momento, um calend\u00e1rio espec\u00edfico para o reassentamento nem informa\u00e7\u00f5es sobre o financiamento ou a infraestrutura a ser constru\u00edda nas novas localiza\u00e7\u00f5es. A divulga\u00e7\u00e3o foi feita pelas entidades competentes no \u00e2mbito de medidas de redu\u00e7\u00e3o de risco de desastres.<\/p>\n","protected":false},"excerpt":{"rendered":"<ul>\n<li>Autoridades mo\u00e7ambicanas identificaram o local para o reassentamento de pelo menos tr\u00eas mil fam\u00edlias situadas em zonas de alto risco na prov\u00edncia de Cabo Delgado.<\/li>\n<li>As comunidades em risco ser\u00e3o transferidas para \u00e1reas mais seguras para reduzir a vulnerabilidade a desastres naturais.<\/li>\n<li>A informa\u00e7\u00e3o foi anunciada hoje pelas autoridades competentes.<\/li>\n<li>O an\u00fancio n\u00e3o especifica qual \u00e9 o local exato de reassentamento.<\/li>\n<li>O objetivo \u00e9 estabilizar as fam\u00edlias afetadas e fortalecer a resili\u00eancia da regi\u00e3o norte de Mo\u00e7ambique.<\/li>\n<\/ul>\n","protected":false},"author":2,"featured_media":424106,"comment_status":"closed","ping_status":"closed","sticky":false,"template":"","format":"standard","meta":{"footnotes":""},"categories":[6725,6871],"tags":[2049,5215,6063,150,1911,320],"class_list":["post-424105","post","type-post","status-publish","format-standard","has-post-thumbnail","hentry","category-meio-ambiente","category-sociedade","tag-cabo-delgado","tag-catastrofes-naturais","tag-desastres","tag-habitacao","tag-mocambique","tag-protecao-civil"],"yoast_head":"<!-- This site is optimized with the Yoast SEO plugin v27.2 - https:\/\/yoast.com\/product\/yoast-seo-wordpress\/ -->\n<title>Mais de 3 mil fam\u00edlias reassentadas em zonas de risco no norte de Mo\u00e7ambique - Portal Tela Portugal<\/title>\n<meta name=\"robots\" content=\"index, follow, max-snippet:-1, max-image-preview:large, max-video-preview:-1\" \/>\n<meta property=\"og:locale\" content=\"pt_PT\" \/>\n<meta property=\"og:type\" content=\"article\" \/>\n<meta property=\"og:title\" content=\"Mais de 3 mil fam\u00edlias reassentadas em zonas de risco no norte de Mo\u00e7ambique - Portal Tela Portugal\" \/>\n<meta property=\"og:description\" content=\"Autoridades mo\u00e7ambicanas identificaram o local para o reassentamento de pelo menos tr\u00eas mil fam\u00edlias situadas em zonas de alto risco na prov\u00edncia de Cabo Delgado. As comunidades em risco ser\u00e3o transferidas para \u00e1reas mais seguras para reduzir a vulnerabilidade a desastres naturais. A informa\u00e7\u00e3o foi anunciada hoje pelas autoridades competentes. O an\u00fancio n\u00e3o especifica qual \u00e9 o local exato de reassentamento. O objetivo \u00e9 estabilizar as fam\u00edlias afetadas e fortalecer a resili\u00eancia da regi\u00e3o norte de Mo\u00e7ambique.\" \/>\n<meta property=\"og:url\" content=\"https:\/\/portaltela.pt\/noticias\/2026\/03\/27\/mais-de-3-mil-familias-reassentadas-em-zonas-de-risco-no-norte-de-mocambique\/\" \/>\n<meta property=\"og:site_name\" content=\"Portal Tela Portugal\" \/>\n<meta property=\"article:published_time\" content=\"2026-03-27T17:38:00+00:00\" \/>\n<meta name=\"author\" content=\"Telinha\" \/>\n<meta name=\"twitter:card\" content=\"summary_large_image\" \/>\n<meta name=\"twitter:label1\" content=\"Escrito por\" \/>\n\t<meta name=\"twitter:data1\" content=\"Telinha\" \/>\n\t<meta name=\"twitter:label2\" content=\"Tempo estimado de leitura\" \/>\n\t<meta name=\"twitter:data2\" content=\"1 minuto\" \/>\n<script type=\"application\/ld+json\" class=\"yoast-schema-graph\">{\"@context\":\"https:\/\/schema.org\",\"@graph\":[{\"@type\":\"Article\",\"@id\":\"https:\/\/portaltela.pt\/noticias\/2026\/03\/27\/mais-de-3-mil-familias-reassentadas-em-zonas-de-risco-no-norte-de-mocambique\/#article\",\"isPartOf\":{\"@id\":\"https:\/\/portaltela.pt\/noticias\/2026\/03\/27\/mais-de-3-mil-familias-reassentadas-em-zonas-de-risco-no-norte-de-mocambique\/\"},\"author\":{\"name\":\"Telinha\",\"@id\":\"https:\/\/portaltela.pt\/#\/schema\/person\/c4278d4a6028830caff9ee44b42d32ed\"},\"headline\":\"Mais de 3 mil fam\u00edlias reassentadas em zonas de risco no norte de Mo\u00e7ambique\",\"datePublished\":\"2026-03-27T17:38:00+00:00\",\"mainEntityOfPage\":{\"@id\":\"https:\/\/portaltela.pt\/noticias\/2026\/03\/27\/mais-de-3-mil-familias-reassentadas-em-zonas-de-risco-no-norte-de-mocambique\/\"},\"wordCount\":173,\"image\":{\"@id\":\"https:\/\/portaltela.pt\/noticias\/2026\/03\/27\/mais-de-3-mil-familias-reassentadas-em-zonas-de-risco-no-norte-de-mocambique\/#primaryimage\"},\"thumbnailUrl\":\"https:\/\/portaltela.pt\/s.01k8rhncp4jt1\/2026\/03\/CACHE_780X1200_ANALOG_WATERMARKED_45452521_3679238_08082025102416.jpg\",\"keywords\":[\"Cabo Delgado\",\"cat\u00e1strofes naturais\",\"desastres\",\"habita\u00e7\u00e3o\",\"Mo\u00e7ambique\",\"prote\u00e7\u00e3o civil\"],\"articleSection\":[\"Meio Ambiente\",\"Sociedade\"],\"inLanguage\":\"pt-PT\"},{\"@type\":\"WebPage\",\"@id\":\"https:\/\/portaltela.pt\/noticias\/2026\/03\/27\/mais-de-3-mil-familias-reassentadas-em-zonas-de-risco-no-norte-de-mocambique\/\",\"url\":\"https:\/\/portaltela.pt\/noticias\/2026\/03\/27\/mais-de-3-mil-familias-reassentadas-em-zonas-de-risco-no-norte-de-mocambique\/\",\"name\":\"Mais de 3 mil fam\u00edlias reassentadas em zonas de risco no norte de Mo\u00e7ambique - Portal Tela Portugal\",\"isPartOf\":{\"@id\":\"https:\/\/portaltela.pt\/#website\"},\"primaryImageOfPage\":{\"@id\":\"https:\/\/portaltela.pt\/noticias\/2026\/03\/27\/mais-de-3-mil-familias-reassentadas-em-zonas-de-risco-no-norte-de-mocambique\/#primaryimage\"},\"image\":{\"@id\":\"https:\/\/portaltela.pt\/noticias\/2026\/03\/27\/mais-de-3-mil-familias-reassentadas-em-zonas-de-risco-no-norte-de-mocambique\/#primaryimage\"},\"thumbnailUrl\":\"https:\/\/portaltela.pt\/s.01k8rhncp4jt1\/2026\/03\/CACHE_780X1200_ANALOG_WATERMARKED_45452521_3679238_08082025102416.jpg\",\"datePublished\":\"2026-03-27T17:38:00+00:00\",\"author\":{\"@id\":\"https:\/\/portaltela.pt\/#\/schema\/person\/c4278d4a6028830caff9ee44b42d32ed\"},\"breadcrumb\":{\"@id\":\"https:\/\/portaltela.pt\/noticias\/2026\/03\/27\/mais-de-3-mil-familias-reassentadas-em-zonas-de-risco-no-norte-de-mocambique\/#breadcrumb\"},\"inLanguage\":\"pt-PT\",\"potentialAction\":[{\"@type\":\"ReadAction\",\"target\":[\"https:\/\/portaltela.pt\/noticias\/2026\/03\/27\/mais-de-3-mil-familias-reassentadas-em-zonas-de-risco-no-norte-de-mocambique\/\"]}]},{\"@type\":\"ImageObject\",\"inLanguage\":\"pt-PT\",\"@id\":\"https:\/\/portaltela.pt\/noticias\/2026\/03\/27\/mais-de-3-mil-familias-reassentadas-em-zonas-de-risco-no-norte-de-mocambique\/#primaryimage\",\"url\":\"https:\/\/portaltela.pt\/s.01k8rhncp4jt1\/2026\/03\/CACHE_780X1200_ANALOG_WATERMARKED_45452521_3679238_08082025102416.jpg\",\"contentUrl\":\"https:\/\/portaltela.pt\/s.01k8rhncp4jt1\/2026\/03\/CACHE_780X1200_ANALOG_WATERMARKED_45452521_3679238_08082025102416.jpg\",\"width\":768,\"height\":512,\"caption\":\"Pelo menos tr\u00eas mil fam\u00edlias em zonas de risco reassentadas no norte de Mo\u00e7ambique\"},{\"@type\":\"BreadcrumbList\",\"@id\":\"https:\/\/portaltela.pt\/noticias\/2026\/03\/27\/mais-de-3-mil-familias-reassentadas-em-zonas-de-risco-no-norte-de-mocambique\/#breadcrumb\",\"itemListElement\":[{\"@type\":\"ListItem\",\"position\":1,\"name\":\"In\u00edcio\",\"item\":\"https:\/\/portaltela.pt\/\"},{\"@type\":\"ListItem\",\"position\":2,\"name\":\"Mais de 3 mil fam\u00edlias reassentadas em zonas de risco no norte de Mo\u00e7ambique\"}]},{\"@type\":\"WebSite\",\"@id\":\"https:\/\/portaltela.pt\/#website\",\"url\":\"https:\/\/portaltela.pt\/\",\"name\":\"Portal Tela Portugal\",\"description\":\"\",\"potentialAction\":[{\"@type\":\"SearchAction\",\"target\":{\"@type\":\"EntryPoint\",\"urlTemplate\":\"https:\/\/portaltela.pt\/?s={search_term_string}\"},\"query-input\":{\"@type\":\"PropertyValueSpecification\",\"valueRequired\":true,\"valueName\":\"search_term_string\"}}],\"inLanguage\":\"pt-PT\"},{\"@type\":\"Person\",\"@id\":\"https:\/\/portaltela.pt\/#\/schema\/person\/c4278d4a6028830caff9ee44b42d32ed\",\"name\":\"Telinha\",\"image\":{\"@type\":\"ImageObject\",\"inLanguage\":\"pt-PT\",\"@id\":\"https:\/\/portaltela.pt\/s.01k8rhncp4jt1\/2025\/11\/talking-bot-125x125.png\",\"url\":\"https:\/\/portaltela.pt\/s.01k8rhncp4jt1\/2025\/11\/talking-bot-125x125.png\",\"contentUrl\":\"https:\/\/portaltela.pt\/s.01k8rhncp4jt1\/2025\/11\/talking-bot-125x125.png\",\"caption\":\"Telinha\"},\"sameAs\":[\"https:\/\/portaltela.pt\/\"],\"url\":\"https:\/\/portaltela.pt\/por\/367410592786\/\"}]}<\/script>\n<!-- \/ Yoast SEO plugin. -->","yoast_head_json":{"title":"Mais de 3 mil fam\u00edlias reassentadas em zonas de risco no norte de Mo\u00e7ambique - Portal Tela Portugal","robots":{"index":"index","follow":"follow","max-snippet":"max-snippet:-1","max-image-preview":"max-image-preview:large","max-video-preview":"max-video-preview:-1"},"og_locale":"pt_PT","og_type":"article","og_title":"Mais de 3 mil fam\u00edlias reassentadas em zonas de risco no norte de Mo\u00e7ambique - Portal Tela Portugal","og_description":"Autoridades mo\u00e7ambicanas identificaram o local para o reassentamento de pelo menos tr\u00eas mil fam\u00edlias situadas em zonas de alto risco na prov\u00edncia de Cabo Delgado. As comunidades em risco ser\u00e3o transferidas para \u00e1reas mais seguras para reduzir a vulnerabilidade a desastres naturais. A informa\u00e7\u00e3o foi anunciada hoje pelas autoridades competentes. O an\u00fancio n\u00e3o especifica qual \u00e9 o local exato de reassentamento. O objetivo \u00e9 estabilizar as fam\u00edlias afetadas e fortalecer a resili\u00eancia da regi\u00e3o norte de Mo\u00e7ambique.","og_url":"https:\/\/portaltela.pt\/noticias\/2026\/03\/27\/mais-de-3-mil-familias-reassentadas-em-zonas-de-risco-no-norte-de-mocambique\/","og_site_name":"Portal Tela Portugal","article_published_time":"2026-03-27T17:38:00+00:00","author":"Telinha","twitter_card":"summary_large_image","twitter_misc":{"Escrito por":"Telinha","Tempo estimado de leitura":"1 minuto"},"schema":{"@context":"https:\/\/schema.org","@graph":[{"@type":"Article","@id":"https:\/\/portaltela.pt\/noticias\/2026\/03\/27\/mais-de-3-mil-familias-reassentadas-em-zonas-de-risco-no-norte-de-mocambique\/#article","isPartOf":{"@id":"https:\/\/portaltela.pt\/noticias\/2026\/03\/27\/mais-de-3-mil-familias-reassentadas-em-zonas-de-risco-no-norte-de-mocambique\/"},"author":{"name":"Telinha","@id":"https:\/\/portaltela.pt\/#\/schema\/person\/c4278d4a6028830caff9ee44b42d32ed"},"headline":"Mais de 3 mil fam\u00edlias reassentadas em zonas de risco no norte de Mo\u00e7ambique","datePublished":"2026-03-27T17:38:00+00:00","mainEntityOfPage":{"@id":"https:\/\/portaltela.pt\/noticias\/2026\/03\/27\/mais-de-3-mil-familias-reassentadas-em-zonas-de-risco-no-norte-de-mocambique\/"},"wordCount":173,"image":{"@id":"https:\/\/portaltela.pt\/noticias\/2026\/03\/27\/mais-de-3-mil-familias-reassentadas-em-zonas-de-risco-no-norte-de-mocambique\/#primaryimage"},"thumbnailUrl":"https:\/\/portaltela.pt\/s.01k8rhncp4jt1\/2026\/03\/CACHE_780X1200_ANALOG_WATERMARKED_45452521_3679238_08082025102416.jpg","keywords":["Cabo Delgado","cat\u00e1strofes naturais","desastres","habita\u00e7\u00e3o","Mo\u00e7ambique","prote\u00e7\u00e3o civil"],"articleSection":["Meio Ambiente","Sociedade"],"inLanguage":"pt-PT"},{"@type":"WebPage","@id":"https:\/\/portaltela.pt\/noticias\/2026\/03\/27\/mais-de-3-mil-familias-reassentadas-em-zonas-de-risco-no-norte-de-mocambique\/","url":"https:\/\/portaltela.pt\/noticias\/2026\/03\/27\/mais-de-3-mil-familias-reassentadas-em-zonas-de-risco-no-norte-de-mocambique\/","name":"Mais de 3 mil fam\u00edlias reassentadas em zonas de risco no norte de Mo\u00e7ambique - Portal Tela Portugal","isPartOf":{"@id":"https:\/\/portaltela.pt\/#website"},"primaryImageOfPage":{"@id":"https:\/\/portaltela.pt\/noticias\/2026\/03\/27\/mais-de-3-mil-familias-reassentadas-em-zonas-de-risco-no-norte-de-mocambique\/#primaryimage"},"image":{"@id":"https:\/\/portaltela.pt\/noticias\/2026\/03\/27\/mais-de-3-mil-familias-reassentadas-em-zonas-de-risco-no-norte-de-mocambique\/#primaryimage"},"thumbnailUrl":"https:\/\/portaltela.pt\/s.01k8rhncp4jt1\/2026\/03\/CACHE_780X1200_ANALOG_WATERMARKED_45452521_3679238_08082025102416.jpg","datePublished":"2026-03-27T17:38:00+00:00","author":{"@id":"https:\/\/portaltela.pt\/#\/schema\/person\/c4278d4a6028830caff9ee44b42d32ed"},"breadcrumb":{"@id":"https:\/\/portaltela.pt\/noticias\/2026\/03\/27\/mais-de-3-mil-familias-reassentadas-em-zonas-de-risco-no-norte-de-mocambique\/#breadcrumb"},"inLanguage":"pt-PT","potentialAction":[{"@type":"ReadAction","target":["https:\/\/portaltela.pt\/noticias\/2026\/03\/27\/mais-de-3-mil-familias-reassentadas-em-zonas-de-risco-no-norte-de-mocambique\/"]}]},{"@type":"ImageObject","inLanguage":"pt-PT","@id":"https:\/\/portaltela.pt\/noticias\/2026\/03\/27\/mais-de-3-mil-familias-reassentadas-em-zonas-de-risco-no-norte-de-mocambique\/#primaryimage","url":"https:\/\/portaltela.pt\/s.01k8rhncp4jt1\/2026\/03\/CACHE_780X1200_ANALOG_WATERMARKED_45452521_3679238_08082025102416.jpg","contentUrl":"https:\/\/portaltela.pt\/s.01k8rhncp4jt1\/2026\/03\/CACHE_780X1200_ANALOG_WATERMARKED_45452521_3679238_08082025102416.jpg","width":768,"height":512,"caption":"Pelo menos tr\u00eas mil fam\u00edlias em zonas de risco reassentadas no norte de Mo\u00e7ambique"},{"@type":"BreadcrumbList","@id":"https:\/\/portaltela.pt\/noticias\/2026\/03\/27\/mais-de-3-mil-familias-reassentadas-em-zonas-de-risco-no-norte-de-mocambique\/#breadcrumb","itemListElement":[{"@type":"ListItem","position":1,"name":"In\u00edcio","item":"https:\/\/portaltela.pt\/"},{"@type":"ListItem","position":2,"name":"Mais de 3 mil fam\u00edlias reassentadas em zonas de risco no norte de Mo\u00e7ambique"}]},{"@type":"WebSite","@id":"https:\/\/portaltela.pt\/#website","url":"https:\/\/portaltela.pt\/","name":"Portal Tela Portugal","description":"","potentialAction":[{"@type":"SearchAction","target":{"@type":"EntryPoint","urlTemplate":"https:\/\/portaltela.pt\/?s={search_term_string}"},"query-input":{"@type":"PropertyValueSpecification","valueRequired":true,"valueName":"search_term_string"}}],"inLanguage":"pt-PT"},{"@type":"Person","@id":"https:\/\/portaltela.pt\/#\/schema\/person\/c4278d4a6028830caff9ee44b42d32ed","name":"Telinha","image":{"@type":"ImageObject","inLanguage":"pt-PT","@id":"https:\/\/portaltela.pt\/s.01k8rhncp4jt1\/2025\/11\/talking-bot-125x125.png","url":"https:\/\/portaltela.pt\/s.01k8rhncp4jt1\/2025\/11\/talking-bot-125x125.png","contentUrl":"https:\/\/portaltela.pt\/s.01k8rhncp4jt1\/2025\/11\/talking-bot-125x125.png","caption":"Telinha"},"sameAs":["https:\/\/portaltela.pt\/"],"url":"https:\/\/portaltela.pt\/por\/367410592786\/"}]}},"_links":{"self":[{"href":"https:\/\/portaltela.pt\/api\/wp\/v2\/posts\/424105","targetHints":{"allow":["GET"]}}],"collection":[{"href":"https:\/\/portaltela.pt\/api\/wp\/v2\/posts"}],"about":[{"href":"https:\/\/portaltela.pt\/api\/wp\/v2\/types\/post"}],"author":[{"embeddable":true,"href":"https:\/\/portaltela.pt\/api\/wp\/v2\/users\/2"}],"replies":[{"embeddable":true,"href":"https:\/\/portaltela.pt\/api\/wp\/v2\/comments?post=424105"}],"version-history":[{"count":0,"href":"https:\/\/portaltela.pt\/api\/wp\/v2\/posts\/424105\/revisions"}],"wp:featuredmedia":[{"embeddable":true,"href":"https:\/\/portaltela.pt\/api\/wp\/v2\/media\/424106"}],"wp:attachment":[{"href":"https:\/\/portaltela.pt\/api\/wp\/v2\/media?parent=424105"}],"wp:term":[{"taxonomy":"category","embeddable":true,"href":"https:\/\/portaltela.pt\/api\/wp\/v2\/categories?post=424105"},{"taxonomy":"post_tag","embeddable":true,"href":"https:\/\/portaltela.pt\/api\/wp\/v2\/tags?post=424105"}],"curies":[{"name":"wp","href":"https:\/\/api.w.org\/{rel}","templated":true}]}}