{"id":424098,"date":"2026-03-27T14:15:31","date_gmt":"2026-03-27T17:15:31","guid":{"rendered":"https:\/\/portaltela.pt\/noticias\/2026\/03\/27\/condenados-por-violencia-domestica-em-coimbra\/"},"modified":"2026-03-27T14:15:31","modified_gmt":"2026-03-27T17:15:31","slug":"condenados-por-violencia-domestica-em-coimbra","status":"publish","type":"post","link":"https:\/\/portaltela.pt\/justica\/2026\/03\/27\/condenados-por-violencia-domestica-em-coimbra\/","title":{"rendered":"Condenados por viol\u00eancia dom\u00e9stica em Coimbra"},"content":{"rendered":"<p>Dois homens, de 36 e 42 anos, foram condenados pelo Tribunal de Coimbra, em dois processos distintos, por viol\u00eancia dom\u00e9stica. Um deles ter\u00e1 de cumprir quatro anos de pris\u00e3o efetiva, enquanto o outro fica com cinco anos suspensos, mediante condi\u00e7\u00f5es.<\/p>\n<p>O caso mais grave ocorreu em Pampilhosa da Serra. O arguido de 36 anos j\u00e1 estava proibido de se aproximar da ex-companheira quando ocorreram os factos, o que motivou a mudan\u00e7a para pris\u00e3o preventiva. No ac\u00f3rd\u00e3o, a ju\u00edza considerou comprovadas as acusa\u00e7\u00f5es.<\/p>\n<p>O arguido de 36 enviou dezenas de mensagens com insultos, for\u00e7ou a entrada na casa e perseguiu a v\u00edtima de carro, sendo intercetado pela GNR. Foi condenado pela pr\u00e1tica de viol\u00eancia dom\u00e9stica, viola\u00e7\u00e3o na forma tentada, condu\u00e7\u00e3o em estado de embriaguez e viola\u00e7\u00e3o de domic\u00edlio, ocorrendo algumas agress\u00f5es na presen\u00e7a dos filhos menores.<\/p>\n<p>O segundo arguido, engenheiro residente em Coimbra, recebeu pena suspensa desde que n\u00e3o contacte a v\u00edtima. Ele exercia controlo sobre a vida da ex-companheira e tamb\u00e9m a insultava. Agress\u00f5es ocorreram pela primeira vez quando ela estava gr\u00e1vida; o casal separou-se, reatou o relacionamento e, j\u00e1 separados, houve nova agress\u00e3o com m\u00faltiplas les\u00f5es. Foi condenado por viol\u00eancia dom\u00e9stica e viola\u00e7\u00e3o na forma agravada.<\/p>\n","protected":false},"excerpt":{"rendered":"<ul>\n<li>Dois homens, de 36 e 42 anos, foram condenados pelo Tribunal de Coimbra em dois processos distintos por viol\u00eancia dom\u00e9stica.<\/li>\n<li>O caso mais grave ocorreu em Pampilhosa da Serra, onde o homem de 36 anos, j\u00e1 proibido de se aproximar da ex-companheira, recebeu quatro anos de pris\u00e3o efetiva.<\/li>\n<li>Na leitura do ac\u00f3rd\u00e3o, ficou provada a viola\u00e7\u00e3o de coa\u00e7\u00e3o, envio de dezenas de mensagens insultuosas, entrada for\u00e7ada na resid\u00eancia e persegui\u00e7\u00e3o de carro, com algumas agress\u00f5es na presen\u00e7a dos filhos; houve intercet\u00e7\u00e3o pela GNR.<\/li>\n<li>O segundo arguido, engenheiro residente em Coimbra, ficou com a pena suspensa por cinco anos, desde que n\u00e3o contacte a v\u00edtima, condenado por viol\u00eancia dom\u00e9stica e viola\u00e7\u00e3o na forma agravada.<\/li>\n<li>Este caso envolveu controlo da vida da ex-companheira, insultos e agress\u00f5es, ocorridas ap\u00f3s o casal se separar e, depois de reatado o relacionamento, novo epis\u00f3dio violento durante a separa\u00e7\u00e3o.<\/li>\n<\/ul>\n","protected":false},"author":2,"featured_media":424100,"comment_status":"closed","ping_status":"closed","sticky":false,"template":"","format":"standard","meta":{"footnotes":""},"categories":[6907,6815],"tags":[1070,6543,147,2649,7577,214],"class_list":["post-424098","post","type-post","status-publish","format-standard","has-post-thumbnail","hentry","category-crime","category-justica","tag-coimbra","tag-condenacao","tag-crime","tag-violacao-de-domicilio","tag-violacao-na-forma-agravada","tag-violencia-domestica"],"yoast_head":"<!-- This site is optimized with the Yoast SEO plugin v27.2 - https:\/\/yoast.com\/product\/yoast-seo-wordpress\/ -->\n<title>Condenados por viol\u00eancia dom\u00e9stica em Coimbra - Portal Tela Portugal<\/title>\n<meta name=\"robots\" content=\"index, follow, max-snippet:-1, max-image-preview:large, max-video-preview:-1\" \/>\n<meta property=\"og:locale\" content=\"pt_PT\" \/>\n<meta property=\"og:type\" content=\"article\" \/>\n<meta property=\"og:title\" content=\"Condenados por viol\u00eancia dom\u00e9stica em Coimbra - Portal Tela Portugal\" \/>\n<meta property=\"og:description\" content=\"Dois homens, de 36 e 42 anos, foram condenados pelo Tribunal de Coimbra em dois processos distintos por viol\u00eancia dom\u00e9stica. O caso mais grave ocorreu em Pampilhosa da Serra, onde o homem de 36 anos, j\u00e1 proibido de se aproximar da ex-companheira, recebeu quatro anos de pris\u00e3o efetiva. Na leitura do ac\u00f3rd\u00e3o, ficou provada a viola\u00e7\u00e3o de coa\u00e7\u00e3o, envio de dezenas de mensagens insultuosas, entrada for\u00e7ada na resid\u00eancia e persegui\u00e7\u00e3o de carro, com algumas agress\u00f5es na presen\u00e7a dos filhos; houve intercet\u00e7\u00e3o pela GNR. O segundo arguido, engenheiro residente em Coimbra, ficou com a pena suspensa por cinco anos, desde que n\u00e3o contacte a v\u00edtima, condenado por viol\u00eancia dom\u00e9stica e viola\u00e7\u00e3o na forma agravada. Este caso envolveu controlo da vida da ex-companheira, insultos e agress\u00f5es, ocorridas ap\u00f3s o casal se separar e, depois de reatado o relacionamento, novo epis\u00f3dio violento durante a separa\u00e7\u00e3o.\" \/>\n<meta property=\"og:url\" content=\"https:\/\/portaltela.pt\/noticias\/2026\/03\/27\/condenados-por-violencia-domestica-em-coimbra\/\" \/>\n<meta property=\"og:site_name\" content=\"Portal Tela Portugal\" \/>\n<meta property=\"article:published_time\" content=\"2026-03-27T17:15:31+00:00\" \/>\n<meta name=\"author\" content=\"Telinha\" \/>\n<meta name=\"twitter:card\" content=\"summary_large_image\" \/>\n<meta name=\"twitter:label1\" content=\"Escrito por\" \/>\n\t<meta name=\"twitter:data1\" content=\"Telinha\" \/>\n\t<meta name=\"twitter:label2\" content=\"Tempo estimado de leitura\" \/>\n\t<meta name=\"twitter:data2\" content=\"1 minuto\" \/>\n<script type=\"application\/ld+json\" class=\"yoast-schema-graph\">{\"@context\":\"https:\/\/schema.org\",\"@graph\":[{\"@type\":\"Article\",\"@id\":\"https:\/\/portaltela.pt\/noticias\/2026\/03\/27\/condenados-por-violencia-domestica-em-coimbra\/#article\",\"isPartOf\":{\"@id\":\"https:\/\/portaltela.pt\/noticias\/2026\/03\/27\/condenados-por-violencia-domestica-em-coimbra\/\"},\"author\":{\"name\":\"Telinha\",\"@id\":\"https:\/\/portaltela.pt\/#\/schema\/person\/c4278d4a6028830caff9ee44b42d32ed\"},\"headline\":\"Condenados por viol\u00eancia dom\u00e9stica em Coimbra\",\"datePublished\":\"2026-03-27T17:15:31+00:00\",\"mainEntityOfPage\":{\"@id\":\"https:\/\/portaltela.pt\/noticias\/2026\/03\/27\/condenados-por-violencia-domestica-em-coimbra\/\"},\"wordCount\":233,\"image\":{\"@id\":\"https:\/\/portaltela.pt\/noticias\/2026\/03\/27\/condenados-por-violencia-domestica-em-coimbra\/#primaryimage\"},\"thumbnailUrl\":\"https:\/\/portaltela.pt\/s.01k8rhncp4jt1\/2026\/03\/img_1500x1000uu2024-09-20-23-04-53-1752424.jpg\",\"keywords\":[\"Coimbra\",\"condena\u00e7\u00e3o\",\"crime\",\"viola\u00e7\u00e3o de domic\u00edlio\",\"viola\u00e7\u00e3o na forma agravada\",\"viol\u00eancia dom\u00e9stica\"],\"articleSection\":[\"Crime\",\"Justi\u00e7a\"],\"inLanguage\":\"pt-PT\"},{\"@type\":\"WebPage\",\"@id\":\"https:\/\/portaltela.pt\/noticias\/2026\/03\/27\/condenados-por-violencia-domestica-em-coimbra\/\",\"url\":\"https:\/\/portaltela.pt\/noticias\/2026\/03\/27\/condenados-por-violencia-domestica-em-coimbra\/\",\"name\":\"Condenados por viol\u00eancia dom\u00e9stica em Coimbra - Portal Tela Portugal\",\"isPartOf\":{\"@id\":\"https:\/\/portaltela.pt\/#website\"},\"primaryImageOfPage\":{\"@id\":\"https:\/\/portaltela.pt\/noticias\/2026\/03\/27\/condenados-por-violencia-domestica-em-coimbra\/#primaryimage\"},\"image\":{\"@id\":\"https:\/\/portaltela.pt\/noticias\/2026\/03\/27\/condenados-por-violencia-domestica-em-coimbra\/#primaryimage\"},\"thumbnailUrl\":\"https:\/\/portaltela.pt\/s.01k8rhncp4jt1\/2026\/03\/img_1500x1000uu2024-09-20-23-04-53-1752424.jpg\",\"datePublished\":\"2026-03-27T17:15:31+00:00\",\"author\":{\"@id\":\"https:\/\/portaltela.pt\/#\/schema\/person\/c4278d4a6028830caff9ee44b42d32ed\"},\"breadcrumb\":{\"@id\":\"https:\/\/portaltela.pt\/noticias\/2026\/03\/27\/condenados-por-violencia-domestica-em-coimbra\/#breadcrumb\"},\"inLanguage\":\"pt-PT\",\"potentialAction\":[{\"@type\":\"ReadAction\",\"target\":[\"https:\/\/portaltela.pt\/noticias\/2026\/03\/27\/condenados-por-violencia-domestica-em-coimbra\/\"]}]},{\"@type\":\"ImageObject\",\"inLanguage\":\"pt-PT\",\"@id\":\"https:\/\/portaltela.pt\/noticias\/2026\/03\/27\/condenados-por-violencia-domestica-em-coimbra\/#primaryimage\",\"url\":\"https:\/\/portaltela.pt\/s.01k8rhncp4jt1\/2026\/03\/img_1500x1000uu2024-09-20-23-04-53-1752424.jpg\",\"contentUrl\":\"https:\/\/portaltela.pt\/s.01k8rhncp4jt1\/2026\/03\/img_1500x1000uu2024-09-20-23-04-53-1752424.jpg\",\"width\":796,\"height\":448,\"caption\":\"Os dois casos foram julgados no Tribunal de Coimbra\"},{\"@type\":\"BreadcrumbList\",\"@id\":\"https:\/\/portaltela.pt\/noticias\/2026\/03\/27\/condenados-por-violencia-domestica-em-coimbra\/#breadcrumb\",\"itemListElement\":[{\"@type\":\"ListItem\",\"position\":1,\"name\":\"In\u00edcio\",\"item\":\"https:\/\/portaltela.pt\/\"},{\"@type\":\"ListItem\",\"position\":2,\"name\":\"Condenados por viol\u00eancia dom\u00e9stica em Coimbra\"}]},{\"@type\":\"WebSite\",\"@id\":\"https:\/\/portaltela.pt\/#website\",\"url\":\"https:\/\/portaltela.pt\/\",\"name\":\"Portal Tela Portugal\",\"description\":\"\",\"potentialAction\":[{\"@type\":\"SearchAction\",\"target\":{\"@type\":\"EntryPoint\",\"urlTemplate\":\"https:\/\/portaltela.pt\/?s={search_term_string}\"},\"query-input\":{\"@type\":\"PropertyValueSpecification\",\"valueRequired\":true,\"valueName\":\"search_term_string\"}}],\"inLanguage\":\"pt-PT\"},{\"@type\":\"Person\",\"@id\":\"https:\/\/portaltela.pt\/#\/schema\/person\/c4278d4a6028830caff9ee44b42d32ed\",\"name\":\"Telinha\",\"image\":{\"@type\":\"ImageObject\",\"inLanguage\":\"pt-PT\",\"@id\":\"https:\/\/portaltela.pt\/s.01k8rhncp4jt1\/2025\/11\/talking-bot-125x125.png\",\"url\":\"https:\/\/portaltela.pt\/s.01k8rhncp4jt1\/2025\/11\/talking-bot-125x125.png\",\"contentUrl\":\"https:\/\/portaltela.pt\/s.01k8rhncp4jt1\/2025\/11\/talking-bot-125x125.png\",\"caption\":\"Telinha\"},\"sameAs\":[\"https:\/\/portaltela.pt\/\"],\"url\":\"https:\/\/portaltela.pt\/por\/367410592786\/\"}]}<\/script>\n<!-- \/ Yoast SEO plugin. -->","yoast_head_json":{"title":"Condenados por viol\u00eancia dom\u00e9stica em Coimbra - Portal Tela Portugal","robots":{"index":"index","follow":"follow","max-snippet":"max-snippet:-1","max-image-preview":"max-image-preview:large","max-video-preview":"max-video-preview:-1"},"og_locale":"pt_PT","og_type":"article","og_title":"Condenados por viol\u00eancia dom\u00e9stica em Coimbra - Portal Tela Portugal","og_description":"Dois homens, de 36 e 42 anos, foram condenados pelo Tribunal de Coimbra em dois processos distintos por viol\u00eancia dom\u00e9stica. O caso mais grave ocorreu em Pampilhosa da Serra, onde o homem de 36 anos, j\u00e1 proibido de se aproximar da ex-companheira, recebeu quatro anos de pris\u00e3o efetiva. Na leitura do ac\u00f3rd\u00e3o, ficou provada a viola\u00e7\u00e3o de coa\u00e7\u00e3o, envio de dezenas de mensagens insultuosas, entrada for\u00e7ada na resid\u00eancia e persegui\u00e7\u00e3o de carro, com algumas agress\u00f5es na presen\u00e7a dos filhos; houve intercet\u00e7\u00e3o pela GNR. O segundo arguido, engenheiro residente em Coimbra, ficou com a pena suspensa por cinco anos, desde que n\u00e3o contacte a v\u00edtima, condenado por viol\u00eancia dom\u00e9stica e viola\u00e7\u00e3o na forma agravada. Este caso envolveu controlo da vida da ex-companheira, insultos e agress\u00f5es, ocorridas ap\u00f3s o casal se separar e, depois de reatado o relacionamento, novo epis\u00f3dio violento durante a separa\u00e7\u00e3o.","og_url":"https:\/\/portaltela.pt\/noticias\/2026\/03\/27\/condenados-por-violencia-domestica-em-coimbra\/","og_site_name":"Portal Tela Portugal","article_published_time":"2026-03-27T17:15:31+00:00","author":"Telinha","twitter_card":"summary_large_image","twitter_misc":{"Escrito por":"Telinha","Tempo estimado de leitura":"1 minuto"},"schema":{"@context":"https:\/\/schema.org","@graph":[{"@type":"Article","@id":"https:\/\/portaltela.pt\/noticias\/2026\/03\/27\/condenados-por-violencia-domestica-em-coimbra\/#article","isPartOf":{"@id":"https:\/\/portaltela.pt\/noticias\/2026\/03\/27\/condenados-por-violencia-domestica-em-coimbra\/"},"author":{"name":"Telinha","@id":"https:\/\/portaltela.pt\/#\/schema\/person\/c4278d4a6028830caff9ee44b42d32ed"},"headline":"Condenados por viol\u00eancia dom\u00e9stica em Coimbra","datePublished":"2026-03-27T17:15:31+00:00","mainEntityOfPage":{"@id":"https:\/\/portaltela.pt\/noticias\/2026\/03\/27\/condenados-por-violencia-domestica-em-coimbra\/"},"wordCount":233,"image":{"@id":"https:\/\/portaltela.pt\/noticias\/2026\/03\/27\/condenados-por-violencia-domestica-em-coimbra\/#primaryimage"},"thumbnailUrl":"https:\/\/portaltela.pt\/s.01k8rhncp4jt1\/2026\/03\/img_1500x1000uu2024-09-20-23-04-53-1752424.jpg","keywords":["Coimbra","condena\u00e7\u00e3o","crime","viola\u00e7\u00e3o de domic\u00edlio","viola\u00e7\u00e3o na forma agravada","viol\u00eancia dom\u00e9stica"],"articleSection":["Crime","Justi\u00e7a"],"inLanguage":"pt-PT"},{"@type":"WebPage","@id":"https:\/\/portaltela.pt\/noticias\/2026\/03\/27\/condenados-por-violencia-domestica-em-coimbra\/","url":"https:\/\/portaltela.pt\/noticias\/2026\/03\/27\/condenados-por-violencia-domestica-em-coimbra\/","name":"Condenados por viol\u00eancia dom\u00e9stica em Coimbra - Portal Tela Portugal","isPartOf":{"@id":"https:\/\/portaltela.pt\/#website"},"primaryImageOfPage":{"@id":"https:\/\/portaltela.pt\/noticias\/2026\/03\/27\/condenados-por-violencia-domestica-em-coimbra\/#primaryimage"},"image":{"@id":"https:\/\/portaltela.pt\/noticias\/2026\/03\/27\/condenados-por-violencia-domestica-em-coimbra\/#primaryimage"},"thumbnailUrl":"https:\/\/portaltela.pt\/s.01k8rhncp4jt1\/2026\/03\/img_1500x1000uu2024-09-20-23-04-53-1752424.jpg","datePublished":"2026-03-27T17:15:31+00:00","author":{"@id":"https:\/\/portaltela.pt\/#\/schema\/person\/c4278d4a6028830caff9ee44b42d32ed"},"breadcrumb":{"@id":"https:\/\/portaltela.pt\/noticias\/2026\/03\/27\/condenados-por-violencia-domestica-em-coimbra\/#breadcrumb"},"inLanguage":"pt-PT","potentialAction":[{"@type":"ReadAction","target":["https:\/\/portaltela.pt\/noticias\/2026\/03\/27\/condenados-por-violencia-domestica-em-coimbra\/"]}]},{"@type":"ImageObject","inLanguage":"pt-PT","@id":"https:\/\/portaltela.pt\/noticias\/2026\/03\/27\/condenados-por-violencia-domestica-em-coimbra\/#primaryimage","url":"https:\/\/portaltela.pt\/s.01k8rhncp4jt1\/2026\/03\/img_1500x1000uu2024-09-20-23-04-53-1752424.jpg","contentUrl":"https:\/\/portaltela.pt\/s.01k8rhncp4jt1\/2026\/03\/img_1500x1000uu2024-09-20-23-04-53-1752424.jpg","width":796,"height":448,"caption":"Os dois casos foram julgados no Tribunal de Coimbra"},{"@type":"BreadcrumbList","@id":"https:\/\/portaltela.pt\/noticias\/2026\/03\/27\/condenados-por-violencia-domestica-em-coimbra\/#breadcrumb","itemListElement":[{"@type":"ListItem","position":1,"name":"In\u00edcio","item":"https:\/\/portaltela.pt\/"},{"@type":"ListItem","position":2,"name":"Condenados por viol\u00eancia dom\u00e9stica em Coimbra"}]},{"@type":"WebSite","@id":"https:\/\/portaltela.pt\/#website","url":"https:\/\/portaltela.pt\/","name":"Portal Tela Portugal","description":"","potentialAction":[{"@type":"SearchAction","target":{"@type":"EntryPoint","urlTemplate":"https:\/\/portaltela.pt\/?s={search_term_string}"},"query-input":{"@type":"PropertyValueSpecification","valueRequired":true,"valueName":"search_term_string"}}],"inLanguage":"pt-PT"},{"@type":"Person","@id":"https:\/\/portaltela.pt\/#\/schema\/person\/c4278d4a6028830caff9ee44b42d32ed","name":"Telinha","image":{"@type":"ImageObject","inLanguage":"pt-PT","@id":"https:\/\/portaltela.pt\/s.01k8rhncp4jt1\/2025\/11\/talking-bot-125x125.png","url":"https:\/\/portaltela.pt\/s.01k8rhncp4jt1\/2025\/11\/talking-bot-125x125.png","contentUrl":"https:\/\/portaltela.pt\/s.01k8rhncp4jt1\/2025\/11\/talking-bot-125x125.png","caption":"Telinha"},"sameAs":["https:\/\/portaltela.pt\/"],"url":"https:\/\/portaltela.pt\/por\/367410592786\/"}]}},"_links":{"self":[{"href":"https:\/\/portaltela.pt\/api\/wp\/v2\/posts\/424098","targetHints":{"allow":["GET"]}}],"collection":[{"href":"https:\/\/portaltela.pt\/api\/wp\/v2\/posts"}],"about":[{"href":"https:\/\/portaltela.pt\/api\/wp\/v2\/types\/post"}],"author":[{"embeddable":true,"href":"https:\/\/portaltela.pt\/api\/wp\/v2\/users\/2"}],"replies":[{"embeddable":true,"href":"https:\/\/portaltela.pt\/api\/wp\/v2\/comments?post=424098"}],"version-history":[{"count":0,"href":"https:\/\/portaltela.pt\/api\/wp\/v2\/posts\/424098\/revisions"}],"wp:featuredmedia":[{"embeddable":true,"href":"https:\/\/portaltela.pt\/api\/wp\/v2\/media\/424100"}],"wp:attachment":[{"href":"https:\/\/portaltela.pt\/api\/wp\/v2\/media?parent=424098"}],"wp:term":[{"taxonomy":"category","embeddable":true,"href":"https:\/\/portaltela.pt\/api\/wp\/v2\/categories?post=424098"},{"taxonomy":"post_tag","embeddable":true,"href":"https:\/\/portaltela.pt\/api\/wp\/v2\/tags?post=424098"}],"curies":[{"name":"wp","href":"https:\/\/api.w.org\/{rel}","templated":true}]}}