{"id":424087,"date":"2026-03-27T10:42:00","date_gmt":"2026-03-27T13:42:00","guid":{"rendered":"https:\/\/portaltela.pt\/noticias\/2026\/03\/27\/herdeiro-pode-desbloquear-herancas-indivisas-de-imoveis-apos-dois-anos\/"},"modified":"2026-03-27T10:42:00","modified_gmt":"2026-03-27T13:42:00","slug":"herdeiro-pode-desbloquear-herancas-indivisas-de-imoveis-apos-dois-anos","status":"publish","type":"post","link":"https:\/\/portaltela.pt\/justica\/2026\/03\/27\/herdeiro-pode-desbloquear-herancas-indivisas-de-imoveis-apos-dois-anos\/","title":{"rendered":"Herdeiro pode desbloquear heran\u00e7as indivisas de im\u00f3veis ap\u00f3s dois anos"},"content":{"rendered":"<p>O Conselho de Ministros aprovou hoje um diploma que altera regras sobre heran\u00e7as. A nova norma permite que um ou mais herdeiros promovam a venda de im\u00f3veis herdados sem o consentimento de todos os co-herdeiros, ap\u00f3s dois anos de indivis\u00e3o.<\/p>\n<p>A medida destina-se a desbloquear im\u00f3veis que permane\u00e7am indivisos, facilitando opera\u00e7\u00f5es de venda e partilha. A decis\u00e3o beneficia herdeiros que enfrentam entraves para avan\u00e7ar com processos de transmiss\u00e3o de patrim\u00f3nio.<\/p>\n<p>Segundo fontes oficiais, a op\u00e7\u00e3o est\u00e1 dependente da inexist\u00eancia de impedimentos legais relevantes \u00e0 permiss\u00e3o de venda sem consenso un\u00e2nime. O diploma passa a vigorar ap\u00f3s publica\u00e7\u00e3o oficial e entrar\u00e1 em vigor conforme o estipulado pela normativa complementar.<\/p>\n<p>Austeridade da reda\u00e7\u00e3o normativo-legal visa ampliar a efici\u00eancia de procedimentos sucess\u00f3rios, reduzindo prazos de indecis\u00e3o entre herdeiros. Detalhes sobre a implementa\u00e7\u00e3o, exce\u00e7\u00f5es e prazos adicionais ser\u00e3o definidos por devidas regulamenta\u00e7\u00f5es futuras.<\/p>\n","protected":false},"excerpt":{"rendered":"<ul>\n<li>O Conselho de Ministros aprovou hoje um diploma que permite que um ou mais herdeiros possam exigir a venda de im\u00f3veis na pr\u00e1tica ap\u00f3s dois anos de indivis\u00e3o de uma heran\u00e7a.<\/li>\n<li>A venda pode ocorrer sem o acordo de todos os herdeiros que integram a heran\u00e7a.<\/li>\n<li>O desbloqueio aplica-se a im\u00f3veis, desde que haja dois anos de indivis\u00e3o.<\/li>\n<li>A medida fixa um prazo de dois anos desde o in\u00edcio da indivis\u00e3o para acionar a venda.<\/li>\n<li>O conte\u00fado completo da not\u00edcia est\u00e1 acess\u00edvel apenas para subscritores.<\/li>\n<\/ul>\n","protected":false},"author":2,"featured_media":424088,"comment_status":"closed","ping_status":"closed","sticky":false,"template":"","format":"standard","meta":{"footnotes":""},"categories":[6815],"tags":[6337,4871,5539,814,3667,7098],"class_list":["post-424087","post","type-post","status-publish","format-standard","has-post-thumbnail","hentry","category-justica","tag-direito","tag-heranca","tag-lei","tag-patrimonio","tag-processos","tag-propriedade"],"yoast_head":"<!-- This site is optimized with the Yoast SEO plugin v27.2 - https:\/\/yoast.com\/product\/yoast-seo-wordpress\/ -->\n<title>Herdeiro pode desbloquear heran\u00e7as indivisas de im\u00f3veis ap\u00f3s dois anos - Portal Tela Portugal<\/title>\n<meta name=\"robots\" content=\"index, follow, max-snippet:-1, max-image-preview:large, max-video-preview:-1\" \/>\n<meta property=\"og:locale\" content=\"pt_PT\" \/>\n<meta property=\"og:type\" content=\"article\" \/>\n<meta property=\"og:title\" content=\"Herdeiro pode desbloquear heran\u00e7as indivisas de im\u00f3veis ap\u00f3s dois anos - Portal Tela Portugal\" \/>\n<meta property=\"og:description\" content=\"O Conselho de Ministros aprovou hoje um diploma que permite que um ou mais herdeiros possam exigir a venda de im\u00f3veis na pr\u00e1tica ap\u00f3s dois anos de indivis\u00e3o de uma heran\u00e7a. A venda pode ocorrer sem o acordo de todos os herdeiros que integram a heran\u00e7a. O desbloqueio aplica-se a im\u00f3veis, desde que haja dois anos de indivis\u00e3o. A medida fixa um prazo de dois anos desde o in\u00edcio da indivis\u00e3o para acionar a venda. O conte\u00fado completo da not\u00edcia est\u00e1 acess\u00edvel apenas para subscritores.\" \/>\n<meta property=\"og:url\" content=\"https:\/\/portaltela.pt\/noticias\/2026\/03\/27\/herdeiro-pode-desbloquear-herancas-indivisas-de-imoveis-apos-dois-anos\/\" \/>\n<meta property=\"og:site_name\" content=\"Portal Tela Portugal\" \/>\n<meta property=\"article:published_time\" content=\"2026-03-27T13:42:00+00:00\" \/>\n<meta name=\"author\" content=\"Telinha\" \/>\n<meta name=\"twitter:card\" content=\"summary_large_image\" \/>\n<meta name=\"twitter:label1\" content=\"Escrito por\" \/>\n\t<meta name=\"twitter:data1\" content=\"Telinha\" \/>\n\t<meta name=\"twitter:label2\" content=\"Tempo estimado de leitura\" \/>\n\t<meta name=\"twitter:data2\" content=\"1 minuto\" \/>\n<script type=\"application\/ld+json\" class=\"yoast-schema-graph\">{\"@context\":\"https:\/\/schema.org\",\"@graph\":[{\"@type\":\"Article\",\"@id\":\"https:\/\/portaltela.pt\/noticias\/2026\/03\/27\/herdeiro-pode-desbloquear-herancas-indivisas-de-imoveis-apos-dois-anos\/#article\",\"isPartOf\":{\"@id\":\"https:\/\/portaltela.pt\/noticias\/2026\/03\/27\/herdeiro-pode-desbloquear-herancas-indivisas-de-imoveis-apos-dois-anos\/\"},\"author\":{\"name\":\"Telinha\",\"@id\":\"https:\/\/portaltela.pt\/#\/schema\/person\/c4278d4a6028830caff9ee44b42d32ed\"},\"headline\":\"Herdeiro pode desbloquear heran\u00e7as indivisas de im\u00f3veis ap\u00f3s dois anos\",\"datePublished\":\"2026-03-27T13:42:00+00:00\",\"mainEntityOfPage\":{\"@id\":\"https:\/\/portaltela.pt\/noticias\/2026\/03\/27\/herdeiro-pode-desbloquear-herancas-indivisas-de-imoveis-apos-dois-anos\/\"},\"wordCount\":176,\"image\":{\"@id\":\"https:\/\/portaltela.pt\/noticias\/2026\/03\/27\/herdeiro-pode-desbloquear-herancas-indivisas-de-imoveis-apos-dois-anos\/#primaryimage\"},\"thumbnailUrl\":\"https:\/\/portaltela.pt\/s.01k8rhncp4jt1\/2026\/03\/CACHE_780X1200_ANALOG_WATERMARKED_45445321_9229142_06082025082459.jpg\",\"keywords\":[\"direito\",\"Heran\u00e7a\",\"lei\",\"patrim\u00f3nio\",\"processos\",\"propriedade\"],\"articleSection\":[\"Justi\u00e7a\"],\"inLanguage\":\"pt-PT\"},{\"@type\":\"WebPage\",\"@id\":\"https:\/\/portaltela.pt\/noticias\/2026\/03\/27\/herdeiro-pode-desbloquear-herancas-indivisas-de-imoveis-apos-dois-anos\/\",\"url\":\"https:\/\/portaltela.pt\/noticias\/2026\/03\/27\/herdeiro-pode-desbloquear-herancas-indivisas-de-imoveis-apos-dois-anos\/\",\"name\":\"Herdeiro pode desbloquear heran\u00e7as indivisas de im\u00f3veis ap\u00f3s dois anos - Portal Tela Portugal\",\"isPartOf\":{\"@id\":\"https:\/\/portaltela.pt\/#website\"},\"primaryImageOfPage\":{\"@id\":\"https:\/\/portaltela.pt\/noticias\/2026\/03\/27\/herdeiro-pode-desbloquear-herancas-indivisas-de-imoveis-apos-dois-anos\/#primaryimage\"},\"image\":{\"@id\":\"https:\/\/portaltela.pt\/noticias\/2026\/03\/27\/herdeiro-pode-desbloquear-herancas-indivisas-de-imoveis-apos-dois-anos\/#primaryimage\"},\"thumbnailUrl\":\"https:\/\/portaltela.pt\/s.01k8rhncp4jt1\/2026\/03\/CACHE_780X1200_ANALOG_WATERMARKED_45445321_9229142_06082025082459.jpg\",\"datePublished\":\"2026-03-27T13:42:00+00:00\",\"author\":{\"@id\":\"https:\/\/portaltela.pt\/#\/schema\/person\/c4278d4a6028830caff9ee44b42d32ed\"},\"breadcrumb\":{\"@id\":\"https:\/\/portaltela.pt\/noticias\/2026\/03\/27\/herdeiro-pode-desbloquear-herancas-indivisas-de-imoveis-apos-dois-anos\/#breadcrumb\"},\"inLanguage\":\"pt-PT\",\"potentialAction\":[{\"@type\":\"ReadAction\",\"target\":[\"https:\/\/portaltela.pt\/noticias\/2026\/03\/27\/herdeiro-pode-desbloquear-herancas-indivisas-de-imoveis-apos-dois-anos\/\"]}]},{\"@type\":\"ImageObject\",\"inLanguage\":\"pt-PT\",\"@id\":\"https:\/\/portaltela.pt\/noticias\/2026\/03\/27\/herdeiro-pode-desbloquear-herancas-indivisas-de-imoveis-apos-dois-anos\/#primaryimage\",\"url\":\"https:\/\/portaltela.pt\/s.01k8rhncp4jt1\/2026\/03\/CACHE_780X1200_ANALOG_WATERMARKED_45445321_9229142_06082025082459.jpg\",\"contentUrl\":\"https:\/\/portaltela.pt\/s.01k8rhncp4jt1\/2026\/03\/CACHE_780X1200_ANALOG_WATERMARKED_45445321_9229142_06082025082459.jpg\",\"width\":796,\"height\":448,\"caption\":\"Um herdeiro pode desbloquear heran\u00e7as indivisas de im\u00f3veis ao fim de dois anos\"},{\"@type\":\"BreadcrumbList\",\"@id\":\"https:\/\/portaltela.pt\/noticias\/2026\/03\/27\/herdeiro-pode-desbloquear-herancas-indivisas-de-imoveis-apos-dois-anos\/#breadcrumb\",\"itemListElement\":[{\"@type\":\"ListItem\",\"position\":1,\"name\":\"In\u00edcio\",\"item\":\"https:\/\/portaltela.pt\/\"},{\"@type\":\"ListItem\",\"position\":2,\"name\":\"Herdeiro pode desbloquear heran\u00e7as indivisas de im\u00f3veis ap\u00f3s dois anos\"}]},{\"@type\":\"WebSite\",\"@id\":\"https:\/\/portaltela.pt\/#website\",\"url\":\"https:\/\/portaltela.pt\/\",\"name\":\"Portal Tela Portugal\",\"description\":\"\",\"potentialAction\":[{\"@type\":\"SearchAction\",\"target\":{\"@type\":\"EntryPoint\",\"urlTemplate\":\"https:\/\/portaltela.pt\/?s={search_term_string}\"},\"query-input\":{\"@type\":\"PropertyValueSpecification\",\"valueRequired\":true,\"valueName\":\"search_term_string\"}}],\"inLanguage\":\"pt-PT\"},{\"@type\":\"Person\",\"@id\":\"https:\/\/portaltela.pt\/#\/schema\/person\/c4278d4a6028830caff9ee44b42d32ed\",\"name\":\"Telinha\",\"image\":{\"@type\":\"ImageObject\",\"inLanguage\":\"pt-PT\",\"@id\":\"https:\/\/portaltela.pt\/s.01k8rhncp4jt1\/2025\/11\/talking-bot-125x125.png\",\"url\":\"https:\/\/portaltela.pt\/s.01k8rhncp4jt1\/2025\/11\/talking-bot-125x125.png\",\"contentUrl\":\"https:\/\/portaltela.pt\/s.01k8rhncp4jt1\/2025\/11\/talking-bot-125x125.png\",\"caption\":\"Telinha\"},\"sameAs\":[\"https:\/\/portaltela.pt\/\"],\"url\":\"https:\/\/portaltela.pt\/por\/367410592786\/\"}]}<\/script>\n<!-- \/ Yoast SEO plugin. -->","yoast_head_json":{"title":"Herdeiro pode desbloquear heran\u00e7as indivisas de im\u00f3veis ap\u00f3s dois anos - Portal Tela Portugal","robots":{"index":"index","follow":"follow","max-snippet":"max-snippet:-1","max-image-preview":"max-image-preview:large","max-video-preview":"max-video-preview:-1"},"og_locale":"pt_PT","og_type":"article","og_title":"Herdeiro pode desbloquear heran\u00e7as indivisas de im\u00f3veis ap\u00f3s dois anos - Portal Tela Portugal","og_description":"O Conselho de Ministros aprovou hoje um diploma que permite que um ou mais herdeiros possam exigir a venda de im\u00f3veis na pr\u00e1tica ap\u00f3s dois anos de indivis\u00e3o de uma heran\u00e7a. A venda pode ocorrer sem o acordo de todos os herdeiros que integram a heran\u00e7a. O desbloqueio aplica-se a im\u00f3veis, desde que haja dois anos de indivis\u00e3o. A medida fixa um prazo de dois anos desde o in\u00edcio da indivis\u00e3o para acionar a venda. O conte\u00fado completo da not\u00edcia est\u00e1 acess\u00edvel apenas para subscritores.","og_url":"https:\/\/portaltela.pt\/noticias\/2026\/03\/27\/herdeiro-pode-desbloquear-herancas-indivisas-de-imoveis-apos-dois-anos\/","og_site_name":"Portal Tela Portugal","article_published_time":"2026-03-27T13:42:00+00:00","author":"Telinha","twitter_card":"summary_large_image","twitter_misc":{"Escrito por":"Telinha","Tempo estimado de leitura":"1 minuto"},"schema":{"@context":"https:\/\/schema.org","@graph":[{"@type":"Article","@id":"https:\/\/portaltela.pt\/noticias\/2026\/03\/27\/herdeiro-pode-desbloquear-herancas-indivisas-de-imoveis-apos-dois-anos\/#article","isPartOf":{"@id":"https:\/\/portaltela.pt\/noticias\/2026\/03\/27\/herdeiro-pode-desbloquear-herancas-indivisas-de-imoveis-apos-dois-anos\/"},"author":{"name":"Telinha","@id":"https:\/\/portaltela.pt\/#\/schema\/person\/c4278d4a6028830caff9ee44b42d32ed"},"headline":"Herdeiro pode desbloquear heran\u00e7as indivisas de im\u00f3veis ap\u00f3s dois anos","datePublished":"2026-03-27T13:42:00+00:00","mainEntityOfPage":{"@id":"https:\/\/portaltela.pt\/noticias\/2026\/03\/27\/herdeiro-pode-desbloquear-herancas-indivisas-de-imoveis-apos-dois-anos\/"},"wordCount":176,"image":{"@id":"https:\/\/portaltela.pt\/noticias\/2026\/03\/27\/herdeiro-pode-desbloquear-herancas-indivisas-de-imoveis-apos-dois-anos\/#primaryimage"},"thumbnailUrl":"https:\/\/portaltela.pt\/s.01k8rhncp4jt1\/2026\/03\/CACHE_780X1200_ANALOG_WATERMARKED_45445321_9229142_06082025082459.jpg","keywords":["direito","Heran\u00e7a","lei","patrim\u00f3nio","processos","propriedade"],"articleSection":["Justi\u00e7a"],"inLanguage":"pt-PT"},{"@type":"WebPage","@id":"https:\/\/portaltela.pt\/noticias\/2026\/03\/27\/herdeiro-pode-desbloquear-herancas-indivisas-de-imoveis-apos-dois-anos\/","url":"https:\/\/portaltela.pt\/noticias\/2026\/03\/27\/herdeiro-pode-desbloquear-herancas-indivisas-de-imoveis-apos-dois-anos\/","name":"Herdeiro pode desbloquear heran\u00e7as indivisas de im\u00f3veis ap\u00f3s dois anos - Portal Tela Portugal","isPartOf":{"@id":"https:\/\/portaltela.pt\/#website"},"primaryImageOfPage":{"@id":"https:\/\/portaltela.pt\/noticias\/2026\/03\/27\/herdeiro-pode-desbloquear-herancas-indivisas-de-imoveis-apos-dois-anos\/#primaryimage"},"image":{"@id":"https:\/\/portaltela.pt\/noticias\/2026\/03\/27\/herdeiro-pode-desbloquear-herancas-indivisas-de-imoveis-apos-dois-anos\/#primaryimage"},"thumbnailUrl":"https:\/\/portaltela.pt\/s.01k8rhncp4jt1\/2026\/03\/CACHE_780X1200_ANALOG_WATERMARKED_45445321_9229142_06082025082459.jpg","datePublished":"2026-03-27T13:42:00+00:00","author":{"@id":"https:\/\/portaltela.pt\/#\/schema\/person\/c4278d4a6028830caff9ee44b42d32ed"},"breadcrumb":{"@id":"https:\/\/portaltela.pt\/noticias\/2026\/03\/27\/herdeiro-pode-desbloquear-herancas-indivisas-de-imoveis-apos-dois-anos\/#breadcrumb"},"inLanguage":"pt-PT","potentialAction":[{"@type":"ReadAction","target":["https:\/\/portaltela.pt\/noticias\/2026\/03\/27\/herdeiro-pode-desbloquear-herancas-indivisas-de-imoveis-apos-dois-anos\/"]}]},{"@type":"ImageObject","inLanguage":"pt-PT","@id":"https:\/\/portaltela.pt\/noticias\/2026\/03\/27\/herdeiro-pode-desbloquear-herancas-indivisas-de-imoveis-apos-dois-anos\/#primaryimage","url":"https:\/\/portaltela.pt\/s.01k8rhncp4jt1\/2026\/03\/CACHE_780X1200_ANALOG_WATERMARKED_45445321_9229142_06082025082459.jpg","contentUrl":"https:\/\/portaltela.pt\/s.01k8rhncp4jt1\/2026\/03\/CACHE_780X1200_ANALOG_WATERMARKED_45445321_9229142_06082025082459.jpg","width":796,"height":448,"caption":"Um herdeiro pode desbloquear heran\u00e7as indivisas de im\u00f3veis ao fim de dois anos"},{"@type":"BreadcrumbList","@id":"https:\/\/portaltela.pt\/noticias\/2026\/03\/27\/herdeiro-pode-desbloquear-herancas-indivisas-de-imoveis-apos-dois-anos\/#breadcrumb","itemListElement":[{"@type":"ListItem","position":1,"name":"In\u00edcio","item":"https:\/\/portaltela.pt\/"},{"@type":"ListItem","position":2,"name":"Herdeiro pode desbloquear heran\u00e7as indivisas de im\u00f3veis ap\u00f3s dois anos"}]},{"@type":"WebSite","@id":"https:\/\/portaltela.pt\/#website","url":"https:\/\/portaltela.pt\/","name":"Portal Tela Portugal","description":"","potentialAction":[{"@type":"SearchAction","target":{"@type":"EntryPoint","urlTemplate":"https:\/\/portaltela.pt\/?s={search_term_string}"},"query-input":{"@type":"PropertyValueSpecification","valueRequired":true,"valueName":"search_term_string"}}],"inLanguage":"pt-PT"},{"@type":"Person","@id":"https:\/\/portaltela.pt\/#\/schema\/person\/c4278d4a6028830caff9ee44b42d32ed","name":"Telinha","image":{"@type":"ImageObject","inLanguage":"pt-PT","@id":"https:\/\/portaltela.pt\/s.01k8rhncp4jt1\/2025\/11\/talking-bot-125x125.png","url":"https:\/\/portaltela.pt\/s.01k8rhncp4jt1\/2025\/11\/talking-bot-125x125.png","contentUrl":"https:\/\/portaltela.pt\/s.01k8rhncp4jt1\/2025\/11\/talking-bot-125x125.png","caption":"Telinha"},"sameAs":["https:\/\/portaltela.pt\/"],"url":"https:\/\/portaltela.pt\/por\/367410592786\/"}]}},"_links":{"self":[{"href":"https:\/\/portaltela.pt\/api\/wp\/v2\/posts\/424087","targetHints":{"allow":["GET"]}}],"collection":[{"href":"https:\/\/portaltela.pt\/api\/wp\/v2\/posts"}],"about":[{"href":"https:\/\/portaltela.pt\/api\/wp\/v2\/types\/post"}],"author":[{"embeddable":true,"href":"https:\/\/portaltela.pt\/api\/wp\/v2\/users\/2"}],"replies":[{"embeddable":true,"href":"https:\/\/portaltela.pt\/api\/wp\/v2\/comments?post=424087"}],"version-history":[{"count":0,"href":"https:\/\/portaltela.pt\/api\/wp\/v2\/posts\/424087\/revisions"}],"wp:featuredmedia":[{"embeddable":true,"href":"https:\/\/portaltela.pt\/api\/wp\/v2\/media\/424088"}],"wp:attachment":[{"href":"https:\/\/portaltela.pt\/api\/wp\/v2\/media?parent=424087"}],"wp:term":[{"taxonomy":"category","embeddable":true,"href":"https:\/\/portaltela.pt\/api\/wp\/v2\/categories?post=424087"},{"taxonomy":"post_tag","embeddable":true,"href":"https:\/\/portaltela.pt\/api\/wp\/v2\/tags?post=424087"}],"curies":[{"name":"wp","href":"https:\/\/api.w.org\/{rel}","templated":true}]}}