{"id":424075,"date":"2026-03-27T14:00:00","date_gmt":"2026-03-27T17:00:00","guid":{"rendered":"https:\/\/portaltela.pt\/noticias\/2026\/03\/27\/luis-diaz-confia-em-suarez-apos-falha-frente-a-croacia\/"},"modified":"2026-03-27T14:00:00","modified_gmt":"2026-03-27T17:00:00","slug":"luis-diaz-confia-em-suarez-apos-falha-frente-a-croacia","status":"publish","type":"post","link":"https:\/\/portaltela.pt\/desporto\/futebol\/2026\/03\/27\/luis-diaz-confia-em-suarez-apos-falha-frente-a-croacia\/","title":{"rendered":"Luis D\u00edaz confia em Su\u00e1rez ap\u00f3s falha frente \u00e0 Cro\u00e1cia"},"content":{"rendered":"<p>O jogo particular entre Col\u00f4mbia e Cro\u00e1cia, disputado nos Estados Unidos, terminou com uma derrota colombiana por 1-2. O lance decisivo ocorreu na primeira parte, quando Luis Su\u00e1rez falhou uma finaliza\u00e7\u00e3o aparentemente f\u00e1cil ap\u00f3s um passe que partiu de Luis D\u00edaz, extremo do Bayern.<\/p>\n<p>O que aconteceu envolve dois jogadores colombianos e um atacante uruguaio. Su\u00e1rez, de passagem pelo Brasil, chegou a fase decisiva do lance ao tentar concluir a jogada que come\u00e7ou com Diaz, mas n\u00e3o conseguiu converter o golo. A equipa croata aproveitou para marcar dois gols e vencer o desafio.<\/p>\n<p>Quando e onde ocorreu n\u00e3o foram especificados no relat\u00f3rio, mas o encontro foi jogado nos Estados Unidos, em car\u00e1ter particular. A derrota n\u00e3o tem, neste momento, implica\u00e7\u00f5es oficiais para competi\u00e7\u00f5es futuras, servindo apenas como treino entre sele\u00e7\u00f5es.<\/p>\n<h3>Desempenho e leitura do lance<\/h3>\n<p>Luis D\u00edaz participou ativamente da jogada de ataque, oferecendo o passe de morte que antecedeu a oportunidade de golo de Su\u00e1rez. O brasileiro com passagem pela Col\u00f4mbia n\u00e3o hesitou em defender o seu compatriota, afirmando que as falhas acontecem e que Su\u00e1rez ter\u00e1 outras oportunidades para mostrar o seu apontamento.<\/p>\n<p>A an\u00e1lise inicial aponta para a constru\u00e7\u00e3o t\u00e1ctica, que parecia promissora, mas terminou por n\u00e3o Coutar no placar. O lance \u00e9 visto, pelos comentadores, como uma jogada bonita de combina\u00e7\u00e3o entre D\u00edaz e Su\u00e1rez que merecia finaliza\u00e7\u00e3o convertida.<\/p>\n","protected":false},"excerpt":{"rendered":"<ul>\n<li>Luis D\u00edaz deu apoio p\u00fablico a Luis Su\u00e1rez ap\u00f3s o falhan\u00e7o frente \u00e0 Cro\u00e1cia, num amig\u00e1vel disputado nos Estados Unidos.<\/li>\n<li>A Col\u00f4mbia perdeu por 1-2, com Su\u00e1rez a falhar um golo quase feito ainda na primeira parte, assistido pelo extremo do Bayern.<\/li>\n<li>Su\u00e1rez recebeu a defesa do pr\u00f3prio D\u00edaz, que disse: \u201cMais vale falhar agora que no Mundial e a\u00ed vai met\u00ea-las todas.\u201d<\/li>\n<li>D\u00edaz destacou a jogada como bonita, afirmando que era s\u00f3 empurrar a bola, mas n\u00e3o foi concretizada.<\/li>\n<li>O extremo colombiano, de 29 anos, refor\u00e7ou que Su\u00e1rez vai corrigir e ter mais oportunidades no futuro.<\/li>\n<\/ul>\n","protected":false},"author":2,"featured_media":424076,"comment_status":"closed","ping_status":"closed","sticky":false,"template":"","format":"standard","meta":{"footnotes":""},"categories":[21,24],"tags":[2469,3487,32,3338,3626,4151],"class_list":["post-424075","post","type-post","status-publish","format-standard","has-post-thumbnail","hentry","category-desporto","category-futebol","tag-colombia","tag-croacia","tag-futebol","tag-futebol-internacional","tag-luis-diaz","tag-suarez"],"yoast_head":"<!-- This site is optimized with the Yoast SEO plugin v27.2 - https:\/\/yoast.com\/product\/yoast-seo-wordpress\/ -->\n<title>Luis D\u00edaz confia em Su\u00e1rez ap\u00f3s falha frente \u00e0 Cro\u00e1cia - Portal Tela Portugal<\/title>\n<meta name=\"robots\" content=\"index, follow, max-snippet:-1, max-image-preview:large, max-video-preview:-1\" \/>\n<meta property=\"og:locale\" content=\"pt_PT\" \/>\n<meta property=\"og:type\" content=\"article\" \/>\n<meta property=\"og:title\" content=\"Luis D\u00edaz confia em Su\u00e1rez ap\u00f3s falha frente \u00e0 Cro\u00e1cia - Portal Tela Portugal\" \/>\n<meta property=\"og:description\" content=\"Luis D\u00edaz deu apoio p\u00fablico a Luis Su\u00e1rez ap\u00f3s o falhan\u00e7o frente \u00e0 Cro\u00e1cia, num amig\u00e1vel disputado nos Estados Unidos. A Col\u00f4mbia perdeu por 1-2, com Su\u00e1rez a falhar um golo quase feito ainda na primeira parte, assistido pelo extremo do Bayern. Su\u00e1rez recebeu a defesa do pr\u00f3prio D\u00edaz, que disse: \u201cMais vale falhar agora que no Mundial e a\u00ed vai met\u00ea-las todas.\u201d D\u00edaz destacou a jogada como bonita, afirmando que era s\u00f3 empurrar a bola, mas n\u00e3o foi concretizada. O extremo colombiano, de 29 anos, refor\u00e7ou que Su\u00e1rez vai corrigir e ter mais oportunidades no futuro.\" \/>\n<meta property=\"og:url\" content=\"https:\/\/portaltela.pt\/noticias\/2026\/03\/27\/luis-diaz-confia-em-suarez-apos-falha-frente-a-croacia\/\" \/>\n<meta property=\"og:site_name\" content=\"Portal Tela Portugal\" \/>\n<meta property=\"article:published_time\" content=\"2026-03-27T17:00:00+00:00\" \/>\n<meta name=\"author\" content=\"Telinha\" \/>\n<meta name=\"twitter:card\" content=\"summary_large_image\" \/>\n<meta name=\"twitter:label1\" content=\"Escrito por\" \/>\n\t<meta name=\"twitter:data1\" content=\"Telinha\" \/>\n\t<meta name=\"twitter:label2\" content=\"Tempo estimado de leitura\" \/>\n\t<meta name=\"twitter:data2\" content=\"1 minuto\" \/>\n<script type=\"application\/ld+json\" class=\"yoast-schema-graph\">{\"@context\":\"https:\/\/schema.org\",\"@graph\":[{\"@type\":\"Article\",\"@id\":\"https:\/\/portaltela.pt\/noticias\/2026\/03\/27\/luis-diaz-confia-em-suarez-apos-falha-frente-a-croacia\/#article\",\"isPartOf\":{\"@id\":\"https:\/\/portaltela.pt\/noticias\/2026\/03\/27\/luis-diaz-confia-em-suarez-apos-falha-frente-a-croacia\/\"},\"author\":{\"name\":\"Telinha\",\"@id\":\"https:\/\/portaltela.pt\/#\/schema\/person\/c4278d4a6028830caff9ee44b42d32ed\"},\"headline\":\"Luis D\u00edaz confia em Su\u00e1rez ap\u00f3s falha frente \u00e0 Cro\u00e1cia\",\"datePublished\":\"2026-03-27T17:00:00+00:00\",\"mainEntityOfPage\":{\"@id\":\"https:\/\/portaltela.pt\/noticias\/2026\/03\/27\/luis-diaz-confia-em-suarez-apos-falha-frente-a-croacia\/\"},\"wordCount\":265,\"image\":{\"@id\":\"https:\/\/portaltela.pt\/noticias\/2026\/03\/27\/luis-diaz-confia-em-suarez-apos-falha-frente-a-croacia\/#primaryimage\"},\"thumbnailUrl\":\"https:\/\/portaltela.pt\/s.01k8rhncp4jt1\/2026\/03\/img_293x165uu2026-03-27-00-50-32-2429623.jpg\",\"keywords\":[\"Col\u00f4mbia\",\"Cro\u00e1cia\",\"futebol\",\"futebol internacional\",\"Luis D\u00edaz\",\"Su\u00e1rez\"],\"articleSection\":[\"Desporto\",\"Futebol\"],\"inLanguage\":\"pt-PT\"},{\"@type\":\"WebPage\",\"@id\":\"https:\/\/portaltela.pt\/noticias\/2026\/03\/27\/luis-diaz-confia-em-suarez-apos-falha-frente-a-croacia\/\",\"url\":\"https:\/\/portaltela.pt\/noticias\/2026\/03\/27\/luis-diaz-confia-em-suarez-apos-falha-frente-a-croacia\/\",\"name\":\"Luis D\u00edaz confia em Su\u00e1rez ap\u00f3s falha frente \u00e0 Cro\u00e1cia - Portal Tela Portugal\",\"isPartOf\":{\"@id\":\"https:\/\/portaltela.pt\/#website\"},\"primaryImageOfPage\":{\"@id\":\"https:\/\/portaltela.pt\/noticias\/2026\/03\/27\/luis-diaz-confia-em-suarez-apos-falha-frente-a-croacia\/#primaryimage\"},\"image\":{\"@id\":\"https:\/\/portaltela.pt\/noticias\/2026\/03\/27\/luis-diaz-confia-em-suarez-apos-falha-frente-a-croacia\/#primaryimage\"},\"thumbnailUrl\":\"https:\/\/portaltela.pt\/s.01k8rhncp4jt1\/2026\/03\/img_293x165uu2026-03-27-00-50-32-2429623.jpg\",\"datePublished\":\"2026-03-27T17:00:00+00:00\",\"author\":{\"@id\":\"https:\/\/portaltela.pt\/#\/schema\/person\/c4278d4a6028830caff9ee44b42d32ed\"},\"breadcrumb\":{\"@id\":\"https:\/\/portaltela.pt\/noticias\/2026\/03\/27\/luis-diaz-confia-em-suarez-apos-falha-frente-a-croacia\/#breadcrumb\"},\"inLanguage\":\"pt-PT\",\"potentialAction\":[{\"@type\":\"ReadAction\",\"target\":[\"https:\/\/portaltela.pt\/noticias\/2026\/03\/27\/luis-diaz-confia-em-suarez-apos-falha-frente-a-croacia\/\"]}]},{\"@type\":\"ImageObject\",\"inLanguage\":\"pt-PT\",\"@id\":\"https:\/\/portaltela.pt\/noticias\/2026\/03\/27\/luis-diaz-confia-em-suarez-apos-falha-frente-a-croacia\/#primaryimage\",\"url\":\"https:\/\/portaltela.pt\/s.01k8rhncp4jt1\/2026\/03\/img_293x165uu2026-03-27-00-50-32-2429623.jpg\",\"contentUrl\":\"https:\/\/portaltela.pt\/s.01k8rhncp4jt1\/2026\/03\/img_293x165uu2026-03-27-00-50-32-2429623.jpg\",\"width\":796,\"height\":448,\"caption\":\"Luis D\u00edaz d\u00e1 voto de confian\u00e7a a Su\u00e1rez ap\u00f3s falhan\u00e7o frente \u00e0 Cro\u00e1cia: \u00abVai met\u00ea-las todas\u00bb\"},{\"@type\":\"BreadcrumbList\",\"@id\":\"https:\/\/portaltela.pt\/noticias\/2026\/03\/27\/luis-diaz-confia-em-suarez-apos-falha-frente-a-croacia\/#breadcrumb\",\"itemListElement\":[{\"@type\":\"ListItem\",\"position\":1,\"name\":\"In\u00edcio\",\"item\":\"https:\/\/portaltela.pt\/\"},{\"@type\":\"ListItem\",\"position\":2,\"name\":\"Luis D\u00edaz confia em Su\u00e1rez ap\u00f3s falha frente \u00e0 Cro\u00e1cia\"}]},{\"@type\":\"WebSite\",\"@id\":\"https:\/\/portaltela.pt\/#website\",\"url\":\"https:\/\/portaltela.pt\/\",\"name\":\"Portal Tela Portugal\",\"description\":\"\",\"potentialAction\":[{\"@type\":\"SearchAction\",\"target\":{\"@type\":\"EntryPoint\",\"urlTemplate\":\"https:\/\/portaltela.pt\/?s={search_term_string}\"},\"query-input\":{\"@type\":\"PropertyValueSpecification\",\"valueRequired\":true,\"valueName\":\"search_term_string\"}}],\"inLanguage\":\"pt-PT\"},{\"@type\":\"Person\",\"@id\":\"https:\/\/portaltela.pt\/#\/schema\/person\/c4278d4a6028830caff9ee44b42d32ed\",\"name\":\"Telinha\",\"image\":{\"@type\":\"ImageObject\",\"inLanguage\":\"pt-PT\",\"@id\":\"https:\/\/portaltela.pt\/s.01k8rhncp4jt1\/2025\/11\/talking-bot-125x125.png\",\"url\":\"https:\/\/portaltela.pt\/s.01k8rhncp4jt1\/2025\/11\/talking-bot-125x125.png\",\"contentUrl\":\"https:\/\/portaltela.pt\/s.01k8rhncp4jt1\/2025\/11\/talking-bot-125x125.png\",\"caption\":\"Telinha\"},\"sameAs\":[\"https:\/\/portaltela.pt\/\"],\"url\":\"https:\/\/portaltela.pt\/por\/367410592786\/\"}]}<\/script>\n<!-- \/ Yoast SEO plugin. -->","yoast_head_json":{"title":"Luis D\u00edaz confia em Su\u00e1rez ap\u00f3s falha frente \u00e0 Cro\u00e1cia - Portal Tela Portugal","robots":{"index":"index","follow":"follow","max-snippet":"max-snippet:-1","max-image-preview":"max-image-preview:large","max-video-preview":"max-video-preview:-1"},"og_locale":"pt_PT","og_type":"article","og_title":"Luis D\u00edaz confia em Su\u00e1rez ap\u00f3s falha frente \u00e0 Cro\u00e1cia - Portal Tela Portugal","og_description":"Luis D\u00edaz deu apoio p\u00fablico a Luis Su\u00e1rez ap\u00f3s o falhan\u00e7o frente \u00e0 Cro\u00e1cia, num amig\u00e1vel disputado nos Estados Unidos. A Col\u00f4mbia perdeu por 1-2, com Su\u00e1rez a falhar um golo quase feito ainda na primeira parte, assistido pelo extremo do Bayern. Su\u00e1rez recebeu a defesa do pr\u00f3prio D\u00edaz, que disse: \u201cMais vale falhar agora que no Mundial e a\u00ed vai met\u00ea-las todas.\u201d D\u00edaz destacou a jogada como bonita, afirmando que era s\u00f3 empurrar a bola, mas n\u00e3o foi concretizada. O extremo colombiano, de 29 anos, refor\u00e7ou que Su\u00e1rez vai corrigir e ter mais oportunidades no futuro.","og_url":"https:\/\/portaltela.pt\/noticias\/2026\/03\/27\/luis-diaz-confia-em-suarez-apos-falha-frente-a-croacia\/","og_site_name":"Portal Tela Portugal","article_published_time":"2026-03-27T17:00:00+00:00","author":"Telinha","twitter_card":"summary_large_image","twitter_misc":{"Escrito por":"Telinha","Tempo estimado de leitura":"1 minuto"},"schema":{"@context":"https:\/\/schema.org","@graph":[{"@type":"Article","@id":"https:\/\/portaltela.pt\/noticias\/2026\/03\/27\/luis-diaz-confia-em-suarez-apos-falha-frente-a-croacia\/#article","isPartOf":{"@id":"https:\/\/portaltela.pt\/noticias\/2026\/03\/27\/luis-diaz-confia-em-suarez-apos-falha-frente-a-croacia\/"},"author":{"name":"Telinha","@id":"https:\/\/portaltela.pt\/#\/schema\/person\/c4278d4a6028830caff9ee44b42d32ed"},"headline":"Luis D\u00edaz confia em Su\u00e1rez ap\u00f3s falha frente \u00e0 Cro\u00e1cia","datePublished":"2026-03-27T17:00:00+00:00","mainEntityOfPage":{"@id":"https:\/\/portaltela.pt\/noticias\/2026\/03\/27\/luis-diaz-confia-em-suarez-apos-falha-frente-a-croacia\/"},"wordCount":265,"image":{"@id":"https:\/\/portaltela.pt\/noticias\/2026\/03\/27\/luis-diaz-confia-em-suarez-apos-falha-frente-a-croacia\/#primaryimage"},"thumbnailUrl":"https:\/\/portaltela.pt\/s.01k8rhncp4jt1\/2026\/03\/img_293x165uu2026-03-27-00-50-32-2429623.jpg","keywords":["Col\u00f4mbia","Cro\u00e1cia","futebol","futebol internacional","Luis D\u00edaz","Su\u00e1rez"],"articleSection":["Desporto","Futebol"],"inLanguage":"pt-PT"},{"@type":"WebPage","@id":"https:\/\/portaltela.pt\/noticias\/2026\/03\/27\/luis-diaz-confia-em-suarez-apos-falha-frente-a-croacia\/","url":"https:\/\/portaltela.pt\/noticias\/2026\/03\/27\/luis-diaz-confia-em-suarez-apos-falha-frente-a-croacia\/","name":"Luis D\u00edaz confia em Su\u00e1rez ap\u00f3s falha frente \u00e0 Cro\u00e1cia - Portal Tela Portugal","isPartOf":{"@id":"https:\/\/portaltela.pt\/#website"},"primaryImageOfPage":{"@id":"https:\/\/portaltela.pt\/noticias\/2026\/03\/27\/luis-diaz-confia-em-suarez-apos-falha-frente-a-croacia\/#primaryimage"},"image":{"@id":"https:\/\/portaltela.pt\/noticias\/2026\/03\/27\/luis-diaz-confia-em-suarez-apos-falha-frente-a-croacia\/#primaryimage"},"thumbnailUrl":"https:\/\/portaltela.pt\/s.01k8rhncp4jt1\/2026\/03\/img_293x165uu2026-03-27-00-50-32-2429623.jpg","datePublished":"2026-03-27T17:00:00+00:00","author":{"@id":"https:\/\/portaltela.pt\/#\/schema\/person\/c4278d4a6028830caff9ee44b42d32ed"},"breadcrumb":{"@id":"https:\/\/portaltela.pt\/noticias\/2026\/03\/27\/luis-diaz-confia-em-suarez-apos-falha-frente-a-croacia\/#breadcrumb"},"inLanguage":"pt-PT","potentialAction":[{"@type":"ReadAction","target":["https:\/\/portaltela.pt\/noticias\/2026\/03\/27\/luis-diaz-confia-em-suarez-apos-falha-frente-a-croacia\/"]}]},{"@type":"ImageObject","inLanguage":"pt-PT","@id":"https:\/\/portaltela.pt\/noticias\/2026\/03\/27\/luis-diaz-confia-em-suarez-apos-falha-frente-a-croacia\/#primaryimage","url":"https:\/\/portaltela.pt\/s.01k8rhncp4jt1\/2026\/03\/img_293x165uu2026-03-27-00-50-32-2429623.jpg","contentUrl":"https:\/\/portaltela.pt\/s.01k8rhncp4jt1\/2026\/03\/img_293x165uu2026-03-27-00-50-32-2429623.jpg","width":796,"height":448,"caption":"Luis D\u00edaz d\u00e1 voto de confian\u00e7a a Su\u00e1rez ap\u00f3s falhan\u00e7o frente \u00e0 Cro\u00e1cia: \u00abVai met\u00ea-las todas\u00bb"},{"@type":"BreadcrumbList","@id":"https:\/\/portaltela.pt\/noticias\/2026\/03\/27\/luis-diaz-confia-em-suarez-apos-falha-frente-a-croacia\/#breadcrumb","itemListElement":[{"@type":"ListItem","position":1,"name":"In\u00edcio","item":"https:\/\/portaltela.pt\/"},{"@type":"ListItem","position":2,"name":"Luis D\u00edaz confia em Su\u00e1rez ap\u00f3s falha frente \u00e0 Cro\u00e1cia"}]},{"@type":"WebSite","@id":"https:\/\/portaltela.pt\/#website","url":"https:\/\/portaltela.pt\/","name":"Portal Tela Portugal","description":"","potentialAction":[{"@type":"SearchAction","target":{"@type":"EntryPoint","urlTemplate":"https:\/\/portaltela.pt\/?s={search_term_string}"},"query-input":{"@type":"PropertyValueSpecification","valueRequired":true,"valueName":"search_term_string"}}],"inLanguage":"pt-PT"},{"@type":"Person","@id":"https:\/\/portaltela.pt\/#\/schema\/person\/c4278d4a6028830caff9ee44b42d32ed","name":"Telinha","image":{"@type":"ImageObject","inLanguage":"pt-PT","@id":"https:\/\/portaltela.pt\/s.01k8rhncp4jt1\/2025\/11\/talking-bot-125x125.png","url":"https:\/\/portaltela.pt\/s.01k8rhncp4jt1\/2025\/11\/talking-bot-125x125.png","contentUrl":"https:\/\/portaltela.pt\/s.01k8rhncp4jt1\/2025\/11\/talking-bot-125x125.png","caption":"Telinha"},"sameAs":["https:\/\/portaltela.pt\/"],"url":"https:\/\/portaltela.pt\/por\/367410592786\/"}]}},"_links":{"self":[{"href":"https:\/\/portaltela.pt\/api\/wp\/v2\/posts\/424075","targetHints":{"allow":["GET"]}}],"collection":[{"href":"https:\/\/portaltela.pt\/api\/wp\/v2\/posts"}],"about":[{"href":"https:\/\/portaltela.pt\/api\/wp\/v2\/types\/post"}],"author":[{"embeddable":true,"href":"https:\/\/portaltela.pt\/api\/wp\/v2\/users\/2"}],"replies":[{"embeddable":true,"href":"https:\/\/portaltela.pt\/api\/wp\/v2\/comments?post=424075"}],"version-history":[{"count":0,"href":"https:\/\/portaltela.pt\/api\/wp\/v2\/posts\/424075\/revisions"}],"wp:featuredmedia":[{"embeddable":true,"href":"https:\/\/portaltela.pt\/api\/wp\/v2\/media\/424076"}],"wp:attachment":[{"href":"https:\/\/portaltela.pt\/api\/wp\/v2\/media?parent=424075"}],"wp:term":[{"taxonomy":"category","embeddable":true,"href":"https:\/\/portaltela.pt\/api\/wp\/v2\/categories?post=424075"},{"taxonomy":"post_tag","embeddable":true,"href":"https:\/\/portaltela.pt\/api\/wp\/v2\/tags?post=424075"}],"curies":[{"name":"wp","href":"https:\/\/api.w.org\/{rel}","templated":true}]}}