{"id":424074,"date":"2026-03-27T14:07:00","date_gmt":"2026-03-27T17:07:00","guid":{"rendered":"https:\/\/portaltela.pt\/noticias\/2026\/03\/27\/pj-prende-dois-homens-por-emboscada-a-tiros-a-rivais\/"},"modified":"2026-03-27T14:07:00","modified_gmt":"2026-03-27T17:07:00","slug":"pj-prende-dois-homens-por-emboscada-a-tiros-a-rivais","status":"publish","type":"post","link":"https:\/\/portaltela.pt\/justica\/2026\/03\/27\/pj-prende-dois-homens-por-emboscada-a-tiros-a-rivais\/","title":{"rendered":"PJ prende dois homens por emboscada a tiros a rivais"},"content":{"rendered":"<p>A Pol\u00edcia Judici\u00e1ria (PJ) de Set\u00fabal deteve dois homens, com 44 e 46 anos, acusados de emboscada a tiro contra rivais no Bairro da Bela Vista, em Set\u00fabal, em outubro do ano passado. Os suspeitos estiveram em fuga at\u00e9 serem capturados. A acusa\u00e7\u00e3o envolve dois crimes de homic\u00eddio qualificado na forma tentada.<\/p>\n<p>Segundo a PJ, os agressores abordaram as v\u00edtimas na via p\u00fablica em momentos distintos, usando duas armas de fogo. As v\u00edtimas tinham 42 e 50 anos; uma sofreu ferimentos de gravidade mais elevada. A opera\u00e7\u00e3o decorreu ap\u00f3s dilig\u00eancias iniciadas a partir da not\u00edcia do crime.<\/p>\n<p>As investiga\u00e7\u00f5es permitiram localizar e apreender uma das armas utilizadas e reunir provas testemunhais, documentais e periciais que sustentam as circunst\u00e2ncias dos factos. A descoberta dessas evid\u00eancias levou \u00e0 deten\u00e7\u00e3o dos dois arguidos fora de flagrante delito.<\/p>\n<h3>Provas e dilig\u00eancias<\/h3>\n<p>Os arguidos foram presentes a primeiro interrogat\u00f3rio judicial de arguido detido, tendo sido-lhes aplicada a medida de coa\u00e7\u00e3o de pris\u00e3o preventiva. A PJ continua a recolher elementos para esclarecer todos os pormenores do caso.<\/p>\n","protected":false},"excerpt":{"rendered":"<ul>\n<li>A Pol\u00edcia Judici\u00e1ria de Set\u00fabal deteve dois homens, de 44 e 46 anos, por dois crimes de homic\u00eddio qualificado na forma de tentativa, ocorridos em outubro do ano passado no Bairro da Bela Vista, em Set\u00fabal.<\/li>\n<li>Os suspeitos, que estavam em fuga, foram detidos ap\u00f3s investiga\u00e7\u00f5es que comprovaram que dispararam a matar sobre dois rivais em momentos distintos, separados por poucos minutos.<\/li>\n<li>As v\u00edtimas tinham 42 e 50 anos; uma delas sofreu ferimentos de maior gravidade.<\/li>\n<li>As dilig\u00eancias permitiram localizar e apreender uma das armas utilizadas, al\u00e9m de reunir provas testemunhais, documentais e periciais sobre as circunst\u00e2ncias do crime.<\/li>\n<li>Os arguidos foram apresentados a primeiro interrogat\u00f3rio judicial de arguido detido, tendo a autoridade judici\u00e1ria decidido aplicar-lhes a medida de pris\u00e3o preventiva.<\/li>\n<\/ul>\n","protected":false},"author":2,"featured_media":424080,"comment_status":"closed","ping_status":"closed","sticky":false,"template":"","format":"standard","meta":{"footnotes":""},"categories":[7374,6815],"tags":[7000,124,4139,1189,1802,994],"class_list":["post-424074","post","type-post","status-publish","format-standard","has-post-thumbnail","hentry","category-criminalidade","category-justica","tag-apreensoes","tag-arma-de-fogo","tag-detencao","tag-homicidio-qualificado","tag-policia-judiciaria","tag-setubal"],"yoast_head":"<!-- This site is optimized with the Yoast SEO plugin v27.2 - https:\/\/yoast.com\/product\/yoast-seo-wordpress\/ -->\n<title>PJ prende dois homens por emboscada a tiros a rivais - Portal Tela Portugal<\/title>\n<meta name=\"robots\" content=\"index, follow, max-snippet:-1, max-image-preview:large, max-video-preview:-1\" \/>\n<meta property=\"og:locale\" content=\"pt_PT\" \/>\n<meta property=\"og:type\" content=\"article\" \/>\n<meta property=\"og:title\" content=\"PJ prende dois homens por emboscada a tiros a rivais - Portal Tela Portugal\" \/>\n<meta property=\"og:description\" content=\"A Pol\u00edcia Judici\u00e1ria de Set\u00fabal deteve dois homens, de 44 e 46 anos, por dois crimes de homic\u00eddio qualificado na forma de tentativa, ocorridos em outubro do ano passado no Bairro da Bela Vista, em Set\u00fabal. Os suspeitos, que estavam em fuga, foram detidos ap\u00f3s investiga\u00e7\u00f5es que comprovaram que dispararam a matar sobre dois rivais em momentos distintos, separados por poucos minutos. As v\u00edtimas tinham 42 e 50 anos; uma delas sofreu ferimentos de maior gravidade. As dilig\u00eancias permitiram localizar e apreender uma das armas utilizadas, al\u00e9m de reunir provas testemunhais, documentais e periciais sobre as circunst\u00e2ncias do crime. Os arguidos foram apresentados a primeiro interrogat\u00f3rio judicial de arguido detido, tendo a autoridade judici\u00e1ria decidido aplicar-lhes a medida de pris\u00e3o preventiva.\" \/>\n<meta property=\"og:url\" content=\"https:\/\/portaltela.pt\/noticias\/2026\/03\/27\/pj-prende-dois-homens-por-emboscada-a-tiros-a-rivais\/\" \/>\n<meta property=\"og:site_name\" content=\"Portal Tela Portugal\" \/>\n<meta property=\"article:published_time\" content=\"2026-03-27T17:07:00+00:00\" \/>\n<meta name=\"author\" content=\"Telinha\" \/>\n<meta name=\"twitter:card\" content=\"summary_large_image\" \/>\n<meta name=\"twitter:label1\" content=\"Escrito por\" \/>\n\t<meta name=\"twitter:data1\" content=\"Telinha\" \/>\n\t<meta name=\"twitter:label2\" content=\"Tempo estimado de leitura\" \/>\n\t<meta name=\"twitter:data2\" content=\"1 minuto\" \/>\n<script type=\"application\/ld+json\" class=\"yoast-schema-graph\">{\"@context\":\"https:\/\/schema.org\",\"@graph\":[{\"@type\":\"Article\",\"@id\":\"https:\/\/portaltela.pt\/noticias\/2026\/03\/27\/pj-prende-dois-homens-por-emboscada-a-tiros-a-rivais\/#article\",\"isPartOf\":{\"@id\":\"https:\/\/portaltela.pt\/noticias\/2026\/03\/27\/pj-prende-dois-homens-por-emboscada-a-tiros-a-rivais\/\"},\"author\":{\"name\":\"Telinha\",\"@id\":\"https:\/\/portaltela.pt\/#\/schema\/person\/c4278d4a6028830caff9ee44b42d32ed\"},\"headline\":\"PJ prende dois homens por emboscada a tiros a rivais\",\"datePublished\":\"2026-03-27T17:07:00+00:00\",\"mainEntityOfPage\":{\"@id\":\"https:\/\/portaltela.pt\/noticias\/2026\/03\/27\/pj-prende-dois-homens-por-emboscada-a-tiros-a-rivais\/\"},\"wordCount\":197,\"image\":{\"@id\":\"https:\/\/portaltela.pt\/noticias\/2026\/03\/27\/pj-prende-dois-homens-por-emboscada-a-tiros-a-rivais\/#primaryimage\"},\"thumbnailUrl\":\"https:\/\/portaltela.pt\/s.01k8rhncp4jt1\/2026\/03\/0681f0fa-0e83-48cb-91c6-0d1b4da3177e_1200x675.jpg\",\"keywords\":[\"apreens\u00f5es\",\"arma de fogo\",\"deten\u00e7\u00e3o\",\"homic\u00eddio qualificado\",\"Pol\u00edcia Judici\u00e1ria\",\"Set\u00fabal\"],\"articleSection\":[\"Criminalidade\",\"Justi\u00e7a\"],\"inLanguage\":\"pt-PT\"},{\"@type\":\"WebPage\",\"@id\":\"https:\/\/portaltela.pt\/noticias\/2026\/03\/27\/pj-prende-dois-homens-por-emboscada-a-tiros-a-rivais\/\",\"url\":\"https:\/\/portaltela.pt\/noticias\/2026\/03\/27\/pj-prende-dois-homens-por-emboscada-a-tiros-a-rivais\/\",\"name\":\"PJ prende dois homens por emboscada a tiros a rivais - Portal Tela Portugal\",\"isPartOf\":{\"@id\":\"https:\/\/portaltela.pt\/#website\"},\"primaryImageOfPage\":{\"@id\":\"https:\/\/portaltela.pt\/noticias\/2026\/03\/27\/pj-prende-dois-homens-por-emboscada-a-tiros-a-rivais\/#primaryimage\"},\"image\":{\"@id\":\"https:\/\/portaltela.pt\/noticias\/2026\/03\/27\/pj-prende-dois-homens-por-emboscada-a-tiros-a-rivais\/#primaryimage\"},\"thumbnailUrl\":\"https:\/\/portaltela.pt\/s.01k8rhncp4jt1\/2026\/03\/0681f0fa-0e83-48cb-91c6-0d1b4da3177e_1200x675.jpg\",\"datePublished\":\"2026-03-27T17:07:00+00:00\",\"author\":{\"@id\":\"https:\/\/portaltela.pt\/#\/schema\/person\/c4278d4a6028830caff9ee44b42d32ed\"},\"breadcrumb\":{\"@id\":\"https:\/\/portaltela.pt\/noticias\/2026\/03\/27\/pj-prende-dois-homens-por-emboscada-a-tiros-a-rivais\/#breadcrumb\"},\"inLanguage\":\"pt-PT\",\"potentialAction\":[{\"@type\":\"ReadAction\",\"target\":[\"https:\/\/portaltela.pt\/noticias\/2026\/03\/27\/pj-prende-dois-homens-por-emboscada-a-tiros-a-rivais\/\"]}]},{\"@type\":\"ImageObject\",\"inLanguage\":\"pt-PT\",\"@id\":\"https:\/\/portaltela.pt\/noticias\/2026\/03\/27\/pj-prende-dois-homens-por-emboscada-a-tiros-a-rivais\/#primaryimage\",\"url\":\"https:\/\/portaltela.pt\/s.01k8rhncp4jt1\/2026\/03\/0681f0fa-0e83-48cb-91c6-0d1b4da3177e_1200x675.jpg\",\"contentUrl\":\"https:\/\/portaltela.pt\/s.01k8rhncp4jt1\/2026\/03\/0681f0fa-0e83-48cb-91c6-0d1b4da3177e_1200x675.jpg\",\"width\":796,\"height\":448,\"caption\":\"O crime ocorreu no contexto de conflitos entre membros das fam\u00edlias dos agressores e das v\u00edtimas\"},{\"@type\":\"BreadcrumbList\",\"@id\":\"https:\/\/portaltela.pt\/noticias\/2026\/03\/27\/pj-prende-dois-homens-por-emboscada-a-tiros-a-rivais\/#breadcrumb\",\"itemListElement\":[{\"@type\":\"ListItem\",\"position\":1,\"name\":\"In\u00edcio\",\"item\":\"https:\/\/portaltela.pt\/\"},{\"@type\":\"ListItem\",\"position\":2,\"name\":\"PJ prende dois homens por emboscada a tiros a rivais\"}]},{\"@type\":\"WebSite\",\"@id\":\"https:\/\/portaltela.pt\/#website\",\"url\":\"https:\/\/portaltela.pt\/\",\"name\":\"Portal Tela Portugal\",\"description\":\"\",\"potentialAction\":[{\"@type\":\"SearchAction\",\"target\":{\"@type\":\"EntryPoint\",\"urlTemplate\":\"https:\/\/portaltela.pt\/?s={search_term_string}\"},\"query-input\":{\"@type\":\"PropertyValueSpecification\",\"valueRequired\":true,\"valueName\":\"search_term_string\"}}],\"inLanguage\":\"pt-PT\"},{\"@type\":\"Person\",\"@id\":\"https:\/\/portaltela.pt\/#\/schema\/person\/c4278d4a6028830caff9ee44b42d32ed\",\"name\":\"Telinha\",\"image\":{\"@type\":\"ImageObject\",\"inLanguage\":\"pt-PT\",\"@id\":\"https:\/\/portaltela.pt\/s.01k8rhncp4jt1\/2025\/11\/talking-bot-125x125.png\",\"url\":\"https:\/\/portaltela.pt\/s.01k8rhncp4jt1\/2025\/11\/talking-bot-125x125.png\",\"contentUrl\":\"https:\/\/portaltela.pt\/s.01k8rhncp4jt1\/2025\/11\/talking-bot-125x125.png\",\"caption\":\"Telinha\"},\"sameAs\":[\"https:\/\/portaltela.pt\/\"],\"url\":\"https:\/\/portaltela.pt\/por\/367410592786\/\"}]}<\/script>\n<!-- \/ Yoast SEO plugin. -->","yoast_head_json":{"title":"PJ prende dois homens por emboscada a tiros a rivais - Portal Tela Portugal","robots":{"index":"index","follow":"follow","max-snippet":"max-snippet:-1","max-image-preview":"max-image-preview:large","max-video-preview":"max-video-preview:-1"},"og_locale":"pt_PT","og_type":"article","og_title":"PJ prende dois homens por emboscada a tiros a rivais - Portal Tela Portugal","og_description":"A Pol\u00edcia Judici\u00e1ria de Set\u00fabal deteve dois homens, de 44 e 46 anos, por dois crimes de homic\u00eddio qualificado na forma de tentativa, ocorridos em outubro do ano passado no Bairro da Bela Vista, em Set\u00fabal. Os suspeitos, que estavam em fuga, foram detidos ap\u00f3s investiga\u00e7\u00f5es que comprovaram que dispararam a matar sobre dois rivais em momentos distintos, separados por poucos minutos. As v\u00edtimas tinham 42 e 50 anos; uma delas sofreu ferimentos de maior gravidade. As dilig\u00eancias permitiram localizar e apreender uma das armas utilizadas, al\u00e9m de reunir provas testemunhais, documentais e periciais sobre as circunst\u00e2ncias do crime. Os arguidos foram apresentados a primeiro interrogat\u00f3rio judicial de arguido detido, tendo a autoridade judici\u00e1ria decidido aplicar-lhes a medida de pris\u00e3o preventiva.","og_url":"https:\/\/portaltela.pt\/noticias\/2026\/03\/27\/pj-prende-dois-homens-por-emboscada-a-tiros-a-rivais\/","og_site_name":"Portal Tela Portugal","article_published_time":"2026-03-27T17:07:00+00:00","author":"Telinha","twitter_card":"summary_large_image","twitter_misc":{"Escrito por":"Telinha","Tempo estimado de leitura":"1 minuto"},"schema":{"@context":"https:\/\/schema.org","@graph":[{"@type":"Article","@id":"https:\/\/portaltela.pt\/noticias\/2026\/03\/27\/pj-prende-dois-homens-por-emboscada-a-tiros-a-rivais\/#article","isPartOf":{"@id":"https:\/\/portaltela.pt\/noticias\/2026\/03\/27\/pj-prende-dois-homens-por-emboscada-a-tiros-a-rivais\/"},"author":{"name":"Telinha","@id":"https:\/\/portaltela.pt\/#\/schema\/person\/c4278d4a6028830caff9ee44b42d32ed"},"headline":"PJ prende dois homens por emboscada a tiros a rivais","datePublished":"2026-03-27T17:07:00+00:00","mainEntityOfPage":{"@id":"https:\/\/portaltela.pt\/noticias\/2026\/03\/27\/pj-prende-dois-homens-por-emboscada-a-tiros-a-rivais\/"},"wordCount":197,"image":{"@id":"https:\/\/portaltela.pt\/noticias\/2026\/03\/27\/pj-prende-dois-homens-por-emboscada-a-tiros-a-rivais\/#primaryimage"},"thumbnailUrl":"https:\/\/portaltela.pt\/s.01k8rhncp4jt1\/2026\/03\/0681f0fa-0e83-48cb-91c6-0d1b4da3177e_1200x675.jpg","keywords":["apreens\u00f5es","arma de fogo","deten\u00e7\u00e3o","homic\u00eddio qualificado","Pol\u00edcia Judici\u00e1ria","Set\u00fabal"],"articleSection":["Criminalidade","Justi\u00e7a"],"inLanguage":"pt-PT"},{"@type":"WebPage","@id":"https:\/\/portaltela.pt\/noticias\/2026\/03\/27\/pj-prende-dois-homens-por-emboscada-a-tiros-a-rivais\/","url":"https:\/\/portaltela.pt\/noticias\/2026\/03\/27\/pj-prende-dois-homens-por-emboscada-a-tiros-a-rivais\/","name":"PJ prende dois homens por emboscada a tiros a rivais - Portal Tela Portugal","isPartOf":{"@id":"https:\/\/portaltela.pt\/#website"},"primaryImageOfPage":{"@id":"https:\/\/portaltela.pt\/noticias\/2026\/03\/27\/pj-prende-dois-homens-por-emboscada-a-tiros-a-rivais\/#primaryimage"},"image":{"@id":"https:\/\/portaltela.pt\/noticias\/2026\/03\/27\/pj-prende-dois-homens-por-emboscada-a-tiros-a-rivais\/#primaryimage"},"thumbnailUrl":"https:\/\/portaltela.pt\/s.01k8rhncp4jt1\/2026\/03\/0681f0fa-0e83-48cb-91c6-0d1b4da3177e_1200x675.jpg","datePublished":"2026-03-27T17:07:00+00:00","author":{"@id":"https:\/\/portaltela.pt\/#\/schema\/person\/c4278d4a6028830caff9ee44b42d32ed"},"breadcrumb":{"@id":"https:\/\/portaltela.pt\/noticias\/2026\/03\/27\/pj-prende-dois-homens-por-emboscada-a-tiros-a-rivais\/#breadcrumb"},"inLanguage":"pt-PT","potentialAction":[{"@type":"ReadAction","target":["https:\/\/portaltela.pt\/noticias\/2026\/03\/27\/pj-prende-dois-homens-por-emboscada-a-tiros-a-rivais\/"]}]},{"@type":"ImageObject","inLanguage":"pt-PT","@id":"https:\/\/portaltela.pt\/noticias\/2026\/03\/27\/pj-prende-dois-homens-por-emboscada-a-tiros-a-rivais\/#primaryimage","url":"https:\/\/portaltela.pt\/s.01k8rhncp4jt1\/2026\/03\/0681f0fa-0e83-48cb-91c6-0d1b4da3177e_1200x675.jpg","contentUrl":"https:\/\/portaltela.pt\/s.01k8rhncp4jt1\/2026\/03\/0681f0fa-0e83-48cb-91c6-0d1b4da3177e_1200x675.jpg","width":796,"height":448,"caption":"O crime ocorreu no contexto de conflitos entre membros das fam\u00edlias dos agressores e das v\u00edtimas"},{"@type":"BreadcrumbList","@id":"https:\/\/portaltela.pt\/noticias\/2026\/03\/27\/pj-prende-dois-homens-por-emboscada-a-tiros-a-rivais\/#breadcrumb","itemListElement":[{"@type":"ListItem","position":1,"name":"In\u00edcio","item":"https:\/\/portaltela.pt\/"},{"@type":"ListItem","position":2,"name":"PJ prende dois homens por emboscada a tiros a rivais"}]},{"@type":"WebSite","@id":"https:\/\/portaltela.pt\/#website","url":"https:\/\/portaltela.pt\/","name":"Portal Tela Portugal","description":"","potentialAction":[{"@type":"SearchAction","target":{"@type":"EntryPoint","urlTemplate":"https:\/\/portaltela.pt\/?s={search_term_string}"},"query-input":{"@type":"PropertyValueSpecification","valueRequired":true,"valueName":"search_term_string"}}],"inLanguage":"pt-PT"},{"@type":"Person","@id":"https:\/\/portaltela.pt\/#\/schema\/person\/c4278d4a6028830caff9ee44b42d32ed","name":"Telinha","image":{"@type":"ImageObject","inLanguage":"pt-PT","@id":"https:\/\/portaltela.pt\/s.01k8rhncp4jt1\/2025\/11\/talking-bot-125x125.png","url":"https:\/\/portaltela.pt\/s.01k8rhncp4jt1\/2025\/11\/talking-bot-125x125.png","contentUrl":"https:\/\/portaltela.pt\/s.01k8rhncp4jt1\/2025\/11\/talking-bot-125x125.png","caption":"Telinha"},"sameAs":["https:\/\/portaltela.pt\/"],"url":"https:\/\/portaltela.pt\/por\/367410592786\/"}]}},"_links":{"self":[{"href":"https:\/\/portaltela.pt\/api\/wp\/v2\/posts\/424074","targetHints":{"allow":["GET"]}}],"collection":[{"href":"https:\/\/portaltela.pt\/api\/wp\/v2\/posts"}],"about":[{"href":"https:\/\/portaltela.pt\/api\/wp\/v2\/types\/post"}],"author":[{"embeddable":true,"href":"https:\/\/portaltela.pt\/api\/wp\/v2\/users\/2"}],"replies":[{"embeddable":true,"href":"https:\/\/portaltela.pt\/api\/wp\/v2\/comments?post=424074"}],"version-history":[{"count":0,"href":"https:\/\/portaltela.pt\/api\/wp\/v2\/posts\/424074\/revisions"}],"wp:featuredmedia":[{"embeddable":true,"href":"https:\/\/portaltela.pt\/api\/wp\/v2\/media\/424080"}],"wp:attachment":[{"href":"https:\/\/portaltela.pt\/api\/wp\/v2\/media?parent=424074"}],"wp:term":[{"taxonomy":"category","embeddable":true,"href":"https:\/\/portaltela.pt\/api\/wp\/v2\/categories?post=424074"},{"taxonomy":"post_tag","embeddable":true,"href":"https:\/\/portaltela.pt\/api\/wp\/v2\/tags?post=424074"}],"curies":[{"name":"wp","href":"https:\/\/api.w.org\/{rel}","templated":true}]}}