{"id":424069,"date":"2026-03-27T14:12:00","date_gmt":"2026-03-27T17:12:00","guid":{"rendered":"https:\/\/portaltela.pt\/noticias\/2026\/03\/27\/caminha-despede-se-do-cafe-do-tomas-apos-35-anos-na-praca-central\/"},"modified":"2026-03-27T14:12:00","modified_gmt":"2026-03-27T17:12:00","slug":"caminha-despede-se-do-cafe-do-tomas-apos-35-anos-na-praca-central","status":"publish","type":"post","link":"https:\/\/portaltela.pt\/noticias\/economia\/2026\/03\/27\/caminha-despede-se-do-cafe-do-tomas-apos-35-anos-na-praca-central\/","title":{"rendered":"Caminha despede-se do Caf\u00e9 do Tom\u00e1s, ap\u00f3s 35 anos na pra\u00e7a central"},"content":{"rendered":"<p>O Caf\u00e9 Central de Caminha, com esplanada junto ao cora\u00e7\u00e3o da cidade, vai fechar as portas pela \u00faltima vez no domingo de P\u00e1scoa. A decis\u00e3o acompanha cinco anos de diverg\u00eancias com o senhorio por obras no edif\u00edcio.<\/p>\n<p>Tom\u00e1s Capela, de 65 anos, \u00e9 a cara do estabelecimento h\u00e1 35 anos. A cada abra\u00e7o de despedida, a emo\u00e7\u00e3o toma o rosto e a voz falha, segundo relatos de clientes que o conhecem como \u201cTom\u00e1s\u201d.<\/p>\n<p>A esplanada emblem\u00e1tica foi pano de fundo para muitos encontros na pra\u00e7a central. O fecho encerra uma era de encontros di\u00e1rios e mem\u00f3ria comunit\u00e1ria que o espa\u00e7o tem vindo a albergar ao longo dos anos.<\/p>\n<p>Abaixo dos sinais de mudan\u00e7a, a cidade ainda n\u00e3o indicou quem poder\u00e1 ocupar o espa\u00e7o. O respons\u00e1vel pela decis\u00e3o n\u00e3o respondeu ao jornal at\u00e9 ao momento, mantendo a informa\u00e7\u00e3o restrita \u00e0s partes envolvidas.<\/p>\n","protected":false},"excerpt":{"rendered":"<ul>\n<li>O caf\u00e9 Central, em Caminha, vai fechar pela \u00faltima vez no Domingo de P\u00e1scoa, ap\u00f3s trinta e cinco anos de funcionamento.<\/li>\n<li>O propriet\u00e1rio \u00e9 Tom\u00e1s Capela, de sessenta e cinco anos, rosto do espa\u00e7o e da grande esplanada no cora\u00e7\u00e3o da vila.<\/li>\n<li>A decis\u00e3o resulta de cinco anos de diverg\u00eancias com o senhorio por causa de obras no edif\u00edcio.<\/li>\n<li>Clientes de v\u00e1rias gera\u00e7\u00f5es, que o conhecem por \u201cTom\u00e1s\u201d, t\u00eam entrado no estabelecimento para o despedimento e para palavras de apoio.<\/li>\n<li>O encerramento encerra um espa\u00e7o emblem\u00e1tico da pra\u00e7a central de Caminha.<\/li>\n<\/ul>\n","protected":false},"author":2,"featured_media":424079,"comment_status":"closed","ping_status":"closed","sticky":false,"template":"","format":"standard","meta":{"footnotes":""},"categories":[2,6735],"tags":[1525,244,3035,948,3020,40],"class_list":["post-424069","post","type-post","status-publish","format-standard","has-post-thumbnail","hentry","category-economia","category-negocios","tag-caminha","tag-comercio","tag-comunidade","tag-despedimento","tag-despedimentos","tag-pessoas"],"yoast_head":"<!-- This site is optimized with the Yoast SEO plugin v27.2 - https:\/\/yoast.com\/product\/yoast-seo-wordpress\/ -->\n<title>Caminha despede-se do Caf\u00e9 do Tom\u00e1s, ap\u00f3s 35 anos na pra\u00e7a central - Portal Tela Portugal<\/title>\n<meta name=\"robots\" content=\"index, follow, max-snippet:-1, max-image-preview:large, max-video-preview:-1\" \/>\n<meta property=\"og:locale\" content=\"pt_PT\" \/>\n<meta property=\"og:type\" content=\"article\" \/>\n<meta property=\"og:title\" content=\"Caminha despede-se do Caf\u00e9 do Tom\u00e1s, ap\u00f3s 35 anos na pra\u00e7a central - Portal Tela Portugal\" \/>\n<meta property=\"og:description\" content=\"O caf\u00e9 Central, em Caminha, vai fechar pela \u00faltima vez no Domingo de P\u00e1scoa, ap\u00f3s trinta e cinco anos de funcionamento. O propriet\u00e1rio \u00e9 Tom\u00e1s Capela, de sessenta e cinco anos, rosto do espa\u00e7o e da grande esplanada no cora\u00e7\u00e3o da vila. A decis\u00e3o resulta de cinco anos de diverg\u00eancias com o senhorio por causa de obras no edif\u00edcio. Clientes de v\u00e1rias gera\u00e7\u00f5es, que o conhecem por \u201cTom\u00e1s\u201d, t\u00eam entrado no estabelecimento para o despedimento e para palavras de apoio. O encerramento encerra um espa\u00e7o emblem\u00e1tico da pra\u00e7a central de Caminha.\" \/>\n<meta property=\"og:url\" content=\"https:\/\/portaltela.pt\/noticias\/2026\/03\/27\/caminha-despede-se-do-cafe-do-tomas-apos-35-anos-na-praca-central\/\" \/>\n<meta property=\"og:site_name\" content=\"Portal Tela Portugal\" \/>\n<meta property=\"article:published_time\" content=\"2026-03-27T17:12:00+00:00\" \/>\n<meta name=\"author\" content=\"Telinha\" \/>\n<meta name=\"twitter:card\" content=\"summary_large_image\" \/>\n<meta name=\"twitter:label1\" content=\"Escrito por\" \/>\n\t<meta name=\"twitter:data1\" content=\"Telinha\" \/>\n\t<meta name=\"twitter:label2\" content=\"Tempo estimado de leitura\" \/>\n\t<meta name=\"twitter:data2\" content=\"1 minuto\" \/>\n<script type=\"application\/ld+json\" class=\"yoast-schema-graph\">{\"@context\":\"https:\/\/schema.org\",\"@graph\":[{\"@type\":\"Article\",\"@id\":\"https:\/\/portaltela.pt\/noticias\/2026\/03\/27\/caminha-despede-se-do-cafe-do-tomas-apos-35-anos-na-praca-central\/#article\",\"isPartOf\":{\"@id\":\"https:\/\/portaltela.pt\/noticias\/2026\/03\/27\/caminha-despede-se-do-cafe-do-tomas-apos-35-anos-na-praca-central\/\"},\"author\":{\"name\":\"Telinha\",\"@id\":\"https:\/\/portaltela.pt\/#\/schema\/person\/c4278d4a6028830caff9ee44b42d32ed\"},\"headline\":\"Caminha despede-se do Caf\u00e9 do Tom\u00e1s, ap\u00f3s 35 anos na pra\u00e7a central\",\"datePublished\":\"2026-03-27T17:12:00+00:00\",\"mainEntityOfPage\":{\"@id\":\"https:\/\/portaltela.pt\/noticias\/2026\/03\/27\/caminha-despede-se-do-cafe-do-tomas-apos-35-anos-na-praca-central\/\"},\"wordCount\":174,\"image\":{\"@id\":\"https:\/\/portaltela.pt\/noticias\/2026\/03\/27\/caminha-despede-se-do-cafe-do-tomas-apos-35-anos-na-praca-central\/#primaryimage\"},\"thumbnailUrl\":\"https:\/\/portaltela.pt\/s.01k8rhncp4jt1\/2026\/03\/image-1625.jpg\",\"keywords\":[\"Caminha\",\"com\u00e9rcio\",\"comunidade\",\"despedimento\",\"despedimentos\",\"pessoas\"],\"articleSection\":[\"Economia\",\"Neg\u00f3cios\"],\"inLanguage\":\"pt-PT\"},{\"@type\":\"WebPage\",\"@id\":\"https:\/\/portaltela.pt\/noticias\/2026\/03\/27\/caminha-despede-se-do-cafe-do-tomas-apos-35-anos-na-praca-central\/\",\"url\":\"https:\/\/portaltela.pt\/noticias\/2026\/03\/27\/caminha-despede-se-do-cafe-do-tomas-apos-35-anos-na-praca-central\/\",\"name\":\"Caminha despede-se do Caf\u00e9 do Tom\u00e1s, ap\u00f3s 35 anos na pra\u00e7a central - Portal Tela Portugal\",\"isPartOf\":{\"@id\":\"https:\/\/portaltela.pt\/#website\"},\"primaryImageOfPage\":{\"@id\":\"https:\/\/portaltela.pt\/noticias\/2026\/03\/27\/caminha-despede-se-do-cafe-do-tomas-apos-35-anos-na-praca-central\/#primaryimage\"},\"image\":{\"@id\":\"https:\/\/portaltela.pt\/noticias\/2026\/03\/27\/caminha-despede-se-do-cafe-do-tomas-apos-35-anos-na-praca-central\/#primaryimage\"},\"thumbnailUrl\":\"https:\/\/portaltela.pt\/s.01k8rhncp4jt1\/2026\/03\/image-1625.jpg\",\"datePublished\":\"2026-03-27T17:12:00+00:00\",\"author\":{\"@id\":\"https:\/\/portaltela.pt\/#\/schema\/person\/c4278d4a6028830caff9ee44b42d32ed\"},\"breadcrumb\":{\"@id\":\"https:\/\/portaltela.pt\/noticias\/2026\/03\/27\/caminha-despede-se-do-cafe-do-tomas-apos-35-anos-na-praca-central\/#breadcrumb\"},\"inLanguage\":\"pt-PT\",\"potentialAction\":[{\"@type\":\"ReadAction\",\"target\":[\"https:\/\/portaltela.pt\/noticias\/2026\/03\/27\/caminha-despede-se-do-cafe-do-tomas-apos-35-anos-na-praca-central\/\"]}]},{\"@type\":\"ImageObject\",\"inLanguage\":\"pt-PT\",\"@id\":\"https:\/\/portaltela.pt\/noticias\/2026\/03\/27\/caminha-despede-se-do-cafe-do-tomas-apos-35-anos-na-praca-central\/#primaryimage\",\"url\":\"https:\/\/portaltela.pt\/s.01k8rhncp4jt1\/2026\/03\/image-1625.jpg\",\"contentUrl\":\"https:\/\/portaltela.pt\/s.01k8rhncp4jt1\/2026\/03\/image-1625.jpg\",\"width\":796,\"height\":448,\"caption\":\"Esplanada emblem\u00e1tica proporcionou muitos encontros e muitas mem\u00f3rias\"},{\"@type\":\"BreadcrumbList\",\"@id\":\"https:\/\/portaltela.pt\/noticias\/2026\/03\/27\/caminha-despede-se-do-cafe-do-tomas-apos-35-anos-na-praca-central\/#breadcrumb\",\"itemListElement\":[{\"@type\":\"ListItem\",\"position\":1,\"name\":\"In\u00edcio\",\"item\":\"https:\/\/portaltela.pt\/\"},{\"@type\":\"ListItem\",\"position\":2,\"name\":\"Caminha despede-se do Caf\u00e9 do Tom\u00e1s, ap\u00f3s 35 anos na pra\u00e7a central\"}]},{\"@type\":\"WebSite\",\"@id\":\"https:\/\/portaltela.pt\/#website\",\"url\":\"https:\/\/portaltela.pt\/\",\"name\":\"Portal Tela Portugal\",\"description\":\"\",\"potentialAction\":[{\"@type\":\"SearchAction\",\"target\":{\"@type\":\"EntryPoint\",\"urlTemplate\":\"https:\/\/portaltela.pt\/?s={search_term_string}\"},\"query-input\":{\"@type\":\"PropertyValueSpecification\",\"valueRequired\":true,\"valueName\":\"search_term_string\"}}],\"inLanguage\":\"pt-PT\"},{\"@type\":\"Person\",\"@id\":\"https:\/\/portaltela.pt\/#\/schema\/person\/c4278d4a6028830caff9ee44b42d32ed\",\"name\":\"Telinha\",\"image\":{\"@type\":\"ImageObject\",\"inLanguage\":\"pt-PT\",\"@id\":\"https:\/\/portaltela.pt\/s.01k8rhncp4jt1\/2025\/11\/talking-bot-125x125.png\",\"url\":\"https:\/\/portaltela.pt\/s.01k8rhncp4jt1\/2025\/11\/talking-bot-125x125.png\",\"contentUrl\":\"https:\/\/portaltela.pt\/s.01k8rhncp4jt1\/2025\/11\/talking-bot-125x125.png\",\"caption\":\"Telinha\"},\"sameAs\":[\"https:\/\/portaltela.pt\/\"],\"url\":\"https:\/\/portaltela.pt\/por\/367410592786\/\"}]}<\/script>\n<!-- \/ Yoast SEO plugin. -->","yoast_head_json":{"title":"Caminha despede-se do Caf\u00e9 do Tom\u00e1s, ap\u00f3s 35 anos na pra\u00e7a central - Portal Tela Portugal","robots":{"index":"index","follow":"follow","max-snippet":"max-snippet:-1","max-image-preview":"max-image-preview:large","max-video-preview":"max-video-preview:-1"},"og_locale":"pt_PT","og_type":"article","og_title":"Caminha despede-se do Caf\u00e9 do Tom\u00e1s, ap\u00f3s 35 anos na pra\u00e7a central - Portal Tela Portugal","og_description":"O caf\u00e9 Central, em Caminha, vai fechar pela \u00faltima vez no Domingo de P\u00e1scoa, ap\u00f3s trinta e cinco anos de funcionamento. O propriet\u00e1rio \u00e9 Tom\u00e1s Capela, de sessenta e cinco anos, rosto do espa\u00e7o e da grande esplanada no cora\u00e7\u00e3o da vila. A decis\u00e3o resulta de cinco anos de diverg\u00eancias com o senhorio por causa de obras no edif\u00edcio. Clientes de v\u00e1rias gera\u00e7\u00f5es, que o conhecem por \u201cTom\u00e1s\u201d, t\u00eam entrado no estabelecimento para o despedimento e para palavras de apoio. O encerramento encerra um espa\u00e7o emblem\u00e1tico da pra\u00e7a central de Caminha.","og_url":"https:\/\/portaltela.pt\/noticias\/2026\/03\/27\/caminha-despede-se-do-cafe-do-tomas-apos-35-anos-na-praca-central\/","og_site_name":"Portal Tela Portugal","article_published_time":"2026-03-27T17:12:00+00:00","author":"Telinha","twitter_card":"summary_large_image","twitter_misc":{"Escrito por":"Telinha","Tempo estimado de leitura":"1 minuto"},"schema":{"@context":"https:\/\/schema.org","@graph":[{"@type":"Article","@id":"https:\/\/portaltela.pt\/noticias\/2026\/03\/27\/caminha-despede-se-do-cafe-do-tomas-apos-35-anos-na-praca-central\/#article","isPartOf":{"@id":"https:\/\/portaltela.pt\/noticias\/2026\/03\/27\/caminha-despede-se-do-cafe-do-tomas-apos-35-anos-na-praca-central\/"},"author":{"name":"Telinha","@id":"https:\/\/portaltela.pt\/#\/schema\/person\/c4278d4a6028830caff9ee44b42d32ed"},"headline":"Caminha despede-se do Caf\u00e9 do Tom\u00e1s, ap\u00f3s 35 anos na pra\u00e7a central","datePublished":"2026-03-27T17:12:00+00:00","mainEntityOfPage":{"@id":"https:\/\/portaltela.pt\/noticias\/2026\/03\/27\/caminha-despede-se-do-cafe-do-tomas-apos-35-anos-na-praca-central\/"},"wordCount":174,"image":{"@id":"https:\/\/portaltela.pt\/noticias\/2026\/03\/27\/caminha-despede-se-do-cafe-do-tomas-apos-35-anos-na-praca-central\/#primaryimage"},"thumbnailUrl":"https:\/\/portaltela.pt\/s.01k8rhncp4jt1\/2026\/03\/image-1625.jpg","keywords":["Caminha","com\u00e9rcio","comunidade","despedimento","despedimentos","pessoas"],"articleSection":["Economia","Neg\u00f3cios"],"inLanguage":"pt-PT"},{"@type":"WebPage","@id":"https:\/\/portaltela.pt\/noticias\/2026\/03\/27\/caminha-despede-se-do-cafe-do-tomas-apos-35-anos-na-praca-central\/","url":"https:\/\/portaltela.pt\/noticias\/2026\/03\/27\/caminha-despede-se-do-cafe-do-tomas-apos-35-anos-na-praca-central\/","name":"Caminha despede-se do Caf\u00e9 do Tom\u00e1s, ap\u00f3s 35 anos na pra\u00e7a central - Portal Tela Portugal","isPartOf":{"@id":"https:\/\/portaltela.pt\/#website"},"primaryImageOfPage":{"@id":"https:\/\/portaltela.pt\/noticias\/2026\/03\/27\/caminha-despede-se-do-cafe-do-tomas-apos-35-anos-na-praca-central\/#primaryimage"},"image":{"@id":"https:\/\/portaltela.pt\/noticias\/2026\/03\/27\/caminha-despede-se-do-cafe-do-tomas-apos-35-anos-na-praca-central\/#primaryimage"},"thumbnailUrl":"https:\/\/portaltela.pt\/s.01k8rhncp4jt1\/2026\/03\/image-1625.jpg","datePublished":"2026-03-27T17:12:00+00:00","author":{"@id":"https:\/\/portaltela.pt\/#\/schema\/person\/c4278d4a6028830caff9ee44b42d32ed"},"breadcrumb":{"@id":"https:\/\/portaltela.pt\/noticias\/2026\/03\/27\/caminha-despede-se-do-cafe-do-tomas-apos-35-anos-na-praca-central\/#breadcrumb"},"inLanguage":"pt-PT","potentialAction":[{"@type":"ReadAction","target":["https:\/\/portaltela.pt\/noticias\/2026\/03\/27\/caminha-despede-se-do-cafe-do-tomas-apos-35-anos-na-praca-central\/"]}]},{"@type":"ImageObject","inLanguage":"pt-PT","@id":"https:\/\/portaltela.pt\/noticias\/2026\/03\/27\/caminha-despede-se-do-cafe-do-tomas-apos-35-anos-na-praca-central\/#primaryimage","url":"https:\/\/portaltela.pt\/s.01k8rhncp4jt1\/2026\/03\/image-1625.jpg","contentUrl":"https:\/\/portaltela.pt\/s.01k8rhncp4jt1\/2026\/03\/image-1625.jpg","width":796,"height":448,"caption":"Esplanada emblem\u00e1tica proporcionou muitos encontros e muitas mem\u00f3rias"},{"@type":"BreadcrumbList","@id":"https:\/\/portaltela.pt\/noticias\/2026\/03\/27\/caminha-despede-se-do-cafe-do-tomas-apos-35-anos-na-praca-central\/#breadcrumb","itemListElement":[{"@type":"ListItem","position":1,"name":"In\u00edcio","item":"https:\/\/portaltela.pt\/"},{"@type":"ListItem","position":2,"name":"Caminha despede-se do Caf\u00e9 do Tom\u00e1s, ap\u00f3s 35 anos na pra\u00e7a central"}]},{"@type":"WebSite","@id":"https:\/\/portaltela.pt\/#website","url":"https:\/\/portaltela.pt\/","name":"Portal Tela Portugal","description":"","potentialAction":[{"@type":"SearchAction","target":{"@type":"EntryPoint","urlTemplate":"https:\/\/portaltela.pt\/?s={search_term_string}"},"query-input":{"@type":"PropertyValueSpecification","valueRequired":true,"valueName":"search_term_string"}}],"inLanguage":"pt-PT"},{"@type":"Person","@id":"https:\/\/portaltela.pt\/#\/schema\/person\/c4278d4a6028830caff9ee44b42d32ed","name":"Telinha","image":{"@type":"ImageObject","inLanguage":"pt-PT","@id":"https:\/\/portaltela.pt\/s.01k8rhncp4jt1\/2025\/11\/talking-bot-125x125.png","url":"https:\/\/portaltela.pt\/s.01k8rhncp4jt1\/2025\/11\/talking-bot-125x125.png","contentUrl":"https:\/\/portaltela.pt\/s.01k8rhncp4jt1\/2025\/11\/talking-bot-125x125.png","caption":"Telinha"},"sameAs":["https:\/\/portaltela.pt\/"],"url":"https:\/\/portaltela.pt\/por\/367410592786\/"}]}},"_links":{"self":[{"href":"https:\/\/portaltela.pt\/api\/wp\/v2\/posts\/424069","targetHints":{"allow":["GET"]}}],"collection":[{"href":"https:\/\/portaltela.pt\/api\/wp\/v2\/posts"}],"about":[{"href":"https:\/\/portaltela.pt\/api\/wp\/v2\/types\/post"}],"author":[{"embeddable":true,"href":"https:\/\/portaltela.pt\/api\/wp\/v2\/users\/2"}],"replies":[{"embeddable":true,"href":"https:\/\/portaltela.pt\/api\/wp\/v2\/comments?post=424069"}],"version-history":[{"count":0,"href":"https:\/\/portaltela.pt\/api\/wp\/v2\/posts\/424069\/revisions"}],"wp:featuredmedia":[{"embeddable":true,"href":"https:\/\/portaltela.pt\/api\/wp\/v2\/media\/424079"}],"wp:attachment":[{"href":"https:\/\/portaltela.pt\/api\/wp\/v2\/media?parent=424069"}],"wp:term":[{"taxonomy":"category","embeddable":true,"href":"https:\/\/portaltela.pt\/api\/wp\/v2\/categories?post=424069"},{"taxonomy":"post_tag","embeddable":true,"href":"https:\/\/portaltela.pt\/api\/wp\/v2\/tags?post=424069"}],"curies":[{"name":"wp","href":"https:\/\/api.w.org\/{rel}","templated":true}]}}