{"id":424066,"date":"2026-03-27T14:03:17","date_gmt":"2026-03-27T17:03:17","guid":{"rendered":"https:\/\/portaltela.pt\/noticias\/2026\/03\/27\/ministerio-publico-de-portalegre-acusa-dois-arguidos-por-trafico-de-droga\/"},"modified":"2026-03-27T14:03:17","modified_gmt":"2026-03-27T17:03:17","slug":"ministerio-publico-de-portalegre-acusa-dois-arguidos-por-trafico-de-droga","status":"publish","type":"post","link":"https:\/\/portaltela.pt\/noticias\/2026\/03\/27\/ministerio-publico-de-portalegre-acusa-dois-arguidos-por-trafico-de-droga\/","title":{"rendered":"Minist\u00e9rio P\u00fablico de Portalegre acusa dois arguidos por tr\u00e1fico de droga"},"content":{"rendered":"<p>O Minist\u00e9rio P\u00fablico (MP) de Portalegre deduziu acusa\u00e7\u00e3o contra dois homens, de 44 e 56 anos, suspeitos de tr\u00e1fico de droga e outras atividades il\u00edcitas na regi\u00e3o de Portalegre. A informa\u00e7\u00e3o foi divulgada esta sexta-feira pela Procuradoria da Comarca de Portalegre.<\/p>\n<p>O arguido de 44 anos \u00e9 acusado de tr\u00e1fico de droga, deten\u00e7\u00e3o de arma proibida e outros crimes. O segundo suspeito, de 56 anos, responde por tr\u00e1fico de droga de menor gravidade, segundo o MP.<\/p>\n<p>Entre os procedimentos descritos, constam apreens\u00f5es de haxixe, coca\u00edna e MDMA, relacionadas com as atividades il\u00edcitas. Os factos remontam a dezembro de 2023 a setembro de 2025 (primeiro arguido) e desde janeiro de 2020 (segundo arguido).<\/p>\n<p>Ambos eram alegadamente envolvidos no tr\u00e1fico de estupefacientes na cidade de Portalegre e nas zonas adjacentes. A investiga\u00e7\u00e3o foi dirigida pelo MP de Portalegre. Os arguidos v\u00e3o ser julgados por um tribunal coletivo.<\/p>\n","protected":false},"excerpt":{"rendered":"<ul>\n<li>O Minist\u00e9rio P\u00fablico deduziu acusa\u00e7\u00e3o contra dois homens, de 44 e 56 anos, por tr\u00e1fico de droga e outras atividades il\u00edcitas na regi\u00e3o de Portalegre.<\/li>\n<li>O arguido de 44 anos \u00e9 acusado de tr\u00e1fico de droga, deten\u00e7\u00e3o de arma proibida e outras pr\u00e1ticas il\u00edcitas; o de 56 anos \u00e9 acusado de tr\u00e1fico de droga de menor gravidade.<\/li>\n<li>Foram apreendidos, entre outros, haxixe, coca\u00edna e MDMA, segundo o MP.<\/li>\n<li>Os factos ocorreram entre dezembro de 2023 e setembro de 2025 para o primeiro arguido, e desde janeiro de 2020 para o segundo.<\/li>\n<li>Ambos dedicavam-se ao tr\u00e1fico de estupefacientes na cidade de Portalegre e arredores; o julgamento ser\u00e1 feito por tribunal coletivo.<\/li>\n<\/ul>\n","protected":false},"author":2,"featured_media":424072,"comment_status":"closed","ping_status":"closed","sticky":false,"template":"","format":"standard","meta":{"footnotes":""},"categories":[6815,1],"tags":[4197,124,147,4347,1075,96],"class_list":["post-424066","post","type-post","status-publish","format-standard","has-post-thumbnail","hentry","category-justica","category-noticias","tag-acusacao-crime","tag-arma-de-fogo","tag-crime","tag-drogas","tag-portalegre","tag-trafico-de-droga"],"yoast_head":"<!-- This site is optimized with the Yoast SEO plugin v27.2 - https:\/\/yoast.com\/product\/yoast-seo-wordpress\/ -->\n<title>Minist\u00e9rio P\u00fablico de Portalegre acusa dois arguidos por tr\u00e1fico de droga - Portal Tela Portugal<\/title>\n<meta name=\"robots\" content=\"index, follow, max-snippet:-1, max-image-preview:large, max-video-preview:-1\" \/>\n<meta property=\"og:locale\" content=\"pt_PT\" \/>\n<meta property=\"og:type\" content=\"article\" \/>\n<meta property=\"og:title\" content=\"Minist\u00e9rio P\u00fablico de Portalegre acusa dois arguidos por tr\u00e1fico de droga - Portal Tela Portugal\" \/>\n<meta property=\"og:description\" content=\"O Minist\u00e9rio P\u00fablico deduziu acusa\u00e7\u00e3o contra dois homens, de 44 e 56 anos, por tr\u00e1fico de droga e outras atividades il\u00edcitas na regi\u00e3o de Portalegre. O arguido de 44 anos \u00e9 acusado de tr\u00e1fico de droga, deten\u00e7\u00e3o de arma proibida e outras pr\u00e1ticas il\u00edcitas; o de 56 anos \u00e9 acusado de tr\u00e1fico de droga de menor gravidade. Foram apreendidos, entre outros, haxixe, coca\u00edna e MDMA, segundo o MP. Os factos ocorreram entre dezembro de 2023 e setembro de 2025 para o primeiro arguido, e desde janeiro de 2020 para o segundo. Ambos dedicavam-se ao tr\u00e1fico de estupefacientes na cidade de Portalegre e arredores; o julgamento ser\u00e1 feito por tribunal coletivo.\" \/>\n<meta property=\"og:url\" content=\"https:\/\/portaltela.pt\/noticias\/2026\/03\/27\/ministerio-publico-de-portalegre-acusa-dois-arguidos-por-trafico-de-droga\/\" \/>\n<meta property=\"og:site_name\" content=\"Portal Tela Portugal\" \/>\n<meta property=\"article:published_time\" content=\"2026-03-27T17:03:17+00:00\" \/>\n<meta name=\"author\" content=\"Telinha\" \/>\n<meta name=\"twitter:card\" content=\"summary_large_image\" \/>\n<meta name=\"twitter:label1\" content=\"Escrito por\" \/>\n\t<meta name=\"twitter:data1\" content=\"Telinha\" \/>\n\t<meta name=\"twitter:label2\" content=\"Tempo estimado de leitura\" \/>\n\t<meta name=\"twitter:data2\" content=\"1 minuto\" \/>\n<script type=\"application\/ld+json\" class=\"yoast-schema-graph\">{\"@context\":\"https:\/\/schema.org\",\"@graph\":[{\"@type\":\"Article\",\"@id\":\"https:\/\/portaltela.pt\/noticias\/2026\/03\/27\/ministerio-publico-de-portalegre-acusa-dois-arguidos-por-trafico-de-droga\/#article\",\"isPartOf\":{\"@id\":\"https:\/\/portaltela.pt\/noticias\/2026\/03\/27\/ministerio-publico-de-portalegre-acusa-dois-arguidos-por-trafico-de-droga\/\"},\"author\":{\"name\":\"Telinha\",\"@id\":\"https:\/\/portaltela.pt\/#\/schema\/person\/c4278d4a6028830caff9ee44b42d32ed\"},\"headline\":\"Minist\u00e9rio P\u00fablico de Portalegre acusa dois arguidos por tr\u00e1fico de droga\",\"datePublished\":\"2026-03-27T17:03:17+00:00\",\"mainEntityOfPage\":{\"@id\":\"https:\/\/portaltela.pt\/noticias\/2026\/03\/27\/ministerio-publico-de-portalegre-acusa-dois-arguidos-por-trafico-de-droga\/\"},\"wordCount\":167,\"image\":{\"@id\":\"https:\/\/portaltela.pt\/noticias\/2026\/03\/27\/ministerio-publico-de-portalegre-acusa-dois-arguidos-por-trafico-de-droga\/#primaryimage\"},\"thumbnailUrl\":\"https:\/\/portaltela.pt\/s.01k8rhncp4jt1\/2026\/03\/img_1500x1000uu2020-08-24-23-49-41-970099.jpg\",\"keywords\":[\"acusa\u00e7\u00e3o-crime\",\"arma de fogo\",\"crime\",\"drogas\",\"Portalegre\",\"tr\u00e1fico de droga\"],\"articleSection\":[\"Justi\u00e7a\",\"Not\u00edcias\"],\"inLanguage\":\"pt-PT\"},{\"@type\":\"WebPage\",\"@id\":\"https:\/\/portaltela.pt\/noticias\/2026\/03\/27\/ministerio-publico-de-portalegre-acusa-dois-arguidos-por-trafico-de-droga\/\",\"url\":\"https:\/\/portaltela.pt\/noticias\/2026\/03\/27\/ministerio-publico-de-portalegre-acusa-dois-arguidos-por-trafico-de-droga\/\",\"name\":\"Minist\u00e9rio P\u00fablico de Portalegre acusa dois arguidos por tr\u00e1fico de droga - Portal Tela Portugal\",\"isPartOf\":{\"@id\":\"https:\/\/portaltela.pt\/#website\"},\"primaryImageOfPage\":{\"@id\":\"https:\/\/portaltela.pt\/noticias\/2026\/03\/27\/ministerio-publico-de-portalegre-acusa-dois-arguidos-por-trafico-de-droga\/#primaryimage\"},\"image\":{\"@id\":\"https:\/\/portaltela.pt\/noticias\/2026\/03\/27\/ministerio-publico-de-portalegre-acusa-dois-arguidos-por-trafico-de-droga\/#primaryimage\"},\"thumbnailUrl\":\"https:\/\/portaltela.pt\/s.01k8rhncp4jt1\/2026\/03\/img_1500x1000uu2020-08-24-23-49-41-970099.jpg\",\"datePublished\":\"2026-03-27T17:03:17+00:00\",\"author\":{\"@id\":\"https:\/\/portaltela.pt\/#\/schema\/person\/c4278d4a6028830caff9ee44b42d32ed\"},\"breadcrumb\":{\"@id\":\"https:\/\/portaltela.pt\/noticias\/2026\/03\/27\/ministerio-publico-de-portalegre-acusa-dois-arguidos-por-trafico-de-droga\/#breadcrumb\"},\"inLanguage\":\"pt-PT\",\"potentialAction\":[{\"@type\":\"ReadAction\",\"target\":[\"https:\/\/portaltela.pt\/noticias\/2026\/03\/27\/ministerio-publico-de-portalegre-acusa-dois-arguidos-por-trafico-de-droga\/\"]}]},{\"@type\":\"ImageObject\",\"inLanguage\":\"pt-PT\",\"@id\":\"https:\/\/portaltela.pt\/noticias\/2026\/03\/27\/ministerio-publico-de-portalegre-acusa-dois-arguidos-por-trafico-de-droga\/#primaryimage\",\"url\":\"https:\/\/portaltela.pt\/s.01k8rhncp4jt1\/2026\/03\/img_1500x1000uu2020-08-24-23-49-41-970099.jpg\",\"contentUrl\":\"https:\/\/portaltela.pt\/s.01k8rhncp4jt1\/2026\/03\/img_1500x1000uu2020-08-24-23-49-41-970099.jpg\",\"width\":796,\"height\":448,\"caption\":\"Tr\u00e1fico de droga\"},{\"@type\":\"BreadcrumbList\",\"@id\":\"https:\/\/portaltela.pt\/noticias\/2026\/03\/27\/ministerio-publico-de-portalegre-acusa-dois-arguidos-por-trafico-de-droga\/#breadcrumb\",\"itemListElement\":[{\"@type\":\"ListItem\",\"position\":1,\"name\":\"In\u00edcio\",\"item\":\"https:\/\/portaltela.pt\/\"},{\"@type\":\"ListItem\",\"position\":2,\"name\":\"Minist\u00e9rio P\u00fablico de Portalegre acusa dois arguidos por tr\u00e1fico de droga\"}]},{\"@type\":\"WebSite\",\"@id\":\"https:\/\/portaltela.pt\/#website\",\"url\":\"https:\/\/portaltela.pt\/\",\"name\":\"Portal Tela Portugal\",\"description\":\"\",\"potentialAction\":[{\"@type\":\"SearchAction\",\"target\":{\"@type\":\"EntryPoint\",\"urlTemplate\":\"https:\/\/portaltela.pt\/?s={search_term_string}\"},\"query-input\":{\"@type\":\"PropertyValueSpecification\",\"valueRequired\":true,\"valueName\":\"search_term_string\"}}],\"inLanguage\":\"pt-PT\"},{\"@type\":\"Person\",\"@id\":\"https:\/\/portaltela.pt\/#\/schema\/person\/c4278d4a6028830caff9ee44b42d32ed\",\"name\":\"Telinha\",\"image\":{\"@type\":\"ImageObject\",\"inLanguage\":\"pt-PT\",\"@id\":\"https:\/\/portaltela.pt\/s.01k8rhncp4jt1\/2025\/11\/talking-bot-125x125.png\",\"url\":\"https:\/\/portaltela.pt\/s.01k8rhncp4jt1\/2025\/11\/talking-bot-125x125.png\",\"contentUrl\":\"https:\/\/portaltela.pt\/s.01k8rhncp4jt1\/2025\/11\/talking-bot-125x125.png\",\"caption\":\"Telinha\"},\"sameAs\":[\"https:\/\/portaltela.pt\/\"],\"url\":\"https:\/\/portaltela.pt\/por\/367410592786\/\"}]}<\/script>\n<!-- \/ Yoast SEO plugin. -->","yoast_head_json":{"title":"Minist\u00e9rio P\u00fablico de Portalegre acusa dois arguidos por tr\u00e1fico de droga - Portal Tela Portugal","robots":{"index":"index","follow":"follow","max-snippet":"max-snippet:-1","max-image-preview":"max-image-preview:large","max-video-preview":"max-video-preview:-1"},"og_locale":"pt_PT","og_type":"article","og_title":"Minist\u00e9rio P\u00fablico de Portalegre acusa dois arguidos por tr\u00e1fico de droga - Portal Tela Portugal","og_description":"O Minist\u00e9rio P\u00fablico deduziu acusa\u00e7\u00e3o contra dois homens, de 44 e 56 anos, por tr\u00e1fico de droga e outras atividades il\u00edcitas na regi\u00e3o de Portalegre. O arguido de 44 anos \u00e9 acusado de tr\u00e1fico de droga, deten\u00e7\u00e3o de arma proibida e outras pr\u00e1ticas il\u00edcitas; o de 56 anos \u00e9 acusado de tr\u00e1fico de droga de menor gravidade. Foram apreendidos, entre outros, haxixe, coca\u00edna e MDMA, segundo o MP. Os factos ocorreram entre dezembro de 2023 e setembro de 2025 para o primeiro arguido, e desde janeiro de 2020 para o segundo. Ambos dedicavam-se ao tr\u00e1fico de estupefacientes na cidade de Portalegre e arredores; o julgamento ser\u00e1 feito por tribunal coletivo.","og_url":"https:\/\/portaltela.pt\/noticias\/2026\/03\/27\/ministerio-publico-de-portalegre-acusa-dois-arguidos-por-trafico-de-droga\/","og_site_name":"Portal Tela Portugal","article_published_time":"2026-03-27T17:03:17+00:00","author":"Telinha","twitter_card":"summary_large_image","twitter_misc":{"Escrito por":"Telinha","Tempo estimado de leitura":"1 minuto"},"schema":{"@context":"https:\/\/schema.org","@graph":[{"@type":"Article","@id":"https:\/\/portaltela.pt\/noticias\/2026\/03\/27\/ministerio-publico-de-portalegre-acusa-dois-arguidos-por-trafico-de-droga\/#article","isPartOf":{"@id":"https:\/\/portaltela.pt\/noticias\/2026\/03\/27\/ministerio-publico-de-portalegre-acusa-dois-arguidos-por-trafico-de-droga\/"},"author":{"name":"Telinha","@id":"https:\/\/portaltela.pt\/#\/schema\/person\/c4278d4a6028830caff9ee44b42d32ed"},"headline":"Minist\u00e9rio P\u00fablico de Portalegre acusa dois arguidos por tr\u00e1fico de droga","datePublished":"2026-03-27T17:03:17+00:00","mainEntityOfPage":{"@id":"https:\/\/portaltela.pt\/noticias\/2026\/03\/27\/ministerio-publico-de-portalegre-acusa-dois-arguidos-por-trafico-de-droga\/"},"wordCount":167,"image":{"@id":"https:\/\/portaltela.pt\/noticias\/2026\/03\/27\/ministerio-publico-de-portalegre-acusa-dois-arguidos-por-trafico-de-droga\/#primaryimage"},"thumbnailUrl":"https:\/\/portaltela.pt\/s.01k8rhncp4jt1\/2026\/03\/img_1500x1000uu2020-08-24-23-49-41-970099.jpg","keywords":["acusa\u00e7\u00e3o-crime","arma de fogo","crime","drogas","Portalegre","tr\u00e1fico de droga"],"articleSection":["Justi\u00e7a","Not\u00edcias"],"inLanguage":"pt-PT"},{"@type":"WebPage","@id":"https:\/\/portaltela.pt\/noticias\/2026\/03\/27\/ministerio-publico-de-portalegre-acusa-dois-arguidos-por-trafico-de-droga\/","url":"https:\/\/portaltela.pt\/noticias\/2026\/03\/27\/ministerio-publico-de-portalegre-acusa-dois-arguidos-por-trafico-de-droga\/","name":"Minist\u00e9rio P\u00fablico de Portalegre acusa dois arguidos por tr\u00e1fico de droga - Portal Tela Portugal","isPartOf":{"@id":"https:\/\/portaltela.pt\/#website"},"primaryImageOfPage":{"@id":"https:\/\/portaltela.pt\/noticias\/2026\/03\/27\/ministerio-publico-de-portalegre-acusa-dois-arguidos-por-trafico-de-droga\/#primaryimage"},"image":{"@id":"https:\/\/portaltela.pt\/noticias\/2026\/03\/27\/ministerio-publico-de-portalegre-acusa-dois-arguidos-por-trafico-de-droga\/#primaryimage"},"thumbnailUrl":"https:\/\/portaltela.pt\/s.01k8rhncp4jt1\/2026\/03\/img_1500x1000uu2020-08-24-23-49-41-970099.jpg","datePublished":"2026-03-27T17:03:17+00:00","author":{"@id":"https:\/\/portaltela.pt\/#\/schema\/person\/c4278d4a6028830caff9ee44b42d32ed"},"breadcrumb":{"@id":"https:\/\/portaltela.pt\/noticias\/2026\/03\/27\/ministerio-publico-de-portalegre-acusa-dois-arguidos-por-trafico-de-droga\/#breadcrumb"},"inLanguage":"pt-PT","potentialAction":[{"@type":"ReadAction","target":["https:\/\/portaltela.pt\/noticias\/2026\/03\/27\/ministerio-publico-de-portalegre-acusa-dois-arguidos-por-trafico-de-droga\/"]}]},{"@type":"ImageObject","inLanguage":"pt-PT","@id":"https:\/\/portaltela.pt\/noticias\/2026\/03\/27\/ministerio-publico-de-portalegre-acusa-dois-arguidos-por-trafico-de-droga\/#primaryimage","url":"https:\/\/portaltela.pt\/s.01k8rhncp4jt1\/2026\/03\/img_1500x1000uu2020-08-24-23-49-41-970099.jpg","contentUrl":"https:\/\/portaltela.pt\/s.01k8rhncp4jt1\/2026\/03\/img_1500x1000uu2020-08-24-23-49-41-970099.jpg","width":796,"height":448,"caption":"Tr\u00e1fico de droga"},{"@type":"BreadcrumbList","@id":"https:\/\/portaltela.pt\/noticias\/2026\/03\/27\/ministerio-publico-de-portalegre-acusa-dois-arguidos-por-trafico-de-droga\/#breadcrumb","itemListElement":[{"@type":"ListItem","position":1,"name":"In\u00edcio","item":"https:\/\/portaltela.pt\/"},{"@type":"ListItem","position":2,"name":"Minist\u00e9rio P\u00fablico de Portalegre acusa dois arguidos por tr\u00e1fico de droga"}]},{"@type":"WebSite","@id":"https:\/\/portaltela.pt\/#website","url":"https:\/\/portaltela.pt\/","name":"Portal Tela Portugal","description":"","potentialAction":[{"@type":"SearchAction","target":{"@type":"EntryPoint","urlTemplate":"https:\/\/portaltela.pt\/?s={search_term_string}"},"query-input":{"@type":"PropertyValueSpecification","valueRequired":true,"valueName":"search_term_string"}}],"inLanguage":"pt-PT"},{"@type":"Person","@id":"https:\/\/portaltela.pt\/#\/schema\/person\/c4278d4a6028830caff9ee44b42d32ed","name":"Telinha","image":{"@type":"ImageObject","inLanguage":"pt-PT","@id":"https:\/\/portaltela.pt\/s.01k8rhncp4jt1\/2025\/11\/talking-bot-125x125.png","url":"https:\/\/portaltela.pt\/s.01k8rhncp4jt1\/2025\/11\/talking-bot-125x125.png","contentUrl":"https:\/\/portaltela.pt\/s.01k8rhncp4jt1\/2025\/11\/talking-bot-125x125.png","caption":"Telinha"},"sameAs":["https:\/\/portaltela.pt\/"],"url":"https:\/\/portaltela.pt\/por\/367410592786\/"}]}},"_links":{"self":[{"href":"https:\/\/portaltela.pt\/api\/wp\/v2\/posts\/424066","targetHints":{"allow":["GET"]}}],"collection":[{"href":"https:\/\/portaltela.pt\/api\/wp\/v2\/posts"}],"about":[{"href":"https:\/\/portaltela.pt\/api\/wp\/v2\/types\/post"}],"author":[{"embeddable":true,"href":"https:\/\/portaltela.pt\/api\/wp\/v2\/users\/2"}],"replies":[{"embeddable":true,"href":"https:\/\/portaltela.pt\/api\/wp\/v2\/comments?post=424066"}],"version-history":[{"count":0,"href":"https:\/\/portaltela.pt\/api\/wp\/v2\/posts\/424066\/revisions"}],"wp:featuredmedia":[{"embeddable":true,"href":"https:\/\/portaltela.pt\/api\/wp\/v2\/media\/424072"}],"wp:attachment":[{"href":"https:\/\/portaltela.pt\/api\/wp\/v2\/media?parent=424066"}],"wp:term":[{"taxonomy":"category","embeddable":true,"href":"https:\/\/portaltela.pt\/api\/wp\/v2\/categories?post=424066"},{"taxonomy":"post_tag","embeddable":true,"href":"https:\/\/portaltela.pt\/api\/wp\/v2\/tags?post=424066"}],"curies":[{"name":"wp","href":"https:\/\/api.w.org\/{rel}","templated":true}]}}