{"id":424059,"date":"2026-03-27T13:46:00","date_gmt":"2026-03-27T16:46:00","guid":{"rendered":"https:\/\/portaltela.pt\/noticias\/2026\/03\/27\/bolsonaro-recebe-alta-em-brasilia-e-entra-em-prisao-domiciliaria\/"},"modified":"2026-03-27T13:46:00","modified_gmt":"2026-03-27T16:46:00","slug":"bolsonaro-recebe-alta-em-brasilia-e-entra-em-prisao-domiciliaria","status":"publish","type":"post","link":"https:\/\/portaltela.pt\/noticias\/2026\/03\/27\/bolsonaro-recebe-alta-em-brasilia-e-entra-em-prisao-domiciliaria\/","title":{"rendered":"Bolsonaro recebe alta em Bras\u00edlia e entra em pris\u00e3o domicili\u00e1ria"},"content":{"rendered":"<p>Jair Bolsonaro recebeu alta do hospital em Bras\u00edlia nesta sexta-feira, ap\u00f3s duas semanas internado com broncopneumonia bacteriana em ambos os pulm\u00f5es, associada a solu\u00e7os persistentes. O ex-presidente de 71 anos j\u00e1 regressou a casa.<\/p>\n<p>O retorno ocorre na resid\u00eancia no condom\u00ednio Solar de Bras\u00edlia, no Jardim Bot\u00e2nico, onde continuar\u00e1 a cumprir a pena em pris\u00e3o domicili\u00e1ria. A medida foi autorizada pelo ministro Alexandre de Moraes, do Supremo Tribunal Federal.<\/p>\n<p>Pode receber visitas do filho Fl\u00e1vio Bolsonaro, o que desperta preocupa\u00e7\u00f5es sobre a influ\u00eancia do ex-l\u00edder na campanha eleitoral em curso. A fam\u00edlia n\u00e3o informou detalhes adicionais sobre o regime de visitas.<\/p>\n<h3>Condi\u00e7\u00f5es da deten\u00e7\u00e3o domicili\u00e1ria<\/h3>\n<p>Bolsonaro permanece sob supervis\u00e3o judicial, com fiscaliza\u00e7\u00e3o conforme determina\u00e7\u00f5es do STF. A defesa n\u00e3o divulgou mudan\u00e7as no estado de sa\u00fade, que continuar\u00e1 a ser monitorado pelas autoridades m\u00e9dicas.<\/p>\n<h3>Contexto do processo<\/h3>\n<p>A pris\u00e3o domicili\u00e1ria est\u00e1 vinculada a acusa\u00e7\u00f5es relacionadas a suposta tentativa de golpe de Estado. O Tribunal ainda acompanha eventuais desdobramentos legais, com comunica\u00e7\u00e3o constante entre as partes e o \u00f3rg\u00e3o respons\u00e1vel.<\/p>\n","protected":false},"excerpt":{"rendered":"<ul>\n<li>Jair Bolsonaro recebeu alta do hospital em Bras\u00edlia ap\u00f3s duas semanas de interna\u00e7\u00e3o.<\/li>\n<li>O ex-presidente regressou a casa e vai cumprir pris\u00e3o domicili\u00e1ria no condom\u00ednio Solar de Bras\u00edlia, no Jardim Bot\u00e2nico.<\/li>\n<li>O quadro cl\u00ednico incluiu broncopneumonia bacteriana em ambos os pulm\u00f5es e solu\u00e7os persistentes.<\/li>\n<li>A pris\u00e3o domicili\u00e1ria tem autoriza\u00e7\u00e3o do juiz Alexandre de Moraes, do Supremo Tribunal Federal, ligada a uma acusa\u00e7\u00e3o de tentativa de golpe de Estado.<\/li>\n<li>Pode receber visitas do filho Fl\u00e1vio, o que levanta preocupa\u00e7\u00f5es sobre a sua influ\u00eancia na campanha.<\/li>\n<\/ul>\n","protected":false},"author":2,"featured_media":424060,"comment_status":"closed","ping_status":"closed","sticky":false,"template":"","format":"standard","meta":{"footnotes":""},"categories":[6815,1],"tags":[937,34,2832,30,4343,6208],"class_list":["post-424059","post","type-post","status-publish","format-standard","has-post-thumbnail","hentry","category-justica","category-noticias","tag-golpe-de-estado","tag-governo","tag-politica","tag-presidente","tag-prisoes","tag-tribunais"],"yoast_head":"<!-- This site is optimized with the Yoast SEO plugin v27.2 - https:\/\/yoast.com\/product\/yoast-seo-wordpress\/ -->\n<title>Bolsonaro recebe alta em Bras\u00edlia e entra em pris\u00e3o domicili\u00e1ria - Portal Tela Portugal<\/title>\n<meta name=\"robots\" content=\"index, follow, max-snippet:-1, max-image-preview:large, max-video-preview:-1\" \/>\n<meta property=\"og:locale\" content=\"pt_PT\" \/>\n<meta property=\"og:type\" content=\"article\" \/>\n<meta property=\"og:title\" content=\"Bolsonaro recebe alta em Bras\u00edlia e entra em pris\u00e3o domicili\u00e1ria - Portal Tela Portugal\" \/>\n<meta property=\"og:description\" content=\"Jair Bolsonaro recebeu alta do hospital em Bras\u00edlia ap\u00f3s duas semanas de interna\u00e7\u00e3o. O ex-presidente regressou a casa e vai cumprir pris\u00e3o domicili\u00e1ria no condom\u00ednio Solar de Bras\u00edlia, no Jardim Bot\u00e2nico. O quadro cl\u00ednico incluiu broncopneumonia bacteriana em ambos os pulm\u00f5es e solu\u00e7os persistentes. A pris\u00e3o domicili\u00e1ria tem autoriza\u00e7\u00e3o do juiz Alexandre de Moraes, do Supremo Tribunal Federal, ligada a uma acusa\u00e7\u00e3o de tentativa de golpe de Estado. Pode receber visitas do filho Fl\u00e1vio, o que levanta preocupa\u00e7\u00f5es sobre a sua influ\u00eancia na campanha.\" \/>\n<meta property=\"og:url\" content=\"https:\/\/portaltela.pt\/noticias\/2026\/03\/27\/bolsonaro-recebe-alta-em-brasilia-e-entra-em-prisao-domiciliaria\/\" \/>\n<meta property=\"og:site_name\" content=\"Portal Tela Portugal\" \/>\n<meta property=\"article:published_time\" content=\"2026-03-27T16:46:00+00:00\" \/>\n<meta name=\"author\" content=\"Telinha\" \/>\n<meta name=\"twitter:card\" content=\"summary_large_image\" \/>\n<meta name=\"twitter:label1\" content=\"Escrito por\" \/>\n\t<meta name=\"twitter:data1\" content=\"Telinha\" \/>\n\t<meta name=\"twitter:label2\" content=\"Tempo estimado de leitura\" \/>\n\t<meta name=\"twitter:data2\" content=\"1 minuto\" \/>\n<script type=\"application\/ld+json\" class=\"yoast-schema-graph\">{\"@context\":\"https:\/\/schema.org\",\"@graph\":[{\"@type\":\"Article\",\"@id\":\"https:\/\/portaltela.pt\/noticias\/2026\/03\/27\/bolsonaro-recebe-alta-em-brasilia-e-entra-em-prisao-domiciliaria\/#article\",\"isPartOf\":{\"@id\":\"https:\/\/portaltela.pt\/noticias\/2026\/03\/27\/bolsonaro-recebe-alta-em-brasilia-e-entra-em-prisao-domiciliaria\/\"},\"author\":{\"name\":\"Telinha\",\"@id\":\"https:\/\/portaltela.pt\/#\/schema\/person\/c4278d4a6028830caff9ee44b42d32ed\"},\"headline\":\"Bolsonaro recebe alta em Bras\u00edlia e entra em pris\u00e3o domicili\u00e1ria\",\"datePublished\":\"2026-03-27T16:46:00+00:00\",\"mainEntityOfPage\":{\"@id\":\"https:\/\/portaltela.pt\/noticias\/2026\/03\/27\/bolsonaro-recebe-alta-em-brasilia-e-entra-em-prisao-domiciliaria\/\"},\"wordCount\":212,\"image\":{\"@id\":\"https:\/\/portaltela.pt\/noticias\/2026\/03\/27\/bolsonaro-recebe-alta-em-brasilia-e-entra-em-prisao-domiciliaria\/#primaryimage\"},\"thumbnailUrl\":\"https:\/\/portaltela.pt\/s.01k8rhncp4jt1\/2026\/03\/2077439.jpg\",\"keywords\":[\"golpe de Estado\",\"governo\",\"pol\u00edtica\",\"presidente\",\"pris\u00f5es\",\"Tribunais\"],\"articleSection\":[\"Justi\u00e7a\",\"Not\u00edcias\"],\"inLanguage\":\"pt-PT\"},{\"@type\":\"WebPage\",\"@id\":\"https:\/\/portaltela.pt\/noticias\/2026\/03\/27\/bolsonaro-recebe-alta-em-brasilia-e-entra-em-prisao-domiciliaria\/\",\"url\":\"https:\/\/portaltela.pt\/noticias\/2026\/03\/27\/bolsonaro-recebe-alta-em-brasilia-e-entra-em-prisao-domiciliaria\/\",\"name\":\"Bolsonaro recebe alta em Bras\u00edlia e entra em pris\u00e3o domicili\u00e1ria - Portal Tela Portugal\",\"isPartOf\":{\"@id\":\"https:\/\/portaltela.pt\/#website\"},\"primaryImageOfPage\":{\"@id\":\"https:\/\/portaltela.pt\/noticias\/2026\/03\/27\/bolsonaro-recebe-alta-em-brasilia-e-entra-em-prisao-domiciliaria\/#primaryimage\"},\"image\":{\"@id\":\"https:\/\/portaltela.pt\/noticias\/2026\/03\/27\/bolsonaro-recebe-alta-em-brasilia-e-entra-em-prisao-domiciliaria\/#primaryimage\"},\"thumbnailUrl\":\"https:\/\/portaltela.pt\/s.01k8rhncp4jt1\/2026\/03\/2077439.jpg\",\"datePublished\":\"2026-03-27T16:46:00+00:00\",\"author\":{\"@id\":\"https:\/\/portaltela.pt\/#\/schema\/person\/c4278d4a6028830caff9ee44b42d32ed\"},\"breadcrumb\":{\"@id\":\"https:\/\/portaltela.pt\/noticias\/2026\/03\/27\/bolsonaro-recebe-alta-em-brasilia-e-entra-em-prisao-domiciliaria\/#breadcrumb\"},\"inLanguage\":\"pt-PT\",\"potentialAction\":[{\"@type\":\"ReadAction\",\"target\":[\"https:\/\/portaltela.pt\/noticias\/2026\/03\/27\/bolsonaro-recebe-alta-em-brasilia-e-entra-em-prisao-domiciliaria\/\"]}]},{\"@type\":\"ImageObject\",\"inLanguage\":\"pt-PT\",\"@id\":\"https:\/\/portaltela.pt\/noticias\/2026\/03\/27\/bolsonaro-recebe-alta-em-brasilia-e-entra-em-prisao-domiciliaria\/#primaryimage\",\"url\":\"https:\/\/portaltela.pt\/s.01k8rhncp4jt1\/2026\/03\/2077439.jpg\",\"contentUrl\":\"https:\/\/portaltela.pt\/s.01k8rhncp4jt1\/2026\/03\/2077439.jpg\",\"width\":796,\"height\":448,\"caption\":\"Bolsonaro a chegar ao condom\u00ednio onde ficar\u00e1 em pris\u00e3o domicili\u00e1ria por motivos de sa\u00fade, a 27 de Mar\u00e7o de 2026\"},{\"@type\":\"BreadcrumbList\",\"@id\":\"https:\/\/portaltela.pt\/noticias\/2026\/03\/27\/bolsonaro-recebe-alta-em-brasilia-e-entra-em-prisao-domiciliaria\/#breadcrumb\",\"itemListElement\":[{\"@type\":\"ListItem\",\"position\":1,\"name\":\"In\u00edcio\",\"item\":\"https:\/\/portaltela.pt\/\"},{\"@type\":\"ListItem\",\"position\":2,\"name\":\"Bolsonaro recebe alta em Bras\u00edlia e entra em pris\u00e3o domicili\u00e1ria\"}]},{\"@type\":\"WebSite\",\"@id\":\"https:\/\/portaltela.pt\/#website\",\"url\":\"https:\/\/portaltela.pt\/\",\"name\":\"Portal Tela Portugal\",\"description\":\"\",\"potentialAction\":[{\"@type\":\"SearchAction\",\"target\":{\"@type\":\"EntryPoint\",\"urlTemplate\":\"https:\/\/portaltela.pt\/?s={search_term_string}\"},\"query-input\":{\"@type\":\"PropertyValueSpecification\",\"valueRequired\":true,\"valueName\":\"search_term_string\"}}],\"inLanguage\":\"pt-PT\"},{\"@type\":\"Person\",\"@id\":\"https:\/\/portaltela.pt\/#\/schema\/person\/c4278d4a6028830caff9ee44b42d32ed\",\"name\":\"Telinha\",\"image\":{\"@type\":\"ImageObject\",\"inLanguage\":\"pt-PT\",\"@id\":\"https:\/\/portaltela.pt\/s.01k8rhncp4jt1\/2025\/11\/talking-bot-125x125.png\",\"url\":\"https:\/\/portaltela.pt\/s.01k8rhncp4jt1\/2025\/11\/talking-bot-125x125.png\",\"contentUrl\":\"https:\/\/portaltela.pt\/s.01k8rhncp4jt1\/2025\/11\/talking-bot-125x125.png\",\"caption\":\"Telinha\"},\"sameAs\":[\"https:\/\/portaltela.pt\/\"],\"url\":\"https:\/\/portaltela.pt\/por\/367410592786\/\"}]}<\/script>\n<!-- \/ Yoast SEO plugin. -->","yoast_head_json":{"title":"Bolsonaro recebe alta em Bras\u00edlia e entra em pris\u00e3o domicili\u00e1ria - Portal Tela Portugal","robots":{"index":"index","follow":"follow","max-snippet":"max-snippet:-1","max-image-preview":"max-image-preview:large","max-video-preview":"max-video-preview:-1"},"og_locale":"pt_PT","og_type":"article","og_title":"Bolsonaro recebe alta em Bras\u00edlia e entra em pris\u00e3o domicili\u00e1ria - Portal Tela Portugal","og_description":"Jair Bolsonaro recebeu alta do hospital em Bras\u00edlia ap\u00f3s duas semanas de interna\u00e7\u00e3o. O ex-presidente regressou a casa e vai cumprir pris\u00e3o domicili\u00e1ria no condom\u00ednio Solar de Bras\u00edlia, no Jardim Bot\u00e2nico. O quadro cl\u00ednico incluiu broncopneumonia bacteriana em ambos os pulm\u00f5es e solu\u00e7os persistentes. A pris\u00e3o domicili\u00e1ria tem autoriza\u00e7\u00e3o do juiz Alexandre de Moraes, do Supremo Tribunal Federal, ligada a uma acusa\u00e7\u00e3o de tentativa de golpe de Estado. Pode receber visitas do filho Fl\u00e1vio, o que levanta preocupa\u00e7\u00f5es sobre a sua influ\u00eancia na campanha.","og_url":"https:\/\/portaltela.pt\/noticias\/2026\/03\/27\/bolsonaro-recebe-alta-em-brasilia-e-entra-em-prisao-domiciliaria\/","og_site_name":"Portal Tela Portugal","article_published_time":"2026-03-27T16:46:00+00:00","author":"Telinha","twitter_card":"summary_large_image","twitter_misc":{"Escrito por":"Telinha","Tempo estimado de leitura":"1 minuto"},"schema":{"@context":"https:\/\/schema.org","@graph":[{"@type":"Article","@id":"https:\/\/portaltela.pt\/noticias\/2026\/03\/27\/bolsonaro-recebe-alta-em-brasilia-e-entra-em-prisao-domiciliaria\/#article","isPartOf":{"@id":"https:\/\/portaltela.pt\/noticias\/2026\/03\/27\/bolsonaro-recebe-alta-em-brasilia-e-entra-em-prisao-domiciliaria\/"},"author":{"name":"Telinha","@id":"https:\/\/portaltela.pt\/#\/schema\/person\/c4278d4a6028830caff9ee44b42d32ed"},"headline":"Bolsonaro recebe alta em Bras\u00edlia e entra em pris\u00e3o domicili\u00e1ria","datePublished":"2026-03-27T16:46:00+00:00","mainEntityOfPage":{"@id":"https:\/\/portaltela.pt\/noticias\/2026\/03\/27\/bolsonaro-recebe-alta-em-brasilia-e-entra-em-prisao-domiciliaria\/"},"wordCount":212,"image":{"@id":"https:\/\/portaltela.pt\/noticias\/2026\/03\/27\/bolsonaro-recebe-alta-em-brasilia-e-entra-em-prisao-domiciliaria\/#primaryimage"},"thumbnailUrl":"https:\/\/portaltela.pt\/s.01k8rhncp4jt1\/2026\/03\/2077439.jpg","keywords":["golpe de Estado","governo","pol\u00edtica","presidente","pris\u00f5es","Tribunais"],"articleSection":["Justi\u00e7a","Not\u00edcias"],"inLanguage":"pt-PT"},{"@type":"WebPage","@id":"https:\/\/portaltela.pt\/noticias\/2026\/03\/27\/bolsonaro-recebe-alta-em-brasilia-e-entra-em-prisao-domiciliaria\/","url":"https:\/\/portaltela.pt\/noticias\/2026\/03\/27\/bolsonaro-recebe-alta-em-brasilia-e-entra-em-prisao-domiciliaria\/","name":"Bolsonaro recebe alta em Bras\u00edlia e entra em pris\u00e3o domicili\u00e1ria - Portal Tela Portugal","isPartOf":{"@id":"https:\/\/portaltela.pt\/#website"},"primaryImageOfPage":{"@id":"https:\/\/portaltela.pt\/noticias\/2026\/03\/27\/bolsonaro-recebe-alta-em-brasilia-e-entra-em-prisao-domiciliaria\/#primaryimage"},"image":{"@id":"https:\/\/portaltela.pt\/noticias\/2026\/03\/27\/bolsonaro-recebe-alta-em-brasilia-e-entra-em-prisao-domiciliaria\/#primaryimage"},"thumbnailUrl":"https:\/\/portaltela.pt\/s.01k8rhncp4jt1\/2026\/03\/2077439.jpg","datePublished":"2026-03-27T16:46:00+00:00","author":{"@id":"https:\/\/portaltela.pt\/#\/schema\/person\/c4278d4a6028830caff9ee44b42d32ed"},"breadcrumb":{"@id":"https:\/\/portaltela.pt\/noticias\/2026\/03\/27\/bolsonaro-recebe-alta-em-brasilia-e-entra-em-prisao-domiciliaria\/#breadcrumb"},"inLanguage":"pt-PT","potentialAction":[{"@type":"ReadAction","target":["https:\/\/portaltela.pt\/noticias\/2026\/03\/27\/bolsonaro-recebe-alta-em-brasilia-e-entra-em-prisao-domiciliaria\/"]}]},{"@type":"ImageObject","inLanguage":"pt-PT","@id":"https:\/\/portaltela.pt\/noticias\/2026\/03\/27\/bolsonaro-recebe-alta-em-brasilia-e-entra-em-prisao-domiciliaria\/#primaryimage","url":"https:\/\/portaltela.pt\/s.01k8rhncp4jt1\/2026\/03\/2077439.jpg","contentUrl":"https:\/\/portaltela.pt\/s.01k8rhncp4jt1\/2026\/03\/2077439.jpg","width":796,"height":448,"caption":"Bolsonaro a chegar ao condom\u00ednio onde ficar\u00e1 em pris\u00e3o domicili\u00e1ria por motivos de sa\u00fade, a 27 de Mar\u00e7o de 2026"},{"@type":"BreadcrumbList","@id":"https:\/\/portaltela.pt\/noticias\/2026\/03\/27\/bolsonaro-recebe-alta-em-brasilia-e-entra-em-prisao-domiciliaria\/#breadcrumb","itemListElement":[{"@type":"ListItem","position":1,"name":"In\u00edcio","item":"https:\/\/portaltela.pt\/"},{"@type":"ListItem","position":2,"name":"Bolsonaro recebe alta em Bras\u00edlia e entra em pris\u00e3o domicili\u00e1ria"}]},{"@type":"WebSite","@id":"https:\/\/portaltela.pt\/#website","url":"https:\/\/portaltela.pt\/","name":"Portal Tela Portugal","description":"","potentialAction":[{"@type":"SearchAction","target":{"@type":"EntryPoint","urlTemplate":"https:\/\/portaltela.pt\/?s={search_term_string}"},"query-input":{"@type":"PropertyValueSpecification","valueRequired":true,"valueName":"search_term_string"}}],"inLanguage":"pt-PT"},{"@type":"Person","@id":"https:\/\/portaltela.pt\/#\/schema\/person\/c4278d4a6028830caff9ee44b42d32ed","name":"Telinha","image":{"@type":"ImageObject","inLanguage":"pt-PT","@id":"https:\/\/portaltela.pt\/s.01k8rhncp4jt1\/2025\/11\/talking-bot-125x125.png","url":"https:\/\/portaltela.pt\/s.01k8rhncp4jt1\/2025\/11\/talking-bot-125x125.png","contentUrl":"https:\/\/portaltela.pt\/s.01k8rhncp4jt1\/2025\/11\/talking-bot-125x125.png","caption":"Telinha"},"sameAs":["https:\/\/portaltela.pt\/"],"url":"https:\/\/portaltela.pt\/por\/367410592786\/"}]}},"_links":{"self":[{"href":"https:\/\/portaltela.pt\/api\/wp\/v2\/posts\/424059","targetHints":{"allow":["GET"]}}],"collection":[{"href":"https:\/\/portaltela.pt\/api\/wp\/v2\/posts"}],"about":[{"href":"https:\/\/portaltela.pt\/api\/wp\/v2\/types\/post"}],"author":[{"embeddable":true,"href":"https:\/\/portaltela.pt\/api\/wp\/v2\/users\/2"}],"replies":[{"embeddable":true,"href":"https:\/\/portaltela.pt\/api\/wp\/v2\/comments?post=424059"}],"version-history":[{"count":0,"href":"https:\/\/portaltela.pt\/api\/wp\/v2\/posts\/424059\/revisions"}],"wp:featuredmedia":[{"embeddable":true,"href":"https:\/\/portaltela.pt\/api\/wp\/v2\/media\/424060"}],"wp:attachment":[{"href":"https:\/\/portaltela.pt\/api\/wp\/v2\/media?parent=424059"}],"wp:term":[{"taxonomy":"category","embeddable":true,"href":"https:\/\/portaltela.pt\/api\/wp\/v2\/categories?post=424059"},{"taxonomy":"post_tag","embeddable":true,"href":"https:\/\/portaltela.pt\/api\/wp\/v2\/tags?post=424059"}],"curies":[{"name":"wp","href":"https:\/\/api.w.org\/{rel}","templated":true}]}}