{"id":424055,"date":"2026-03-27T13:52:00","date_gmt":"2026-03-27T16:52:00","guid":{"rendered":"https:\/\/portaltela.pt\/noticias\/2026\/03\/27\/homem-condenado-a-quatro-anos-e-nove-meses-por-homicidio-em-cafe-na-nazare\/"},"modified":"2026-03-27T13:52:00","modified_gmt":"2026-03-27T16:52:00","slug":"homem-condenado-a-quatro-anos-e-nove-meses-por-homicidio-em-cafe-na-nazare","status":"publish","type":"post","link":"https:\/\/portaltela.pt\/justica\/2026\/03\/27\/homem-condenado-a-quatro-anos-e-nove-meses-por-homicidio-em-cafe-na-nazare\/","title":{"rendered":"Homem condenado a quatro anos e nove meses por homic\u00eddio em caf\u00e9 na Nazar\u00e9"},"content":{"rendered":"<p>Na Nazar\u00e9, um homem foi condenado a quatro anos e nove meses de pris\u00e3o por disparar contra um amigo num caf\u00e9. Segundo o tribunal, o arguido acreditava que a arma n\u00e3o estava carregada e pressionou o gatilho, causando a morte da v\u00edtima.<\/p>\n<p>O julgamento decorreu na comarca local, onde o arguido foi considerado culpado de homic\u00eddio por neglig\u00eancia. A senten\u00e7a foi proferida nesta quarta-feira, ap\u00f3s a an\u00e1lise das provas apresentadas durante o processo.<\/p>\n<p>Familiares e amigos da v\u00edtima estiveram presentes na sess\u00e3o, manifestando tristeza e revolta com a decis\u00e3o. A defesa do arguido informou que vai recorrer da senten\u00e7a.<\/p>\n<h3>Senten\u00e7a e indemniza\u00e7\u00f5es<\/h3>\n<p>Para al\u00e9m da pena de pris\u00e3o, o arguido fica obrigado a pagar uma indemniza\u00e7\u00e3o \u00e0 fam\u00edlia da v\u00edtima. O caso serve de alerta para o uso respons\u00e1vel de armas de fogo.<\/p>\n<h3>Contexto do caso<\/h3>\n<p>O incidente ocorreu num caf\u00e9 na Nazar\u00e9, cidade conhecida pelas praias e tradi\u00e7\u00f5es mar\u00edtimas. O caso ganhou notoriedade pela gravidade da a\u00e7\u00e3o e pela presen\u00e7a de uma arma de fogo comum.<\/p>\n<h3>Desdobramentos<\/h3>\n<p>O arguido pode apresentar recurso, mantendo a possibilidade de efeitos da decis\u00e3o serem discutidos em inst\u00e2ncias superiores. A narrativa aponta para a necessidade de fiscaliza\u00e7\u00e3o e educa\u00e7\u00e3o sobre seguran\u00e7a.<\/p>\n","protected":false},"excerpt":{"rendered":"<ul>\n<li>O homem foi condenado a quatro anos e nove meses de pris\u00e3o por homic\u00eddio por neglig\u00eancia, ocorrida num caf\u00e9 na Nazar\u00e9.<\/li>\n<li>O arguido disse ter achado que a arma n\u00e3o estava carregada, apontou-a ao amigo e pressionou o gatilho, levando \u00e0 morte da v\u00edtima.<\/li>\n<li>O julgamento ocorreu na comarca local e a senten\u00e7a foi proferida nesta quarta-feira, ap\u00f3s an\u00e1lise das provas.<\/li>\n<li>Familiares da v\u00edtima estiveram na audi\u00eancia, expressando tristeza; a defesa do arguido afirmou que vai recorrer.<\/li>\n<li>Al\u00e9m da pena, o arguido tem de indemnizar a fam\u00edlia da v\u00edtima; o caso \u00e9 visto como alerta para o uso respons\u00e1vel de armas.<\/li>\n<\/ul>\n","protected":false},"author":2,"featured_media":424056,"comment_status":"closed","ping_status":"closed","sticky":false,"template":"","format":"standard","meta":{"footnotes":""},"categories":[7374,6815],"tags":[124,1345,2745,894,6990,250],"class_list":["post-424055","post","type-post","status-publish","format-standard","has-post-thumbnail","hentry","category-criminalidade","category-justica","tag-arma-de-fogo","tag-homicidio","tag-indenizacoes","tag-nazare","tag-negligencia","tag-seguranca-publica"],"yoast_head":"<!-- This site is optimized with the Yoast SEO plugin v27.2 - https:\/\/yoast.com\/product\/yoast-seo-wordpress\/ -->\n<title>Homem condenado a quatro anos e nove meses por homic\u00eddio em caf\u00e9 na Nazar\u00e9 - Portal Tela Portugal<\/title>\n<meta name=\"robots\" content=\"index, follow, max-snippet:-1, max-image-preview:large, max-video-preview:-1\" \/>\n<meta property=\"og:locale\" content=\"pt_PT\" \/>\n<meta property=\"og:type\" content=\"article\" \/>\n<meta property=\"og:title\" content=\"Homem condenado a quatro anos e nove meses por homic\u00eddio em caf\u00e9 na Nazar\u00e9 - Portal Tela Portugal\" \/>\n<meta property=\"og:description\" content=\"O homem foi condenado a quatro anos e nove meses de pris\u00e3o por homic\u00eddio por neglig\u00eancia, ocorrida num caf\u00e9 na Nazar\u00e9. O arguido disse ter achado que a arma n\u00e3o estava carregada, apontou-a ao amigo e pressionou o gatilho, levando \u00e0 morte da v\u00edtima. O julgamento ocorreu na comarca local e a senten\u00e7a foi proferida nesta quarta-feira, ap\u00f3s an\u00e1lise das provas. Familiares da v\u00edtima estiveram na audi\u00eancia, expressando tristeza; a defesa do arguido afirmou que vai recorrer. Al\u00e9m da pena, o arguido tem de indemnizar a fam\u00edlia da v\u00edtima; o caso \u00e9 visto como alerta para o uso respons\u00e1vel de armas.\" \/>\n<meta property=\"og:url\" content=\"https:\/\/portaltela.pt\/noticias\/2026\/03\/27\/homem-condenado-a-quatro-anos-e-nove-meses-por-homicidio-em-cafe-na-nazare\/\" \/>\n<meta property=\"og:site_name\" content=\"Portal Tela Portugal\" \/>\n<meta property=\"article:published_time\" content=\"2026-03-27T16:52:00+00:00\" \/>\n<meta name=\"author\" content=\"Telinha\" \/>\n<meta name=\"twitter:card\" content=\"summary_large_image\" \/>\n<meta name=\"twitter:label1\" content=\"Escrito por\" \/>\n\t<meta name=\"twitter:data1\" content=\"Telinha\" \/>\n\t<meta name=\"twitter:label2\" content=\"Tempo estimado de leitura\" \/>\n\t<meta name=\"twitter:data2\" content=\"1 minuto\" \/>\n<script type=\"application\/ld+json\" class=\"yoast-schema-graph\">{\"@context\":\"https:\/\/schema.org\",\"@graph\":[{\"@type\":\"Article\",\"@id\":\"https:\/\/portaltela.pt\/noticias\/2026\/03\/27\/homem-condenado-a-quatro-anos-e-nove-meses-por-homicidio-em-cafe-na-nazare\/#article\",\"isPartOf\":{\"@id\":\"https:\/\/portaltela.pt\/noticias\/2026\/03\/27\/homem-condenado-a-quatro-anos-e-nove-meses-por-homicidio-em-cafe-na-nazare\/\"},\"author\":{\"name\":\"Telinha\",\"@id\":\"https:\/\/portaltela.pt\/#\/schema\/person\/c4278d4a6028830caff9ee44b42d32ed\"},\"headline\":\"Homem condenado a quatro anos e nove meses por homic\u00eddio em caf\u00e9 na Nazar\u00e9\",\"datePublished\":\"2026-03-27T16:52:00+00:00\",\"mainEntityOfPage\":{\"@id\":\"https:\/\/portaltela.pt\/noticias\/2026\/03\/27\/homem-condenado-a-quatro-anos-e-nove-meses-por-homicidio-em-cafe-na-nazare\/\"},\"wordCount\":240,\"image\":{\"@id\":\"https:\/\/portaltela.pt\/noticias\/2026\/03\/27\/homem-condenado-a-quatro-anos-e-nove-meses-por-homicidio-em-cafe-na-nazare\/#primaryimage\"},\"thumbnailUrl\":\"https:\/\/portaltela.pt\/s.01k8rhncp4jt1\/2026\/03\/img_1280x722uu2025-02-28-21-56-00-2195661.jpg\",\"keywords\":[\"arma de fogo\",\"homic\u00eddio\",\"indeniza\u00e7\u00f5es\",\"Nazar\u00e9\",\"neglig\u00eancia\",\"seguran\u00e7a p\u00fablica\"],\"articleSection\":[\"Criminalidade\",\"Justi\u00e7a\"],\"inLanguage\":\"pt-PT\"},{\"@type\":\"WebPage\",\"@id\":\"https:\/\/portaltela.pt\/noticias\/2026\/03\/27\/homem-condenado-a-quatro-anos-e-nove-meses-por-homicidio-em-cafe-na-nazare\/\",\"url\":\"https:\/\/portaltela.pt\/noticias\/2026\/03\/27\/homem-condenado-a-quatro-anos-e-nove-meses-por-homicidio-em-cafe-na-nazare\/\",\"name\":\"Homem condenado a quatro anos e nove meses por homic\u00eddio em caf\u00e9 na Nazar\u00e9 - Portal Tela Portugal\",\"isPartOf\":{\"@id\":\"https:\/\/portaltela.pt\/#website\"},\"primaryImageOfPage\":{\"@id\":\"https:\/\/portaltela.pt\/noticias\/2026\/03\/27\/homem-condenado-a-quatro-anos-e-nove-meses-por-homicidio-em-cafe-na-nazare\/#primaryimage\"},\"image\":{\"@id\":\"https:\/\/portaltela.pt\/noticias\/2026\/03\/27\/homem-condenado-a-quatro-anos-e-nove-meses-por-homicidio-em-cafe-na-nazare\/#primaryimage\"},\"thumbnailUrl\":\"https:\/\/portaltela.pt\/s.01k8rhncp4jt1\/2026\/03\/img_1280x722uu2025-02-28-21-56-00-2195661.jpg\",\"datePublished\":\"2026-03-27T16:52:00+00:00\",\"author\":{\"@id\":\"https:\/\/portaltela.pt\/#\/schema\/person\/c4278d4a6028830caff9ee44b42d32ed\"},\"breadcrumb\":{\"@id\":\"https:\/\/portaltela.pt\/noticias\/2026\/03\/27\/homem-condenado-a-quatro-anos-e-nove-meses-por-homicidio-em-cafe-na-nazare\/#breadcrumb\"},\"inLanguage\":\"pt-PT\",\"potentialAction\":[{\"@type\":\"ReadAction\",\"target\":[\"https:\/\/portaltela.pt\/noticias\/2026\/03\/27\/homem-condenado-a-quatro-anos-e-nove-meses-por-homicidio-em-cafe-na-nazare\/\"]}]},{\"@type\":\"ImageObject\",\"inLanguage\":\"pt-PT\",\"@id\":\"https:\/\/portaltela.pt\/noticias\/2026\/03\/27\/homem-condenado-a-quatro-anos-e-nove-meses-por-homicidio-em-cafe-na-nazare\/#primaryimage\",\"url\":\"https:\/\/portaltela.pt\/s.01k8rhncp4jt1\/2026\/03\/img_1280x722uu2025-02-28-21-56-00-2195661.jpg\",\"contentUrl\":\"https:\/\/portaltela.pt\/s.01k8rhncp4jt1\/2026\/03\/img_1280x722uu2025-02-28-21-56-00-2195661.jpg\",\"width\":796,\"height\":448,\"caption\":\"Photo\"},{\"@type\":\"BreadcrumbList\",\"@id\":\"https:\/\/portaltela.pt\/noticias\/2026\/03\/27\/homem-condenado-a-quatro-anos-e-nove-meses-por-homicidio-em-cafe-na-nazare\/#breadcrumb\",\"itemListElement\":[{\"@type\":\"ListItem\",\"position\":1,\"name\":\"In\u00edcio\",\"item\":\"https:\/\/portaltela.pt\/\"},{\"@type\":\"ListItem\",\"position\":2,\"name\":\"Homem condenado a quatro anos e nove meses por homic\u00eddio em caf\u00e9 na Nazar\u00e9\"}]},{\"@type\":\"WebSite\",\"@id\":\"https:\/\/portaltela.pt\/#website\",\"url\":\"https:\/\/portaltela.pt\/\",\"name\":\"Portal Tela Portugal\",\"description\":\"\",\"potentialAction\":[{\"@type\":\"SearchAction\",\"target\":{\"@type\":\"EntryPoint\",\"urlTemplate\":\"https:\/\/portaltela.pt\/?s={search_term_string}\"},\"query-input\":{\"@type\":\"PropertyValueSpecification\",\"valueRequired\":true,\"valueName\":\"search_term_string\"}}],\"inLanguage\":\"pt-PT\"},{\"@type\":\"Person\",\"@id\":\"https:\/\/portaltela.pt\/#\/schema\/person\/c4278d4a6028830caff9ee44b42d32ed\",\"name\":\"Telinha\",\"image\":{\"@type\":\"ImageObject\",\"inLanguage\":\"pt-PT\",\"@id\":\"https:\/\/portaltela.pt\/s.01k8rhncp4jt1\/2025\/11\/talking-bot-125x125.png\",\"url\":\"https:\/\/portaltela.pt\/s.01k8rhncp4jt1\/2025\/11\/talking-bot-125x125.png\",\"contentUrl\":\"https:\/\/portaltela.pt\/s.01k8rhncp4jt1\/2025\/11\/talking-bot-125x125.png\",\"caption\":\"Telinha\"},\"sameAs\":[\"https:\/\/portaltela.pt\/\"],\"url\":\"https:\/\/portaltela.pt\/por\/367410592786\/\"}]}<\/script>\n<!-- \/ Yoast SEO plugin. -->","yoast_head_json":{"title":"Homem condenado a quatro anos e nove meses por homic\u00eddio em caf\u00e9 na Nazar\u00e9 - Portal Tela Portugal","robots":{"index":"index","follow":"follow","max-snippet":"max-snippet:-1","max-image-preview":"max-image-preview:large","max-video-preview":"max-video-preview:-1"},"og_locale":"pt_PT","og_type":"article","og_title":"Homem condenado a quatro anos e nove meses por homic\u00eddio em caf\u00e9 na Nazar\u00e9 - Portal Tela Portugal","og_description":"O homem foi condenado a quatro anos e nove meses de pris\u00e3o por homic\u00eddio por neglig\u00eancia, ocorrida num caf\u00e9 na Nazar\u00e9. O arguido disse ter achado que a arma n\u00e3o estava carregada, apontou-a ao amigo e pressionou o gatilho, levando \u00e0 morte da v\u00edtima. O julgamento ocorreu na comarca local e a senten\u00e7a foi proferida nesta quarta-feira, ap\u00f3s an\u00e1lise das provas. Familiares da v\u00edtima estiveram na audi\u00eancia, expressando tristeza; a defesa do arguido afirmou que vai recorrer. Al\u00e9m da pena, o arguido tem de indemnizar a fam\u00edlia da v\u00edtima; o caso \u00e9 visto como alerta para o uso respons\u00e1vel de armas.","og_url":"https:\/\/portaltela.pt\/noticias\/2026\/03\/27\/homem-condenado-a-quatro-anos-e-nove-meses-por-homicidio-em-cafe-na-nazare\/","og_site_name":"Portal Tela Portugal","article_published_time":"2026-03-27T16:52:00+00:00","author":"Telinha","twitter_card":"summary_large_image","twitter_misc":{"Escrito por":"Telinha","Tempo estimado de leitura":"1 minuto"},"schema":{"@context":"https:\/\/schema.org","@graph":[{"@type":"Article","@id":"https:\/\/portaltela.pt\/noticias\/2026\/03\/27\/homem-condenado-a-quatro-anos-e-nove-meses-por-homicidio-em-cafe-na-nazare\/#article","isPartOf":{"@id":"https:\/\/portaltela.pt\/noticias\/2026\/03\/27\/homem-condenado-a-quatro-anos-e-nove-meses-por-homicidio-em-cafe-na-nazare\/"},"author":{"name":"Telinha","@id":"https:\/\/portaltela.pt\/#\/schema\/person\/c4278d4a6028830caff9ee44b42d32ed"},"headline":"Homem condenado a quatro anos e nove meses por homic\u00eddio em caf\u00e9 na Nazar\u00e9","datePublished":"2026-03-27T16:52:00+00:00","mainEntityOfPage":{"@id":"https:\/\/portaltela.pt\/noticias\/2026\/03\/27\/homem-condenado-a-quatro-anos-e-nove-meses-por-homicidio-em-cafe-na-nazare\/"},"wordCount":240,"image":{"@id":"https:\/\/portaltela.pt\/noticias\/2026\/03\/27\/homem-condenado-a-quatro-anos-e-nove-meses-por-homicidio-em-cafe-na-nazare\/#primaryimage"},"thumbnailUrl":"https:\/\/portaltela.pt\/s.01k8rhncp4jt1\/2026\/03\/img_1280x722uu2025-02-28-21-56-00-2195661.jpg","keywords":["arma de fogo","homic\u00eddio","indeniza\u00e7\u00f5es","Nazar\u00e9","neglig\u00eancia","seguran\u00e7a p\u00fablica"],"articleSection":["Criminalidade","Justi\u00e7a"],"inLanguage":"pt-PT"},{"@type":"WebPage","@id":"https:\/\/portaltela.pt\/noticias\/2026\/03\/27\/homem-condenado-a-quatro-anos-e-nove-meses-por-homicidio-em-cafe-na-nazare\/","url":"https:\/\/portaltela.pt\/noticias\/2026\/03\/27\/homem-condenado-a-quatro-anos-e-nove-meses-por-homicidio-em-cafe-na-nazare\/","name":"Homem condenado a quatro anos e nove meses por homic\u00eddio em caf\u00e9 na Nazar\u00e9 - Portal Tela Portugal","isPartOf":{"@id":"https:\/\/portaltela.pt\/#website"},"primaryImageOfPage":{"@id":"https:\/\/portaltela.pt\/noticias\/2026\/03\/27\/homem-condenado-a-quatro-anos-e-nove-meses-por-homicidio-em-cafe-na-nazare\/#primaryimage"},"image":{"@id":"https:\/\/portaltela.pt\/noticias\/2026\/03\/27\/homem-condenado-a-quatro-anos-e-nove-meses-por-homicidio-em-cafe-na-nazare\/#primaryimage"},"thumbnailUrl":"https:\/\/portaltela.pt\/s.01k8rhncp4jt1\/2026\/03\/img_1280x722uu2025-02-28-21-56-00-2195661.jpg","datePublished":"2026-03-27T16:52:00+00:00","author":{"@id":"https:\/\/portaltela.pt\/#\/schema\/person\/c4278d4a6028830caff9ee44b42d32ed"},"breadcrumb":{"@id":"https:\/\/portaltela.pt\/noticias\/2026\/03\/27\/homem-condenado-a-quatro-anos-e-nove-meses-por-homicidio-em-cafe-na-nazare\/#breadcrumb"},"inLanguage":"pt-PT","potentialAction":[{"@type":"ReadAction","target":["https:\/\/portaltela.pt\/noticias\/2026\/03\/27\/homem-condenado-a-quatro-anos-e-nove-meses-por-homicidio-em-cafe-na-nazare\/"]}]},{"@type":"ImageObject","inLanguage":"pt-PT","@id":"https:\/\/portaltela.pt\/noticias\/2026\/03\/27\/homem-condenado-a-quatro-anos-e-nove-meses-por-homicidio-em-cafe-na-nazare\/#primaryimage","url":"https:\/\/portaltela.pt\/s.01k8rhncp4jt1\/2026\/03\/img_1280x722uu2025-02-28-21-56-00-2195661.jpg","contentUrl":"https:\/\/portaltela.pt\/s.01k8rhncp4jt1\/2026\/03\/img_1280x722uu2025-02-28-21-56-00-2195661.jpg","width":796,"height":448,"caption":"Photo"},{"@type":"BreadcrumbList","@id":"https:\/\/portaltela.pt\/noticias\/2026\/03\/27\/homem-condenado-a-quatro-anos-e-nove-meses-por-homicidio-em-cafe-na-nazare\/#breadcrumb","itemListElement":[{"@type":"ListItem","position":1,"name":"In\u00edcio","item":"https:\/\/portaltela.pt\/"},{"@type":"ListItem","position":2,"name":"Homem condenado a quatro anos e nove meses por homic\u00eddio em caf\u00e9 na Nazar\u00e9"}]},{"@type":"WebSite","@id":"https:\/\/portaltela.pt\/#website","url":"https:\/\/portaltela.pt\/","name":"Portal Tela Portugal","description":"","potentialAction":[{"@type":"SearchAction","target":{"@type":"EntryPoint","urlTemplate":"https:\/\/portaltela.pt\/?s={search_term_string}"},"query-input":{"@type":"PropertyValueSpecification","valueRequired":true,"valueName":"search_term_string"}}],"inLanguage":"pt-PT"},{"@type":"Person","@id":"https:\/\/portaltela.pt\/#\/schema\/person\/c4278d4a6028830caff9ee44b42d32ed","name":"Telinha","image":{"@type":"ImageObject","inLanguage":"pt-PT","@id":"https:\/\/portaltela.pt\/s.01k8rhncp4jt1\/2025\/11\/talking-bot-125x125.png","url":"https:\/\/portaltela.pt\/s.01k8rhncp4jt1\/2025\/11\/talking-bot-125x125.png","contentUrl":"https:\/\/portaltela.pt\/s.01k8rhncp4jt1\/2025\/11\/talking-bot-125x125.png","caption":"Telinha"},"sameAs":["https:\/\/portaltela.pt\/"],"url":"https:\/\/portaltela.pt\/por\/367410592786\/"}]}},"_links":{"self":[{"href":"https:\/\/portaltela.pt\/api\/wp\/v2\/posts\/424055","targetHints":{"allow":["GET"]}}],"collection":[{"href":"https:\/\/portaltela.pt\/api\/wp\/v2\/posts"}],"about":[{"href":"https:\/\/portaltela.pt\/api\/wp\/v2\/types\/post"}],"author":[{"embeddable":true,"href":"https:\/\/portaltela.pt\/api\/wp\/v2\/users\/2"}],"replies":[{"embeddable":true,"href":"https:\/\/portaltela.pt\/api\/wp\/v2\/comments?post=424055"}],"version-history":[{"count":0,"href":"https:\/\/portaltela.pt\/api\/wp\/v2\/posts\/424055\/revisions"}],"wp:featuredmedia":[{"embeddable":true,"href":"https:\/\/portaltela.pt\/api\/wp\/v2\/media\/424056"}],"wp:attachment":[{"href":"https:\/\/portaltela.pt\/api\/wp\/v2\/media?parent=424055"}],"wp:term":[{"taxonomy":"category","embeddable":true,"href":"https:\/\/portaltela.pt\/api\/wp\/v2\/categories?post=424055"},{"taxonomy":"post_tag","embeddable":true,"href":"https:\/\/portaltela.pt\/api\/wp\/v2\/tags?post=424055"}],"curies":[{"name":"wp","href":"https:\/\/api.w.org\/{rel}","templated":true}]}}