{"id":424050,"date":"2026-03-27T13:52:00","date_gmt":"2026-03-27T16:52:00","guid":{"rendered":"https:\/\/portaltela.pt\/noticias\/2026\/03\/27\/vingegaard-assume-lideranca-da-volta-a-catalunha-almeida-deixa-a-geral\/"},"modified":"2026-03-27T13:52:00","modified_gmt":"2026-03-27T16:52:00","slug":"vingegaard-assume-lideranca-da-volta-a-catalunha-almeida-deixa-a-geral","status":"publish","type":"post","link":"https:\/\/portaltela.pt\/desporto\/futebol\/2026\/03\/27\/vingegaard-assume-lideranca-da-volta-a-catalunha-almeida-deixa-a-geral\/","title":{"rendered":"Vingegaard assume lideran\u00e7a da Volta \u00e0 Catalunha, Almeida deixa a geral"},"content":{"rendered":"<p>Jonas Vingegaard assumiu a lideran\u00e7a da Volta \u00e0 Catalunha ao vencer em solit\u00e1rio a quinta etapa, entre La Seu d\u2019Urgell e o Coll de Pal, num percurso de 153,1 km. O triunfo permitiu ao dinamarqu\u00eas da Visma-Lease a Bike chegar \u00e0 frente na classifica\u00e7\u00e3o geral, com mais de seis quil\u00f3metros de vantagem sobre o pelot\u00f3n, consolidando a sua posi\u00e7\u00e3o na lideran\u00e7a da prova.<\/p>\n<p>Jo\u00e3o Almeida, ciclista portugu\u00eas da UAE Emirates, esteve envolvido num conjunto de quedas na subida ao Col de La Molina. Ap\u00f3s a queda, o ol\u00edmpico portugu\u00eas terminou em 16.\u00ba na etapa, a 1.59 minutos do l\u00edder, e entrou com a sua posi\u00e7\u00e3o na geral a perder terreno, afastando-se da luta pela classifica\u00e7\u00e3o final. A fuga do dia acabou por se dissolver a poucos quil\u00f3metros da meta, com Vingegaard a colocar-se no topo da classifica\u00e7\u00e3o geral.<\/p>\n<p>No decorrer da etapa, o grupo principal apresentou v\u00e1rias tentativas de fuga e ataques. Marc Soler (UAE Emirates) chegou a liderar no in\u00edcio da subida ao Coll de Pal, seguido por Giulio Ciccone (Lidl-Trek) e Davide Piganzoli (Visma-Lease a Bike). Vingegaard lan\u00e7ou o ataque decisivo j\u00e1 na parte final da subida, quando Remco Evenepoel (Red Bull-BORA-hansgrohe) tentou responder, mas n\u00e3o conseguiu acompanhar. O l\u00edder manteve o ritmo e venceu com vantagem apreci\u00e1vel, ampliando a dist\u00e2ncia para os seus perseguidores.<\/p>\n<p>Na geral, Vingegaard passou a ter 57 segundos de vantagem sobre Felix Gall (Decathlon) e 1 min 9 seg sobre Lenny Martinez (Bahrain Victorious). Almeida aparece na geral na posi\u00e7\u00e3o 16, a 2,11 minutos do l\u00edder. A turma de Afonso Eul\u00e1lio (Bahrain Victorious) ficou em 47.\u00ba na tirada e ocupa a 57.\u00ba posi\u00e7\u00e3o na classifica\u00e7\u00e3o geral, a quase 23 minutos do l\u00edder.<\/p>\n<p>Amanh\u00e3, s\u00e1bado, a corrida prossegue com 158,2 km entre Berga e Queralt, numa jornada que inclui uma contagem de montanha de primeira categoria e outra de categoria especial. Vingegaard manter\u00e1 a camisola amarela da lideran\u00e7a, defendendo-a numa etapa com novas dificuldades de altitude.<\/p>\n","protected":false},"excerpt":{"rendered":"<ul>\n<li>Jonas Vingegaard conquistou a quinta etapa da Volta \u00e0 Catalunha em solo, assumindo a lideran\u00e7a da geral e isolando-se com vantagem de mais de seis quil\u00f3metros at\u00e9 \u00e0 meta.<\/li>\n<li>Jo\u00e3o Almeida, da UAE Emirates, terminou 16.\u00ba e ficou longe da luta pela geral, acabando por dissipar as hip\u00f3teses de vencer a prova.<\/li>\n<li>O p\u00f3dio da etapa ficou completo com Felix Gall (Decathlon) em segundo e Lenny Martinez (Bahrain Victorious) em terceiro, a 51 segundos e 1,01 minutos, respetivamente, de Vingegaard.<\/li>\n<li>Na geral, Vingegaard tem 57 segundos de vantagem sobre Gall e 1,09 minutos sobre Martinez; Almeida \u00e9 16.\u00ba, a 2,11 minutos.<\/li>\n<li>Amanh\u00e3 h\u00e1 mais: etapa de 158,2 quil\u00f3metros entre Berga e Queralt, com uma contagem de montanha de primeira categoria, que pode influenciar a corrida.<\/li>\n<\/ul>\n","protected":false},"author":2,"featured_media":424054,"comment_status":"closed","ping_status":"closed","sticky":false,"template":"","format":"standard","meta":{"footnotes":""},"categories":[21,24],"tags":[4212,6186,923,60,81,7573],"class_list":["post-424050","post","type-post","status-publish","format-standard","has-post-thumbnail","hentry","category-desporto","category-futebol","tag-almeida","tag-bahrain-victorious","tag-ciclismo","tag-esportes","tag-internacionais","tag-visma-lease-a-bike"],"yoast_head":"<!-- This site is optimized with the Yoast SEO plugin v27.2 - https:\/\/yoast.com\/product\/yoast-seo-wordpress\/ -->\n<title>Vingegaard assume lideran\u00e7a da Volta \u00e0 Catalunha, Almeida deixa a geral - Portal Tela Portugal<\/title>\n<meta name=\"robots\" content=\"index, follow, max-snippet:-1, max-image-preview:large, max-video-preview:-1\" \/>\n<meta property=\"og:locale\" content=\"pt_PT\" \/>\n<meta property=\"og:type\" content=\"article\" \/>\n<meta property=\"og:title\" content=\"Vingegaard assume lideran\u00e7a da Volta \u00e0 Catalunha, Almeida deixa a geral - Portal Tela Portugal\" \/>\n<meta property=\"og:description\" content=\"Jonas Vingegaard conquistou a quinta etapa da Volta \u00e0 Catalunha em solo, assumindo a lideran\u00e7a da geral e isolando-se com vantagem de mais de seis quil\u00f3metros at\u00e9 \u00e0 meta. Jo\u00e3o Almeida, da UAE Emirates, terminou 16.\u00ba e ficou longe da luta pela geral, acabando por dissipar as hip\u00f3teses de vencer a prova. O p\u00f3dio da etapa ficou completo com Felix Gall (Decathlon) em segundo e Lenny Martinez (Bahrain Victorious) em terceiro, a 51 segundos e 1,01 minutos, respetivamente, de Vingegaard. Na geral, Vingegaard tem 57 segundos de vantagem sobre Gall e 1,09 minutos sobre Martinez; Almeida \u00e9 16.\u00ba, a 2,11 minutos. Amanh\u00e3 h\u00e1 mais: etapa de 158,2 quil\u00f3metros entre Berga e Queralt, com uma contagem de montanha de primeira categoria, que pode influenciar a corrida.\" \/>\n<meta property=\"og:url\" content=\"https:\/\/portaltela.pt\/noticias\/2026\/03\/27\/vingegaard-assume-lideranca-da-volta-a-catalunha-almeida-deixa-a-geral\/\" \/>\n<meta property=\"og:site_name\" content=\"Portal Tela Portugal\" \/>\n<meta property=\"article:published_time\" content=\"2026-03-27T16:52:00+00:00\" \/>\n<meta name=\"author\" content=\"Telinha\" \/>\n<meta name=\"twitter:card\" content=\"summary_large_image\" \/>\n<meta name=\"twitter:label1\" content=\"Escrito por\" \/>\n\t<meta name=\"twitter:data1\" content=\"Telinha\" \/>\n\t<meta name=\"twitter:label2\" content=\"Tempo estimado de leitura\" \/>\n\t<meta name=\"twitter:data2\" content=\"2 minutos\" \/>\n<script type=\"application\/ld+json\" class=\"yoast-schema-graph\">{\"@context\":\"https:\/\/schema.org\",\"@graph\":[{\"@type\":\"Article\",\"@id\":\"https:\/\/portaltela.pt\/noticias\/2026\/03\/27\/vingegaard-assume-lideranca-da-volta-a-catalunha-almeida-deixa-a-geral\/#article\",\"isPartOf\":{\"@id\":\"https:\/\/portaltela.pt\/noticias\/2026\/03\/27\/vingegaard-assume-lideranca-da-volta-a-catalunha-almeida-deixa-a-geral\/\"},\"author\":{\"name\":\"Telinha\",\"@id\":\"https:\/\/portaltela.pt\/#\/schema\/person\/c4278d4a6028830caff9ee44b42d32ed\"},\"headline\":\"Vingegaard assume lideran\u00e7a da Volta \u00e0 Catalunha, Almeida deixa a geral\",\"datePublished\":\"2026-03-27T16:52:00+00:00\",\"mainEntityOfPage\":{\"@id\":\"https:\/\/portaltela.pt\/noticias\/2026\/03\/27\/vingegaard-assume-lideranca-da-volta-a-catalunha-almeida-deixa-a-geral\/\"},\"wordCount\":353,\"image\":{\"@id\":\"https:\/\/portaltela.pt\/noticias\/2026\/03\/27\/vingegaard-assume-lideranca-da-volta-a-catalunha-almeida-deixa-a-geral\/#primaryimage\"},\"thumbnailUrl\":\"https:\/\/portaltela.pt\/s.01k8rhncp4jt1\/2026\/03\/image-1624.jpg\",\"keywords\":[\"Almeida\",\"Bahrain-Victorious\",\"ciclismo\",\"esportes\",\"internacionais\",\"Visma-Lease a Bike\"],\"articleSection\":[\"Desporto\",\"Futebol\"],\"inLanguage\":\"pt-PT\"},{\"@type\":\"WebPage\",\"@id\":\"https:\/\/portaltela.pt\/noticias\/2026\/03\/27\/vingegaard-assume-lideranca-da-volta-a-catalunha-almeida-deixa-a-geral\/\",\"url\":\"https:\/\/portaltela.pt\/noticias\/2026\/03\/27\/vingegaard-assume-lideranca-da-volta-a-catalunha-almeida-deixa-a-geral\/\",\"name\":\"Vingegaard assume lideran\u00e7a da Volta \u00e0 Catalunha, Almeida deixa a geral - Portal Tela Portugal\",\"isPartOf\":{\"@id\":\"https:\/\/portaltela.pt\/#website\"},\"primaryImageOfPage\":{\"@id\":\"https:\/\/portaltela.pt\/noticias\/2026\/03\/27\/vingegaard-assume-lideranca-da-volta-a-catalunha-almeida-deixa-a-geral\/#primaryimage\"},\"image\":{\"@id\":\"https:\/\/portaltela.pt\/noticias\/2026\/03\/27\/vingegaard-assume-lideranca-da-volta-a-catalunha-almeida-deixa-a-geral\/#primaryimage\"},\"thumbnailUrl\":\"https:\/\/portaltela.pt\/s.01k8rhncp4jt1\/2026\/03\/image-1624.jpg\",\"datePublished\":\"2026-03-27T16:52:00+00:00\",\"author\":{\"@id\":\"https:\/\/portaltela.pt\/#\/schema\/person\/c4278d4a6028830caff9ee44b42d32ed\"},\"breadcrumb\":{\"@id\":\"https:\/\/portaltela.pt\/noticias\/2026\/03\/27\/vingegaard-assume-lideranca-da-volta-a-catalunha-almeida-deixa-a-geral\/#breadcrumb\"},\"inLanguage\":\"pt-PT\",\"potentialAction\":[{\"@type\":\"ReadAction\",\"target\":[\"https:\/\/portaltela.pt\/noticias\/2026\/03\/27\/vingegaard-assume-lideranca-da-volta-a-catalunha-almeida-deixa-a-geral\/\"]}]},{\"@type\":\"ImageObject\",\"inLanguage\":\"pt-PT\",\"@id\":\"https:\/\/portaltela.pt\/noticias\/2026\/03\/27\/vingegaard-assume-lideranca-da-volta-a-catalunha-almeida-deixa-a-geral\/#primaryimage\",\"url\":\"https:\/\/portaltela.pt\/s.01k8rhncp4jt1\/2026\/03\/image-1624.jpg\",\"contentUrl\":\"https:\/\/portaltela.pt\/s.01k8rhncp4jt1\/2026\/03\/image-1624.jpg\",\"width\":796,\"height\":448,\"caption\":\"Vingegaard festeja na meta\"},{\"@type\":\"BreadcrumbList\",\"@id\":\"https:\/\/portaltela.pt\/noticias\/2026\/03\/27\/vingegaard-assume-lideranca-da-volta-a-catalunha-almeida-deixa-a-geral\/#breadcrumb\",\"itemListElement\":[{\"@type\":\"ListItem\",\"position\":1,\"name\":\"In\u00edcio\",\"item\":\"https:\/\/portaltela.pt\/\"},{\"@type\":\"ListItem\",\"position\":2,\"name\":\"Vingegaard assume lideran\u00e7a da Volta \u00e0 Catalunha, Almeida deixa a geral\"}]},{\"@type\":\"WebSite\",\"@id\":\"https:\/\/portaltela.pt\/#website\",\"url\":\"https:\/\/portaltela.pt\/\",\"name\":\"Portal Tela Portugal\",\"description\":\"\",\"potentialAction\":[{\"@type\":\"SearchAction\",\"target\":{\"@type\":\"EntryPoint\",\"urlTemplate\":\"https:\/\/portaltela.pt\/?s={search_term_string}\"},\"query-input\":{\"@type\":\"PropertyValueSpecification\",\"valueRequired\":true,\"valueName\":\"search_term_string\"}}],\"inLanguage\":\"pt-PT\"},{\"@type\":\"Person\",\"@id\":\"https:\/\/portaltela.pt\/#\/schema\/person\/c4278d4a6028830caff9ee44b42d32ed\",\"name\":\"Telinha\",\"image\":{\"@type\":\"ImageObject\",\"inLanguage\":\"pt-PT\",\"@id\":\"https:\/\/portaltela.pt\/s.01k8rhncp4jt1\/2025\/11\/talking-bot-125x125.png\",\"url\":\"https:\/\/portaltela.pt\/s.01k8rhncp4jt1\/2025\/11\/talking-bot-125x125.png\",\"contentUrl\":\"https:\/\/portaltela.pt\/s.01k8rhncp4jt1\/2025\/11\/talking-bot-125x125.png\",\"caption\":\"Telinha\"},\"sameAs\":[\"https:\/\/portaltela.pt\/\"],\"url\":\"https:\/\/portaltela.pt\/por\/367410592786\/\"}]}<\/script>\n<!-- \/ Yoast SEO plugin. -->","yoast_head_json":{"title":"Vingegaard assume lideran\u00e7a da Volta \u00e0 Catalunha, Almeida deixa a geral - Portal Tela Portugal","robots":{"index":"index","follow":"follow","max-snippet":"max-snippet:-1","max-image-preview":"max-image-preview:large","max-video-preview":"max-video-preview:-1"},"og_locale":"pt_PT","og_type":"article","og_title":"Vingegaard assume lideran\u00e7a da Volta \u00e0 Catalunha, Almeida deixa a geral - Portal Tela Portugal","og_description":"Jonas Vingegaard conquistou a quinta etapa da Volta \u00e0 Catalunha em solo, assumindo a lideran\u00e7a da geral e isolando-se com vantagem de mais de seis quil\u00f3metros at\u00e9 \u00e0 meta. Jo\u00e3o Almeida, da UAE Emirates, terminou 16.\u00ba e ficou longe da luta pela geral, acabando por dissipar as hip\u00f3teses de vencer a prova. O p\u00f3dio da etapa ficou completo com Felix Gall (Decathlon) em segundo e Lenny Martinez (Bahrain Victorious) em terceiro, a 51 segundos e 1,01 minutos, respetivamente, de Vingegaard. Na geral, Vingegaard tem 57 segundos de vantagem sobre Gall e 1,09 minutos sobre Martinez; Almeida \u00e9 16.\u00ba, a 2,11 minutos. Amanh\u00e3 h\u00e1 mais: etapa de 158,2 quil\u00f3metros entre Berga e Queralt, com uma contagem de montanha de primeira categoria, que pode influenciar a corrida.","og_url":"https:\/\/portaltela.pt\/noticias\/2026\/03\/27\/vingegaard-assume-lideranca-da-volta-a-catalunha-almeida-deixa-a-geral\/","og_site_name":"Portal Tela Portugal","article_published_time":"2026-03-27T16:52:00+00:00","author":"Telinha","twitter_card":"summary_large_image","twitter_misc":{"Escrito por":"Telinha","Tempo estimado de leitura":"2 minutos"},"schema":{"@context":"https:\/\/schema.org","@graph":[{"@type":"Article","@id":"https:\/\/portaltela.pt\/noticias\/2026\/03\/27\/vingegaard-assume-lideranca-da-volta-a-catalunha-almeida-deixa-a-geral\/#article","isPartOf":{"@id":"https:\/\/portaltela.pt\/noticias\/2026\/03\/27\/vingegaard-assume-lideranca-da-volta-a-catalunha-almeida-deixa-a-geral\/"},"author":{"name":"Telinha","@id":"https:\/\/portaltela.pt\/#\/schema\/person\/c4278d4a6028830caff9ee44b42d32ed"},"headline":"Vingegaard assume lideran\u00e7a da Volta \u00e0 Catalunha, Almeida deixa a geral","datePublished":"2026-03-27T16:52:00+00:00","mainEntityOfPage":{"@id":"https:\/\/portaltela.pt\/noticias\/2026\/03\/27\/vingegaard-assume-lideranca-da-volta-a-catalunha-almeida-deixa-a-geral\/"},"wordCount":353,"image":{"@id":"https:\/\/portaltela.pt\/noticias\/2026\/03\/27\/vingegaard-assume-lideranca-da-volta-a-catalunha-almeida-deixa-a-geral\/#primaryimage"},"thumbnailUrl":"https:\/\/portaltela.pt\/s.01k8rhncp4jt1\/2026\/03\/image-1624.jpg","keywords":["Almeida","Bahrain-Victorious","ciclismo","esportes","internacionais","Visma-Lease a Bike"],"articleSection":["Desporto","Futebol"],"inLanguage":"pt-PT"},{"@type":"WebPage","@id":"https:\/\/portaltela.pt\/noticias\/2026\/03\/27\/vingegaard-assume-lideranca-da-volta-a-catalunha-almeida-deixa-a-geral\/","url":"https:\/\/portaltela.pt\/noticias\/2026\/03\/27\/vingegaard-assume-lideranca-da-volta-a-catalunha-almeida-deixa-a-geral\/","name":"Vingegaard assume lideran\u00e7a da Volta \u00e0 Catalunha, Almeida deixa a geral - Portal Tela Portugal","isPartOf":{"@id":"https:\/\/portaltela.pt\/#website"},"primaryImageOfPage":{"@id":"https:\/\/portaltela.pt\/noticias\/2026\/03\/27\/vingegaard-assume-lideranca-da-volta-a-catalunha-almeida-deixa-a-geral\/#primaryimage"},"image":{"@id":"https:\/\/portaltela.pt\/noticias\/2026\/03\/27\/vingegaard-assume-lideranca-da-volta-a-catalunha-almeida-deixa-a-geral\/#primaryimage"},"thumbnailUrl":"https:\/\/portaltela.pt\/s.01k8rhncp4jt1\/2026\/03\/image-1624.jpg","datePublished":"2026-03-27T16:52:00+00:00","author":{"@id":"https:\/\/portaltela.pt\/#\/schema\/person\/c4278d4a6028830caff9ee44b42d32ed"},"breadcrumb":{"@id":"https:\/\/portaltela.pt\/noticias\/2026\/03\/27\/vingegaard-assume-lideranca-da-volta-a-catalunha-almeida-deixa-a-geral\/#breadcrumb"},"inLanguage":"pt-PT","potentialAction":[{"@type":"ReadAction","target":["https:\/\/portaltela.pt\/noticias\/2026\/03\/27\/vingegaard-assume-lideranca-da-volta-a-catalunha-almeida-deixa-a-geral\/"]}]},{"@type":"ImageObject","inLanguage":"pt-PT","@id":"https:\/\/portaltela.pt\/noticias\/2026\/03\/27\/vingegaard-assume-lideranca-da-volta-a-catalunha-almeida-deixa-a-geral\/#primaryimage","url":"https:\/\/portaltela.pt\/s.01k8rhncp4jt1\/2026\/03\/image-1624.jpg","contentUrl":"https:\/\/portaltela.pt\/s.01k8rhncp4jt1\/2026\/03\/image-1624.jpg","width":796,"height":448,"caption":"Vingegaard festeja na meta"},{"@type":"BreadcrumbList","@id":"https:\/\/portaltela.pt\/noticias\/2026\/03\/27\/vingegaard-assume-lideranca-da-volta-a-catalunha-almeida-deixa-a-geral\/#breadcrumb","itemListElement":[{"@type":"ListItem","position":1,"name":"In\u00edcio","item":"https:\/\/portaltela.pt\/"},{"@type":"ListItem","position":2,"name":"Vingegaard assume lideran\u00e7a da Volta \u00e0 Catalunha, Almeida deixa a geral"}]},{"@type":"WebSite","@id":"https:\/\/portaltela.pt\/#website","url":"https:\/\/portaltela.pt\/","name":"Portal Tela Portugal","description":"","potentialAction":[{"@type":"SearchAction","target":{"@type":"EntryPoint","urlTemplate":"https:\/\/portaltela.pt\/?s={search_term_string}"},"query-input":{"@type":"PropertyValueSpecification","valueRequired":true,"valueName":"search_term_string"}}],"inLanguage":"pt-PT"},{"@type":"Person","@id":"https:\/\/portaltela.pt\/#\/schema\/person\/c4278d4a6028830caff9ee44b42d32ed","name":"Telinha","image":{"@type":"ImageObject","inLanguage":"pt-PT","@id":"https:\/\/portaltela.pt\/s.01k8rhncp4jt1\/2025\/11\/talking-bot-125x125.png","url":"https:\/\/portaltela.pt\/s.01k8rhncp4jt1\/2025\/11\/talking-bot-125x125.png","contentUrl":"https:\/\/portaltela.pt\/s.01k8rhncp4jt1\/2025\/11\/talking-bot-125x125.png","caption":"Telinha"},"sameAs":["https:\/\/portaltela.pt\/"],"url":"https:\/\/portaltela.pt\/por\/367410592786\/"}]}},"_links":{"self":[{"href":"https:\/\/portaltela.pt\/api\/wp\/v2\/posts\/424050","targetHints":{"allow":["GET"]}}],"collection":[{"href":"https:\/\/portaltela.pt\/api\/wp\/v2\/posts"}],"about":[{"href":"https:\/\/portaltela.pt\/api\/wp\/v2\/types\/post"}],"author":[{"embeddable":true,"href":"https:\/\/portaltela.pt\/api\/wp\/v2\/users\/2"}],"replies":[{"embeddable":true,"href":"https:\/\/portaltela.pt\/api\/wp\/v2\/comments?post=424050"}],"version-history":[{"count":0,"href":"https:\/\/portaltela.pt\/api\/wp\/v2\/posts\/424050\/revisions"}],"wp:featuredmedia":[{"embeddable":true,"href":"https:\/\/portaltela.pt\/api\/wp\/v2\/media\/424054"}],"wp:attachment":[{"href":"https:\/\/portaltela.pt\/api\/wp\/v2\/media?parent=424050"}],"wp:term":[{"taxonomy":"category","embeddable":true,"href":"https:\/\/portaltela.pt\/api\/wp\/v2\/categories?post=424050"},{"taxonomy":"post_tag","embeddable":true,"href":"https:\/\/portaltela.pt\/api\/wp\/v2\/tags?post=424050"}],"curies":[{"name":"wp","href":"https:\/\/api.w.org\/{rel}","templated":true}]}}