{"id":424047,"date":"2026-03-27T14:02:21","date_gmt":"2026-03-27T17:02:21","guid":{"rendered":"https:\/\/portaltela.pt\/noticias\/2026\/03\/27\/el-salvador-aprova-prisao-perpetua-para-assassinos-e-violadores-mesmo-menores\/"},"modified":"2026-03-27T14:02:21","modified_gmt":"2026-03-27T17:02:21","slug":"el-salvador-aprova-prisao-perpetua-para-assassinos-e-violadores-mesmo-menores","status":"publish","type":"post","link":"https:\/\/portaltela.pt\/justica\/2026\/03\/27\/el-salvador-aprova-prisao-perpetua-para-assassinos-e-violadores-mesmo-menores\/","title":{"rendered":"El Salvador aprova pris\u00e3o perp\u00e9tua para assassinos e violadores, mesmo menores"},"content":{"rendered":"<p>El Salvador aprovou uma reforma constitucional que prev\u00ea a pris\u00e3o perp\u00e9tua para crimes graves, incluindo homic\u00eddio, femic\u00eddio, viola\u00e7\u00e3o e participa\u00e7\u00e3o em organiza\u00e7\u00f5es criminosas. A medida atinge tamb\u00e9m menores, que ficam pass\u00edveis de revis\u00e3o da pena. A ratifica\u00e7\u00e3o ocorreu no Congresso na sexta-feira.<\/p>\n<p>A reforma foi apoiada por 58 legisladores, principalmente do partido de governo, Novas Ideias, com participa\u00e7\u00e3o de aliados e de um representante da ARENA, a oposi\u00e7\u00e3o. A sess\u00e3o tamb\u00e9m manteve o estado de emerg\u00eancia, que j\u00e1 dura h\u00e1 quatro anos desde mar\u00e7o de 2022.<\/p>\n<p>O governo mostra a medida como preventiva, visando condena\u00e7\u00f5es mais duras para crimes extremos, segundo explica\u00e7\u00e3o de Ra\u00fal Chamagua, deputado do partido no poder. Cr\u00edticos afirmam que a reforma pode comprometer cheques e contrapesos do sistema democr\u00e1tico.<\/p>\n<h3>Menores e pris\u00e3o perp\u00e9tua<\/h3>\n<p>Um aspeto central e controverso \u00e9 a possibilidade de menores serem condenados \u00e0 pris\u00e3o perp\u00e9tua. O novo c\u00f3digo prev\u00ea que infra\u00e7\u00f5es pun\u00edveis com pena m\u00e1xima podem levar \u00e0 pris\u00e3o perp\u00e9tua, com vis\u00e3o de revis\u00e3o futura conforme o C\u00f3digo Penal.<\/p>\n<p>A ado\u00e7\u00e3o da reforma ocorreu ap\u00f3s a escalada da viol\u00eancia iniciada em 2022, quando o governo de Nayib Bukele lan\u00e7ou uma ofensiva contra gangues. O estado de emerg\u00eancia tem permitido suspender direitos constitucionais de forma cont\u00ednua.<\/p>\n<p>Desde ent\u00e3o, o Minist\u00e9rio da Justi\u00e7a informou que cerca de 91 650 pessoas foram detidas por liga\u00e7\u00f5es a organiza\u00e7\u00f5es criminosas, com aproximadamente 8 mil libertadas ap\u00f3s comprova\u00e7\u00e3o de inoc\u00eancia.<\/p>\n","protected":false},"excerpt":{"rendered":"<ul>\n<li>Congresso salvadorenho aprovou a reforma constitucional que prev\u00ea pris\u00e3o perp\u00e9tua para homic\u00eddio, femic\u00eddio, viola\u00e7\u00e3o e participa\u00e7\u00e3o em organiza\u00e7\u00f5es criminosas, incluindo menores com direito a revis\u00e3o.<\/li>\n<li>A medida teve o apoio de 58 legisladores, principalmente do partido Novas Ideias, al\u00e9m de aliados e de um deputado da ARENA; a sess\u00e3o tamb\u00e9m prorrogou o estado de emerg\u00eancia, j\u00e1 no quarto anivers\u00e1rio.<\/li>\n<li>O governo de Nayib Bukele defende a reforma como medida preventiva face a crimes extremos, enquanto cr\u00edticos alertam para enfraquecer controles democr\u00e1ticos.<\/li>\n<li>Um aspeto controverso \u00e9 a possibilidade de menores serem alvo de pris\u00e3o perp\u00e9tua, com a revis\u00e3o prevista conforme o C\u00f3digo Penal Juvenil (artigo oito).<\/li>\n<li>Desde mar\u00e7o de dois mil e vinte e dois, o estado de emerg\u00eancia tem permitido suspender direitos constitucionais; estima-se que noventa e um mil cento e cinquenta pessoas tenham sido detidas por liga\u00e7\u00f5es a gangues, com cerca de oito mil libertadas ap\u00f3s comprova\u00e7\u00e3o de inoc\u00eancia.<\/li>\n<\/ul>\n","protected":false},"author":2,"featured_media":424051,"comment_status":"closed","ping_status":"closed","sticky":false,"template":"","format":"standard","meta":{"footnotes":""},"categories":[6907,6815],"tags":[147,2633,1345,352,250,1825],"class_list":["post-424047","post","type-post","status-publish","format-standard","has-post-thumbnail","hentry","category-crime","category-justica","tag-crime","tag-direitos-humanos","tag-homicidio","tag-organizacao-criminosa","tag-seguranca-publica","tag-violacao"],"yoast_head":"<!-- This site is optimized with the Yoast SEO plugin v27.2 - https:\/\/yoast.com\/product\/yoast-seo-wordpress\/ -->\n<title>El Salvador aprova pris\u00e3o perp\u00e9tua para assassinos e violadores, mesmo menores - Portal Tela Portugal<\/title>\n<meta name=\"robots\" content=\"index, follow, max-snippet:-1, max-image-preview:large, max-video-preview:-1\" \/>\n<meta property=\"og:locale\" content=\"pt_PT\" \/>\n<meta property=\"og:type\" content=\"article\" \/>\n<meta property=\"og:title\" content=\"El Salvador aprova pris\u00e3o perp\u00e9tua para assassinos e violadores, mesmo menores - Portal Tela Portugal\" \/>\n<meta property=\"og:description\" content=\"Congresso salvadorenho aprovou a reforma constitucional que prev\u00ea pris\u00e3o perp\u00e9tua para homic\u00eddio, femic\u00eddio, viola\u00e7\u00e3o e participa\u00e7\u00e3o em organiza\u00e7\u00f5es criminosas, incluindo menores com direito a revis\u00e3o. A medida teve o apoio de 58 legisladores, principalmente do partido Novas Ideias, al\u00e9m de aliados e de um deputado da ARENA; a sess\u00e3o tamb\u00e9m prorrogou o estado de emerg\u00eancia, j\u00e1 no quarto anivers\u00e1rio. O governo de Nayib Bukele defende a reforma como medida preventiva face a crimes extremos, enquanto cr\u00edticos alertam para enfraquecer controles democr\u00e1ticos. Um aspeto controverso \u00e9 a possibilidade de menores serem alvo de pris\u00e3o perp\u00e9tua, com a revis\u00e3o prevista conforme o C\u00f3digo Penal Juvenil (artigo oito). Desde mar\u00e7o de dois mil e vinte e dois, o estado de emerg\u00eancia tem permitido suspender direitos constitucionais; estima-se que noventa e um mil cento e cinquenta pessoas tenham sido detidas por liga\u00e7\u00f5es a gangues, com cerca de oito mil libertadas ap\u00f3s comprova\u00e7\u00e3o de inoc\u00eancia.\" \/>\n<meta property=\"og:url\" content=\"https:\/\/portaltela.pt\/noticias\/2026\/03\/27\/el-salvador-aprova-prisao-perpetua-para-assassinos-e-violadores-mesmo-menores\/\" \/>\n<meta property=\"og:site_name\" content=\"Portal Tela Portugal\" \/>\n<meta property=\"article:published_time\" content=\"2026-03-27T17:02:21+00:00\" \/>\n<meta name=\"author\" content=\"Telinha\" \/>\n<meta name=\"twitter:card\" content=\"summary_large_image\" \/>\n<meta name=\"twitter:label1\" content=\"Escrito por\" \/>\n\t<meta name=\"twitter:data1\" content=\"Telinha\" \/>\n\t<meta name=\"twitter:label2\" content=\"Tempo estimado de leitura\" \/>\n\t<meta name=\"twitter:data2\" content=\"1 minuto\" \/>\n<script type=\"application\/ld+json\" class=\"yoast-schema-graph\">{\"@context\":\"https:\/\/schema.org\",\"@graph\":[{\"@type\":\"Article\",\"@id\":\"https:\/\/portaltela.pt\/noticias\/2026\/03\/27\/el-salvador-aprova-prisao-perpetua-para-assassinos-e-violadores-mesmo-menores\/#article\",\"isPartOf\":{\"@id\":\"https:\/\/portaltela.pt\/noticias\/2026\/03\/27\/el-salvador-aprova-prisao-perpetua-para-assassinos-e-violadores-mesmo-menores\/\"},\"author\":{\"name\":\"Telinha\",\"@id\":\"https:\/\/portaltela.pt\/#\/schema\/person\/c4278d4a6028830caff9ee44b42d32ed\"},\"headline\":\"El Salvador aprova pris\u00e3o perp\u00e9tua para assassinos e violadores, mesmo menores\",\"datePublished\":\"2026-03-27T17:02:21+00:00\",\"mainEntityOfPage\":{\"@id\":\"https:\/\/portaltela.pt\/noticias\/2026\/03\/27\/el-salvador-aprova-prisao-perpetua-para-assassinos-e-violadores-mesmo-menores\/\"},\"wordCount\":284,\"image\":{\"@id\":\"https:\/\/portaltela.pt\/noticias\/2026\/03\/27\/el-salvador-aprova-prisao-perpetua-para-assassinos-e-violadores-mesmo-menores\/#primaryimage\"},\"thumbnailUrl\":\"https:\/\/portaltela.pt\/s.01k8rhncp4jt1\/2026\/03\/1536x864_cmsv2_0e974688-a617-5c97-85c0-29f9069b5208-9701282.jpg\",\"keywords\":[\"crime\",\"direitos humanos\",\"homic\u00eddio\",\"organiza\u00e7\u00e3o criminosa\",\"seguran\u00e7a p\u00fablica\",\"viola\u00e7\u00e3o\"],\"articleSection\":[\"Crime\",\"Justi\u00e7a\"],\"inLanguage\":\"pt-PT\"},{\"@type\":\"WebPage\",\"@id\":\"https:\/\/portaltela.pt\/noticias\/2026\/03\/27\/el-salvador-aprova-prisao-perpetua-para-assassinos-e-violadores-mesmo-menores\/\",\"url\":\"https:\/\/portaltela.pt\/noticias\/2026\/03\/27\/el-salvador-aprova-prisao-perpetua-para-assassinos-e-violadores-mesmo-menores\/\",\"name\":\"El Salvador aprova pris\u00e3o perp\u00e9tua para assassinos e violadores, mesmo menores - Portal Tela Portugal\",\"isPartOf\":{\"@id\":\"https:\/\/portaltela.pt\/#website\"},\"primaryImageOfPage\":{\"@id\":\"https:\/\/portaltela.pt\/noticias\/2026\/03\/27\/el-salvador-aprova-prisao-perpetua-para-assassinos-e-violadores-mesmo-menores\/#primaryimage\"},\"image\":{\"@id\":\"https:\/\/portaltela.pt\/noticias\/2026\/03\/27\/el-salvador-aprova-prisao-perpetua-para-assassinos-e-violadores-mesmo-menores\/#primaryimage\"},\"thumbnailUrl\":\"https:\/\/portaltela.pt\/s.01k8rhncp4jt1\/2026\/03\/1536x864_cmsv2_0e974688-a617-5c97-85c0-29f9069b5208-9701282.jpg\",\"datePublished\":\"2026-03-27T17:02:21+00:00\",\"author\":{\"@id\":\"https:\/\/portaltela.pt\/#\/schema\/person\/c4278d4a6028830caff9ee44b42d32ed\"},\"breadcrumb\":{\"@id\":\"https:\/\/portaltela.pt\/noticias\/2026\/03\/27\/el-salvador-aprova-prisao-perpetua-para-assassinos-e-violadores-mesmo-menores\/#breadcrumb\"},\"inLanguage\":\"pt-PT\",\"potentialAction\":[{\"@type\":\"ReadAction\",\"target\":[\"https:\/\/portaltela.pt\/noticias\/2026\/03\/27\/el-salvador-aprova-prisao-perpetua-para-assassinos-e-violadores-mesmo-menores\/\"]}]},{\"@type\":\"ImageObject\",\"inLanguage\":\"pt-PT\",\"@id\":\"https:\/\/portaltela.pt\/noticias\/2026\/03\/27\/el-salvador-aprova-prisao-perpetua-para-assassinos-e-violadores-mesmo-menores\/#primaryimage\",\"url\":\"https:\/\/portaltela.pt\/s.01k8rhncp4jt1\/2026\/03\/1536x864_cmsv2_0e974688-a617-5c97-85c0-29f9069b5208-9701282.jpg\",\"contentUrl\":\"https:\/\/portaltela.pt\/s.01k8rhncp4jt1\/2026\/03\/1536x864_cmsv2_0e974688-a617-5c97-85c0-29f9069b5208-9701282.jpg\",\"width\":796,\"height\":448,\"caption\":\"ARQUIVO - Prisioneiros sentados na sua cela na mega-pris\u00e3o conhecida como Centro de Deten\u00e7\u00e3o contra o Terrorismo (CECOT) em Tecololuca, El Salvador, 30 de janeiro de 2026.\"},{\"@type\":\"BreadcrumbList\",\"@id\":\"https:\/\/portaltela.pt\/noticias\/2026\/03\/27\/el-salvador-aprova-prisao-perpetua-para-assassinos-e-violadores-mesmo-menores\/#breadcrumb\",\"itemListElement\":[{\"@type\":\"ListItem\",\"position\":1,\"name\":\"In\u00edcio\",\"item\":\"https:\/\/portaltela.pt\/\"},{\"@type\":\"ListItem\",\"position\":2,\"name\":\"El Salvador aprova pris\u00e3o perp\u00e9tua para assassinos e violadores, mesmo menores\"}]},{\"@type\":\"WebSite\",\"@id\":\"https:\/\/portaltela.pt\/#website\",\"url\":\"https:\/\/portaltela.pt\/\",\"name\":\"Portal Tela Portugal\",\"description\":\"\",\"potentialAction\":[{\"@type\":\"SearchAction\",\"target\":{\"@type\":\"EntryPoint\",\"urlTemplate\":\"https:\/\/portaltela.pt\/?s={search_term_string}\"},\"query-input\":{\"@type\":\"PropertyValueSpecification\",\"valueRequired\":true,\"valueName\":\"search_term_string\"}}],\"inLanguage\":\"pt-PT\"},{\"@type\":\"Person\",\"@id\":\"https:\/\/portaltela.pt\/#\/schema\/person\/c4278d4a6028830caff9ee44b42d32ed\",\"name\":\"Telinha\",\"image\":{\"@type\":\"ImageObject\",\"inLanguage\":\"pt-PT\",\"@id\":\"https:\/\/portaltela.pt\/s.01k8rhncp4jt1\/2025\/11\/talking-bot-125x125.png\",\"url\":\"https:\/\/portaltela.pt\/s.01k8rhncp4jt1\/2025\/11\/talking-bot-125x125.png\",\"contentUrl\":\"https:\/\/portaltela.pt\/s.01k8rhncp4jt1\/2025\/11\/talking-bot-125x125.png\",\"caption\":\"Telinha\"},\"sameAs\":[\"https:\/\/portaltela.pt\/\"],\"url\":\"https:\/\/portaltela.pt\/por\/367410592786\/\"}]}<\/script>\n<!-- \/ Yoast SEO plugin. -->","yoast_head_json":{"title":"El Salvador aprova pris\u00e3o perp\u00e9tua para assassinos e violadores, mesmo menores - Portal Tela Portugal","robots":{"index":"index","follow":"follow","max-snippet":"max-snippet:-1","max-image-preview":"max-image-preview:large","max-video-preview":"max-video-preview:-1"},"og_locale":"pt_PT","og_type":"article","og_title":"El Salvador aprova pris\u00e3o perp\u00e9tua para assassinos e violadores, mesmo menores - Portal Tela Portugal","og_description":"Congresso salvadorenho aprovou a reforma constitucional que prev\u00ea pris\u00e3o perp\u00e9tua para homic\u00eddio, femic\u00eddio, viola\u00e7\u00e3o e participa\u00e7\u00e3o em organiza\u00e7\u00f5es criminosas, incluindo menores com direito a revis\u00e3o. A medida teve o apoio de 58 legisladores, principalmente do partido Novas Ideias, al\u00e9m de aliados e de um deputado da ARENA; a sess\u00e3o tamb\u00e9m prorrogou o estado de emerg\u00eancia, j\u00e1 no quarto anivers\u00e1rio. O governo de Nayib Bukele defende a reforma como medida preventiva face a crimes extremos, enquanto cr\u00edticos alertam para enfraquecer controles democr\u00e1ticos. Um aspeto controverso \u00e9 a possibilidade de menores serem alvo de pris\u00e3o perp\u00e9tua, com a revis\u00e3o prevista conforme o C\u00f3digo Penal Juvenil (artigo oito). Desde mar\u00e7o de dois mil e vinte e dois, o estado de emerg\u00eancia tem permitido suspender direitos constitucionais; estima-se que noventa e um mil cento e cinquenta pessoas tenham sido detidas por liga\u00e7\u00f5es a gangues, com cerca de oito mil libertadas ap\u00f3s comprova\u00e7\u00e3o de inoc\u00eancia.","og_url":"https:\/\/portaltela.pt\/noticias\/2026\/03\/27\/el-salvador-aprova-prisao-perpetua-para-assassinos-e-violadores-mesmo-menores\/","og_site_name":"Portal Tela Portugal","article_published_time":"2026-03-27T17:02:21+00:00","author":"Telinha","twitter_card":"summary_large_image","twitter_misc":{"Escrito por":"Telinha","Tempo estimado de leitura":"1 minuto"},"schema":{"@context":"https:\/\/schema.org","@graph":[{"@type":"Article","@id":"https:\/\/portaltela.pt\/noticias\/2026\/03\/27\/el-salvador-aprova-prisao-perpetua-para-assassinos-e-violadores-mesmo-menores\/#article","isPartOf":{"@id":"https:\/\/portaltela.pt\/noticias\/2026\/03\/27\/el-salvador-aprova-prisao-perpetua-para-assassinos-e-violadores-mesmo-menores\/"},"author":{"name":"Telinha","@id":"https:\/\/portaltela.pt\/#\/schema\/person\/c4278d4a6028830caff9ee44b42d32ed"},"headline":"El Salvador aprova pris\u00e3o perp\u00e9tua para assassinos e violadores, mesmo menores","datePublished":"2026-03-27T17:02:21+00:00","mainEntityOfPage":{"@id":"https:\/\/portaltela.pt\/noticias\/2026\/03\/27\/el-salvador-aprova-prisao-perpetua-para-assassinos-e-violadores-mesmo-menores\/"},"wordCount":284,"image":{"@id":"https:\/\/portaltela.pt\/noticias\/2026\/03\/27\/el-salvador-aprova-prisao-perpetua-para-assassinos-e-violadores-mesmo-menores\/#primaryimage"},"thumbnailUrl":"https:\/\/portaltela.pt\/s.01k8rhncp4jt1\/2026\/03\/1536x864_cmsv2_0e974688-a617-5c97-85c0-29f9069b5208-9701282.jpg","keywords":["crime","direitos humanos","homic\u00eddio","organiza\u00e7\u00e3o criminosa","seguran\u00e7a p\u00fablica","viola\u00e7\u00e3o"],"articleSection":["Crime","Justi\u00e7a"],"inLanguage":"pt-PT"},{"@type":"WebPage","@id":"https:\/\/portaltela.pt\/noticias\/2026\/03\/27\/el-salvador-aprova-prisao-perpetua-para-assassinos-e-violadores-mesmo-menores\/","url":"https:\/\/portaltela.pt\/noticias\/2026\/03\/27\/el-salvador-aprova-prisao-perpetua-para-assassinos-e-violadores-mesmo-menores\/","name":"El Salvador aprova pris\u00e3o perp\u00e9tua para assassinos e violadores, mesmo menores - Portal Tela Portugal","isPartOf":{"@id":"https:\/\/portaltela.pt\/#website"},"primaryImageOfPage":{"@id":"https:\/\/portaltela.pt\/noticias\/2026\/03\/27\/el-salvador-aprova-prisao-perpetua-para-assassinos-e-violadores-mesmo-menores\/#primaryimage"},"image":{"@id":"https:\/\/portaltela.pt\/noticias\/2026\/03\/27\/el-salvador-aprova-prisao-perpetua-para-assassinos-e-violadores-mesmo-menores\/#primaryimage"},"thumbnailUrl":"https:\/\/portaltela.pt\/s.01k8rhncp4jt1\/2026\/03\/1536x864_cmsv2_0e974688-a617-5c97-85c0-29f9069b5208-9701282.jpg","datePublished":"2026-03-27T17:02:21+00:00","author":{"@id":"https:\/\/portaltela.pt\/#\/schema\/person\/c4278d4a6028830caff9ee44b42d32ed"},"breadcrumb":{"@id":"https:\/\/portaltela.pt\/noticias\/2026\/03\/27\/el-salvador-aprova-prisao-perpetua-para-assassinos-e-violadores-mesmo-menores\/#breadcrumb"},"inLanguage":"pt-PT","potentialAction":[{"@type":"ReadAction","target":["https:\/\/portaltela.pt\/noticias\/2026\/03\/27\/el-salvador-aprova-prisao-perpetua-para-assassinos-e-violadores-mesmo-menores\/"]}]},{"@type":"ImageObject","inLanguage":"pt-PT","@id":"https:\/\/portaltela.pt\/noticias\/2026\/03\/27\/el-salvador-aprova-prisao-perpetua-para-assassinos-e-violadores-mesmo-menores\/#primaryimage","url":"https:\/\/portaltela.pt\/s.01k8rhncp4jt1\/2026\/03\/1536x864_cmsv2_0e974688-a617-5c97-85c0-29f9069b5208-9701282.jpg","contentUrl":"https:\/\/portaltela.pt\/s.01k8rhncp4jt1\/2026\/03\/1536x864_cmsv2_0e974688-a617-5c97-85c0-29f9069b5208-9701282.jpg","width":796,"height":448,"caption":"ARQUIVO - Prisioneiros sentados na sua cela na mega-pris\u00e3o conhecida como Centro de Deten\u00e7\u00e3o contra o Terrorismo (CECOT) em Tecololuca, El Salvador, 30 de janeiro de 2026."},{"@type":"BreadcrumbList","@id":"https:\/\/portaltela.pt\/noticias\/2026\/03\/27\/el-salvador-aprova-prisao-perpetua-para-assassinos-e-violadores-mesmo-menores\/#breadcrumb","itemListElement":[{"@type":"ListItem","position":1,"name":"In\u00edcio","item":"https:\/\/portaltela.pt\/"},{"@type":"ListItem","position":2,"name":"El Salvador aprova pris\u00e3o perp\u00e9tua para assassinos e violadores, mesmo menores"}]},{"@type":"WebSite","@id":"https:\/\/portaltela.pt\/#website","url":"https:\/\/portaltela.pt\/","name":"Portal Tela Portugal","description":"","potentialAction":[{"@type":"SearchAction","target":{"@type":"EntryPoint","urlTemplate":"https:\/\/portaltela.pt\/?s={search_term_string}"},"query-input":{"@type":"PropertyValueSpecification","valueRequired":true,"valueName":"search_term_string"}}],"inLanguage":"pt-PT"},{"@type":"Person","@id":"https:\/\/portaltela.pt\/#\/schema\/person\/c4278d4a6028830caff9ee44b42d32ed","name":"Telinha","image":{"@type":"ImageObject","inLanguage":"pt-PT","@id":"https:\/\/portaltela.pt\/s.01k8rhncp4jt1\/2025\/11\/talking-bot-125x125.png","url":"https:\/\/portaltela.pt\/s.01k8rhncp4jt1\/2025\/11\/talking-bot-125x125.png","contentUrl":"https:\/\/portaltela.pt\/s.01k8rhncp4jt1\/2025\/11\/talking-bot-125x125.png","caption":"Telinha"},"sameAs":["https:\/\/portaltela.pt\/"],"url":"https:\/\/portaltela.pt\/por\/367410592786\/"}]}},"_links":{"self":[{"href":"https:\/\/portaltela.pt\/api\/wp\/v2\/posts\/424047","targetHints":{"allow":["GET"]}}],"collection":[{"href":"https:\/\/portaltela.pt\/api\/wp\/v2\/posts"}],"about":[{"href":"https:\/\/portaltela.pt\/api\/wp\/v2\/types\/post"}],"author":[{"embeddable":true,"href":"https:\/\/portaltela.pt\/api\/wp\/v2\/users\/2"}],"replies":[{"embeddable":true,"href":"https:\/\/portaltela.pt\/api\/wp\/v2\/comments?post=424047"}],"version-history":[{"count":0,"href":"https:\/\/portaltela.pt\/api\/wp\/v2\/posts\/424047\/revisions"}],"wp:featuredmedia":[{"embeddable":true,"href":"https:\/\/portaltela.pt\/api\/wp\/v2\/media\/424051"}],"wp:attachment":[{"href":"https:\/\/portaltela.pt\/api\/wp\/v2\/media?parent=424047"}],"wp:term":[{"taxonomy":"category","embeddable":true,"href":"https:\/\/portaltela.pt\/api\/wp\/v2\/categories?post=424047"},{"taxonomy":"post_tag","embeddable":true,"href":"https:\/\/portaltela.pt\/api\/wp\/v2\/tags?post=424047"}],"curies":[{"name":"wp","href":"https:\/\/api.w.org\/{rel}","templated":true}]}}