{"id":424028,"date":"2026-03-27T13:51:00","date_gmt":"2026-03-27T16:51:00","guid":{"rendered":"https:\/\/portaltela.pt\/noticias\/2026\/03\/27\/daniel-banjaqui-estreia-se-pela-selecao-de-sub-21-com-tranquilidade-dos-colegas\/"},"modified":"2026-03-27T13:51:00","modified_gmt":"2026-03-27T16:51:00","slug":"daniel-banjaqui-estreia-se-pela-selecao-de-sub-21-com-tranquilidade-dos-colegas","status":"publish","type":"post","link":"https:\/\/portaltela.pt\/desporto\/futebol\/2026\/03\/27\/daniel-banjaqui-estreia-se-pela-selecao-de-sub-21-com-tranquilidade-dos-colegas\/","title":{"rendered":"Daniel Banjaqui estreia-se pela Sele\u00e7\u00e3o de sub-21 com tranquilidade dos colegas"},"content":{"rendered":"<p>Daniel Banjaqui estreou-se pela Sele\u00e7\u00e3o de sub-21 ao lado direito, mantendo-se em campo os 90 minutos na goleada por 4-0 frente ao Azerbaij\u00e3o, num jogo de qualifica\u00e7\u00e3o para o Europeu. O encontro aconteceu recentemente, em casa da equipa advers\u00e1ria, em contexto de prepara\u00e7\u00e3o para o pr\u00f3ximo desafio.<\/p>\n<p>O lateral do Benfica demonstrou solidez defensiva e participa\u00e7\u00e3o consistente no ataque, contribuindo para a press\u00e3o constante que resultou em v\u00e1rios lances de perigo e na segunda parte, quando chegaram os golos. Banjaqui j\u00e1 tinha pisado o espa\u00e7o da equipa principal nesta temporada, tendo sido op\u00e7\u00e3o de Jos\u00e9 Mourinho.<\/p>\n<h3>Ambienta\u00e7\u00e3o entre o grupo e impacto da estreia<\/h3>\n<p>O jogador destacou o acolhimento dos colegas, que lhe transmitiram tranquilidade desde o in\u00edcio da concentra\u00e7\u00e3o at\u00e9 ao fim do jogo. A equipa portuguesa procurou manter o controlo da partida, com circula\u00e7\u00e3o de bola e paci\u00eancia para abrir caminhos rumo ao golo.<\/p>\n<p>O foco agora est\u00e1 no pr\u00f3ximo encontro frente \u00e0 Esc\u00f3cia, onde o objetivo permanece inalterado: vencer, manter a baliza a zeros e aproveitar as oportunidades de concretizar. A presta\u00e7\u00e3o de Banjaqui \u00e9 olhada como promessa para o resto do ciclo de qualifica\u00e7\u00e3o.<\/p>\n","protected":false},"excerpt":{"rendered":"<ul>\n<li>Daniel Banjaqui estreou-se pela sele\u00e7\u00e3o de sub-21, foi titular e atuou os 90 minutos na posi\u00e7\u00e3o de lateral direito na vit\u00f3ria por quatro a zero frente ao Azerbaij\u00e3o.<\/li>\n<li>O encontro integrou a qualifica\u00e7\u00e3o para o Europeu sub-21 e marcou o primeiro jogo do jovem no escal\u00e3o.<\/li>\n<li>O Benfica \u00e9 o clube do jogador, que j\u00e1 tinha sido aposta de Jos\u00e9 Mourinho na presente temporada.<\/li>\n<li>Banjaqui revelou ter ficado satisfeito com a rece\u00e7\u00e3o dos colegas, que o deixaram \u00e0 vontade e lhe deram tranquilidade para a estreia.<\/li>\n<li>O objetivo para o pr\u00f3ximo duelo com a Esc\u00f3cia \u00e9 vencer, manter a baliza a zeros e marcar o m\u00e1ximo poss\u00edvel.<\/li>\n<\/ul>\n","protected":false},"author":2,"featured_media":424034,"comment_status":"closed","ping_status":"closed","sticky":false,"template":"","format":"standard","meta":{"footnotes":""},"categories":[21,24],"tags":[6476,1946,32,242,1014,2057],"class_list":["post-424028","post","type-post","status-publish","format-standard","has-post-thumbnail","hentry","category-desporto","category-futebol","tag-azerbaijao","tag-benfica","tag-futebol","tag-jogadores","tag-portugal","tag-selecao-nacional"],"yoast_head":"<!-- This site is optimized with the Yoast SEO plugin v27.2 - https:\/\/yoast.com\/product\/yoast-seo-wordpress\/ -->\n<title>Daniel Banjaqui estreia-se pela Sele\u00e7\u00e3o de sub-21 com tranquilidade dos colegas - Portal Tela Portugal<\/title>\n<meta name=\"robots\" content=\"index, follow, max-snippet:-1, max-image-preview:large, max-video-preview:-1\" \/>\n<meta property=\"og:locale\" content=\"pt_PT\" \/>\n<meta property=\"og:type\" content=\"article\" \/>\n<meta property=\"og:title\" content=\"Daniel Banjaqui estreia-se pela Sele\u00e7\u00e3o de sub-21 com tranquilidade dos colegas - Portal Tela Portugal\" \/>\n<meta property=\"og:description\" content=\"Daniel Banjaqui estreou-se pela sele\u00e7\u00e3o de sub-21, foi titular e atuou os 90 minutos na posi\u00e7\u00e3o de lateral direito na vit\u00f3ria por quatro a zero frente ao Azerbaij\u00e3o. O encontro integrou a qualifica\u00e7\u00e3o para o Europeu sub-21 e marcou o primeiro jogo do jovem no escal\u00e3o. O Benfica \u00e9 o clube do jogador, que j\u00e1 tinha sido aposta de Jos\u00e9 Mourinho na presente temporada. Banjaqui revelou ter ficado satisfeito com a rece\u00e7\u00e3o dos colegas, que o deixaram \u00e0 vontade e lhe deram tranquilidade para a estreia. O objetivo para o pr\u00f3ximo duelo com a Esc\u00f3cia \u00e9 vencer, manter a baliza a zeros e marcar o m\u00e1ximo poss\u00edvel.\" \/>\n<meta property=\"og:url\" content=\"https:\/\/portaltela.pt\/noticias\/2026\/03\/27\/daniel-banjaqui-estreia-se-pela-selecao-de-sub-21-com-tranquilidade-dos-colegas\/\" \/>\n<meta property=\"og:site_name\" content=\"Portal Tela Portugal\" \/>\n<meta property=\"article:published_time\" content=\"2026-03-27T16:51:00+00:00\" \/>\n<meta name=\"author\" content=\"Telinha\" \/>\n<meta name=\"twitter:card\" content=\"summary_large_image\" \/>\n<meta name=\"twitter:label1\" content=\"Escrito por\" \/>\n\t<meta name=\"twitter:data1\" content=\"Telinha\" \/>\n\t<meta name=\"twitter:label2\" content=\"Tempo estimado de leitura\" \/>\n\t<meta name=\"twitter:data2\" content=\"1 minuto\" \/>\n<script type=\"application\/ld+json\" class=\"yoast-schema-graph\">{\"@context\":\"https:\/\/schema.org\",\"@graph\":[{\"@type\":\"Article\",\"@id\":\"https:\/\/portaltela.pt\/noticias\/2026\/03\/27\/daniel-banjaqui-estreia-se-pela-selecao-de-sub-21-com-tranquilidade-dos-colegas\/#article\",\"isPartOf\":{\"@id\":\"https:\/\/portaltela.pt\/noticias\/2026\/03\/27\/daniel-banjaqui-estreia-se-pela-selecao-de-sub-21-com-tranquilidade-dos-colegas\/\"},\"author\":{\"name\":\"Telinha\",\"@id\":\"https:\/\/portaltela.pt\/#\/schema\/person\/c4278d4a6028830caff9ee44b42d32ed\"},\"headline\":\"Daniel Banjaqui estreia-se pela Sele\u00e7\u00e3o de sub-21 com tranquilidade dos colegas\",\"datePublished\":\"2026-03-27T16:51:00+00:00\",\"mainEntityOfPage\":{\"@id\":\"https:\/\/portaltela.pt\/noticias\/2026\/03\/27\/daniel-banjaqui-estreia-se-pela-selecao-de-sub-21-com-tranquilidade-dos-colegas\/\"},\"wordCount\":217,\"image\":{\"@id\":\"https:\/\/portaltela.pt\/noticias\/2026\/03\/27\/daniel-banjaqui-estreia-se-pela-selecao-de-sub-21-com-tranquilidade-dos-colegas\/#primaryimage\"},\"thumbnailUrl\":\"https:\/\/portaltela.pt\/s.01k8rhncp4jt1\/2026\/03\/img_920x518uu2026-03-27-16-47-44-2429720.jpg\",\"keywords\":[\"Azerbaij\u00e3o\",\"Benfica\",\"futebol\",\"jogadores\",\"Portugal\",\"Sele\u00e7\u00e3o Nacional\"],\"articleSection\":[\"Desporto\",\"Futebol\"],\"inLanguage\":\"pt-PT\"},{\"@type\":\"WebPage\",\"@id\":\"https:\/\/portaltela.pt\/noticias\/2026\/03\/27\/daniel-banjaqui-estreia-se-pela-selecao-de-sub-21-com-tranquilidade-dos-colegas\/\",\"url\":\"https:\/\/portaltela.pt\/noticias\/2026\/03\/27\/daniel-banjaqui-estreia-se-pela-selecao-de-sub-21-com-tranquilidade-dos-colegas\/\",\"name\":\"Daniel Banjaqui estreia-se pela Sele\u00e7\u00e3o de sub-21 com tranquilidade dos colegas - Portal Tela Portugal\",\"isPartOf\":{\"@id\":\"https:\/\/portaltela.pt\/#website\"},\"primaryImageOfPage\":{\"@id\":\"https:\/\/portaltela.pt\/noticias\/2026\/03\/27\/daniel-banjaqui-estreia-se-pela-selecao-de-sub-21-com-tranquilidade-dos-colegas\/#primaryimage\"},\"image\":{\"@id\":\"https:\/\/portaltela.pt\/noticias\/2026\/03\/27\/daniel-banjaqui-estreia-se-pela-selecao-de-sub-21-com-tranquilidade-dos-colegas\/#primaryimage\"},\"thumbnailUrl\":\"https:\/\/portaltela.pt\/s.01k8rhncp4jt1\/2026\/03\/img_920x518uu2026-03-27-16-47-44-2429720.jpg\",\"datePublished\":\"2026-03-27T16:51:00+00:00\",\"author\":{\"@id\":\"https:\/\/portaltela.pt\/#\/schema\/person\/c4278d4a6028830caff9ee44b42d32ed\"},\"breadcrumb\":{\"@id\":\"https:\/\/portaltela.pt\/noticias\/2026\/03\/27\/daniel-banjaqui-estreia-se-pela-selecao-de-sub-21-com-tranquilidade-dos-colegas\/#breadcrumb\"},\"inLanguage\":\"pt-PT\",\"potentialAction\":[{\"@type\":\"ReadAction\",\"target\":[\"https:\/\/portaltela.pt\/noticias\/2026\/03\/27\/daniel-banjaqui-estreia-se-pela-selecao-de-sub-21-com-tranquilidade-dos-colegas\/\"]}]},{\"@type\":\"ImageObject\",\"inLanguage\":\"pt-PT\",\"@id\":\"https:\/\/portaltela.pt\/noticias\/2026\/03\/27\/daniel-banjaqui-estreia-se-pela-selecao-de-sub-21-com-tranquilidade-dos-colegas\/#primaryimage\",\"url\":\"https:\/\/portaltela.pt\/s.01k8rhncp4jt1\/2026\/03\/img_920x518uu2026-03-27-16-47-44-2429720.jpg\",\"contentUrl\":\"https:\/\/portaltela.pt\/s.01k8rhncp4jt1\/2026\/03\/img_920x518uu2026-03-27-16-47-44-2429720.jpg\",\"width\":796,\"height\":448,\"caption\":\"Daniel Banjaqui na Sele\u00e7\u00e3o\"},{\"@type\":\"BreadcrumbList\",\"@id\":\"https:\/\/portaltela.pt\/noticias\/2026\/03\/27\/daniel-banjaqui-estreia-se-pela-selecao-de-sub-21-com-tranquilidade-dos-colegas\/#breadcrumb\",\"itemListElement\":[{\"@type\":\"ListItem\",\"position\":1,\"name\":\"In\u00edcio\",\"item\":\"https:\/\/portaltela.pt\/\"},{\"@type\":\"ListItem\",\"position\":2,\"name\":\"Daniel Banjaqui estreia-se pela Sele\u00e7\u00e3o de sub-21 com tranquilidade dos colegas\"}]},{\"@type\":\"WebSite\",\"@id\":\"https:\/\/portaltela.pt\/#website\",\"url\":\"https:\/\/portaltela.pt\/\",\"name\":\"Portal Tela Portugal\",\"description\":\"\",\"potentialAction\":[{\"@type\":\"SearchAction\",\"target\":{\"@type\":\"EntryPoint\",\"urlTemplate\":\"https:\/\/portaltela.pt\/?s={search_term_string}\"},\"query-input\":{\"@type\":\"PropertyValueSpecification\",\"valueRequired\":true,\"valueName\":\"search_term_string\"}}],\"inLanguage\":\"pt-PT\"},{\"@type\":\"Person\",\"@id\":\"https:\/\/portaltela.pt\/#\/schema\/person\/c4278d4a6028830caff9ee44b42d32ed\",\"name\":\"Telinha\",\"image\":{\"@type\":\"ImageObject\",\"inLanguage\":\"pt-PT\",\"@id\":\"https:\/\/portaltela.pt\/s.01k8rhncp4jt1\/2025\/11\/talking-bot-125x125.png\",\"url\":\"https:\/\/portaltela.pt\/s.01k8rhncp4jt1\/2025\/11\/talking-bot-125x125.png\",\"contentUrl\":\"https:\/\/portaltela.pt\/s.01k8rhncp4jt1\/2025\/11\/talking-bot-125x125.png\",\"caption\":\"Telinha\"},\"sameAs\":[\"https:\/\/portaltela.pt\/\"],\"url\":\"https:\/\/portaltela.pt\/por\/367410592786\/\"}]}<\/script>\n<!-- \/ Yoast SEO plugin. -->","yoast_head_json":{"title":"Daniel Banjaqui estreia-se pela Sele\u00e7\u00e3o de sub-21 com tranquilidade dos colegas - Portal Tela Portugal","robots":{"index":"index","follow":"follow","max-snippet":"max-snippet:-1","max-image-preview":"max-image-preview:large","max-video-preview":"max-video-preview:-1"},"og_locale":"pt_PT","og_type":"article","og_title":"Daniel Banjaqui estreia-se pela Sele\u00e7\u00e3o de sub-21 com tranquilidade dos colegas - Portal Tela Portugal","og_description":"Daniel Banjaqui estreou-se pela sele\u00e7\u00e3o de sub-21, foi titular e atuou os 90 minutos na posi\u00e7\u00e3o de lateral direito na vit\u00f3ria por quatro a zero frente ao Azerbaij\u00e3o. O encontro integrou a qualifica\u00e7\u00e3o para o Europeu sub-21 e marcou o primeiro jogo do jovem no escal\u00e3o. O Benfica \u00e9 o clube do jogador, que j\u00e1 tinha sido aposta de Jos\u00e9 Mourinho na presente temporada. Banjaqui revelou ter ficado satisfeito com a rece\u00e7\u00e3o dos colegas, que o deixaram \u00e0 vontade e lhe deram tranquilidade para a estreia. O objetivo para o pr\u00f3ximo duelo com a Esc\u00f3cia \u00e9 vencer, manter a baliza a zeros e marcar o m\u00e1ximo poss\u00edvel.","og_url":"https:\/\/portaltela.pt\/noticias\/2026\/03\/27\/daniel-banjaqui-estreia-se-pela-selecao-de-sub-21-com-tranquilidade-dos-colegas\/","og_site_name":"Portal Tela Portugal","article_published_time":"2026-03-27T16:51:00+00:00","author":"Telinha","twitter_card":"summary_large_image","twitter_misc":{"Escrito por":"Telinha","Tempo estimado de leitura":"1 minuto"},"schema":{"@context":"https:\/\/schema.org","@graph":[{"@type":"Article","@id":"https:\/\/portaltela.pt\/noticias\/2026\/03\/27\/daniel-banjaqui-estreia-se-pela-selecao-de-sub-21-com-tranquilidade-dos-colegas\/#article","isPartOf":{"@id":"https:\/\/portaltela.pt\/noticias\/2026\/03\/27\/daniel-banjaqui-estreia-se-pela-selecao-de-sub-21-com-tranquilidade-dos-colegas\/"},"author":{"name":"Telinha","@id":"https:\/\/portaltela.pt\/#\/schema\/person\/c4278d4a6028830caff9ee44b42d32ed"},"headline":"Daniel Banjaqui estreia-se pela Sele\u00e7\u00e3o de sub-21 com tranquilidade dos colegas","datePublished":"2026-03-27T16:51:00+00:00","mainEntityOfPage":{"@id":"https:\/\/portaltela.pt\/noticias\/2026\/03\/27\/daniel-banjaqui-estreia-se-pela-selecao-de-sub-21-com-tranquilidade-dos-colegas\/"},"wordCount":217,"image":{"@id":"https:\/\/portaltela.pt\/noticias\/2026\/03\/27\/daniel-banjaqui-estreia-se-pela-selecao-de-sub-21-com-tranquilidade-dos-colegas\/#primaryimage"},"thumbnailUrl":"https:\/\/portaltela.pt\/s.01k8rhncp4jt1\/2026\/03\/img_920x518uu2026-03-27-16-47-44-2429720.jpg","keywords":["Azerbaij\u00e3o","Benfica","futebol","jogadores","Portugal","Sele\u00e7\u00e3o Nacional"],"articleSection":["Desporto","Futebol"],"inLanguage":"pt-PT"},{"@type":"WebPage","@id":"https:\/\/portaltela.pt\/noticias\/2026\/03\/27\/daniel-banjaqui-estreia-se-pela-selecao-de-sub-21-com-tranquilidade-dos-colegas\/","url":"https:\/\/portaltela.pt\/noticias\/2026\/03\/27\/daniel-banjaqui-estreia-se-pela-selecao-de-sub-21-com-tranquilidade-dos-colegas\/","name":"Daniel Banjaqui estreia-se pela Sele\u00e7\u00e3o de sub-21 com tranquilidade dos colegas - Portal Tela Portugal","isPartOf":{"@id":"https:\/\/portaltela.pt\/#website"},"primaryImageOfPage":{"@id":"https:\/\/portaltela.pt\/noticias\/2026\/03\/27\/daniel-banjaqui-estreia-se-pela-selecao-de-sub-21-com-tranquilidade-dos-colegas\/#primaryimage"},"image":{"@id":"https:\/\/portaltela.pt\/noticias\/2026\/03\/27\/daniel-banjaqui-estreia-se-pela-selecao-de-sub-21-com-tranquilidade-dos-colegas\/#primaryimage"},"thumbnailUrl":"https:\/\/portaltela.pt\/s.01k8rhncp4jt1\/2026\/03\/img_920x518uu2026-03-27-16-47-44-2429720.jpg","datePublished":"2026-03-27T16:51:00+00:00","author":{"@id":"https:\/\/portaltela.pt\/#\/schema\/person\/c4278d4a6028830caff9ee44b42d32ed"},"breadcrumb":{"@id":"https:\/\/portaltela.pt\/noticias\/2026\/03\/27\/daniel-banjaqui-estreia-se-pela-selecao-de-sub-21-com-tranquilidade-dos-colegas\/#breadcrumb"},"inLanguage":"pt-PT","potentialAction":[{"@type":"ReadAction","target":["https:\/\/portaltela.pt\/noticias\/2026\/03\/27\/daniel-banjaqui-estreia-se-pela-selecao-de-sub-21-com-tranquilidade-dos-colegas\/"]}]},{"@type":"ImageObject","inLanguage":"pt-PT","@id":"https:\/\/portaltela.pt\/noticias\/2026\/03\/27\/daniel-banjaqui-estreia-se-pela-selecao-de-sub-21-com-tranquilidade-dos-colegas\/#primaryimage","url":"https:\/\/portaltela.pt\/s.01k8rhncp4jt1\/2026\/03\/img_920x518uu2026-03-27-16-47-44-2429720.jpg","contentUrl":"https:\/\/portaltela.pt\/s.01k8rhncp4jt1\/2026\/03\/img_920x518uu2026-03-27-16-47-44-2429720.jpg","width":796,"height":448,"caption":"Daniel Banjaqui na Sele\u00e7\u00e3o"},{"@type":"BreadcrumbList","@id":"https:\/\/portaltela.pt\/noticias\/2026\/03\/27\/daniel-banjaqui-estreia-se-pela-selecao-de-sub-21-com-tranquilidade-dos-colegas\/#breadcrumb","itemListElement":[{"@type":"ListItem","position":1,"name":"In\u00edcio","item":"https:\/\/portaltela.pt\/"},{"@type":"ListItem","position":2,"name":"Daniel Banjaqui estreia-se pela Sele\u00e7\u00e3o de sub-21 com tranquilidade dos colegas"}]},{"@type":"WebSite","@id":"https:\/\/portaltela.pt\/#website","url":"https:\/\/portaltela.pt\/","name":"Portal Tela Portugal","description":"","potentialAction":[{"@type":"SearchAction","target":{"@type":"EntryPoint","urlTemplate":"https:\/\/portaltela.pt\/?s={search_term_string}"},"query-input":{"@type":"PropertyValueSpecification","valueRequired":true,"valueName":"search_term_string"}}],"inLanguage":"pt-PT"},{"@type":"Person","@id":"https:\/\/portaltela.pt\/#\/schema\/person\/c4278d4a6028830caff9ee44b42d32ed","name":"Telinha","image":{"@type":"ImageObject","inLanguage":"pt-PT","@id":"https:\/\/portaltela.pt\/s.01k8rhncp4jt1\/2025\/11\/talking-bot-125x125.png","url":"https:\/\/portaltela.pt\/s.01k8rhncp4jt1\/2025\/11\/talking-bot-125x125.png","contentUrl":"https:\/\/portaltela.pt\/s.01k8rhncp4jt1\/2025\/11\/talking-bot-125x125.png","caption":"Telinha"},"sameAs":["https:\/\/portaltela.pt\/"],"url":"https:\/\/portaltela.pt\/por\/367410592786\/"}]}},"_links":{"self":[{"href":"https:\/\/portaltela.pt\/api\/wp\/v2\/posts\/424028","targetHints":{"allow":["GET"]}}],"collection":[{"href":"https:\/\/portaltela.pt\/api\/wp\/v2\/posts"}],"about":[{"href":"https:\/\/portaltela.pt\/api\/wp\/v2\/types\/post"}],"author":[{"embeddable":true,"href":"https:\/\/portaltela.pt\/api\/wp\/v2\/users\/2"}],"replies":[{"embeddable":true,"href":"https:\/\/portaltela.pt\/api\/wp\/v2\/comments?post=424028"}],"version-history":[{"count":0,"href":"https:\/\/portaltela.pt\/api\/wp\/v2\/posts\/424028\/revisions"}],"wp:featuredmedia":[{"embeddable":true,"href":"https:\/\/portaltela.pt\/api\/wp\/v2\/media\/424034"}],"wp:attachment":[{"href":"https:\/\/portaltela.pt\/api\/wp\/v2\/media?parent=424028"}],"wp:term":[{"taxonomy":"category","embeddable":true,"href":"https:\/\/portaltela.pt\/api\/wp\/v2\/categories?post=424028"},{"taxonomy":"post_tag","embeddable":true,"href":"https:\/\/portaltela.pt\/api\/wp\/v2\/tags?post=424028"}],"curies":[{"name":"wp","href":"https:\/\/api.w.org\/{rel}","templated":true}]}}