{"id":424015,"date":"2026-03-27T13:42:00","date_gmt":"2026-03-27T16:42:00","guid":{"rendered":"https:\/\/portaltela.pt\/noticias\/2026\/03\/27\/camara-do-porto-mantem-o-projeto-do-estadio-do-salgueiros-em-analise\/"},"modified":"2026-03-27T13:42:00","modified_gmt":"2026-03-27T16:42:00","slug":"camara-do-porto-mantem-o-projeto-do-estadio-do-salgueiros-em-analise","status":"publish","type":"post","link":"https:\/\/portaltela.pt\/sociedade\/2026\/03\/27\/camara-do-porto-mantem-o-projeto-do-estadio-do-salgueiros-em-analise\/","title":{"rendered":"C\u00e2mara do Porto mant\u00e9m o projeto do est\u00e1dio do Salgueiros em an\u00e1lise"},"content":{"rendered":"<p>A C\u00e2mara do Porto revelou que o projeto do novo est\u00e1dio do Sport Clube Salgueiros, previsto para o Amial, em Paranhos, n\u00e3o deve ser considerado adquirido, j\u00e1 que ainda carece de an\u00e1lise t\u00e9cnica completa. A proposta envolve v\u00e1rias componentes, entre as quais um est\u00e1dio relvado e um parque urbano.<\/p>\n<p>Segundo o presidente do Salgueiros, Pedro Caldeira Seixas, o clube apresentou uma solu\u00e7\u00e3o que incorpora um complexo com est\u00e1dio, parque subterr\u00e2neo, \u00e1rea comercial e uma torre para os departamentos do emblema. A autarquia adianta que o munic\u00edpio vai realizar uma avalia\u00e7\u00e3o rigorosa para salvaguardar o interesse p\u00fablico e o rigor financeiro.<\/p>\n<p>A C\u00e2mara Municipal do Porto esclareceu que a proposta foi apresentada pelo clube e tornado p\u00fablica pela iniciativa do Salgueiros. Atualmente, trata-se apenas de uma apresenta\u00e7\u00e3o formal, sem defini\u00e7\u00e3o de modelos de titularidade, gest\u00e3o ou explora\u00e7\u00e3o do futuro equipamento.<\/p>\n<p>An\u00e1lise t\u00e9cnica em curso<\/p>\n<p>S\u00f3 ap\u00f3s a avalia\u00e7\u00e3o completa ser\u00e1 poss\u00edvel determinar se a proposta representa uma mais-valia para a cidade, tanto desportiva como urban\u00edstica. O munic\u00edpio sublinha que o processo deve cumprir procedimentos legais e t\u00e9cnicos, assegurando decis\u00f5es fundamentadas, financeiramente sustent\u00e1veis e alinhadas com o interesse p\u00fablico.<\/p>\n","protected":false},"excerpt":{"rendered":"<ul>\n<li>C\u00e2mara do Porto esclarece que o projeto para o novo est\u00e1dio do Salgueiros, no Amial, em Paranhos, ainda n\u00e3o est\u00e1 adquirido e carece de an\u00e1lise t\u00e9cnica completa.<\/li>\n<li>O presidente do Salgueiros, Pedro Caldeira Seixas, disse ao JN ter apresentado uma proposta de complexo que incluiria est\u00e1dio relvado, parque urbano, parque subterr\u00e2neo, \u00e1rea comercial e uma torre para os departamentos do clube.<\/li>\n<li>A autarquia adianta que o munic\u00edpio vai realizar uma avalia\u00e7\u00e3o rigorosa para defender o interesse p\u00fablico e o rigor financeiro.<\/li>\n<li>Em comunicado, a C\u00e2mara sublinha que se trata apenas de uma proposta formalizada junto do Munic\u00edpio, sem defini\u00e7\u00e3o de titularidade, gest\u00e3o ou explora\u00e7\u00e3o do futuro equipamento.<\/li>\n<li>S\u00f3 depois da avalia\u00e7\u00e3o \u00e9 que se poder\u00e1 determinar se a proposta representa uma mais-valia desportiva e urban\u00edstica, assegurando procedimentos legais, sustentabilidade financeira e interesse p\u00fablico do Porto.<\/li>\n<\/ul>\n","protected":false},"author":2,"featured_media":424022,"comment_status":"closed","ping_status":"closed","sticky":false,"template":"","format":"standard","meta":{"footnotes":""},"categories":[7384,6871],"tags":[152,32,1615,5691,982,3847],"class_list":["post-424015","post","type-post","status-publish","format-standard","has-post-thumbnail","hentry","category-curiosidades","category-sociedade","tag-desporto","tag-futebol","tag-infraestrutura","tag-obras","tag-porto","tag-salgueiros"],"yoast_head":"<!-- This site is optimized with the Yoast SEO plugin v27.2 - https:\/\/yoast.com\/product\/yoast-seo-wordpress\/ -->\n<title>C\u00e2mara do Porto mant\u00e9m o projeto do est\u00e1dio do Salgueiros em an\u00e1lise - Portal Tela Portugal<\/title>\n<meta name=\"robots\" content=\"index, follow, max-snippet:-1, max-image-preview:large, max-video-preview:-1\" \/>\n<meta property=\"og:locale\" content=\"pt_PT\" \/>\n<meta property=\"og:type\" content=\"article\" \/>\n<meta property=\"og:title\" content=\"C\u00e2mara do Porto mant\u00e9m o projeto do est\u00e1dio do Salgueiros em an\u00e1lise - Portal Tela Portugal\" \/>\n<meta property=\"og:description\" content=\"C\u00e2mara do Porto esclarece que o projeto para o novo est\u00e1dio do Salgueiros, no Amial, em Paranhos, ainda n\u00e3o est\u00e1 adquirido e carece de an\u00e1lise t\u00e9cnica completa. O presidente do Salgueiros, Pedro Caldeira Seixas, disse ao JN ter apresentado uma proposta de complexo que incluiria est\u00e1dio relvado, parque urbano, parque subterr\u00e2neo, \u00e1rea comercial e uma torre para os departamentos do clube. A autarquia adianta que o munic\u00edpio vai realizar uma avalia\u00e7\u00e3o rigorosa para defender o interesse p\u00fablico e o rigor financeiro. Em comunicado, a C\u00e2mara sublinha que se trata apenas de uma proposta formalizada junto do Munic\u00edpio, sem defini\u00e7\u00e3o de titularidade, gest\u00e3o ou explora\u00e7\u00e3o do futuro equipamento. S\u00f3 depois da avalia\u00e7\u00e3o \u00e9 que se poder\u00e1 determinar se a proposta representa uma mais-valia desportiva e urban\u00edstica, assegurando procedimentos legais, sustentabilidade financeira e interesse p\u00fablico do Porto.\" \/>\n<meta property=\"og:url\" content=\"https:\/\/portaltela.pt\/noticias\/2026\/03\/27\/camara-do-porto-mantem-o-projeto-do-estadio-do-salgueiros-em-analise\/\" \/>\n<meta property=\"og:site_name\" content=\"Portal Tela Portugal\" \/>\n<meta property=\"article:published_time\" content=\"2026-03-27T16:42:00+00:00\" \/>\n<meta name=\"author\" content=\"Telinha\" \/>\n<meta name=\"twitter:card\" content=\"summary_large_image\" \/>\n<meta name=\"twitter:label1\" content=\"Escrito por\" \/>\n\t<meta name=\"twitter:data1\" content=\"Telinha\" \/>\n\t<meta name=\"twitter:label2\" content=\"Tempo estimado de leitura\" \/>\n\t<meta name=\"twitter:data2\" content=\"1 minuto\" \/>\n<script type=\"application\/ld+json\" class=\"yoast-schema-graph\">{\"@context\":\"https:\/\/schema.org\",\"@graph\":[{\"@type\":\"Article\",\"@id\":\"https:\/\/portaltela.pt\/noticias\/2026\/03\/27\/camara-do-porto-mantem-o-projeto-do-estadio-do-salgueiros-em-analise\/#article\",\"isPartOf\":{\"@id\":\"https:\/\/portaltela.pt\/noticias\/2026\/03\/27\/camara-do-porto-mantem-o-projeto-do-estadio-do-salgueiros-em-analise\/\"},\"author\":{\"name\":\"Telinha\",\"@id\":\"https:\/\/portaltela.pt\/#\/schema\/person\/c4278d4a6028830caff9ee44b42d32ed\"},\"headline\":\"C\u00e2mara do Porto mant\u00e9m o projeto do est\u00e1dio do Salgueiros em an\u00e1lise\",\"datePublished\":\"2026-03-27T16:42:00+00:00\",\"mainEntityOfPage\":{\"@id\":\"https:\/\/portaltela.pt\/noticias\/2026\/03\/27\/camara-do-porto-mantem-o-projeto-do-estadio-do-salgueiros-em-analise\/\"},\"wordCount\":233,\"image\":{\"@id\":\"https:\/\/portaltela.pt\/noticias\/2026\/03\/27\/camara-do-porto-mantem-o-projeto-do-estadio-do-salgueiros-em-analise\/#primaryimage\"},\"thumbnailUrl\":\"https:\/\/portaltela.pt\/s.01k8rhncp4jt1\/2026\/03\/image-1620.jpg\",\"keywords\":[\"desporto\",\"futebol\",\"infraestrutura\",\"obras\",\"Porto\",\"Salgueiros\"],\"articleSection\":[\"Curiosidades\",\"Sociedade\"],\"inLanguage\":\"pt-PT\"},{\"@type\":\"WebPage\",\"@id\":\"https:\/\/portaltela.pt\/noticias\/2026\/03\/27\/camara-do-porto-mantem-o-projeto-do-estadio-do-salgueiros-em-analise\/\",\"url\":\"https:\/\/portaltela.pt\/noticias\/2026\/03\/27\/camara-do-porto-mantem-o-projeto-do-estadio-do-salgueiros-em-analise\/\",\"name\":\"C\u00e2mara do Porto mant\u00e9m o projeto do est\u00e1dio do Salgueiros em an\u00e1lise - Portal Tela Portugal\",\"isPartOf\":{\"@id\":\"https:\/\/portaltela.pt\/#website\"},\"primaryImageOfPage\":{\"@id\":\"https:\/\/portaltela.pt\/noticias\/2026\/03\/27\/camara-do-porto-mantem-o-projeto-do-estadio-do-salgueiros-em-analise\/#primaryimage\"},\"image\":{\"@id\":\"https:\/\/portaltela.pt\/noticias\/2026\/03\/27\/camara-do-porto-mantem-o-projeto-do-estadio-do-salgueiros-em-analise\/#primaryimage\"},\"thumbnailUrl\":\"https:\/\/portaltela.pt\/s.01k8rhncp4jt1\/2026\/03\/image-1620.jpg\",\"datePublished\":\"2026-03-27T16:42:00+00:00\",\"author\":{\"@id\":\"https:\/\/portaltela.pt\/#\/schema\/person\/c4278d4a6028830caff9ee44b42d32ed\"},\"breadcrumb\":{\"@id\":\"https:\/\/portaltela.pt\/noticias\/2026\/03\/27\/camara-do-porto-mantem-o-projeto-do-estadio-do-salgueiros-em-analise\/#breadcrumb\"},\"inLanguage\":\"pt-PT\",\"potentialAction\":[{\"@type\":\"ReadAction\",\"target\":[\"https:\/\/portaltela.pt\/noticias\/2026\/03\/27\/camara-do-porto-mantem-o-projeto-do-estadio-do-salgueiros-em-analise\/\"]}]},{\"@type\":\"ImageObject\",\"inLanguage\":\"pt-PT\",\"@id\":\"https:\/\/portaltela.pt\/noticias\/2026\/03\/27\/camara-do-porto-mantem-o-projeto-do-estadio-do-salgueiros-em-analise\/#primaryimage\",\"url\":\"https:\/\/portaltela.pt\/s.01k8rhncp4jt1\/2026\/03\/image-1620.jpg\",\"contentUrl\":\"https:\/\/portaltela.pt\/s.01k8rhncp4jt1\/2026\/03\/image-1620.jpg\",\"width\":796,\"height\":448,\"caption\":\"O projeto do novo est\u00e1dio do Sport Com\u00e9rcio e Salgueiros\"},{\"@type\":\"BreadcrumbList\",\"@id\":\"https:\/\/portaltela.pt\/noticias\/2026\/03\/27\/camara-do-porto-mantem-o-projeto-do-estadio-do-salgueiros-em-analise\/#breadcrumb\",\"itemListElement\":[{\"@type\":\"ListItem\",\"position\":1,\"name\":\"In\u00edcio\",\"item\":\"https:\/\/portaltela.pt\/\"},{\"@type\":\"ListItem\",\"position\":2,\"name\":\"C\u00e2mara do Porto mant\u00e9m o projeto do est\u00e1dio do Salgueiros em an\u00e1lise\"}]},{\"@type\":\"WebSite\",\"@id\":\"https:\/\/portaltela.pt\/#website\",\"url\":\"https:\/\/portaltela.pt\/\",\"name\":\"Portal Tela Portugal\",\"description\":\"\",\"potentialAction\":[{\"@type\":\"SearchAction\",\"target\":{\"@type\":\"EntryPoint\",\"urlTemplate\":\"https:\/\/portaltela.pt\/?s={search_term_string}\"},\"query-input\":{\"@type\":\"PropertyValueSpecification\",\"valueRequired\":true,\"valueName\":\"search_term_string\"}}],\"inLanguage\":\"pt-PT\"},{\"@type\":\"Person\",\"@id\":\"https:\/\/portaltela.pt\/#\/schema\/person\/c4278d4a6028830caff9ee44b42d32ed\",\"name\":\"Telinha\",\"image\":{\"@type\":\"ImageObject\",\"inLanguage\":\"pt-PT\",\"@id\":\"https:\/\/portaltela.pt\/s.01k8rhncp4jt1\/2025\/11\/talking-bot-125x125.png\",\"url\":\"https:\/\/portaltela.pt\/s.01k8rhncp4jt1\/2025\/11\/talking-bot-125x125.png\",\"contentUrl\":\"https:\/\/portaltela.pt\/s.01k8rhncp4jt1\/2025\/11\/talking-bot-125x125.png\",\"caption\":\"Telinha\"},\"sameAs\":[\"https:\/\/portaltela.pt\/\"],\"url\":\"https:\/\/portaltela.pt\/por\/367410592786\/\"}]}<\/script>\n<!-- \/ Yoast SEO plugin. -->","yoast_head_json":{"title":"C\u00e2mara do Porto mant\u00e9m o projeto do est\u00e1dio do Salgueiros em an\u00e1lise - Portal Tela Portugal","robots":{"index":"index","follow":"follow","max-snippet":"max-snippet:-1","max-image-preview":"max-image-preview:large","max-video-preview":"max-video-preview:-1"},"og_locale":"pt_PT","og_type":"article","og_title":"C\u00e2mara do Porto mant\u00e9m o projeto do est\u00e1dio do Salgueiros em an\u00e1lise - Portal Tela Portugal","og_description":"C\u00e2mara do Porto esclarece que o projeto para o novo est\u00e1dio do Salgueiros, no Amial, em Paranhos, ainda n\u00e3o est\u00e1 adquirido e carece de an\u00e1lise t\u00e9cnica completa. O presidente do Salgueiros, Pedro Caldeira Seixas, disse ao JN ter apresentado uma proposta de complexo que incluiria est\u00e1dio relvado, parque urbano, parque subterr\u00e2neo, \u00e1rea comercial e uma torre para os departamentos do clube. A autarquia adianta que o munic\u00edpio vai realizar uma avalia\u00e7\u00e3o rigorosa para defender o interesse p\u00fablico e o rigor financeiro. Em comunicado, a C\u00e2mara sublinha que se trata apenas de uma proposta formalizada junto do Munic\u00edpio, sem defini\u00e7\u00e3o de titularidade, gest\u00e3o ou explora\u00e7\u00e3o do futuro equipamento. S\u00f3 depois da avalia\u00e7\u00e3o \u00e9 que se poder\u00e1 determinar se a proposta representa uma mais-valia desportiva e urban\u00edstica, assegurando procedimentos legais, sustentabilidade financeira e interesse p\u00fablico do Porto.","og_url":"https:\/\/portaltela.pt\/noticias\/2026\/03\/27\/camara-do-porto-mantem-o-projeto-do-estadio-do-salgueiros-em-analise\/","og_site_name":"Portal Tela Portugal","article_published_time":"2026-03-27T16:42:00+00:00","author":"Telinha","twitter_card":"summary_large_image","twitter_misc":{"Escrito por":"Telinha","Tempo estimado de leitura":"1 minuto"},"schema":{"@context":"https:\/\/schema.org","@graph":[{"@type":"Article","@id":"https:\/\/portaltela.pt\/noticias\/2026\/03\/27\/camara-do-porto-mantem-o-projeto-do-estadio-do-salgueiros-em-analise\/#article","isPartOf":{"@id":"https:\/\/portaltela.pt\/noticias\/2026\/03\/27\/camara-do-porto-mantem-o-projeto-do-estadio-do-salgueiros-em-analise\/"},"author":{"name":"Telinha","@id":"https:\/\/portaltela.pt\/#\/schema\/person\/c4278d4a6028830caff9ee44b42d32ed"},"headline":"C\u00e2mara do Porto mant\u00e9m o projeto do est\u00e1dio do Salgueiros em an\u00e1lise","datePublished":"2026-03-27T16:42:00+00:00","mainEntityOfPage":{"@id":"https:\/\/portaltela.pt\/noticias\/2026\/03\/27\/camara-do-porto-mantem-o-projeto-do-estadio-do-salgueiros-em-analise\/"},"wordCount":233,"image":{"@id":"https:\/\/portaltela.pt\/noticias\/2026\/03\/27\/camara-do-porto-mantem-o-projeto-do-estadio-do-salgueiros-em-analise\/#primaryimage"},"thumbnailUrl":"https:\/\/portaltela.pt\/s.01k8rhncp4jt1\/2026\/03\/image-1620.jpg","keywords":["desporto","futebol","infraestrutura","obras","Porto","Salgueiros"],"articleSection":["Curiosidades","Sociedade"],"inLanguage":"pt-PT"},{"@type":"WebPage","@id":"https:\/\/portaltela.pt\/noticias\/2026\/03\/27\/camara-do-porto-mantem-o-projeto-do-estadio-do-salgueiros-em-analise\/","url":"https:\/\/portaltela.pt\/noticias\/2026\/03\/27\/camara-do-porto-mantem-o-projeto-do-estadio-do-salgueiros-em-analise\/","name":"C\u00e2mara do Porto mant\u00e9m o projeto do est\u00e1dio do Salgueiros em an\u00e1lise - Portal Tela Portugal","isPartOf":{"@id":"https:\/\/portaltela.pt\/#website"},"primaryImageOfPage":{"@id":"https:\/\/portaltela.pt\/noticias\/2026\/03\/27\/camara-do-porto-mantem-o-projeto-do-estadio-do-salgueiros-em-analise\/#primaryimage"},"image":{"@id":"https:\/\/portaltela.pt\/noticias\/2026\/03\/27\/camara-do-porto-mantem-o-projeto-do-estadio-do-salgueiros-em-analise\/#primaryimage"},"thumbnailUrl":"https:\/\/portaltela.pt\/s.01k8rhncp4jt1\/2026\/03\/image-1620.jpg","datePublished":"2026-03-27T16:42:00+00:00","author":{"@id":"https:\/\/portaltela.pt\/#\/schema\/person\/c4278d4a6028830caff9ee44b42d32ed"},"breadcrumb":{"@id":"https:\/\/portaltela.pt\/noticias\/2026\/03\/27\/camara-do-porto-mantem-o-projeto-do-estadio-do-salgueiros-em-analise\/#breadcrumb"},"inLanguage":"pt-PT","potentialAction":[{"@type":"ReadAction","target":["https:\/\/portaltela.pt\/noticias\/2026\/03\/27\/camara-do-porto-mantem-o-projeto-do-estadio-do-salgueiros-em-analise\/"]}]},{"@type":"ImageObject","inLanguage":"pt-PT","@id":"https:\/\/portaltela.pt\/noticias\/2026\/03\/27\/camara-do-porto-mantem-o-projeto-do-estadio-do-salgueiros-em-analise\/#primaryimage","url":"https:\/\/portaltela.pt\/s.01k8rhncp4jt1\/2026\/03\/image-1620.jpg","contentUrl":"https:\/\/portaltela.pt\/s.01k8rhncp4jt1\/2026\/03\/image-1620.jpg","width":796,"height":448,"caption":"O projeto do novo est\u00e1dio do Sport Com\u00e9rcio e Salgueiros"},{"@type":"BreadcrumbList","@id":"https:\/\/portaltela.pt\/noticias\/2026\/03\/27\/camara-do-porto-mantem-o-projeto-do-estadio-do-salgueiros-em-analise\/#breadcrumb","itemListElement":[{"@type":"ListItem","position":1,"name":"In\u00edcio","item":"https:\/\/portaltela.pt\/"},{"@type":"ListItem","position":2,"name":"C\u00e2mara do Porto mant\u00e9m o projeto do est\u00e1dio do Salgueiros em an\u00e1lise"}]},{"@type":"WebSite","@id":"https:\/\/portaltela.pt\/#website","url":"https:\/\/portaltela.pt\/","name":"Portal Tela Portugal","description":"","potentialAction":[{"@type":"SearchAction","target":{"@type":"EntryPoint","urlTemplate":"https:\/\/portaltela.pt\/?s={search_term_string}"},"query-input":{"@type":"PropertyValueSpecification","valueRequired":true,"valueName":"search_term_string"}}],"inLanguage":"pt-PT"},{"@type":"Person","@id":"https:\/\/portaltela.pt\/#\/schema\/person\/c4278d4a6028830caff9ee44b42d32ed","name":"Telinha","image":{"@type":"ImageObject","inLanguage":"pt-PT","@id":"https:\/\/portaltela.pt\/s.01k8rhncp4jt1\/2025\/11\/talking-bot-125x125.png","url":"https:\/\/portaltela.pt\/s.01k8rhncp4jt1\/2025\/11\/talking-bot-125x125.png","contentUrl":"https:\/\/portaltela.pt\/s.01k8rhncp4jt1\/2025\/11\/talking-bot-125x125.png","caption":"Telinha"},"sameAs":["https:\/\/portaltela.pt\/"],"url":"https:\/\/portaltela.pt\/por\/367410592786\/"}]}},"_links":{"self":[{"href":"https:\/\/portaltela.pt\/api\/wp\/v2\/posts\/424015","targetHints":{"allow":["GET"]}}],"collection":[{"href":"https:\/\/portaltela.pt\/api\/wp\/v2\/posts"}],"about":[{"href":"https:\/\/portaltela.pt\/api\/wp\/v2\/types\/post"}],"author":[{"embeddable":true,"href":"https:\/\/portaltela.pt\/api\/wp\/v2\/users\/2"}],"replies":[{"embeddable":true,"href":"https:\/\/portaltela.pt\/api\/wp\/v2\/comments?post=424015"}],"version-history":[{"count":0,"href":"https:\/\/portaltela.pt\/api\/wp\/v2\/posts\/424015\/revisions"}],"wp:featuredmedia":[{"embeddable":true,"href":"https:\/\/portaltela.pt\/api\/wp\/v2\/media\/424022"}],"wp:attachment":[{"href":"https:\/\/portaltela.pt\/api\/wp\/v2\/media?parent=424015"}],"wp:term":[{"taxonomy":"category","embeddable":true,"href":"https:\/\/portaltela.pt\/api\/wp\/v2\/categories?post=424015"},{"taxonomy":"post_tag","embeddable":true,"href":"https:\/\/portaltela.pt\/api\/wp\/v2\/tags?post=424015"}],"curies":[{"name":"wp","href":"https:\/\/api.w.org\/{rel}","templated":true}]}}