{"id":424013,"date":"2026-03-27T13:38:00","date_gmt":"2026-03-27T16:38:00","guid":{"rendered":"https:\/\/portaltela.pt\/noticias\/2026\/03\/27\/vasco-vilaca-quer-melhorar-desempenho-no-mundial-de-triatlo-em-quarteira\/"},"modified":"2026-03-27T13:38:00","modified_gmt":"2026-03-27T16:38:00","slug":"vasco-vilaca-quer-melhorar-desempenho-no-mundial-de-triatlo-em-quarteira","status":"publish","type":"post","link":"https:\/\/portaltela.pt\/desporto\/copa-do-mundo\/2026\/03\/27\/vasco-vilaca-quer-melhorar-desempenho-no-mundial-de-triatlo-em-quarteira\/","title":{"rendered":"Vasco Vila\u00e7a quer melhorar desempenho no Mundial de Triatlo em Quarteira"},"content":{"rendered":"<p>Vasco Vila\u00e7a intensifica os preparativos para a nova \u00e9poca do triatlo, ap\u00f3s o terceiro lugar alcan\u00e7ado no Mundial de 2025. A equipa portuguesa come\u00e7a o ano na Ta\u00e7a da Europa de Quarteira, onde o atleta quer ouvir o hino nacional se a vit\u00f3ria for atribu\u00edda a Portugal.<\/p>\n<p>O triatleta de 26 anos, atual sexto do ranking mundial, admite manter o foco total no Campeonato do Mundo, deixando de fora o calend\u00e1rio da Ta\u00e7a do Mundo para investir na grande competi\u00e7\u00e3o. Em Quarteira, ele vai competir pela lideran\u00e7a do pelot\u00e3o.<\/p>\n<p>No Mundial de 2025, Vila\u00e7a somou tr\u00eas medalhas de prata em Yokohama, Hamburgo e Riviera Francesa, terminando na terceira posi\u00e7\u00e3o. A temporada arranca com a Ta\u00e7a da Europa de Quarteira, prova onde ele compete com o dorsal n\u00famero um.<\/p>\n<h3>Proje\u00e7\u00f5es para 2026<\/h3>\n<p>Maria Tom\u00e9, que lidera a equipa feminina de elites, compete depois \u00e0s 13:45. A atleta visa manter o \u00edmpeto do p\u00f3dio alcan\u00e7ado em 2024 e melhorar os resultados, com o objetivo de somar pontos para a qualifica\u00e7\u00e3o ol\u00edmpica em Los Angeles 2028 e obter bom desempenho no Mundial.<\/p>\n<p>A Ta\u00e7a da Europa de Quarteira, em dist\u00e2ncia ol\u00edmpica, re\u00fane cerca de 250 triatletas de mais de 20 nacionalidades. As provas de elites est\u00e3o marcadas para este s\u00e1bado, no concelho de Loul\u00e9, no distrito de Faro, com a participa\u00e7\u00e3o de 11 portugueses na equipa masculina e seis na feminina.<\/p>\n","protected":false},"excerpt":{"rendered":"<ul>\n<li>Vasco Vila\u00e7a, sexto no ranking mundial, quer melhorar o terceiro lugar alcan\u00e7ado no Mundial de triatlo de 2025 e iniciar a \u00e9poca na Ta\u00e7a da Europa de Quarteira.<\/li>\n<li>A Ta\u00e7a da Europa de Quarteira, cuja jornada de elites \u00e9 no s\u00e1bado, ser\u00e1 a \u00fanica prova de Vila\u00e7a fora do Mundial; ele quer ouvir o hino nacional.<\/li>\n<li>Em 2025, Vila\u00e7a terminou o Mundial no p\u00f3dio, e conquistou tr\u00eas medalhas de prata nas etapas de Yokohama, Hamburgo e Riviera Francesa.<\/li>\n<li>O selecionado masculino de Portugal para a prova de elites em Quarteira \u00e9 chefiado por Vila\u00e7a e por Miguel Tiago Silva, numa comitiva de 11 atletas; a prova feminina \u00e9 liderada por Maria Tom\u00e9.<\/li>\n<li>Maria Tom\u00e9, 24 anos, quer repetir o bronze de Quarteira no ano anterior; para 2026 visa acumular pontos para a qualifica\u00e7\u00e3o ol\u00edmpica para Los Angeles 2028 e alcan\u00e7ar o melhor resultado poss\u00edvel no Mundial, com cerca de 250 triatletas de mais de 20 nacionalidades presentes.<\/li>\n<\/ul>\n","protected":false},"author":2,"featured_media":424017,"comment_status":"closed","ping_status":"closed","sticky":false,"template":"","format":"standard","meta":{"footnotes":""},"categories":[6695,21],"tags":[152,81,2302,120,1014,6189],"class_list":["post-424013","post","type-post","status-publish","format-standard","has-post-thumbnail","hentry","category-copa-do-mundo","category-desporto","tag-desporto","tag-internacionais","tag-loule","tag-medalhas","tag-portugal","tag-quarteira"],"yoast_head":"<!-- This site is optimized with the Yoast SEO plugin v27.2 - https:\/\/yoast.com\/product\/yoast-seo-wordpress\/ -->\n<title>Vasco Vila\u00e7a quer melhorar desempenho no Mundial de Triatlo em Quarteira - Portal Tela Portugal<\/title>\n<meta name=\"robots\" content=\"index, follow, max-snippet:-1, max-image-preview:large, max-video-preview:-1\" \/>\n<meta property=\"og:locale\" content=\"pt_PT\" \/>\n<meta property=\"og:type\" content=\"article\" \/>\n<meta property=\"og:title\" content=\"Vasco Vila\u00e7a quer melhorar desempenho no Mundial de Triatlo em Quarteira - Portal Tela Portugal\" \/>\n<meta property=\"og:description\" content=\"Vasco Vila\u00e7a, sexto no ranking mundial, quer melhorar o terceiro lugar alcan\u00e7ado no Mundial de triatlo de 2025 e iniciar a \u00e9poca na Ta\u00e7a da Europa de Quarteira. A Ta\u00e7a da Europa de Quarteira, cuja jornada de elites \u00e9 no s\u00e1bado, ser\u00e1 a \u00fanica prova de Vila\u00e7a fora do Mundial; ele quer ouvir o hino nacional. Em 2025, Vila\u00e7a terminou o Mundial no p\u00f3dio, e conquistou tr\u00eas medalhas de prata nas etapas de Yokohama, Hamburgo e Riviera Francesa. O selecionado masculino de Portugal para a prova de elites em Quarteira \u00e9 chefiado por Vila\u00e7a e por Miguel Tiago Silva, numa comitiva de 11 atletas; a prova feminina \u00e9 liderada por Maria Tom\u00e9. Maria Tom\u00e9, 24 anos, quer repetir o bronze de Quarteira no ano anterior; para 2026 visa acumular pontos para a qualifica\u00e7\u00e3o ol\u00edmpica para Los Angeles 2028 e alcan\u00e7ar o melhor resultado poss\u00edvel no Mundial, com cerca de 250 triatletas de mais de 20 nacionalidades presentes.\" \/>\n<meta property=\"og:url\" content=\"https:\/\/portaltela.pt\/noticias\/2026\/03\/27\/vasco-vilaca-quer-melhorar-desempenho-no-mundial-de-triatlo-em-quarteira\/\" \/>\n<meta property=\"og:site_name\" content=\"Portal Tela Portugal\" \/>\n<meta property=\"article:published_time\" content=\"2026-03-27T16:38:00+00:00\" \/>\n<meta name=\"author\" content=\"Telinha\" \/>\n<meta name=\"twitter:card\" content=\"summary_large_image\" \/>\n<meta name=\"twitter:label1\" content=\"Escrito por\" \/>\n\t<meta name=\"twitter:data1\" content=\"Telinha\" \/>\n\t<meta name=\"twitter:label2\" content=\"Tempo estimado de leitura\" \/>\n\t<meta name=\"twitter:data2\" content=\"1 minuto\" \/>\n<script type=\"application\/ld+json\" class=\"yoast-schema-graph\">{\"@context\":\"https:\/\/schema.org\",\"@graph\":[{\"@type\":\"Article\",\"@id\":\"https:\/\/portaltela.pt\/noticias\/2026\/03\/27\/vasco-vilaca-quer-melhorar-desempenho-no-mundial-de-triatlo-em-quarteira\/#article\",\"isPartOf\":{\"@id\":\"https:\/\/portaltela.pt\/noticias\/2026\/03\/27\/vasco-vilaca-quer-melhorar-desempenho-no-mundial-de-triatlo-em-quarteira\/\"},\"author\":{\"name\":\"Telinha\",\"@id\":\"https:\/\/portaltela.pt\/#\/schema\/person\/c4278d4a6028830caff9ee44b42d32ed\"},\"headline\":\"Vasco Vila\u00e7a quer melhorar desempenho no Mundial de Triatlo em Quarteira\",\"datePublished\":\"2026-03-27T16:38:00+00:00\",\"mainEntityOfPage\":{\"@id\":\"https:\/\/portaltela.pt\/noticias\/2026\/03\/27\/vasco-vilaca-quer-melhorar-desempenho-no-mundial-de-triatlo-em-quarteira\/\"},\"wordCount\":259,\"image\":{\"@id\":\"https:\/\/portaltela.pt\/noticias\/2026\/03\/27\/vasco-vilaca-quer-melhorar-desempenho-no-mundial-de-triatlo-em-quarteira\/#primaryimage\"},\"thumbnailUrl\":\"https:\/\/portaltela.pt\/s.01k8rhncp4jt1\/2026\/03\/img_920x518uu2025-12-06-10-46-42-2407485.jpg\",\"keywords\":[\"desporto\",\"internacionais\",\"Loul\u00e9\",\"medalhas\",\"Portugal\",\"Quarteira\"],\"articleSection\":[\"Copa do Mundo\",\"Desporto\"],\"inLanguage\":\"pt-PT\"},{\"@type\":\"WebPage\",\"@id\":\"https:\/\/portaltela.pt\/noticias\/2026\/03\/27\/vasco-vilaca-quer-melhorar-desempenho-no-mundial-de-triatlo-em-quarteira\/\",\"url\":\"https:\/\/portaltela.pt\/noticias\/2026\/03\/27\/vasco-vilaca-quer-melhorar-desempenho-no-mundial-de-triatlo-em-quarteira\/\",\"name\":\"Vasco Vila\u00e7a quer melhorar desempenho no Mundial de Triatlo em Quarteira - Portal Tela Portugal\",\"isPartOf\":{\"@id\":\"https:\/\/portaltela.pt\/#website\"},\"primaryImageOfPage\":{\"@id\":\"https:\/\/portaltela.pt\/noticias\/2026\/03\/27\/vasco-vilaca-quer-melhorar-desempenho-no-mundial-de-triatlo-em-quarteira\/#primaryimage\"},\"image\":{\"@id\":\"https:\/\/portaltela.pt\/noticias\/2026\/03\/27\/vasco-vilaca-quer-melhorar-desempenho-no-mundial-de-triatlo-em-quarteira\/#primaryimage\"},\"thumbnailUrl\":\"https:\/\/portaltela.pt\/s.01k8rhncp4jt1\/2026\/03\/img_920x518uu2025-12-06-10-46-42-2407485.jpg\",\"datePublished\":\"2026-03-27T16:38:00+00:00\",\"author\":{\"@id\":\"https:\/\/portaltela.pt\/#\/schema\/person\/c4278d4a6028830caff9ee44b42d32ed\"},\"breadcrumb\":{\"@id\":\"https:\/\/portaltela.pt\/noticias\/2026\/03\/27\/vasco-vilaca-quer-melhorar-desempenho-no-mundial-de-triatlo-em-quarteira\/#breadcrumb\"},\"inLanguage\":\"pt-PT\",\"potentialAction\":[{\"@type\":\"ReadAction\",\"target\":[\"https:\/\/portaltela.pt\/noticias\/2026\/03\/27\/vasco-vilaca-quer-melhorar-desempenho-no-mundial-de-triatlo-em-quarteira\/\"]}]},{\"@type\":\"ImageObject\",\"inLanguage\":\"pt-PT\",\"@id\":\"https:\/\/portaltela.pt\/noticias\/2026\/03\/27\/vasco-vilaca-quer-melhorar-desempenho-no-mundial-de-triatlo-em-quarteira\/#primaryimage\",\"url\":\"https:\/\/portaltela.pt\/s.01k8rhncp4jt1\/2026\/03\/img_920x518uu2025-12-06-10-46-42-2407485.jpg\",\"contentUrl\":\"https:\/\/portaltela.pt\/s.01k8rhncp4jt1\/2026\/03\/img_920x518uu2025-12-06-10-46-42-2407485.jpg\",\"width\":796,\"height\":448,\"caption\":\"Vasco Vila\u00e7a\"},{\"@type\":\"BreadcrumbList\",\"@id\":\"https:\/\/portaltela.pt\/noticias\/2026\/03\/27\/vasco-vilaca-quer-melhorar-desempenho-no-mundial-de-triatlo-em-quarteira\/#breadcrumb\",\"itemListElement\":[{\"@type\":\"ListItem\",\"position\":1,\"name\":\"In\u00edcio\",\"item\":\"https:\/\/portaltela.pt\/\"},{\"@type\":\"ListItem\",\"position\":2,\"name\":\"Vasco Vila\u00e7a quer melhorar desempenho no Mundial de Triatlo em Quarteira\"}]},{\"@type\":\"WebSite\",\"@id\":\"https:\/\/portaltela.pt\/#website\",\"url\":\"https:\/\/portaltela.pt\/\",\"name\":\"Portal Tela Portugal\",\"description\":\"\",\"potentialAction\":[{\"@type\":\"SearchAction\",\"target\":{\"@type\":\"EntryPoint\",\"urlTemplate\":\"https:\/\/portaltela.pt\/?s={search_term_string}\"},\"query-input\":{\"@type\":\"PropertyValueSpecification\",\"valueRequired\":true,\"valueName\":\"search_term_string\"}}],\"inLanguage\":\"pt-PT\"},{\"@type\":\"Person\",\"@id\":\"https:\/\/portaltela.pt\/#\/schema\/person\/c4278d4a6028830caff9ee44b42d32ed\",\"name\":\"Telinha\",\"image\":{\"@type\":\"ImageObject\",\"inLanguage\":\"pt-PT\",\"@id\":\"https:\/\/portaltela.pt\/s.01k8rhncp4jt1\/2025\/11\/talking-bot-125x125.png\",\"url\":\"https:\/\/portaltela.pt\/s.01k8rhncp4jt1\/2025\/11\/talking-bot-125x125.png\",\"contentUrl\":\"https:\/\/portaltela.pt\/s.01k8rhncp4jt1\/2025\/11\/talking-bot-125x125.png\",\"caption\":\"Telinha\"},\"sameAs\":[\"https:\/\/portaltela.pt\/\"],\"url\":\"https:\/\/portaltela.pt\/por\/367410592786\/\"}]}<\/script>\n<!-- \/ Yoast SEO plugin. -->","yoast_head_json":{"title":"Vasco Vila\u00e7a quer melhorar desempenho no Mundial de Triatlo em Quarteira - Portal Tela Portugal","robots":{"index":"index","follow":"follow","max-snippet":"max-snippet:-1","max-image-preview":"max-image-preview:large","max-video-preview":"max-video-preview:-1"},"og_locale":"pt_PT","og_type":"article","og_title":"Vasco Vila\u00e7a quer melhorar desempenho no Mundial de Triatlo em Quarteira - Portal Tela Portugal","og_description":"Vasco Vila\u00e7a, sexto no ranking mundial, quer melhorar o terceiro lugar alcan\u00e7ado no Mundial de triatlo de 2025 e iniciar a \u00e9poca na Ta\u00e7a da Europa de Quarteira. A Ta\u00e7a da Europa de Quarteira, cuja jornada de elites \u00e9 no s\u00e1bado, ser\u00e1 a \u00fanica prova de Vila\u00e7a fora do Mundial; ele quer ouvir o hino nacional. Em 2025, Vila\u00e7a terminou o Mundial no p\u00f3dio, e conquistou tr\u00eas medalhas de prata nas etapas de Yokohama, Hamburgo e Riviera Francesa. O selecionado masculino de Portugal para a prova de elites em Quarteira \u00e9 chefiado por Vila\u00e7a e por Miguel Tiago Silva, numa comitiva de 11 atletas; a prova feminina \u00e9 liderada por Maria Tom\u00e9. Maria Tom\u00e9, 24 anos, quer repetir o bronze de Quarteira no ano anterior; para 2026 visa acumular pontos para a qualifica\u00e7\u00e3o ol\u00edmpica para Los Angeles 2028 e alcan\u00e7ar o melhor resultado poss\u00edvel no Mundial, com cerca de 250 triatletas de mais de 20 nacionalidades presentes.","og_url":"https:\/\/portaltela.pt\/noticias\/2026\/03\/27\/vasco-vilaca-quer-melhorar-desempenho-no-mundial-de-triatlo-em-quarteira\/","og_site_name":"Portal Tela Portugal","article_published_time":"2026-03-27T16:38:00+00:00","author":"Telinha","twitter_card":"summary_large_image","twitter_misc":{"Escrito por":"Telinha","Tempo estimado de leitura":"1 minuto"},"schema":{"@context":"https:\/\/schema.org","@graph":[{"@type":"Article","@id":"https:\/\/portaltela.pt\/noticias\/2026\/03\/27\/vasco-vilaca-quer-melhorar-desempenho-no-mundial-de-triatlo-em-quarteira\/#article","isPartOf":{"@id":"https:\/\/portaltela.pt\/noticias\/2026\/03\/27\/vasco-vilaca-quer-melhorar-desempenho-no-mundial-de-triatlo-em-quarteira\/"},"author":{"name":"Telinha","@id":"https:\/\/portaltela.pt\/#\/schema\/person\/c4278d4a6028830caff9ee44b42d32ed"},"headline":"Vasco Vila\u00e7a quer melhorar desempenho no Mundial de Triatlo em Quarteira","datePublished":"2026-03-27T16:38:00+00:00","mainEntityOfPage":{"@id":"https:\/\/portaltela.pt\/noticias\/2026\/03\/27\/vasco-vilaca-quer-melhorar-desempenho-no-mundial-de-triatlo-em-quarteira\/"},"wordCount":259,"image":{"@id":"https:\/\/portaltela.pt\/noticias\/2026\/03\/27\/vasco-vilaca-quer-melhorar-desempenho-no-mundial-de-triatlo-em-quarteira\/#primaryimage"},"thumbnailUrl":"https:\/\/portaltela.pt\/s.01k8rhncp4jt1\/2026\/03\/img_920x518uu2025-12-06-10-46-42-2407485.jpg","keywords":["desporto","internacionais","Loul\u00e9","medalhas","Portugal","Quarteira"],"articleSection":["Copa do Mundo","Desporto"],"inLanguage":"pt-PT"},{"@type":"WebPage","@id":"https:\/\/portaltela.pt\/noticias\/2026\/03\/27\/vasco-vilaca-quer-melhorar-desempenho-no-mundial-de-triatlo-em-quarteira\/","url":"https:\/\/portaltela.pt\/noticias\/2026\/03\/27\/vasco-vilaca-quer-melhorar-desempenho-no-mundial-de-triatlo-em-quarteira\/","name":"Vasco Vila\u00e7a quer melhorar desempenho no Mundial de Triatlo em Quarteira - Portal Tela Portugal","isPartOf":{"@id":"https:\/\/portaltela.pt\/#website"},"primaryImageOfPage":{"@id":"https:\/\/portaltela.pt\/noticias\/2026\/03\/27\/vasco-vilaca-quer-melhorar-desempenho-no-mundial-de-triatlo-em-quarteira\/#primaryimage"},"image":{"@id":"https:\/\/portaltela.pt\/noticias\/2026\/03\/27\/vasco-vilaca-quer-melhorar-desempenho-no-mundial-de-triatlo-em-quarteira\/#primaryimage"},"thumbnailUrl":"https:\/\/portaltela.pt\/s.01k8rhncp4jt1\/2026\/03\/img_920x518uu2025-12-06-10-46-42-2407485.jpg","datePublished":"2026-03-27T16:38:00+00:00","author":{"@id":"https:\/\/portaltela.pt\/#\/schema\/person\/c4278d4a6028830caff9ee44b42d32ed"},"breadcrumb":{"@id":"https:\/\/portaltela.pt\/noticias\/2026\/03\/27\/vasco-vilaca-quer-melhorar-desempenho-no-mundial-de-triatlo-em-quarteira\/#breadcrumb"},"inLanguage":"pt-PT","potentialAction":[{"@type":"ReadAction","target":["https:\/\/portaltela.pt\/noticias\/2026\/03\/27\/vasco-vilaca-quer-melhorar-desempenho-no-mundial-de-triatlo-em-quarteira\/"]}]},{"@type":"ImageObject","inLanguage":"pt-PT","@id":"https:\/\/portaltela.pt\/noticias\/2026\/03\/27\/vasco-vilaca-quer-melhorar-desempenho-no-mundial-de-triatlo-em-quarteira\/#primaryimage","url":"https:\/\/portaltela.pt\/s.01k8rhncp4jt1\/2026\/03\/img_920x518uu2025-12-06-10-46-42-2407485.jpg","contentUrl":"https:\/\/portaltela.pt\/s.01k8rhncp4jt1\/2026\/03\/img_920x518uu2025-12-06-10-46-42-2407485.jpg","width":796,"height":448,"caption":"Vasco Vila\u00e7a"},{"@type":"BreadcrumbList","@id":"https:\/\/portaltela.pt\/noticias\/2026\/03\/27\/vasco-vilaca-quer-melhorar-desempenho-no-mundial-de-triatlo-em-quarteira\/#breadcrumb","itemListElement":[{"@type":"ListItem","position":1,"name":"In\u00edcio","item":"https:\/\/portaltela.pt\/"},{"@type":"ListItem","position":2,"name":"Vasco Vila\u00e7a quer melhorar desempenho no Mundial de Triatlo em Quarteira"}]},{"@type":"WebSite","@id":"https:\/\/portaltela.pt\/#website","url":"https:\/\/portaltela.pt\/","name":"Portal Tela Portugal","description":"","potentialAction":[{"@type":"SearchAction","target":{"@type":"EntryPoint","urlTemplate":"https:\/\/portaltela.pt\/?s={search_term_string}"},"query-input":{"@type":"PropertyValueSpecification","valueRequired":true,"valueName":"search_term_string"}}],"inLanguage":"pt-PT"},{"@type":"Person","@id":"https:\/\/portaltela.pt\/#\/schema\/person\/c4278d4a6028830caff9ee44b42d32ed","name":"Telinha","image":{"@type":"ImageObject","inLanguage":"pt-PT","@id":"https:\/\/portaltela.pt\/s.01k8rhncp4jt1\/2025\/11\/talking-bot-125x125.png","url":"https:\/\/portaltela.pt\/s.01k8rhncp4jt1\/2025\/11\/talking-bot-125x125.png","contentUrl":"https:\/\/portaltela.pt\/s.01k8rhncp4jt1\/2025\/11\/talking-bot-125x125.png","caption":"Telinha"},"sameAs":["https:\/\/portaltela.pt\/"],"url":"https:\/\/portaltela.pt\/por\/367410592786\/"}]}},"_links":{"self":[{"href":"https:\/\/portaltela.pt\/api\/wp\/v2\/posts\/424013","targetHints":{"allow":["GET"]}}],"collection":[{"href":"https:\/\/portaltela.pt\/api\/wp\/v2\/posts"}],"about":[{"href":"https:\/\/portaltela.pt\/api\/wp\/v2\/types\/post"}],"author":[{"embeddable":true,"href":"https:\/\/portaltela.pt\/api\/wp\/v2\/users\/2"}],"replies":[{"embeddable":true,"href":"https:\/\/portaltela.pt\/api\/wp\/v2\/comments?post=424013"}],"version-history":[{"count":0,"href":"https:\/\/portaltela.pt\/api\/wp\/v2\/posts\/424013\/revisions"}],"wp:featuredmedia":[{"embeddable":true,"href":"https:\/\/portaltela.pt\/api\/wp\/v2\/media\/424017"}],"wp:attachment":[{"href":"https:\/\/portaltela.pt\/api\/wp\/v2\/media?parent=424013"}],"wp:term":[{"taxonomy":"category","embeddable":true,"href":"https:\/\/portaltela.pt\/api\/wp\/v2\/categories?post=424013"},{"taxonomy":"post_tag","embeddable":true,"href":"https:\/\/portaltela.pt\/api\/wp\/v2\/tags?post=424013"}],"curies":[{"name":"wp","href":"https:\/\/api.w.org\/{rel}","templated":true}]}}