{"id":424006,"date":"2026-03-27T13:37:00","date_gmt":"2026-03-27T16:37:00","guid":{"rendered":"https:\/\/portaltela.pt\/noticias\/2026\/03\/27\/investimento-estrangeiro-em-habitacao-na-madeira-nao-compromete-rendas-acessiveis\/"},"modified":"2026-03-27T13:37:00","modified_gmt":"2026-03-27T16:37:00","slug":"investimento-estrangeiro-em-habitacao-na-madeira-nao-compromete-rendas-acessiveis","status":"publish","type":"post","link":"https:\/\/portaltela.pt\/noticias\/economia\/2026\/03\/27\/investimento-estrangeiro-em-habitacao-na-madeira-nao-compromete-rendas-acessiveis\/","title":{"rendered":"Investimento estrangeiro em habita\u00e7\u00e3o na Madeira n\u00e3o compromete rendas acess\u00edveis"},"content":{"rendered":"<p>O presidente do Governo da Madeira, Miguel Albuquerque, afirmou que o investimento estrangeiro no setor da habita\u00e7\u00e3o na regi\u00e3o n\u00e3o \u00e9 incompat\u00edvel com rendas acess\u00edveis.<\/p>\n<p>Albuquerque declarou que \u00e9 poss\u00edvel combinar capital externo com pol\u00edticas locais que assegurem rendas mais acess\u00edveis para residentes da Madeira.<\/p>\n<p>Sem informa\u00e7\u00f5es adicionais no material fornecido, a declara\u00e7\u00e3o foca-se na rela\u00e7\u00e3o entre investimento e acessibilidade econ\u00f3mica no mercado habitacional da regi\u00e3o.<\/p>\n","protected":false},"excerpt":{"rendered":"<ul>\n<li>Albuquerque afirma que o investimento estrangeiro em habita\u00e7\u00e3o na Madeira n\u00e3o \u00e9 incompat\u00edvel com rendas acess\u00edveis.<\/li>\n<li>O conte\u00fado completo da not\u00edcia est\u00e1 dispon\u00edvel apenas para subscritores.<\/li>\n<li>No texto p\u00fablico divulgado n\u00e3o s\u00e3o apresentados dados adicionais ou n\u00fameros.<\/li>\n<li>A pe\u00e7a enfatiza uma rela\u00e7\u00e3o entre investimento externo e rendas acess\u00edveis sem apresentar cr\u00edticas ou elogios.<\/li>\n<li>N\u00e3o s\u00e3o fornecidas informa\u00e7\u00f5es sobre prazos, locais ou medi\u00e7\u00f5es espec\u00edficas no material dispon\u00edvel.<\/li>\n<\/ul>\n","protected":false},"author":2,"featured_media":424012,"comment_status":"closed","ping_status":"closed","sticky":false,"template":"","format":"standard","meta":{"footnotes":""},"categories":[2,6735],"tags":[6115,28,150,3520,316,859],"class_list":["post-424006","post","type-post","status-publish","format-standard","has-post-thumbnail","hentry","category-economia","category-negocios","tag-_economia","tag-economia","tag-habitacao","tag-habitacao-acessivel","tag-investimento","tag-madeira"],"yoast_head":"<!-- This site is optimized with the Yoast SEO plugin v27.2 - https:\/\/yoast.com\/product\/yoast-seo-wordpress\/ -->\n<title>Investimento estrangeiro em habita\u00e7\u00e3o na Madeira n\u00e3o compromete rendas acess\u00edveis - Portal Tela Portugal<\/title>\n<meta name=\"robots\" content=\"index, follow, max-snippet:-1, max-image-preview:large, max-video-preview:-1\" \/>\n<meta property=\"og:locale\" content=\"pt_PT\" \/>\n<meta property=\"og:type\" content=\"article\" \/>\n<meta property=\"og:title\" content=\"Investimento estrangeiro em habita\u00e7\u00e3o na Madeira n\u00e3o compromete rendas acess\u00edveis - Portal Tela Portugal\" \/>\n<meta property=\"og:description\" content=\"Albuquerque afirma que o investimento estrangeiro em habita\u00e7\u00e3o na Madeira n\u00e3o \u00e9 incompat\u00edvel com rendas acess\u00edveis. O conte\u00fado completo da not\u00edcia est\u00e1 dispon\u00edvel apenas para subscritores. No texto p\u00fablico divulgado n\u00e3o s\u00e3o apresentados dados adicionais ou n\u00fameros. A pe\u00e7a enfatiza uma rela\u00e7\u00e3o entre investimento externo e rendas acess\u00edveis sem apresentar cr\u00edticas ou elogios. N\u00e3o s\u00e3o fornecidas informa\u00e7\u00f5es sobre prazos, locais ou medi\u00e7\u00f5es espec\u00edficas no material dispon\u00edvel.\" \/>\n<meta property=\"og:url\" content=\"https:\/\/portaltela.pt\/noticias\/2026\/03\/27\/investimento-estrangeiro-em-habitacao-na-madeira-nao-compromete-rendas-acessiveis\/\" \/>\n<meta property=\"og:site_name\" content=\"Portal Tela Portugal\" \/>\n<meta property=\"article:published_time\" content=\"2026-03-27T16:37:00+00:00\" \/>\n<meta name=\"author\" content=\"Telinha\" \/>\n<meta name=\"twitter:card\" content=\"summary_large_image\" \/>\n<meta name=\"twitter:label1\" content=\"Escrito por\" \/>\n\t<meta name=\"twitter:data1\" content=\"Telinha\" \/>\n<script type=\"application\/ld+json\" class=\"yoast-schema-graph\">{\"@context\":\"https:\/\/schema.org\",\"@graph\":[{\"@type\":\"Article\",\"@id\":\"https:\/\/portaltela.pt\/noticias\/2026\/03\/27\/investimento-estrangeiro-em-habitacao-na-madeira-nao-compromete-rendas-acessiveis\/#article\",\"isPartOf\":{\"@id\":\"https:\/\/portaltela.pt\/noticias\/2026\/03\/27\/investimento-estrangeiro-em-habitacao-na-madeira-nao-compromete-rendas-acessiveis\/\"},\"author\":{\"name\":\"Telinha\",\"@id\":\"https:\/\/portaltela.pt\/#\/schema\/person\/c4278d4a6028830caff9ee44b42d32ed\"},\"headline\":\"Investimento estrangeiro em habita\u00e7\u00e3o na Madeira n\u00e3o compromete rendas acess\u00edveis\",\"datePublished\":\"2026-03-27T16:37:00+00:00\",\"mainEntityOfPage\":{\"@id\":\"https:\/\/portaltela.pt\/noticias\/2026\/03\/27\/investimento-estrangeiro-em-habitacao-na-madeira-nao-compromete-rendas-acessiveis\/\"},\"wordCount\":90,\"image\":{\"@id\":\"https:\/\/portaltela.pt\/noticias\/2026\/03\/27\/investimento-estrangeiro-em-habitacao-na-madeira-nao-compromete-rendas-acessiveis\/#primaryimage\"},\"thumbnailUrl\":\"https:\/\/portaltela.pt\/s.01k8rhncp4jt1\/2026\/03\/CACHE_780X1200_ANALOG_WATERMARKED_23871812_6170241_24032019024146.jpg\",\"keywords\":[\"_economia\",\"economia\",\"habita\u00e7\u00e3o\",\"habita\u00e7\u00e3o acess\u00edvel\",\"investimento\",\"Madeira\"],\"articleSection\":[\"Economia\",\"Neg\u00f3cios\"],\"inLanguage\":\"pt-PT\"},{\"@type\":\"WebPage\",\"@id\":\"https:\/\/portaltela.pt\/noticias\/2026\/03\/27\/investimento-estrangeiro-em-habitacao-na-madeira-nao-compromete-rendas-acessiveis\/\",\"url\":\"https:\/\/portaltela.pt\/noticias\/2026\/03\/27\/investimento-estrangeiro-em-habitacao-na-madeira-nao-compromete-rendas-acessiveis\/\",\"name\":\"Investimento estrangeiro em habita\u00e7\u00e3o na Madeira n\u00e3o compromete rendas acess\u00edveis - Portal Tela Portugal\",\"isPartOf\":{\"@id\":\"https:\/\/portaltela.pt\/#website\"},\"primaryImageOfPage\":{\"@id\":\"https:\/\/portaltela.pt\/noticias\/2026\/03\/27\/investimento-estrangeiro-em-habitacao-na-madeira-nao-compromete-rendas-acessiveis\/#primaryimage\"},\"image\":{\"@id\":\"https:\/\/portaltela.pt\/noticias\/2026\/03\/27\/investimento-estrangeiro-em-habitacao-na-madeira-nao-compromete-rendas-acessiveis\/#primaryimage\"},\"thumbnailUrl\":\"https:\/\/portaltela.pt\/s.01k8rhncp4jt1\/2026\/03\/CACHE_780X1200_ANALOG_WATERMARKED_23871812_6170241_24032019024146.jpg\",\"datePublished\":\"2026-03-27T16:37:00+00:00\",\"author\":{\"@id\":\"https:\/\/portaltela.pt\/#\/schema\/person\/c4278d4a6028830caff9ee44b42d32ed\"},\"breadcrumb\":{\"@id\":\"https:\/\/portaltela.pt\/noticias\/2026\/03\/27\/investimento-estrangeiro-em-habitacao-na-madeira-nao-compromete-rendas-acessiveis\/#breadcrumb\"},\"inLanguage\":\"pt-PT\",\"potentialAction\":[{\"@type\":\"ReadAction\",\"target\":[\"https:\/\/portaltela.pt\/noticias\/2026\/03\/27\/investimento-estrangeiro-em-habitacao-na-madeira-nao-compromete-rendas-acessiveis\/\"]}]},{\"@type\":\"ImageObject\",\"inLanguage\":\"pt-PT\",\"@id\":\"https:\/\/portaltela.pt\/noticias\/2026\/03\/27\/investimento-estrangeiro-em-habitacao-na-madeira-nao-compromete-rendas-acessiveis\/#primaryimage\",\"url\":\"https:\/\/portaltela.pt\/s.01k8rhncp4jt1\/2026\/03\/CACHE_780X1200_ANALOG_WATERMARKED_23871812_6170241_24032019024146.jpg\",\"contentUrl\":\"https:\/\/portaltela.pt\/s.01k8rhncp4jt1\/2026\/03\/CACHE_780X1200_ANALOG_WATERMARKED_23871812_6170241_24032019024146.jpg\",\"width\":796,\"height\":448,\"caption\":\"Investimento estrangeiro em habita\u00e7\u00e3o na Madeira n\u00e3o \u00e9 incompat\u00edvel com rendas acess\u00edveis - Albuquerque\"},{\"@type\":\"BreadcrumbList\",\"@id\":\"https:\/\/portaltela.pt\/noticias\/2026\/03\/27\/investimento-estrangeiro-em-habitacao-na-madeira-nao-compromete-rendas-acessiveis\/#breadcrumb\",\"itemListElement\":[{\"@type\":\"ListItem\",\"position\":1,\"name\":\"In\u00edcio\",\"item\":\"https:\/\/portaltela.pt\/\"},{\"@type\":\"ListItem\",\"position\":2,\"name\":\"Investimento estrangeiro em habita\u00e7\u00e3o na Madeira n\u00e3o compromete rendas acess\u00edveis\"}]},{\"@type\":\"WebSite\",\"@id\":\"https:\/\/portaltela.pt\/#website\",\"url\":\"https:\/\/portaltela.pt\/\",\"name\":\"Portal Tela Portugal\",\"description\":\"\",\"potentialAction\":[{\"@type\":\"SearchAction\",\"target\":{\"@type\":\"EntryPoint\",\"urlTemplate\":\"https:\/\/portaltela.pt\/?s={search_term_string}\"},\"query-input\":{\"@type\":\"PropertyValueSpecification\",\"valueRequired\":true,\"valueName\":\"search_term_string\"}}],\"inLanguage\":\"pt-PT\"},{\"@type\":\"Person\",\"@id\":\"https:\/\/portaltela.pt\/#\/schema\/person\/c4278d4a6028830caff9ee44b42d32ed\",\"name\":\"Telinha\",\"image\":{\"@type\":\"ImageObject\",\"inLanguage\":\"pt-PT\",\"@id\":\"https:\/\/portaltela.pt\/s.01k8rhncp4jt1\/2025\/11\/talking-bot-125x125.png\",\"url\":\"https:\/\/portaltela.pt\/s.01k8rhncp4jt1\/2025\/11\/talking-bot-125x125.png\",\"contentUrl\":\"https:\/\/portaltela.pt\/s.01k8rhncp4jt1\/2025\/11\/talking-bot-125x125.png\",\"caption\":\"Telinha\"},\"sameAs\":[\"https:\/\/portaltela.pt\/\"],\"url\":\"https:\/\/portaltela.pt\/por\/367410592786\/\"}]}<\/script>\n<!-- \/ Yoast SEO plugin. -->","yoast_head_json":{"title":"Investimento estrangeiro em habita\u00e7\u00e3o na Madeira n\u00e3o compromete rendas acess\u00edveis - Portal Tela Portugal","robots":{"index":"index","follow":"follow","max-snippet":"max-snippet:-1","max-image-preview":"max-image-preview:large","max-video-preview":"max-video-preview:-1"},"og_locale":"pt_PT","og_type":"article","og_title":"Investimento estrangeiro em habita\u00e7\u00e3o na Madeira n\u00e3o compromete rendas acess\u00edveis - Portal Tela Portugal","og_description":"Albuquerque afirma que o investimento estrangeiro em habita\u00e7\u00e3o na Madeira n\u00e3o \u00e9 incompat\u00edvel com rendas acess\u00edveis. O conte\u00fado completo da not\u00edcia est\u00e1 dispon\u00edvel apenas para subscritores. No texto p\u00fablico divulgado n\u00e3o s\u00e3o apresentados dados adicionais ou n\u00fameros. A pe\u00e7a enfatiza uma rela\u00e7\u00e3o entre investimento externo e rendas acess\u00edveis sem apresentar cr\u00edticas ou elogios. N\u00e3o s\u00e3o fornecidas informa\u00e7\u00f5es sobre prazos, locais ou medi\u00e7\u00f5es espec\u00edficas no material dispon\u00edvel.","og_url":"https:\/\/portaltela.pt\/noticias\/2026\/03\/27\/investimento-estrangeiro-em-habitacao-na-madeira-nao-compromete-rendas-acessiveis\/","og_site_name":"Portal Tela Portugal","article_published_time":"2026-03-27T16:37:00+00:00","author":"Telinha","twitter_card":"summary_large_image","twitter_misc":{"Escrito por":"Telinha"},"schema":{"@context":"https:\/\/schema.org","@graph":[{"@type":"Article","@id":"https:\/\/portaltela.pt\/noticias\/2026\/03\/27\/investimento-estrangeiro-em-habitacao-na-madeira-nao-compromete-rendas-acessiveis\/#article","isPartOf":{"@id":"https:\/\/portaltela.pt\/noticias\/2026\/03\/27\/investimento-estrangeiro-em-habitacao-na-madeira-nao-compromete-rendas-acessiveis\/"},"author":{"name":"Telinha","@id":"https:\/\/portaltela.pt\/#\/schema\/person\/c4278d4a6028830caff9ee44b42d32ed"},"headline":"Investimento estrangeiro em habita\u00e7\u00e3o na Madeira n\u00e3o compromete rendas acess\u00edveis","datePublished":"2026-03-27T16:37:00+00:00","mainEntityOfPage":{"@id":"https:\/\/portaltela.pt\/noticias\/2026\/03\/27\/investimento-estrangeiro-em-habitacao-na-madeira-nao-compromete-rendas-acessiveis\/"},"wordCount":90,"image":{"@id":"https:\/\/portaltela.pt\/noticias\/2026\/03\/27\/investimento-estrangeiro-em-habitacao-na-madeira-nao-compromete-rendas-acessiveis\/#primaryimage"},"thumbnailUrl":"https:\/\/portaltela.pt\/s.01k8rhncp4jt1\/2026\/03\/CACHE_780X1200_ANALOG_WATERMARKED_23871812_6170241_24032019024146.jpg","keywords":["_economia","economia","habita\u00e7\u00e3o","habita\u00e7\u00e3o acess\u00edvel","investimento","Madeira"],"articleSection":["Economia","Neg\u00f3cios"],"inLanguage":"pt-PT"},{"@type":"WebPage","@id":"https:\/\/portaltela.pt\/noticias\/2026\/03\/27\/investimento-estrangeiro-em-habitacao-na-madeira-nao-compromete-rendas-acessiveis\/","url":"https:\/\/portaltela.pt\/noticias\/2026\/03\/27\/investimento-estrangeiro-em-habitacao-na-madeira-nao-compromete-rendas-acessiveis\/","name":"Investimento estrangeiro em habita\u00e7\u00e3o na Madeira n\u00e3o compromete rendas acess\u00edveis - Portal Tela Portugal","isPartOf":{"@id":"https:\/\/portaltela.pt\/#website"},"primaryImageOfPage":{"@id":"https:\/\/portaltela.pt\/noticias\/2026\/03\/27\/investimento-estrangeiro-em-habitacao-na-madeira-nao-compromete-rendas-acessiveis\/#primaryimage"},"image":{"@id":"https:\/\/portaltela.pt\/noticias\/2026\/03\/27\/investimento-estrangeiro-em-habitacao-na-madeira-nao-compromete-rendas-acessiveis\/#primaryimage"},"thumbnailUrl":"https:\/\/portaltela.pt\/s.01k8rhncp4jt1\/2026\/03\/CACHE_780X1200_ANALOG_WATERMARKED_23871812_6170241_24032019024146.jpg","datePublished":"2026-03-27T16:37:00+00:00","author":{"@id":"https:\/\/portaltela.pt\/#\/schema\/person\/c4278d4a6028830caff9ee44b42d32ed"},"breadcrumb":{"@id":"https:\/\/portaltela.pt\/noticias\/2026\/03\/27\/investimento-estrangeiro-em-habitacao-na-madeira-nao-compromete-rendas-acessiveis\/#breadcrumb"},"inLanguage":"pt-PT","potentialAction":[{"@type":"ReadAction","target":["https:\/\/portaltela.pt\/noticias\/2026\/03\/27\/investimento-estrangeiro-em-habitacao-na-madeira-nao-compromete-rendas-acessiveis\/"]}]},{"@type":"ImageObject","inLanguage":"pt-PT","@id":"https:\/\/portaltela.pt\/noticias\/2026\/03\/27\/investimento-estrangeiro-em-habitacao-na-madeira-nao-compromete-rendas-acessiveis\/#primaryimage","url":"https:\/\/portaltela.pt\/s.01k8rhncp4jt1\/2026\/03\/CACHE_780X1200_ANALOG_WATERMARKED_23871812_6170241_24032019024146.jpg","contentUrl":"https:\/\/portaltela.pt\/s.01k8rhncp4jt1\/2026\/03\/CACHE_780X1200_ANALOG_WATERMARKED_23871812_6170241_24032019024146.jpg","width":796,"height":448,"caption":"Investimento estrangeiro em habita\u00e7\u00e3o na Madeira n\u00e3o \u00e9 incompat\u00edvel com rendas acess\u00edveis - Albuquerque"},{"@type":"BreadcrumbList","@id":"https:\/\/portaltela.pt\/noticias\/2026\/03\/27\/investimento-estrangeiro-em-habitacao-na-madeira-nao-compromete-rendas-acessiveis\/#breadcrumb","itemListElement":[{"@type":"ListItem","position":1,"name":"In\u00edcio","item":"https:\/\/portaltela.pt\/"},{"@type":"ListItem","position":2,"name":"Investimento estrangeiro em habita\u00e7\u00e3o na Madeira n\u00e3o compromete rendas acess\u00edveis"}]},{"@type":"WebSite","@id":"https:\/\/portaltela.pt\/#website","url":"https:\/\/portaltela.pt\/","name":"Portal Tela Portugal","description":"","potentialAction":[{"@type":"SearchAction","target":{"@type":"EntryPoint","urlTemplate":"https:\/\/portaltela.pt\/?s={search_term_string}"},"query-input":{"@type":"PropertyValueSpecification","valueRequired":true,"valueName":"search_term_string"}}],"inLanguage":"pt-PT"},{"@type":"Person","@id":"https:\/\/portaltela.pt\/#\/schema\/person\/c4278d4a6028830caff9ee44b42d32ed","name":"Telinha","image":{"@type":"ImageObject","inLanguage":"pt-PT","@id":"https:\/\/portaltela.pt\/s.01k8rhncp4jt1\/2025\/11\/talking-bot-125x125.png","url":"https:\/\/portaltela.pt\/s.01k8rhncp4jt1\/2025\/11\/talking-bot-125x125.png","contentUrl":"https:\/\/portaltela.pt\/s.01k8rhncp4jt1\/2025\/11\/talking-bot-125x125.png","caption":"Telinha"},"sameAs":["https:\/\/portaltela.pt\/"],"url":"https:\/\/portaltela.pt\/por\/367410592786\/"}]}},"_links":{"self":[{"href":"https:\/\/portaltela.pt\/api\/wp\/v2\/posts\/424006","targetHints":{"allow":["GET"]}}],"collection":[{"href":"https:\/\/portaltela.pt\/api\/wp\/v2\/posts"}],"about":[{"href":"https:\/\/portaltela.pt\/api\/wp\/v2\/types\/post"}],"author":[{"embeddable":true,"href":"https:\/\/portaltela.pt\/api\/wp\/v2\/users\/2"}],"replies":[{"embeddable":true,"href":"https:\/\/portaltela.pt\/api\/wp\/v2\/comments?post=424006"}],"version-history":[{"count":0,"href":"https:\/\/portaltela.pt\/api\/wp\/v2\/posts\/424006\/revisions"}],"wp:featuredmedia":[{"embeddable":true,"href":"https:\/\/portaltela.pt\/api\/wp\/v2\/media\/424012"}],"wp:attachment":[{"href":"https:\/\/portaltela.pt\/api\/wp\/v2\/media?parent=424006"}],"wp:term":[{"taxonomy":"category","embeddable":true,"href":"https:\/\/portaltela.pt\/api\/wp\/v2\/categories?post=424006"},{"taxonomy":"post_tag","embeddable":true,"href":"https:\/\/portaltela.pt\/api\/wp\/v2\/tags?post=424006"}],"curies":[{"name":"wp","href":"https:\/\/api.w.org\/{rel}","templated":true}]}}