{"id":424005,"date":"2026-03-27T13:27:00","date_gmt":"2026-03-27T16:27:00","guid":{"rendered":"https:\/\/portaltela.pt\/noticias\/2026\/03\/27\/loures-inaugura-urgencia-regional-de-obstetricia-almada-segue-com-alteracoes\/"},"modified":"2026-03-27T13:27:00","modified_gmt":"2026-03-27T16:27:00","slug":"loures-inaugura-urgencia-regional-de-obstetricia-almada-segue-com-alteracoes","status":"publish","type":"post","link":"https:\/\/portaltela.pt\/saude\/2026\/03\/27\/loures-inaugura-urgencia-regional-de-obstetricia-almada-segue-com-alteracoes\/","title":{"rendered":"Loures inaugura urg\u00eancia regional de Obstetr\u00edcia, Almada segue com altera\u00e7\u00f5es"},"content":{"rendered":"<p>A urg\u00eancia regional de obstetr\u00edcia foi criada para responder \u00e0 falta de m\u00e9dicos obstetras no Servi\u00e7o Nacional de Sa\u00fade (SNS). Em Loures, o modelo come\u00e7ou a funcionar em meados de mar\u00e7o, com equipas a deslocarem-se para assegurar os turnos. A operacionaliza\u00e7\u00e3o visa manter a disponibilidade de atendimento de urg\u00eancia em obstetr\u00edcia.<\/p>\n<p>A segunda urg\u00eancia regional, na Pen\u00ednsula de Set\u00fabal, est\u00e1 prevista arrancar em abril. O objetivo \u00e9 igual: garantir servi\u00e7os de obstetr\u00edcia mediante equipas m\u00f3veis que assegurem a cobertura dos turnos necess\u00e1rios. A aposta \u00e9 enfrentar a escassez de m\u00e9dicos em determinadas zonas.<\/p>\n<h3>Como funciona o modelo<\/h3>\n<p>O modelo envolve a desloca\u00e7\u00e3o de equipas especializadas para prestar atendimento nas urg\u00eancias regionais, substituindo hor\u00e1rios de servi\u00e7o locais quando necess\u00e1rio. O objetivo \u00e9 manter a disponibilidade de atendimento urgente sem depender exclusivamente de m\u00e9dicos dispon\u00edveis localmente.<\/p>\n<h3>O que muda e pr\u00f3ximos passos<\/h3>\n<p>Os detalhes sobre encerramento de servi\u00e7os locais ainda est\u00e3o a ser definidos pelas \u00e1reas de sa\u00fade em cada regi\u00e3o. As gr\u00e1vidas devem acompanhar as indica\u00e7\u00f5es das autoridades de sa\u00fade regionais e utilizar os servi\u00e7os de urg\u00eancia dispon\u00edveis de acordo com a orienta\u00e7\u00e3o oficial.<\/p>\n","protected":false},"excerpt":{"rendered":"<ul>\n<li>A urg\u00eancia regional de obstetr\u00edcia de Loures abriu a meio de mar\u00e7o; o primeiro balan\u00e7o aponta pouca expans\u00e3o da atividade.<\/li>\n<li>A urg\u00eancia de Almada, na Pen\u00ednsula de Set\u00fabal, vai arrancar em abril.<\/li>\n<li>O modelo organizativo foi criado para responder \u00e0 falta de m\u00e9dicos obstetras no Servi\u00e7o Nacional de Sa\u00fade, com equipas a deslocar-se para assegurar os turnos.<\/li>\n<li>Questiona-se quais servi\u00e7os v\u00e3o encerrar e como devem agir as gr\u00e1vidas em caso de urg\u00eancia.<\/li>\n<li>O objetivo \u00e9 explicar o funcionamento e os desdobramentos da nova rede de urg\u00eancia regional.<\/li>\n<\/ul>\n","protected":false},"author":2,"featured_media":424010,"comment_status":"closed","ping_status":"closed","sticky":false,"template":"","format":"standard","meta":{"footnotes":""},"categories":[1,6745],"tags":[1373,1680,1402,994,1775,1899],"class_list":["post-424005","post","type-post","status-publish","format-standard","has-post-thumbnail","hentry","category-noticias","category-saude","tag-almada","tag-loures","tag-obstetricia","tag-setubal","tag-sns","tag-urgencias"],"yoast_head":"<!-- This site is optimized with the Yoast SEO plugin v27.2 - https:\/\/yoast.com\/product\/yoast-seo-wordpress\/ -->\n<title>Loures inaugura urg\u00eancia regional de Obstetr\u00edcia, Almada segue com altera\u00e7\u00f5es - Portal Tela Portugal<\/title>\n<meta name=\"robots\" content=\"index, follow, max-snippet:-1, max-image-preview:large, max-video-preview:-1\" \/>\n<meta property=\"og:locale\" content=\"pt_PT\" \/>\n<meta property=\"og:type\" content=\"article\" \/>\n<meta property=\"og:title\" content=\"Loures inaugura urg\u00eancia regional de Obstetr\u00edcia, Almada segue com altera\u00e7\u00f5es - Portal Tela Portugal\" \/>\n<meta property=\"og:description\" content=\"A urg\u00eancia regional de obstetr\u00edcia de Loures abriu a meio de mar\u00e7o; o primeiro balan\u00e7o aponta pouca expans\u00e3o da atividade. A urg\u00eancia de Almada, na Pen\u00ednsula de Set\u00fabal, vai arrancar em abril. O modelo organizativo foi criado para responder \u00e0 falta de m\u00e9dicos obstetras no Servi\u00e7o Nacional de Sa\u00fade, com equipas a deslocar-se para assegurar os turnos. Questiona-se quais servi\u00e7os v\u00e3o encerrar e como devem agir as gr\u00e1vidas em caso de urg\u00eancia. O objetivo \u00e9 explicar o funcionamento e os desdobramentos da nova rede de urg\u00eancia regional.\" \/>\n<meta property=\"og:url\" content=\"https:\/\/portaltela.pt\/noticias\/2026\/03\/27\/loures-inaugura-urgencia-regional-de-obstetricia-almada-segue-com-alteracoes\/\" \/>\n<meta property=\"og:site_name\" content=\"Portal Tela Portugal\" \/>\n<meta property=\"article:published_time\" content=\"2026-03-27T16:27:00+00:00\" \/>\n<meta name=\"author\" content=\"Telinha\" \/>\n<meta name=\"twitter:card\" content=\"summary_large_image\" \/>\n<meta name=\"twitter:label1\" content=\"Escrito por\" \/>\n\t<meta name=\"twitter:data1\" content=\"Telinha\" \/>\n\t<meta name=\"twitter:label2\" content=\"Tempo estimado de leitura\" \/>\n\t<meta name=\"twitter:data2\" content=\"1 minuto\" \/>\n<script type=\"application\/ld+json\" class=\"yoast-schema-graph\">{\"@context\":\"https:\/\/schema.org\",\"@graph\":[{\"@type\":\"Article\",\"@id\":\"https:\/\/portaltela.pt\/noticias\/2026\/03\/27\/loures-inaugura-urgencia-regional-de-obstetricia-almada-segue-com-alteracoes\/#article\",\"isPartOf\":{\"@id\":\"https:\/\/portaltela.pt\/noticias\/2026\/03\/27\/loures-inaugura-urgencia-regional-de-obstetricia-almada-segue-com-alteracoes\/\"},\"author\":{\"name\":\"Telinha\",\"@id\":\"https:\/\/portaltela.pt\/#\/schema\/person\/c4278d4a6028830caff9ee44b42d32ed\"},\"headline\":\"Loures inaugura urg\u00eancia regional de Obstetr\u00edcia, Almada segue com altera\u00e7\u00f5es\",\"datePublished\":\"2026-03-27T16:27:00+00:00\",\"mainEntityOfPage\":{\"@id\":\"https:\/\/portaltela.pt\/noticias\/2026\/03\/27\/loures-inaugura-urgencia-regional-de-obstetricia-almada-segue-com-alteracoes\/\"},\"wordCount\":229,\"image\":{\"@id\":\"https:\/\/portaltela.pt\/noticias\/2026\/03\/27\/loures-inaugura-urgencia-regional-de-obstetricia-almada-segue-com-alteracoes\/#primaryimage\"},\"thumbnailUrl\":\"https:\/\/portaltela.pt\/s.01k8rhncp4jt1\/2026\/03\/2077020.jpg\",\"keywords\":[\"Almada\",\"Loures\",\"Obstetr\u00edcia\",\"Set\u00fabal\",\"SNS\",\"urg\u00eancias\"],\"articleSection\":[\"Not\u00edcias\",\"Sa\u00fade\"],\"inLanguage\":\"pt-PT\"},{\"@type\":\"WebPage\",\"@id\":\"https:\/\/portaltela.pt\/noticias\/2026\/03\/27\/loures-inaugura-urgencia-regional-de-obstetricia-almada-segue-com-alteracoes\/\",\"url\":\"https:\/\/portaltela.pt\/noticias\/2026\/03\/27\/loures-inaugura-urgencia-regional-de-obstetricia-almada-segue-com-alteracoes\/\",\"name\":\"Loures inaugura urg\u00eancia regional de Obstetr\u00edcia, Almada segue com altera\u00e7\u00f5es - Portal Tela Portugal\",\"isPartOf\":{\"@id\":\"https:\/\/portaltela.pt\/#website\"},\"primaryImageOfPage\":{\"@id\":\"https:\/\/portaltela.pt\/noticias\/2026\/03\/27\/loures-inaugura-urgencia-regional-de-obstetricia-almada-segue-com-alteracoes\/#primaryimage\"},\"image\":{\"@id\":\"https:\/\/portaltela.pt\/noticias\/2026\/03\/27\/loures-inaugura-urgencia-regional-de-obstetricia-almada-segue-com-alteracoes\/#primaryimage\"},\"thumbnailUrl\":\"https:\/\/portaltela.pt\/s.01k8rhncp4jt1\/2026\/03\/2077020.jpg\",\"datePublished\":\"2026-03-27T16:27:00+00:00\",\"author\":{\"@id\":\"https:\/\/portaltela.pt\/#\/schema\/person\/c4278d4a6028830caff9ee44b42d32ed\"},\"breadcrumb\":{\"@id\":\"https:\/\/portaltela.pt\/noticias\/2026\/03\/27\/loures-inaugura-urgencia-regional-de-obstetricia-almada-segue-com-alteracoes\/#breadcrumb\"},\"inLanguage\":\"pt-PT\",\"potentialAction\":[{\"@type\":\"ReadAction\",\"target\":[\"https:\/\/portaltela.pt\/noticias\/2026\/03\/27\/loures-inaugura-urgencia-regional-de-obstetricia-almada-segue-com-alteracoes\/\"]}]},{\"@type\":\"ImageObject\",\"inLanguage\":\"pt-PT\",\"@id\":\"https:\/\/portaltela.pt\/noticias\/2026\/03\/27\/loures-inaugura-urgencia-regional-de-obstetricia-almada-segue-com-alteracoes\/#primaryimage\",\"url\":\"https:\/\/portaltela.pt\/s.01k8rhncp4jt1\/2026\/03\/2077020.jpg\",\"contentUrl\":\"https:\/\/portaltela.pt\/s.01k8rhncp4jt1\/2026\/03\/2077020.jpg\",\"width\":796,\"height\":448,\"caption\":\"Urg\u00eancia regional de obstetr\u00edcia Loures-Odivelas\/ Estu\u00e1rio do Tejo come\u00e7ou a funcionar no passado dia 16 no hospital de Loures\"},{\"@type\":\"BreadcrumbList\",\"@id\":\"https:\/\/portaltela.pt\/noticias\/2026\/03\/27\/loures-inaugura-urgencia-regional-de-obstetricia-almada-segue-com-alteracoes\/#breadcrumb\",\"itemListElement\":[{\"@type\":\"ListItem\",\"position\":1,\"name\":\"In\u00edcio\",\"item\":\"https:\/\/portaltela.pt\/\"},{\"@type\":\"ListItem\",\"position\":2,\"name\":\"Loures inaugura urg\u00eancia regional de Obstetr\u00edcia, Almada segue com altera\u00e7\u00f5es\"}]},{\"@type\":\"WebSite\",\"@id\":\"https:\/\/portaltela.pt\/#website\",\"url\":\"https:\/\/portaltela.pt\/\",\"name\":\"Portal Tela Portugal\",\"description\":\"\",\"potentialAction\":[{\"@type\":\"SearchAction\",\"target\":{\"@type\":\"EntryPoint\",\"urlTemplate\":\"https:\/\/portaltela.pt\/?s={search_term_string}\"},\"query-input\":{\"@type\":\"PropertyValueSpecification\",\"valueRequired\":true,\"valueName\":\"search_term_string\"}}],\"inLanguage\":\"pt-PT\"},{\"@type\":\"Person\",\"@id\":\"https:\/\/portaltela.pt\/#\/schema\/person\/c4278d4a6028830caff9ee44b42d32ed\",\"name\":\"Telinha\",\"image\":{\"@type\":\"ImageObject\",\"inLanguage\":\"pt-PT\",\"@id\":\"https:\/\/portaltela.pt\/s.01k8rhncp4jt1\/2025\/11\/talking-bot-125x125.png\",\"url\":\"https:\/\/portaltela.pt\/s.01k8rhncp4jt1\/2025\/11\/talking-bot-125x125.png\",\"contentUrl\":\"https:\/\/portaltela.pt\/s.01k8rhncp4jt1\/2025\/11\/talking-bot-125x125.png\",\"caption\":\"Telinha\"},\"sameAs\":[\"https:\/\/portaltela.pt\/\"],\"url\":\"https:\/\/portaltela.pt\/por\/367410592786\/\"}]}<\/script>\n<!-- \/ Yoast SEO plugin. -->","yoast_head_json":{"title":"Loures inaugura urg\u00eancia regional de Obstetr\u00edcia, Almada segue com altera\u00e7\u00f5es - Portal Tela Portugal","robots":{"index":"index","follow":"follow","max-snippet":"max-snippet:-1","max-image-preview":"max-image-preview:large","max-video-preview":"max-video-preview:-1"},"og_locale":"pt_PT","og_type":"article","og_title":"Loures inaugura urg\u00eancia regional de Obstetr\u00edcia, Almada segue com altera\u00e7\u00f5es - Portal Tela Portugal","og_description":"A urg\u00eancia regional de obstetr\u00edcia de Loures abriu a meio de mar\u00e7o; o primeiro balan\u00e7o aponta pouca expans\u00e3o da atividade. A urg\u00eancia de Almada, na Pen\u00ednsula de Set\u00fabal, vai arrancar em abril. O modelo organizativo foi criado para responder \u00e0 falta de m\u00e9dicos obstetras no Servi\u00e7o Nacional de Sa\u00fade, com equipas a deslocar-se para assegurar os turnos. Questiona-se quais servi\u00e7os v\u00e3o encerrar e como devem agir as gr\u00e1vidas em caso de urg\u00eancia. O objetivo \u00e9 explicar o funcionamento e os desdobramentos da nova rede de urg\u00eancia regional.","og_url":"https:\/\/portaltela.pt\/noticias\/2026\/03\/27\/loures-inaugura-urgencia-regional-de-obstetricia-almada-segue-com-alteracoes\/","og_site_name":"Portal Tela Portugal","article_published_time":"2026-03-27T16:27:00+00:00","author":"Telinha","twitter_card":"summary_large_image","twitter_misc":{"Escrito por":"Telinha","Tempo estimado de leitura":"1 minuto"},"schema":{"@context":"https:\/\/schema.org","@graph":[{"@type":"Article","@id":"https:\/\/portaltela.pt\/noticias\/2026\/03\/27\/loures-inaugura-urgencia-regional-de-obstetricia-almada-segue-com-alteracoes\/#article","isPartOf":{"@id":"https:\/\/portaltela.pt\/noticias\/2026\/03\/27\/loures-inaugura-urgencia-regional-de-obstetricia-almada-segue-com-alteracoes\/"},"author":{"name":"Telinha","@id":"https:\/\/portaltela.pt\/#\/schema\/person\/c4278d4a6028830caff9ee44b42d32ed"},"headline":"Loures inaugura urg\u00eancia regional de Obstetr\u00edcia, Almada segue com altera\u00e7\u00f5es","datePublished":"2026-03-27T16:27:00+00:00","mainEntityOfPage":{"@id":"https:\/\/portaltela.pt\/noticias\/2026\/03\/27\/loures-inaugura-urgencia-regional-de-obstetricia-almada-segue-com-alteracoes\/"},"wordCount":229,"image":{"@id":"https:\/\/portaltela.pt\/noticias\/2026\/03\/27\/loures-inaugura-urgencia-regional-de-obstetricia-almada-segue-com-alteracoes\/#primaryimage"},"thumbnailUrl":"https:\/\/portaltela.pt\/s.01k8rhncp4jt1\/2026\/03\/2077020.jpg","keywords":["Almada","Loures","Obstetr\u00edcia","Set\u00fabal","SNS","urg\u00eancias"],"articleSection":["Not\u00edcias","Sa\u00fade"],"inLanguage":"pt-PT"},{"@type":"WebPage","@id":"https:\/\/portaltela.pt\/noticias\/2026\/03\/27\/loures-inaugura-urgencia-regional-de-obstetricia-almada-segue-com-alteracoes\/","url":"https:\/\/portaltela.pt\/noticias\/2026\/03\/27\/loures-inaugura-urgencia-regional-de-obstetricia-almada-segue-com-alteracoes\/","name":"Loures inaugura urg\u00eancia regional de Obstetr\u00edcia, Almada segue com altera\u00e7\u00f5es - Portal Tela Portugal","isPartOf":{"@id":"https:\/\/portaltela.pt\/#website"},"primaryImageOfPage":{"@id":"https:\/\/portaltela.pt\/noticias\/2026\/03\/27\/loures-inaugura-urgencia-regional-de-obstetricia-almada-segue-com-alteracoes\/#primaryimage"},"image":{"@id":"https:\/\/portaltela.pt\/noticias\/2026\/03\/27\/loures-inaugura-urgencia-regional-de-obstetricia-almada-segue-com-alteracoes\/#primaryimage"},"thumbnailUrl":"https:\/\/portaltela.pt\/s.01k8rhncp4jt1\/2026\/03\/2077020.jpg","datePublished":"2026-03-27T16:27:00+00:00","author":{"@id":"https:\/\/portaltela.pt\/#\/schema\/person\/c4278d4a6028830caff9ee44b42d32ed"},"breadcrumb":{"@id":"https:\/\/portaltela.pt\/noticias\/2026\/03\/27\/loures-inaugura-urgencia-regional-de-obstetricia-almada-segue-com-alteracoes\/#breadcrumb"},"inLanguage":"pt-PT","potentialAction":[{"@type":"ReadAction","target":["https:\/\/portaltela.pt\/noticias\/2026\/03\/27\/loures-inaugura-urgencia-regional-de-obstetricia-almada-segue-com-alteracoes\/"]}]},{"@type":"ImageObject","inLanguage":"pt-PT","@id":"https:\/\/portaltela.pt\/noticias\/2026\/03\/27\/loures-inaugura-urgencia-regional-de-obstetricia-almada-segue-com-alteracoes\/#primaryimage","url":"https:\/\/portaltela.pt\/s.01k8rhncp4jt1\/2026\/03\/2077020.jpg","contentUrl":"https:\/\/portaltela.pt\/s.01k8rhncp4jt1\/2026\/03\/2077020.jpg","width":796,"height":448,"caption":"Urg\u00eancia regional de obstetr\u00edcia Loures-Odivelas\/ Estu\u00e1rio do Tejo come\u00e7ou a funcionar no passado dia 16 no hospital de Loures"},{"@type":"BreadcrumbList","@id":"https:\/\/portaltela.pt\/noticias\/2026\/03\/27\/loures-inaugura-urgencia-regional-de-obstetricia-almada-segue-com-alteracoes\/#breadcrumb","itemListElement":[{"@type":"ListItem","position":1,"name":"In\u00edcio","item":"https:\/\/portaltela.pt\/"},{"@type":"ListItem","position":2,"name":"Loures inaugura urg\u00eancia regional de Obstetr\u00edcia, Almada segue com altera\u00e7\u00f5es"}]},{"@type":"WebSite","@id":"https:\/\/portaltela.pt\/#website","url":"https:\/\/portaltela.pt\/","name":"Portal Tela Portugal","description":"","potentialAction":[{"@type":"SearchAction","target":{"@type":"EntryPoint","urlTemplate":"https:\/\/portaltela.pt\/?s={search_term_string}"},"query-input":{"@type":"PropertyValueSpecification","valueRequired":true,"valueName":"search_term_string"}}],"inLanguage":"pt-PT"},{"@type":"Person","@id":"https:\/\/portaltela.pt\/#\/schema\/person\/c4278d4a6028830caff9ee44b42d32ed","name":"Telinha","image":{"@type":"ImageObject","inLanguage":"pt-PT","@id":"https:\/\/portaltela.pt\/s.01k8rhncp4jt1\/2025\/11\/talking-bot-125x125.png","url":"https:\/\/portaltela.pt\/s.01k8rhncp4jt1\/2025\/11\/talking-bot-125x125.png","contentUrl":"https:\/\/portaltela.pt\/s.01k8rhncp4jt1\/2025\/11\/talking-bot-125x125.png","caption":"Telinha"},"sameAs":["https:\/\/portaltela.pt\/"],"url":"https:\/\/portaltela.pt\/por\/367410592786\/"}]}},"_links":{"self":[{"href":"https:\/\/portaltela.pt\/api\/wp\/v2\/posts\/424005","targetHints":{"allow":["GET"]}}],"collection":[{"href":"https:\/\/portaltela.pt\/api\/wp\/v2\/posts"}],"about":[{"href":"https:\/\/portaltela.pt\/api\/wp\/v2\/types\/post"}],"author":[{"embeddable":true,"href":"https:\/\/portaltela.pt\/api\/wp\/v2\/users\/2"}],"replies":[{"embeddable":true,"href":"https:\/\/portaltela.pt\/api\/wp\/v2\/comments?post=424005"}],"version-history":[{"count":0,"href":"https:\/\/portaltela.pt\/api\/wp\/v2\/posts\/424005\/revisions"}],"wp:featuredmedia":[{"embeddable":true,"href":"https:\/\/portaltela.pt\/api\/wp\/v2\/media\/424010"}],"wp:attachment":[{"href":"https:\/\/portaltela.pt\/api\/wp\/v2\/media?parent=424005"}],"wp:term":[{"taxonomy":"category","embeddable":true,"href":"https:\/\/portaltela.pt\/api\/wp\/v2\/categories?post=424005"},{"taxonomy":"post_tag","embeddable":true,"href":"https:\/\/portaltela.pt\/api\/wp\/v2\/tags?post=424005"}],"curies":[{"name":"wp","href":"https:\/\/api.w.org\/{rel}","templated":true}]}}