{"id":423984,"date":"2026-03-27T12:41:00","date_gmt":"2026-03-27T15:41:00","guid":{"rendered":"https:\/\/portaltela.pt\/noticias\/2026\/03\/27\/azeites-de-fernando-melo-redescobrir-o-ouro-liquido-portugues\/"},"modified":"2026-03-27T12:41:00","modified_gmt":"2026-03-27T15:41:00","slug":"azeites-de-fernando-melo-redescobrir-o-ouro-liquido-portugues","status":"publish","type":"post","link":"https:\/\/portaltela.pt\/noticias\/2026\/03\/27\/azeites-de-fernando-melo-redescobrir-o-ouro-liquido-portugues\/","title":{"rendered":"Azeites de Fernando Melo: redescobrir o ouro l\u00edquido portugu\u00eas"},"content":{"rendered":"<p>Durante uma viagem pelo vale vinhateiro do Douro, a oliveira surge como emblema paisag\u00edstico. O conjunto de azeites apresentado associa oliveira e vinha, mostrando uma conviv\u00eancia entre culturas que se mant\u00e9m ao longo do tempo.<\/p>\n<p>O texto explica que cinco azeites est\u00e3o ligados \u00e0 cultura da vinha do Douro, evidenciando uma rela\u00e7\u00e3o de m\u00e3o dupla entre olival e viticultura. A ideia \u00e9 revelar o equil\u00edbrio entre intensidade e eleg\u00e2ncia dos sabores locais.<\/p>\n<p>A viagem refor\u00e7a que h\u00e1 dois azeites de Tr\u00e1s-os-Montes, considerados de origem transmontana, com perfil de equil\u00edbrio marcante. O objetivo \u00e9 demonstrar que a regi\u00e3o abriga variedades de excel\u00eancia para al\u00e9m do Douro.<\/p>\n<p>Al\u00e9m disso, s\u00e3o apresentados tr\u00eas azeites menos conhecidos, provenientes de microterroirs ainda por explorar. A pe\u00e7a agradece \u00e0 LOA &#8211; The Olive World, na pessoa de Ricardo Faria, pela perspetiva e apresenta\u00e7\u00e3o dos produtos.<\/p>\n<h3>Agradecimentos e perspetiva de mercado<\/h3>\n<p>A reportagem detalha que a sele\u00e7\u00e3o percorre espa\u00e7os de olival hist\u00f3rico e de novas regi\u00f5es oliv\u00edcolas, apontando oportunidades de mercado para produtores locais. As avalia\u00e7\u00f5es centram-se em qualidade, harmonia com pratos e potencial gastron\u00f3mico.<\/p>\n<p>A narrativa mant\u00e9m o foco informativo, descrevendo as caracter\u00edsticas de cada azeite sem opini\u00e3o pessoal. A curadoria da sele\u00e7\u00e3o pretende ilustrar riqueza e diversidade do ouro l\u00edquido que nasce no Douro e arredores.<\/p>\n","protected":false},"excerpt":{"rendered":"<ul>\n<li>No vale vinhateiro do Douro, a oliveira \u00e9 um emblema paisag\u00edstico e est\u00e1 ligada \u00e0 cultura da vinha.<\/li>\n<li>Cinco azeites apresentados est\u00e3o intimamente ligados \u00e0 vinha do Douro, numa conviv\u00eancia entre olival e vinha.<\/li>\n<li>Em terras transmontanas aparecem dois azeites de Tr\u00e1s-os-Montes, com intensidade e equil\u00edbrio marcantes.<\/li>\n<li>Foram ainda apresentados tr\u00eas azeites menos conhecidos, de microterroirs com potencial ainda por explorar.<\/li>\n<li>Agradecimentos \u00e0 LOA &#8211; The Olive World, na pessoa de Ricardo Faria, por os apresentar.<\/li>\n<\/ul>\n","protected":false},"author":2,"featured_media":423991,"comment_status":"closed","ping_status":"closed","sticky":false,"template":"","format":"standard","meta":{"footnotes":""},"categories":[7369,1],"tags":[2899,1194,219,1811,5586,4103],"class_list":["post-423984","post","type-post","status-publish","format-standard","has-post-thumbnail","hentry","category-gastronomia","category-noticias","tag-azeites","tag-douro","tag-gastronomia","tag-tras-os-montes","tag-vinho","tag-viticultura"],"yoast_head":"<!-- This site is optimized with the Yoast SEO plugin v27.2 - https:\/\/yoast.com\/product\/yoast-seo-wordpress\/ -->\n<title>Azeites de Fernando Melo: redescobrir o ouro l\u00edquido portugu\u00eas - Portal Tela Portugal<\/title>\n<meta name=\"robots\" content=\"index, follow, max-snippet:-1, max-image-preview:large, max-video-preview:-1\" \/>\n<meta property=\"og:locale\" content=\"pt_PT\" \/>\n<meta property=\"og:type\" content=\"article\" \/>\n<meta property=\"og:title\" content=\"Azeites de Fernando Melo: redescobrir o ouro l\u00edquido portugu\u00eas - Portal Tela Portugal\" \/>\n<meta property=\"og:description\" content=\"No vale vinhateiro do Douro, a oliveira \u00e9 um emblema paisag\u00edstico e est\u00e1 ligada \u00e0 cultura da vinha. Cinco azeites apresentados est\u00e3o intimamente ligados \u00e0 vinha do Douro, numa conviv\u00eancia entre olival e vinha. Em terras transmontanas aparecem dois azeites de Tr\u00e1s-os-Montes, com intensidade e equil\u00edbrio marcantes. Foram ainda apresentados tr\u00eas azeites menos conhecidos, de microterroirs com potencial ainda por explorar. Agradecimentos \u00e0 LOA - The Olive World, na pessoa de Ricardo Faria, por os apresentar.\" \/>\n<meta property=\"og:url\" content=\"https:\/\/portaltela.pt\/noticias\/2026\/03\/27\/azeites-de-fernando-melo-redescobrir-o-ouro-liquido-portugues\/\" \/>\n<meta property=\"og:site_name\" content=\"Portal Tela Portugal\" \/>\n<meta property=\"article:published_time\" content=\"2026-03-27T15:41:00+00:00\" \/>\n<meta name=\"author\" content=\"Telinha\" \/>\n<meta name=\"twitter:card\" content=\"summary_large_image\" \/>\n<meta name=\"twitter:label1\" content=\"Escrito por\" \/>\n\t<meta name=\"twitter:data1\" content=\"Telinha\" \/>\n\t<meta name=\"twitter:label2\" content=\"Tempo estimado de leitura\" \/>\n\t<meta name=\"twitter:data2\" content=\"1 minuto\" \/>\n<script type=\"application\/ld+json\" class=\"yoast-schema-graph\">{\"@context\":\"https:\/\/schema.org\",\"@graph\":[{\"@type\":\"Article\",\"@id\":\"https:\/\/portaltela.pt\/noticias\/2026\/03\/27\/azeites-de-fernando-melo-redescobrir-o-ouro-liquido-portugues\/#article\",\"isPartOf\":{\"@id\":\"https:\/\/portaltela.pt\/noticias\/2026\/03\/27\/azeites-de-fernando-melo-redescobrir-o-ouro-liquido-portugues\/\"},\"author\":{\"name\":\"Telinha\",\"@id\":\"https:\/\/portaltela.pt\/#\/schema\/person\/c4278d4a6028830caff9ee44b42d32ed\"},\"headline\":\"Azeites de Fernando Melo: redescobrir o ouro l\u00edquido portugu\u00eas\",\"datePublished\":\"2026-03-27T15:41:00+00:00\",\"mainEntityOfPage\":{\"@id\":\"https:\/\/portaltela.pt\/noticias\/2026\/03\/27\/azeites-de-fernando-melo-redescobrir-o-ouro-liquido-portugues\/\"},\"wordCount\":249,\"image\":{\"@id\":\"https:\/\/portaltela.pt\/noticias\/2026\/03\/27\/azeites-de-fernando-melo-redescobrir-o-ouro-liquido-portugues\/#primaryimage\"},\"thumbnailUrl\":\"https:\/\/portaltela.pt\/s.01k8rhncp4jt1\/2026\/03\/image-1619.jpg\",\"keywords\":[\"azeites\",\"Douro\",\"gastronomia\",\"Tr\u00e1s-os-Montes\",\"vinho\",\"viticultura\"],\"articleSection\":[\"Gastronomia\",\"Not\u00edcias\"],\"inLanguage\":\"pt-PT\"},{\"@type\":\"WebPage\",\"@id\":\"https:\/\/portaltela.pt\/noticias\/2026\/03\/27\/azeites-de-fernando-melo-redescobrir-o-ouro-liquido-portugues\/\",\"url\":\"https:\/\/portaltela.pt\/noticias\/2026\/03\/27\/azeites-de-fernando-melo-redescobrir-o-ouro-liquido-portugues\/\",\"name\":\"Azeites de Fernando Melo: redescobrir o ouro l\u00edquido portugu\u00eas - Portal Tela Portugal\",\"isPartOf\":{\"@id\":\"https:\/\/portaltela.pt\/#website\"},\"primaryImageOfPage\":{\"@id\":\"https:\/\/portaltela.pt\/noticias\/2026\/03\/27\/azeites-de-fernando-melo-redescobrir-o-ouro-liquido-portugues\/#primaryimage\"},\"image\":{\"@id\":\"https:\/\/portaltela.pt\/noticias\/2026\/03\/27\/azeites-de-fernando-melo-redescobrir-o-ouro-liquido-portugues\/#primaryimage\"},\"thumbnailUrl\":\"https:\/\/portaltela.pt\/s.01k8rhncp4jt1\/2026\/03\/image-1619.jpg\",\"datePublished\":\"2026-03-27T15:41:00+00:00\",\"author\":{\"@id\":\"https:\/\/portaltela.pt\/#\/schema\/person\/c4278d4a6028830caff9ee44b42d32ed\"},\"breadcrumb\":{\"@id\":\"https:\/\/portaltela.pt\/noticias\/2026\/03\/27\/azeites-de-fernando-melo-redescobrir-o-ouro-liquido-portugues\/#breadcrumb\"},\"inLanguage\":\"pt-PT\",\"potentialAction\":[{\"@type\":\"ReadAction\",\"target\":[\"https:\/\/portaltela.pt\/noticias\/2026\/03\/27\/azeites-de-fernando-melo-redescobrir-o-ouro-liquido-portugues\/\"]}]},{\"@type\":\"ImageObject\",\"inLanguage\":\"pt-PT\",\"@id\":\"https:\/\/portaltela.pt\/noticias\/2026\/03\/27\/azeites-de-fernando-melo-redescobrir-o-ouro-liquido-portugues\/#primaryimage\",\"url\":\"https:\/\/portaltela.pt\/s.01k8rhncp4jt1\/2026\/03\/image-1619.jpg\",\"contentUrl\":\"https:\/\/portaltela.pt\/s.01k8rhncp4jt1\/2026\/03\/image-1619.jpg\",\"width\":796,\"height\":448,\"caption\":\"Foto: Freepik\/DR\"},{\"@type\":\"BreadcrumbList\",\"@id\":\"https:\/\/portaltela.pt\/noticias\/2026\/03\/27\/azeites-de-fernando-melo-redescobrir-o-ouro-liquido-portugues\/#breadcrumb\",\"itemListElement\":[{\"@type\":\"ListItem\",\"position\":1,\"name\":\"In\u00edcio\",\"item\":\"https:\/\/portaltela.pt\/\"},{\"@type\":\"ListItem\",\"position\":2,\"name\":\"Azeites de Fernando Melo: redescobrir o ouro l\u00edquido portugu\u00eas\"}]},{\"@type\":\"WebSite\",\"@id\":\"https:\/\/portaltela.pt\/#website\",\"url\":\"https:\/\/portaltela.pt\/\",\"name\":\"Portal Tela Portugal\",\"description\":\"\",\"potentialAction\":[{\"@type\":\"SearchAction\",\"target\":{\"@type\":\"EntryPoint\",\"urlTemplate\":\"https:\/\/portaltela.pt\/?s={search_term_string}\"},\"query-input\":{\"@type\":\"PropertyValueSpecification\",\"valueRequired\":true,\"valueName\":\"search_term_string\"}}],\"inLanguage\":\"pt-PT\"},{\"@type\":\"Person\",\"@id\":\"https:\/\/portaltela.pt\/#\/schema\/person\/c4278d4a6028830caff9ee44b42d32ed\",\"name\":\"Telinha\",\"image\":{\"@type\":\"ImageObject\",\"inLanguage\":\"pt-PT\",\"@id\":\"https:\/\/portaltela.pt\/s.01k8rhncp4jt1\/2025\/11\/talking-bot-125x125.png\",\"url\":\"https:\/\/portaltela.pt\/s.01k8rhncp4jt1\/2025\/11\/talking-bot-125x125.png\",\"contentUrl\":\"https:\/\/portaltela.pt\/s.01k8rhncp4jt1\/2025\/11\/talking-bot-125x125.png\",\"caption\":\"Telinha\"},\"sameAs\":[\"https:\/\/portaltela.pt\/\"],\"url\":\"https:\/\/portaltela.pt\/por\/367410592786\/\"}]}<\/script>\n<!-- \/ Yoast SEO plugin. -->","yoast_head_json":{"title":"Azeites de Fernando Melo: redescobrir o ouro l\u00edquido portugu\u00eas - Portal Tela Portugal","robots":{"index":"index","follow":"follow","max-snippet":"max-snippet:-1","max-image-preview":"max-image-preview:large","max-video-preview":"max-video-preview:-1"},"og_locale":"pt_PT","og_type":"article","og_title":"Azeites de Fernando Melo: redescobrir o ouro l\u00edquido portugu\u00eas - Portal Tela Portugal","og_description":"No vale vinhateiro do Douro, a oliveira \u00e9 um emblema paisag\u00edstico e est\u00e1 ligada \u00e0 cultura da vinha. Cinco azeites apresentados est\u00e3o intimamente ligados \u00e0 vinha do Douro, numa conviv\u00eancia entre olival e vinha. Em terras transmontanas aparecem dois azeites de Tr\u00e1s-os-Montes, com intensidade e equil\u00edbrio marcantes. Foram ainda apresentados tr\u00eas azeites menos conhecidos, de microterroirs com potencial ainda por explorar. Agradecimentos \u00e0 LOA - The Olive World, na pessoa de Ricardo Faria, por os apresentar.","og_url":"https:\/\/portaltela.pt\/noticias\/2026\/03\/27\/azeites-de-fernando-melo-redescobrir-o-ouro-liquido-portugues\/","og_site_name":"Portal Tela Portugal","article_published_time":"2026-03-27T15:41:00+00:00","author":"Telinha","twitter_card":"summary_large_image","twitter_misc":{"Escrito por":"Telinha","Tempo estimado de leitura":"1 minuto"},"schema":{"@context":"https:\/\/schema.org","@graph":[{"@type":"Article","@id":"https:\/\/portaltela.pt\/noticias\/2026\/03\/27\/azeites-de-fernando-melo-redescobrir-o-ouro-liquido-portugues\/#article","isPartOf":{"@id":"https:\/\/portaltela.pt\/noticias\/2026\/03\/27\/azeites-de-fernando-melo-redescobrir-o-ouro-liquido-portugues\/"},"author":{"name":"Telinha","@id":"https:\/\/portaltela.pt\/#\/schema\/person\/c4278d4a6028830caff9ee44b42d32ed"},"headline":"Azeites de Fernando Melo: redescobrir o ouro l\u00edquido portugu\u00eas","datePublished":"2026-03-27T15:41:00+00:00","mainEntityOfPage":{"@id":"https:\/\/portaltela.pt\/noticias\/2026\/03\/27\/azeites-de-fernando-melo-redescobrir-o-ouro-liquido-portugues\/"},"wordCount":249,"image":{"@id":"https:\/\/portaltela.pt\/noticias\/2026\/03\/27\/azeites-de-fernando-melo-redescobrir-o-ouro-liquido-portugues\/#primaryimage"},"thumbnailUrl":"https:\/\/portaltela.pt\/s.01k8rhncp4jt1\/2026\/03\/image-1619.jpg","keywords":["azeites","Douro","gastronomia","Tr\u00e1s-os-Montes","vinho","viticultura"],"articleSection":["Gastronomia","Not\u00edcias"],"inLanguage":"pt-PT"},{"@type":"WebPage","@id":"https:\/\/portaltela.pt\/noticias\/2026\/03\/27\/azeites-de-fernando-melo-redescobrir-o-ouro-liquido-portugues\/","url":"https:\/\/portaltela.pt\/noticias\/2026\/03\/27\/azeites-de-fernando-melo-redescobrir-o-ouro-liquido-portugues\/","name":"Azeites de Fernando Melo: redescobrir o ouro l\u00edquido portugu\u00eas - Portal Tela Portugal","isPartOf":{"@id":"https:\/\/portaltela.pt\/#website"},"primaryImageOfPage":{"@id":"https:\/\/portaltela.pt\/noticias\/2026\/03\/27\/azeites-de-fernando-melo-redescobrir-o-ouro-liquido-portugues\/#primaryimage"},"image":{"@id":"https:\/\/portaltela.pt\/noticias\/2026\/03\/27\/azeites-de-fernando-melo-redescobrir-o-ouro-liquido-portugues\/#primaryimage"},"thumbnailUrl":"https:\/\/portaltela.pt\/s.01k8rhncp4jt1\/2026\/03\/image-1619.jpg","datePublished":"2026-03-27T15:41:00+00:00","author":{"@id":"https:\/\/portaltela.pt\/#\/schema\/person\/c4278d4a6028830caff9ee44b42d32ed"},"breadcrumb":{"@id":"https:\/\/portaltela.pt\/noticias\/2026\/03\/27\/azeites-de-fernando-melo-redescobrir-o-ouro-liquido-portugues\/#breadcrumb"},"inLanguage":"pt-PT","potentialAction":[{"@type":"ReadAction","target":["https:\/\/portaltela.pt\/noticias\/2026\/03\/27\/azeites-de-fernando-melo-redescobrir-o-ouro-liquido-portugues\/"]}]},{"@type":"ImageObject","inLanguage":"pt-PT","@id":"https:\/\/portaltela.pt\/noticias\/2026\/03\/27\/azeites-de-fernando-melo-redescobrir-o-ouro-liquido-portugues\/#primaryimage","url":"https:\/\/portaltela.pt\/s.01k8rhncp4jt1\/2026\/03\/image-1619.jpg","contentUrl":"https:\/\/portaltela.pt\/s.01k8rhncp4jt1\/2026\/03\/image-1619.jpg","width":796,"height":448,"caption":"Foto: Freepik\/DR"},{"@type":"BreadcrumbList","@id":"https:\/\/portaltela.pt\/noticias\/2026\/03\/27\/azeites-de-fernando-melo-redescobrir-o-ouro-liquido-portugues\/#breadcrumb","itemListElement":[{"@type":"ListItem","position":1,"name":"In\u00edcio","item":"https:\/\/portaltela.pt\/"},{"@type":"ListItem","position":2,"name":"Azeites de Fernando Melo: redescobrir o ouro l\u00edquido portugu\u00eas"}]},{"@type":"WebSite","@id":"https:\/\/portaltela.pt\/#website","url":"https:\/\/portaltela.pt\/","name":"Portal Tela Portugal","description":"","potentialAction":[{"@type":"SearchAction","target":{"@type":"EntryPoint","urlTemplate":"https:\/\/portaltela.pt\/?s={search_term_string}"},"query-input":{"@type":"PropertyValueSpecification","valueRequired":true,"valueName":"search_term_string"}}],"inLanguage":"pt-PT"},{"@type":"Person","@id":"https:\/\/portaltela.pt\/#\/schema\/person\/c4278d4a6028830caff9ee44b42d32ed","name":"Telinha","image":{"@type":"ImageObject","inLanguage":"pt-PT","@id":"https:\/\/portaltela.pt\/s.01k8rhncp4jt1\/2025\/11\/talking-bot-125x125.png","url":"https:\/\/portaltela.pt\/s.01k8rhncp4jt1\/2025\/11\/talking-bot-125x125.png","contentUrl":"https:\/\/portaltela.pt\/s.01k8rhncp4jt1\/2025\/11\/talking-bot-125x125.png","caption":"Telinha"},"sameAs":["https:\/\/portaltela.pt\/"],"url":"https:\/\/portaltela.pt\/por\/367410592786\/"}]}},"_links":{"self":[{"href":"https:\/\/portaltela.pt\/api\/wp\/v2\/posts\/423984","targetHints":{"allow":["GET"]}}],"collection":[{"href":"https:\/\/portaltela.pt\/api\/wp\/v2\/posts"}],"about":[{"href":"https:\/\/portaltela.pt\/api\/wp\/v2\/types\/post"}],"author":[{"embeddable":true,"href":"https:\/\/portaltela.pt\/api\/wp\/v2\/users\/2"}],"replies":[{"embeddable":true,"href":"https:\/\/portaltela.pt\/api\/wp\/v2\/comments?post=423984"}],"version-history":[{"count":0,"href":"https:\/\/portaltela.pt\/api\/wp\/v2\/posts\/423984\/revisions"}],"wp:featuredmedia":[{"embeddable":true,"href":"https:\/\/portaltela.pt\/api\/wp\/v2\/media\/423991"}],"wp:attachment":[{"href":"https:\/\/portaltela.pt\/api\/wp\/v2\/media?parent=423984"}],"wp:term":[{"taxonomy":"category","embeddable":true,"href":"https:\/\/portaltela.pt\/api\/wp\/v2\/categories?post=423984"},{"taxonomy":"post_tag","embeddable":true,"href":"https:\/\/portaltela.pt\/api\/wp\/v2\/tags?post=423984"}],"curies":[{"name":"wp","href":"https:\/\/api.w.org\/{rel}","templated":true}]}}