{"id":423981,"date":"2026-03-27T13:01:00","date_gmt":"2026-03-27T16:01:00","guid":{"rendered":"https:\/\/portaltela.pt\/noticias\/2026\/03\/27\/tres-meses-com-desporto-oasis-e-cinema-no-batalha\/"},"modified":"2026-03-27T13:01:00","modified_gmt":"2026-03-27T16:01:00","slug":"tres-meses-com-desporto-oasis-e-cinema-no-batalha","status":"publish","type":"post","link":"https:\/\/portaltela.pt\/noticias\/2026\/03\/27\/tres-meses-com-desporto-oasis-e-cinema-no-batalha\/","title":{"rendered":"Tr\u00eas meses com desporto, o\u00e1sis e cinema no Batalha"},"content":{"rendered":"<p>O Batalha Centro de Cinema, na cidade do Porto, revelou a programa\u00e7\u00e3o do segundo trimestre de 2026. O foco passa por ciclos tem\u00e1ticos, festivais, exposi\u00e7\u00f5es e sess\u00f5es ao ar livre, num cruzamento entre cinema, literatura e cinema documental.<\/p>\n<p>Entre as novidades est\u00e1 o ciclo dedicado a Paul Thomas Anderson, que ocupa abril a junho. A sele\u00e7\u00e3o inclui as obras do realizador vencedor de \u00d3scar, com exibi\u00e7\u00f5es em 35mm de algumas longas. A agenda arranca a 11 de Abril.<\/p>\n<p>Simultaneamente, celebra-se Marilyn Monroe no ciclo 100xMarilyn, com filmes cl\u00e1ssicos da estrela de Hollywood ao longo de maio e junho. A retrospectiva contempla t\u00edtulos ic\u00f3nicos e o centen\u00e1rio da sua estreia em grande sala.<\/p>\n<h3>Paul Thomas Anderson<\/h3>\n<p>O ciclo intitulado A Obsess\u00e3o Segundo Paul Thomas Anderson inicia a 11 de Abril, com Boogie Nights. Seguem-se Hard Eight, Magnolia, Punch-Drunk Love, Haver\u00e1 Sangue, The Master, V\u00edcio Intr\u00ednseco, Linha Fantasma, Licorice Pizza e Batalha Atr\u00e1s de Batalha.<\/p>\n<p>Boogie Nights, Hard Eight e Magnolia ser\u00e3o exibidos em c\u00f3pia de 35mm. A programa\u00e7\u00e3o inclui ainda sess\u00f5es especiais de 19 de Abril, 16 de Maio e 13 de Junho para completar a curadoria do cineasta.<\/p>\n<p>Al\u00e9m disso, o Batalha projeta Popeye, de Robert Altman, numa sess\u00e3o familiar a 2 de Maio. Anderson utilizou uma can\u00e7\u00e3o de Popeye em Embriagado de Amor, ligando os ciclos entre si.<\/p>\n<h3>Marilyn Monroe<\/h3>\n<p>O ciclo 100xMarilyn celebra o centen\u00e1rio da atriz com in\u00edcio a 21 de Maio. Abre com Os Homens Preferem as Louras (1953) e estende-se por junho com nove t\u00edtulos, incluindo A Culpa Foi do Macaco, Niagara e Quanto Mais Quente Melhor, entre outros.<\/p>\n<p>A sele\u00e7\u00e3o articula o legado da int\u00e9rprete com filmes de diferentes per\u00edodos, oferecendo uma vis\u00e3o ampla da sua carreira e impacto cultural. A curadoria mant\u00e9m o foco na eleg\u00e2ncia e na presen\u00e7a de Monroe.<\/p>\n<h3>Desporto, cinema e Iovel<\/h3>\n<p>Outro eixo relevante \u00e9 Hard, Fast and Beautiful: Desporto no Cinema, que ocorre entre maio e junho. O ciclo explora a rela\u00e7\u00e3o entre desporto e narrativa, com obras de refer\u00eancia e filmes de fic\u00e7\u00e3o e document\u00e1rio.<\/p>\n<p>O programa inclui ainda sess\u00f5es associadas ao Babell, o evento liter\u00e1rio organizado pela C\u00e2mara Municipal do Porto. Entre as escolhas, destacam-se adapta\u00e7\u00f5es de autores convidados para o cinema.<\/p>\n<h3>Cinema ao ar livre e rubricas<\/h3>\n<p>As sess\u00f5es O\u00e1sis, no espa\u00e7o da Pra\u00e7a da Batalha, prosseguem em julho com uma sele\u00e7\u00e3o que vai de Cabaret a Romeu e Julieta, passando por Casamento Escandalos e Atlantis. H\u00e1 rubricas regulares com foco em jovens criadores.<\/p>\n<p>A rubrica Luas Novas, a 16 de Maio, enfatiza Falc\u00e3o Nhaga e as suas curtas M\u00edstida e Sabura. Outras rubricas incluem X-Novo, Tesouros do Arquivo e Sele\u00e7\u00e3o Nacional, com cinema portugu\u00eas e cineastas emergentes.<\/p>\n<h3>Eventos e parcerias<\/h3>\n<p>Al\u00e9m do circuito principal, o Batalha recebe a Festa do Cinema Italiano (9 a 11 de Abril), o Porto Femme (21 a 26 de Abril), Beast (3 a 7 de Junho) e Arquitecturas (1 a 4 de Julho). Tamb\u00e9m h\u00e1 exposi\u00e7\u00e3o dedicada a No\u00e9mia Delgado at\u00e9 agosto.<\/p>\n","protected":false},"excerpt":{"rendered":"<ul>\n<li>O Batalha Centro de Cinema, no Porto, anunciou a programa\u00e7\u00e3o de abril a julho de 2026, incluindo ciclos tem\u00e1ticos, festivais e exposi\u00e7\u00f5es.<\/li>\n<li>Ciclo dedicado a Paul Thomas Anderson inicia a 11 de abril, com Boogie Nights, e percorre todas as suas longas, com c\u00f3pias em 35 mm de Boogie Nights, Hard Eight e Magnolia.<\/li>\n<li>Ciclo 100xMarilyn celebra Marilyn Monroe a partir de 21 de maio, com Os Homens Preferem as Louras e uma sele\u00e7\u00e3o de t\u00edtulos que se estende por junho.<\/li>\n<li>Hard, Fast and Beautiful: Desporto no Cinema estreia a 6 de maio, com abertura acompanhada de Phantoms of Nabua e Offside, entre outros t\u00edtulos.<\/li>\n<li>Sess\u00f5es ao ar livre O\u00e1sis decorrem em julho na Pra\u00e7a da Batalha, com uma programa\u00e7\u00e3o que vai de Cabaret a Romeu e Julieta, incluindo o circuito Luas Novas dedicado a Falc\u00e3o Nhaga, e liga\u00e7\u00e3o com o evento Babell.<\/li>\n<\/ul>\n","protected":false},"author":2,"featured_media":423992,"comment_status":"closed","ping_status":"closed","sticky":false,"template":"","format":"standard","meta":{"footnotes":""},"categories":[7375,1],"tags":[112,152,1397,107,3674,982],"class_list":["post-423981","post","type-post","status-publish","format-standard","has-post-thumbnail","hentry","category-cultura","category-noticias","tag-cinema","tag-desporto","tag-exposicoes","tag-festivais","tag-festival","tag-porto"],"yoast_head":"<!-- This site is optimized with the Yoast SEO plugin v27.2 - https:\/\/yoast.com\/product\/yoast-seo-wordpress\/ -->\n<title>Tr\u00eas meses com desporto, o\u00e1sis e cinema no Batalha - Portal Tela Portugal<\/title>\n<meta name=\"robots\" content=\"index, follow, max-snippet:-1, max-image-preview:large, max-video-preview:-1\" \/>\n<meta property=\"og:locale\" content=\"pt_PT\" \/>\n<meta property=\"og:type\" content=\"article\" \/>\n<meta property=\"og:title\" content=\"Tr\u00eas meses com desporto, o\u00e1sis e cinema no Batalha - Portal Tela Portugal\" \/>\n<meta property=\"og:description\" content=\"O Batalha Centro de Cinema, no Porto, anunciou a programa\u00e7\u00e3o de abril a julho de 2026, incluindo ciclos tem\u00e1ticos, festivais e exposi\u00e7\u00f5es. Ciclo dedicado a Paul Thomas Anderson inicia a 11 de abril, com Boogie Nights, e percorre todas as suas longas, com c\u00f3pias em 35 mm de Boogie Nights, Hard Eight e Magnolia. Ciclo 100xMarilyn celebra Marilyn Monroe a partir de 21 de maio, com Os Homens Preferem as Louras e uma sele\u00e7\u00e3o de t\u00edtulos que se estende por junho. Hard, Fast and Beautiful: Desporto no Cinema estreia a 6 de maio, com abertura acompanhada de Phantoms of Nabua e Offside, entre outros t\u00edtulos. Sess\u00f5es ao ar livre O\u00e1sis decorrem em julho na Pra\u00e7a da Batalha, com uma programa\u00e7\u00e3o que vai de Cabaret a Romeu e Julieta, incluindo o circuito Luas Novas dedicado a Falc\u00e3o Nhaga, e liga\u00e7\u00e3o com o evento Babell.\" \/>\n<meta property=\"og:url\" content=\"https:\/\/portaltela.pt\/noticias\/2026\/03\/27\/tres-meses-com-desporto-oasis-e-cinema-no-batalha\/\" \/>\n<meta property=\"og:site_name\" content=\"Portal Tela Portugal\" \/>\n<meta property=\"article:published_time\" content=\"2026-03-27T16:01:00+00:00\" \/>\n<meta name=\"author\" content=\"Telinha\" \/>\n<meta name=\"twitter:card\" content=\"summary_large_image\" \/>\n<meta name=\"twitter:label1\" content=\"Escrito por\" \/>\n\t<meta name=\"twitter:data1\" content=\"Telinha\" \/>\n\t<meta name=\"twitter:label2\" content=\"Tempo estimado de leitura\" \/>\n\t<meta name=\"twitter:data2\" content=\"3 minutos\" \/>\n<script type=\"application\/ld+json\" class=\"yoast-schema-graph\">{\"@context\":\"https:\/\/schema.org\",\"@graph\":[{\"@type\":\"Article\",\"@id\":\"https:\/\/portaltela.pt\/noticias\/2026\/03\/27\/tres-meses-com-desporto-oasis-e-cinema-no-batalha\/#article\",\"isPartOf\":{\"@id\":\"https:\/\/portaltela.pt\/noticias\/2026\/03\/27\/tres-meses-com-desporto-oasis-e-cinema-no-batalha\/\"},\"author\":{\"name\":\"Telinha\",\"@id\":\"https:\/\/portaltela.pt\/#\/schema\/person\/c4278d4a6028830caff9ee44b42d32ed\"},\"headline\":\"Tr\u00eas meses com desporto, o\u00e1sis e cinema no Batalha\",\"datePublished\":\"2026-03-27T16:01:00+00:00\",\"mainEntityOfPage\":{\"@id\":\"https:\/\/portaltela.pt\/noticias\/2026\/03\/27\/tres-meses-com-desporto-oasis-e-cinema-no-batalha\/\"},\"wordCount\":537,\"image\":{\"@id\":\"https:\/\/portaltela.pt\/noticias\/2026\/03\/27\/tres-meses-com-desporto-oasis-e-cinema-no-batalha\/#primaryimage\"},\"thumbnailUrl\":\"https:\/\/portaltela.pt\/s.01k8rhncp4jt1\/2026\/03\/2077421.jpg\",\"keywords\":[\"cinema\",\"desporto\",\"exposi\u00e7\u00f5es\",\"festivais\",\"festival\",\"Porto\"],\"articleSection\":[\"Cultura\",\"Not\u00edcias\"],\"inLanguage\":\"pt-PT\"},{\"@type\":\"WebPage\",\"@id\":\"https:\/\/portaltela.pt\/noticias\/2026\/03\/27\/tres-meses-com-desporto-oasis-e-cinema-no-batalha\/\",\"url\":\"https:\/\/portaltela.pt\/noticias\/2026\/03\/27\/tres-meses-com-desporto-oasis-e-cinema-no-batalha\/\",\"name\":\"Tr\u00eas meses com desporto, o\u00e1sis e cinema no Batalha - Portal Tela Portugal\",\"isPartOf\":{\"@id\":\"https:\/\/portaltela.pt\/#website\"},\"primaryImageOfPage\":{\"@id\":\"https:\/\/portaltela.pt\/noticias\/2026\/03\/27\/tres-meses-com-desporto-oasis-e-cinema-no-batalha\/#primaryimage\"},\"image\":{\"@id\":\"https:\/\/portaltela.pt\/noticias\/2026\/03\/27\/tres-meses-com-desporto-oasis-e-cinema-no-batalha\/#primaryimage\"},\"thumbnailUrl\":\"https:\/\/portaltela.pt\/s.01k8rhncp4jt1\/2026\/03\/2077421.jpg\",\"datePublished\":\"2026-03-27T16:01:00+00:00\",\"author\":{\"@id\":\"https:\/\/portaltela.pt\/#\/schema\/person\/c4278d4a6028830caff9ee44b42d32ed\"},\"breadcrumb\":{\"@id\":\"https:\/\/portaltela.pt\/noticias\/2026\/03\/27\/tres-meses-com-desporto-oasis-e-cinema-no-batalha\/#breadcrumb\"},\"inLanguage\":\"pt-PT\",\"potentialAction\":[{\"@type\":\"ReadAction\",\"target\":[\"https:\/\/portaltela.pt\/noticias\/2026\/03\/27\/tres-meses-com-desporto-oasis-e-cinema-no-batalha\/\"]}]},{\"@type\":\"ImageObject\",\"inLanguage\":\"pt-PT\",\"@id\":\"https:\/\/portaltela.pt\/noticias\/2026\/03\/27\/tres-meses-com-desporto-oasis-e-cinema-no-batalha\/#primaryimage\",\"url\":\"https:\/\/portaltela.pt\/s.01k8rhncp4jt1\/2026\/03\/2077421.jpg\",\"contentUrl\":\"https:\/\/portaltela.pt\/s.01k8rhncp4jt1\/2026\/03\/2077421.jpg\",\"width\":796,\"height\":448,\"caption\":\"A 16 de Maio, o programa dedicado a jovens cineastas debru\u00e7a-se sobre o luso-africano Falc\u00e3o Nhaga (na fotografia, a curta Sabura)\"},{\"@type\":\"BreadcrumbList\",\"@id\":\"https:\/\/portaltela.pt\/noticias\/2026\/03\/27\/tres-meses-com-desporto-oasis-e-cinema-no-batalha\/#breadcrumb\",\"itemListElement\":[{\"@type\":\"ListItem\",\"position\":1,\"name\":\"In\u00edcio\",\"item\":\"https:\/\/portaltela.pt\/\"},{\"@type\":\"ListItem\",\"position\":2,\"name\":\"Tr\u00eas meses com desporto, o\u00e1sis e cinema no Batalha\"}]},{\"@type\":\"WebSite\",\"@id\":\"https:\/\/portaltela.pt\/#website\",\"url\":\"https:\/\/portaltela.pt\/\",\"name\":\"Portal Tela Portugal\",\"description\":\"\",\"potentialAction\":[{\"@type\":\"SearchAction\",\"target\":{\"@type\":\"EntryPoint\",\"urlTemplate\":\"https:\/\/portaltela.pt\/?s={search_term_string}\"},\"query-input\":{\"@type\":\"PropertyValueSpecification\",\"valueRequired\":true,\"valueName\":\"search_term_string\"}}],\"inLanguage\":\"pt-PT\"},{\"@type\":\"Person\",\"@id\":\"https:\/\/portaltela.pt\/#\/schema\/person\/c4278d4a6028830caff9ee44b42d32ed\",\"name\":\"Telinha\",\"image\":{\"@type\":\"ImageObject\",\"inLanguage\":\"pt-PT\",\"@id\":\"https:\/\/portaltela.pt\/s.01k8rhncp4jt1\/2025\/11\/talking-bot-125x125.png\",\"url\":\"https:\/\/portaltela.pt\/s.01k8rhncp4jt1\/2025\/11\/talking-bot-125x125.png\",\"contentUrl\":\"https:\/\/portaltela.pt\/s.01k8rhncp4jt1\/2025\/11\/talking-bot-125x125.png\",\"caption\":\"Telinha\"},\"sameAs\":[\"https:\/\/portaltela.pt\/\"],\"url\":\"https:\/\/portaltela.pt\/por\/367410592786\/\"}]}<\/script>\n<!-- \/ Yoast SEO plugin. -->","yoast_head_json":{"title":"Tr\u00eas meses com desporto, o\u00e1sis e cinema no Batalha - Portal Tela Portugal","robots":{"index":"index","follow":"follow","max-snippet":"max-snippet:-1","max-image-preview":"max-image-preview:large","max-video-preview":"max-video-preview:-1"},"og_locale":"pt_PT","og_type":"article","og_title":"Tr\u00eas meses com desporto, o\u00e1sis e cinema no Batalha - Portal Tela Portugal","og_description":"O Batalha Centro de Cinema, no Porto, anunciou a programa\u00e7\u00e3o de abril a julho de 2026, incluindo ciclos tem\u00e1ticos, festivais e exposi\u00e7\u00f5es. Ciclo dedicado a Paul Thomas Anderson inicia a 11 de abril, com Boogie Nights, e percorre todas as suas longas, com c\u00f3pias em 35 mm de Boogie Nights, Hard Eight e Magnolia. Ciclo 100xMarilyn celebra Marilyn Monroe a partir de 21 de maio, com Os Homens Preferem as Louras e uma sele\u00e7\u00e3o de t\u00edtulos que se estende por junho. Hard, Fast and Beautiful: Desporto no Cinema estreia a 6 de maio, com abertura acompanhada de Phantoms of Nabua e Offside, entre outros t\u00edtulos. Sess\u00f5es ao ar livre O\u00e1sis decorrem em julho na Pra\u00e7a da Batalha, com uma programa\u00e7\u00e3o que vai de Cabaret a Romeu e Julieta, incluindo o circuito Luas Novas dedicado a Falc\u00e3o Nhaga, e liga\u00e7\u00e3o com o evento Babell.","og_url":"https:\/\/portaltela.pt\/noticias\/2026\/03\/27\/tres-meses-com-desporto-oasis-e-cinema-no-batalha\/","og_site_name":"Portal Tela Portugal","article_published_time":"2026-03-27T16:01:00+00:00","author":"Telinha","twitter_card":"summary_large_image","twitter_misc":{"Escrito por":"Telinha","Tempo estimado de leitura":"3 minutos"},"schema":{"@context":"https:\/\/schema.org","@graph":[{"@type":"Article","@id":"https:\/\/portaltela.pt\/noticias\/2026\/03\/27\/tres-meses-com-desporto-oasis-e-cinema-no-batalha\/#article","isPartOf":{"@id":"https:\/\/portaltela.pt\/noticias\/2026\/03\/27\/tres-meses-com-desporto-oasis-e-cinema-no-batalha\/"},"author":{"name":"Telinha","@id":"https:\/\/portaltela.pt\/#\/schema\/person\/c4278d4a6028830caff9ee44b42d32ed"},"headline":"Tr\u00eas meses com desporto, o\u00e1sis e cinema no Batalha","datePublished":"2026-03-27T16:01:00+00:00","mainEntityOfPage":{"@id":"https:\/\/portaltela.pt\/noticias\/2026\/03\/27\/tres-meses-com-desporto-oasis-e-cinema-no-batalha\/"},"wordCount":537,"image":{"@id":"https:\/\/portaltela.pt\/noticias\/2026\/03\/27\/tres-meses-com-desporto-oasis-e-cinema-no-batalha\/#primaryimage"},"thumbnailUrl":"https:\/\/portaltela.pt\/s.01k8rhncp4jt1\/2026\/03\/2077421.jpg","keywords":["cinema","desporto","exposi\u00e7\u00f5es","festivais","festival","Porto"],"articleSection":["Cultura","Not\u00edcias"],"inLanguage":"pt-PT"},{"@type":"WebPage","@id":"https:\/\/portaltela.pt\/noticias\/2026\/03\/27\/tres-meses-com-desporto-oasis-e-cinema-no-batalha\/","url":"https:\/\/portaltela.pt\/noticias\/2026\/03\/27\/tres-meses-com-desporto-oasis-e-cinema-no-batalha\/","name":"Tr\u00eas meses com desporto, o\u00e1sis e cinema no Batalha - Portal Tela Portugal","isPartOf":{"@id":"https:\/\/portaltela.pt\/#website"},"primaryImageOfPage":{"@id":"https:\/\/portaltela.pt\/noticias\/2026\/03\/27\/tres-meses-com-desporto-oasis-e-cinema-no-batalha\/#primaryimage"},"image":{"@id":"https:\/\/portaltela.pt\/noticias\/2026\/03\/27\/tres-meses-com-desporto-oasis-e-cinema-no-batalha\/#primaryimage"},"thumbnailUrl":"https:\/\/portaltela.pt\/s.01k8rhncp4jt1\/2026\/03\/2077421.jpg","datePublished":"2026-03-27T16:01:00+00:00","author":{"@id":"https:\/\/portaltela.pt\/#\/schema\/person\/c4278d4a6028830caff9ee44b42d32ed"},"breadcrumb":{"@id":"https:\/\/portaltela.pt\/noticias\/2026\/03\/27\/tres-meses-com-desporto-oasis-e-cinema-no-batalha\/#breadcrumb"},"inLanguage":"pt-PT","potentialAction":[{"@type":"ReadAction","target":["https:\/\/portaltela.pt\/noticias\/2026\/03\/27\/tres-meses-com-desporto-oasis-e-cinema-no-batalha\/"]}]},{"@type":"ImageObject","inLanguage":"pt-PT","@id":"https:\/\/portaltela.pt\/noticias\/2026\/03\/27\/tres-meses-com-desporto-oasis-e-cinema-no-batalha\/#primaryimage","url":"https:\/\/portaltela.pt\/s.01k8rhncp4jt1\/2026\/03\/2077421.jpg","contentUrl":"https:\/\/portaltela.pt\/s.01k8rhncp4jt1\/2026\/03\/2077421.jpg","width":796,"height":448,"caption":"A 16 de Maio, o programa dedicado a jovens cineastas debru\u00e7a-se sobre o luso-africano Falc\u00e3o Nhaga (na fotografia, a curta Sabura)"},{"@type":"BreadcrumbList","@id":"https:\/\/portaltela.pt\/noticias\/2026\/03\/27\/tres-meses-com-desporto-oasis-e-cinema-no-batalha\/#breadcrumb","itemListElement":[{"@type":"ListItem","position":1,"name":"In\u00edcio","item":"https:\/\/portaltela.pt\/"},{"@type":"ListItem","position":2,"name":"Tr\u00eas meses com desporto, o\u00e1sis e cinema no Batalha"}]},{"@type":"WebSite","@id":"https:\/\/portaltela.pt\/#website","url":"https:\/\/portaltela.pt\/","name":"Portal Tela Portugal","description":"","potentialAction":[{"@type":"SearchAction","target":{"@type":"EntryPoint","urlTemplate":"https:\/\/portaltela.pt\/?s={search_term_string}"},"query-input":{"@type":"PropertyValueSpecification","valueRequired":true,"valueName":"search_term_string"}}],"inLanguage":"pt-PT"},{"@type":"Person","@id":"https:\/\/portaltela.pt\/#\/schema\/person\/c4278d4a6028830caff9ee44b42d32ed","name":"Telinha","image":{"@type":"ImageObject","inLanguage":"pt-PT","@id":"https:\/\/portaltela.pt\/s.01k8rhncp4jt1\/2025\/11\/talking-bot-125x125.png","url":"https:\/\/portaltela.pt\/s.01k8rhncp4jt1\/2025\/11\/talking-bot-125x125.png","contentUrl":"https:\/\/portaltela.pt\/s.01k8rhncp4jt1\/2025\/11\/talking-bot-125x125.png","caption":"Telinha"},"sameAs":["https:\/\/portaltela.pt\/"],"url":"https:\/\/portaltela.pt\/por\/367410592786\/"}]}},"_links":{"self":[{"href":"https:\/\/portaltela.pt\/api\/wp\/v2\/posts\/423981","targetHints":{"allow":["GET"]}}],"collection":[{"href":"https:\/\/portaltela.pt\/api\/wp\/v2\/posts"}],"about":[{"href":"https:\/\/portaltela.pt\/api\/wp\/v2\/types\/post"}],"author":[{"embeddable":true,"href":"https:\/\/portaltela.pt\/api\/wp\/v2\/users\/2"}],"replies":[{"embeddable":true,"href":"https:\/\/portaltela.pt\/api\/wp\/v2\/comments?post=423981"}],"version-history":[{"count":0,"href":"https:\/\/portaltela.pt\/api\/wp\/v2\/posts\/423981\/revisions"}],"wp:featuredmedia":[{"embeddable":true,"href":"https:\/\/portaltela.pt\/api\/wp\/v2\/media\/423992"}],"wp:attachment":[{"href":"https:\/\/portaltela.pt\/api\/wp\/v2\/media?parent=423981"}],"wp:term":[{"taxonomy":"category","embeddable":true,"href":"https:\/\/portaltela.pt\/api\/wp\/v2\/categories?post=423981"},{"taxonomy":"post_tag","embeddable":true,"href":"https:\/\/portaltela.pt\/api\/wp\/v2\/tags?post=423981"}],"curies":[{"name":"wp","href":"https:\/\/api.w.org\/{rel}","templated":true}]}}