{"id":423979,"date":"2026-03-27T13:24:00","date_gmt":"2026-03-27T16:24:00","guid":{"rendered":"https:\/\/portaltela.pt\/noticias\/2026\/03\/27\/seguro-promulga-regime-juridico-do-tempo-de-trabalho-no-transporte-rodoviario-2\/"},"modified":"2026-03-27T13:24:00","modified_gmt":"2026-03-27T16:24:00","slug":"seguro-promulga-regime-juridico-do-tempo-de-trabalho-no-transporte-rodoviario-2","status":"publish","type":"post","link":"https:\/\/portaltela.pt\/noticias\/2026\/03\/27\/seguro-promulga-regime-juridico-do-tempo-de-trabalho-no-transporte-rodoviario-2\/","title":{"rendered":"Seguro promulga regime jur\u00eddico do tempo de trabalho no transporte rodovi\u00e1rio"},"content":{"rendered":"<p>O Presidente da Rep\u00fablica, Ant\u00f3nio Jos\u00e9 Seguro, promulgou um diploma do Governo que aprova um regime jur\u00eddico para a organiza\u00e7\u00e3o do tempo de trabalho dos trabalhadores m\u00f3veis em transporte rodovi\u00e1rio. O diploma transp\u00f5e diretivas da Uni\u00e3o Europeia para a ordem jur\u00eddica interna.<\/p>\n<p>Foi apresentado pelo Governo em julho do ano passado, com autoriza\u00e7\u00e3o parlamentar para estabelecer regras sobre tempo de condu\u00e7\u00e3o, pausas e repousos di\u00e1rios e semanais, aplic\u00e1veis a trabalhadores dependentes e independentes. A inten\u00e7\u00e3o \u00e9 clarificar conceitos e adaptar a legisla\u00e7\u00e3o nacional.<\/p>\n<p>O regime define conceitos como tempo de trabalho e tempo de disponibilidade, que n\u00e3o conta como tempo de trabalho, e fixa limites da semana de trabalho, incluindo supress\u00f5es, com um m\u00e1ximo de 60 horas semanais e 48 horas em m\u00e9dia num per\u00edodo de quatro meses.<\/p>\n<h3>Objetivos e tac\u00f3grafo<\/h3>\n<p>O decreto-lei refor\u00e7a a atualiza\u00e7\u00e3o do tac\u00f3grafo, adaptando-o a tecnologias modernas e a dispositivos inteligentes. Inclui altera\u00e7\u00f5es no funcionamento e na utiliza\u00e7\u00e3o do equipamento para monitorizar condu\u00e7\u00e3o, pausas e descanso.<\/p>\n<p>A altera\u00e7\u00e3o do quadro de contraordena\u00e7\u00f5es acompanha a legisla\u00e7\u00e3o comunit\u00e1ria, com novas regras de gravidade m\u00e1xima para v\u00e1rias infra\u00e7\u00f5es. A falta de tac\u00f3grafo passa a ser contraordena\u00e7\u00e3o de m\u00e1xima gravidade.<\/p>\n<h3>Fiscaliza\u00e7\u00e3o e san\u00e7\u00f5es<\/h3>\n<p>As multas por contraordena\u00e7\u00f5es variam entre 1.500 e 4.500 euros para pessoas singularizadas e entre 1.500 e 7.500 euros para empresas. A fiscaliza\u00e7\u00e3o passar\u00e1 a intensificar-se com controlos concertados.<\/p>\n<p>O Governo tamb\u00e9m sinaliza maior fiscaliza\u00e7\u00e3o tanto na estrada como nas empresas, com objetivo de combater trabalho n\u00e3o declarado e fraude. O regime prev\u00ea classifica\u00e7\u00e3o de risco para as empresas no registo eletr\u00f3nico.<\/p>\n<h3>Implementa\u00e7\u00e3o e controlo<\/h3>\n<p>O regulamento elimina a obrigatoriedade de publica\u00e7\u00e3o de portaria para classifica\u00e7\u00e3o de riscos. Empresas de maior risco entram numa monitoriza\u00e7\u00e3o mais rigorosa e frequente. A avalia\u00e7\u00e3o baseia-se no hist\u00f3rico de infra\u00e7\u00f5es \u00e0 legisla\u00e7\u00e3o comunit\u00e1ria.<\/p>\n","protected":false},"excerpt":{"rendered":"<ul>\n<li>O Presidente da Rep\u00fablica, Ant\u00f3nio Jos\u00e9 Seguro, promulgou o diploma do Governo que aprova um regime jur\u00eddico sobre o tempo de trabalho dos trabalhadores m\u00f3veis em atividades de transporte rodovi\u00e1rio, transpondo v\u00e1rias diretivas comunit\u00e1rias.<\/li>\n<li>O regime define conceitos como tempo de trabalho e tempo de disponibilidade, fixa a dura\u00e7\u00e3o do trabalho e estabelece limites: semana n\u00e3o pode exceder sessenta horas e m\u00e9dia de quarenta e oito horas em quatro meses.<\/li>\n<li>Atualiza regras sobre tac\u00f3grafo, fiscaliza\u00e7\u00e3o e contraordena\u00e7\u00f5es, incluindo a cria\u00e7\u00e3o de uma contraordena\u00e7\u00e3o de m\u00e1xima gravidade e altera\u00e7\u00f5es no quadro sancionat\u00f3rio para cumprir a legisla\u00e7\u00e3o europeia.<\/li>\n<li>A falta de tac\u00f3grafo, quando obrigat\u00f3rio, passa a ser contraordena\u00e7\u00e3o de m\u00e1xima gravidade; as multas ficam entre 1.500 euros e 4.500 euros para pessoas singular e at\u00e9 7.500 euros para empresas.<\/li>\n<li>O Governo afirma que as mudan\u00e7as visam maior fiscaliza\u00e7\u00e3o, combate ao trabalho n\u00e3o declarado e fraude, com classifica\u00e7\u00e3o de risco das empresas no registo eletr\u00f3nico para controlo mais eficaz.<\/li>\n<\/ul>\n","protected":false},"author":2,"featured_media":423983,"comment_status":"closed","ping_status":"closed","sticky":false,"template":"","format":"standard","meta":{"footnotes":""},"categories":[6815,1],"tags":[695,5539,5189,2201,4988,2055],"class_list":["post-423979","post","type-post","status-publish","format-standard","has-post-thumbnail","hentry","category-justica","category-noticias","tag-fiscalizacao","tag-lei","tag-tacografos","tag-trabalho","tag-transporte-rodoviarios","tag-uniao-europeia"],"yoast_head":"<!-- This site is optimized with the Yoast SEO plugin v27.2 - https:\/\/yoast.com\/product\/yoast-seo-wordpress\/ -->\n<title>Seguro promulga regime jur\u00eddico do tempo de trabalho no transporte rodovi\u00e1rio - Portal Tela Portugal<\/title>\n<meta name=\"robots\" content=\"index, follow, max-snippet:-1, max-image-preview:large, max-video-preview:-1\" \/>\n<meta property=\"og:locale\" content=\"pt_PT\" \/>\n<meta property=\"og:type\" content=\"article\" \/>\n<meta property=\"og:title\" content=\"Seguro promulga regime jur\u00eddico do tempo de trabalho no transporte rodovi\u00e1rio - Portal Tela Portugal\" \/>\n<meta property=\"og:description\" content=\"O Presidente da Rep\u00fablica, Ant\u00f3nio Jos\u00e9 Seguro, promulgou o diploma do Governo que aprova um regime jur\u00eddico sobre o tempo de trabalho dos trabalhadores m\u00f3veis em atividades de transporte rodovi\u00e1rio, transpondo v\u00e1rias diretivas comunit\u00e1rias. O regime define conceitos como tempo de trabalho e tempo de disponibilidade, fixa a dura\u00e7\u00e3o do trabalho e estabelece limites: semana n\u00e3o pode exceder sessenta horas e m\u00e9dia de quarenta e oito horas em quatro meses. Atualiza regras sobre tac\u00f3grafo, fiscaliza\u00e7\u00e3o e contraordena\u00e7\u00f5es, incluindo a cria\u00e7\u00e3o de uma contraordena\u00e7\u00e3o de m\u00e1xima gravidade e altera\u00e7\u00f5es no quadro sancionat\u00f3rio para cumprir a legisla\u00e7\u00e3o europeia. A falta de tac\u00f3grafo, quando obrigat\u00f3rio, passa a ser contraordena\u00e7\u00e3o de m\u00e1xima gravidade; as multas ficam entre 1.500 euros e 4.500 euros para pessoas singular e at\u00e9 7.500 euros para empresas. O Governo afirma que as mudan\u00e7as visam maior fiscaliza\u00e7\u00e3o, combate ao trabalho n\u00e3o declarado e fraude, com classifica\u00e7\u00e3o de risco das empresas no registo eletr\u00f3nico para controlo mais eficaz.\" \/>\n<meta property=\"og:url\" content=\"https:\/\/portaltela.pt\/noticias\/2026\/03\/27\/seguro-promulga-regime-juridico-do-tempo-de-trabalho-no-transporte-rodoviario-2\/\" \/>\n<meta property=\"og:site_name\" content=\"Portal Tela Portugal\" \/>\n<meta property=\"article:published_time\" content=\"2026-03-27T16:24:00+00:00\" \/>\n<meta name=\"author\" content=\"Telinha\" \/>\n<meta name=\"twitter:card\" content=\"summary_large_image\" \/>\n<meta name=\"twitter:label1\" content=\"Escrito por\" \/>\n\t<meta name=\"twitter:data1\" content=\"Telinha\" \/>\n\t<meta name=\"twitter:label2\" content=\"Tempo estimado de leitura\" \/>\n\t<meta name=\"twitter:data2\" content=\"2 minutos\" \/>\n<script type=\"application\/ld+json\" class=\"yoast-schema-graph\">{\"@context\":\"https:\/\/schema.org\",\"@graph\":[{\"@type\":\"Article\",\"@id\":\"https:\/\/portaltela.pt\/noticias\/2026\/03\/27\/seguro-promulga-regime-juridico-do-tempo-de-trabalho-no-transporte-rodoviario-2\/#article\",\"isPartOf\":{\"@id\":\"https:\/\/portaltela.pt\/noticias\/2026\/03\/27\/seguro-promulga-regime-juridico-do-tempo-de-trabalho-no-transporte-rodoviario-2\/\"},\"author\":{\"name\":\"Telinha\",\"@id\":\"https:\/\/portaltela.pt\/#\/schema\/person\/c4278d4a6028830caff9ee44b42d32ed\"},\"headline\":\"Seguro promulga regime jur\u00eddico do tempo de trabalho no transporte rodovi\u00e1rio\",\"datePublished\":\"2026-03-27T16:24:00+00:00\",\"mainEntityOfPage\":{\"@id\":\"https:\/\/portaltela.pt\/noticias\/2026\/03\/27\/seguro-promulga-regime-juridico-do-tempo-de-trabalho-no-transporte-rodoviario-2\/\"},\"wordCount\":353,\"image\":{\"@id\":\"https:\/\/portaltela.pt\/noticias\/2026\/03\/27\/seguro-promulga-regime-juridico-do-tempo-de-trabalho-no-transporte-rodoviario-2\/#primaryimage\"},\"thumbnailUrl\":\"https:\/\/portaltela.pt\/s.01k8rhncp4jt1\/2026\/03\/img_1500x1000uu2026-03-11-20-18-53-2271819.jpg\",\"keywords\":[\"fiscaliza\u00e7\u00e3o\",\"lei\",\"tac\u00f3grafos\",\"trabalho\",\"Transporte Rodovi\u00e1rios\",\"Uni\u00e3o Europeia\"],\"articleSection\":[\"Justi\u00e7a\",\"Not\u00edcias\"],\"inLanguage\":\"pt-PT\"},{\"@type\":\"WebPage\",\"@id\":\"https:\/\/portaltela.pt\/noticias\/2026\/03\/27\/seguro-promulga-regime-juridico-do-tempo-de-trabalho-no-transporte-rodoviario-2\/\",\"url\":\"https:\/\/portaltela.pt\/noticias\/2026\/03\/27\/seguro-promulga-regime-juridico-do-tempo-de-trabalho-no-transporte-rodoviario-2\/\",\"name\":\"Seguro promulga regime jur\u00eddico do tempo de trabalho no transporte rodovi\u00e1rio - Portal Tela Portugal\",\"isPartOf\":{\"@id\":\"https:\/\/portaltela.pt\/#website\"},\"primaryImageOfPage\":{\"@id\":\"https:\/\/portaltela.pt\/noticias\/2026\/03\/27\/seguro-promulga-regime-juridico-do-tempo-de-trabalho-no-transporte-rodoviario-2\/#primaryimage\"},\"image\":{\"@id\":\"https:\/\/portaltela.pt\/noticias\/2026\/03\/27\/seguro-promulga-regime-juridico-do-tempo-de-trabalho-no-transporte-rodoviario-2\/#primaryimage\"},\"thumbnailUrl\":\"https:\/\/portaltela.pt\/s.01k8rhncp4jt1\/2026\/03\/img_1500x1000uu2026-03-11-20-18-53-2271819.jpg\",\"datePublished\":\"2026-03-27T16:24:00+00:00\",\"author\":{\"@id\":\"https:\/\/portaltela.pt\/#\/schema\/person\/c4278d4a6028830caff9ee44b42d32ed\"},\"breadcrumb\":{\"@id\":\"https:\/\/portaltela.pt\/noticias\/2026\/03\/27\/seguro-promulga-regime-juridico-do-tempo-de-trabalho-no-transporte-rodoviario-2\/#breadcrumb\"},\"inLanguage\":\"pt-PT\",\"potentialAction\":[{\"@type\":\"ReadAction\",\"target\":[\"https:\/\/portaltela.pt\/noticias\/2026\/03\/27\/seguro-promulga-regime-juridico-do-tempo-de-trabalho-no-transporte-rodoviario-2\/\"]}]},{\"@type\":\"ImageObject\",\"inLanguage\":\"pt-PT\",\"@id\":\"https:\/\/portaltela.pt\/noticias\/2026\/03\/27\/seguro-promulga-regime-juridico-do-tempo-de-trabalho-no-transporte-rodoviario-2\/#primaryimage\",\"url\":\"https:\/\/portaltela.pt\/s.01k8rhncp4jt1\/2026\/03\/img_1500x1000uu2026-03-11-20-18-53-2271819.jpg\",\"contentUrl\":\"https:\/\/portaltela.pt\/s.01k8rhncp4jt1\/2026\/03\/img_1500x1000uu2026-03-11-20-18-53-2271819.jpg\",\"width\":796,\"height\":448,\"caption\":\"Seguro promulga regime jur\u00eddico de tempo de trabalho no transporte rodovi\u00e1rio\"},{\"@type\":\"BreadcrumbList\",\"@id\":\"https:\/\/portaltela.pt\/noticias\/2026\/03\/27\/seguro-promulga-regime-juridico-do-tempo-de-trabalho-no-transporte-rodoviario-2\/#breadcrumb\",\"itemListElement\":[{\"@type\":\"ListItem\",\"position\":1,\"name\":\"In\u00edcio\",\"item\":\"https:\/\/portaltela.pt\/\"},{\"@type\":\"ListItem\",\"position\":2,\"name\":\"Seguro promulga regime jur\u00eddico do tempo de trabalho no transporte rodovi\u00e1rio\"}]},{\"@type\":\"WebSite\",\"@id\":\"https:\/\/portaltela.pt\/#website\",\"url\":\"https:\/\/portaltela.pt\/\",\"name\":\"Portal Tela Portugal\",\"description\":\"\",\"potentialAction\":[{\"@type\":\"SearchAction\",\"target\":{\"@type\":\"EntryPoint\",\"urlTemplate\":\"https:\/\/portaltela.pt\/?s={search_term_string}\"},\"query-input\":{\"@type\":\"PropertyValueSpecification\",\"valueRequired\":true,\"valueName\":\"search_term_string\"}}],\"inLanguage\":\"pt-PT\"},{\"@type\":\"Person\",\"@id\":\"https:\/\/portaltela.pt\/#\/schema\/person\/c4278d4a6028830caff9ee44b42d32ed\",\"name\":\"Telinha\",\"image\":{\"@type\":\"ImageObject\",\"inLanguage\":\"pt-PT\",\"@id\":\"https:\/\/portaltela.pt\/s.01k8rhncp4jt1\/2025\/11\/talking-bot-125x125.png\",\"url\":\"https:\/\/portaltela.pt\/s.01k8rhncp4jt1\/2025\/11\/talking-bot-125x125.png\",\"contentUrl\":\"https:\/\/portaltela.pt\/s.01k8rhncp4jt1\/2025\/11\/talking-bot-125x125.png\",\"caption\":\"Telinha\"},\"sameAs\":[\"https:\/\/portaltela.pt\/\"],\"url\":\"https:\/\/portaltela.pt\/por\/367410592786\/\"}]}<\/script>\n<!-- \/ Yoast SEO plugin. -->","yoast_head_json":{"title":"Seguro promulga regime jur\u00eddico do tempo de trabalho no transporte rodovi\u00e1rio - Portal Tela Portugal","robots":{"index":"index","follow":"follow","max-snippet":"max-snippet:-1","max-image-preview":"max-image-preview:large","max-video-preview":"max-video-preview:-1"},"og_locale":"pt_PT","og_type":"article","og_title":"Seguro promulga regime jur\u00eddico do tempo de trabalho no transporte rodovi\u00e1rio - Portal Tela Portugal","og_description":"O Presidente da Rep\u00fablica, Ant\u00f3nio Jos\u00e9 Seguro, promulgou o diploma do Governo que aprova um regime jur\u00eddico sobre o tempo de trabalho dos trabalhadores m\u00f3veis em atividades de transporte rodovi\u00e1rio, transpondo v\u00e1rias diretivas comunit\u00e1rias. O regime define conceitos como tempo de trabalho e tempo de disponibilidade, fixa a dura\u00e7\u00e3o do trabalho e estabelece limites: semana n\u00e3o pode exceder sessenta horas e m\u00e9dia de quarenta e oito horas em quatro meses. Atualiza regras sobre tac\u00f3grafo, fiscaliza\u00e7\u00e3o e contraordena\u00e7\u00f5es, incluindo a cria\u00e7\u00e3o de uma contraordena\u00e7\u00e3o de m\u00e1xima gravidade e altera\u00e7\u00f5es no quadro sancionat\u00f3rio para cumprir a legisla\u00e7\u00e3o europeia. A falta de tac\u00f3grafo, quando obrigat\u00f3rio, passa a ser contraordena\u00e7\u00e3o de m\u00e1xima gravidade; as multas ficam entre 1.500 euros e 4.500 euros para pessoas singular e at\u00e9 7.500 euros para empresas. O Governo afirma que as mudan\u00e7as visam maior fiscaliza\u00e7\u00e3o, combate ao trabalho n\u00e3o declarado e fraude, com classifica\u00e7\u00e3o de risco das empresas no registo eletr\u00f3nico para controlo mais eficaz.","og_url":"https:\/\/portaltela.pt\/noticias\/2026\/03\/27\/seguro-promulga-regime-juridico-do-tempo-de-trabalho-no-transporte-rodoviario-2\/","og_site_name":"Portal Tela Portugal","article_published_time":"2026-03-27T16:24:00+00:00","author":"Telinha","twitter_card":"summary_large_image","twitter_misc":{"Escrito por":"Telinha","Tempo estimado de leitura":"2 minutos"},"schema":{"@context":"https:\/\/schema.org","@graph":[{"@type":"Article","@id":"https:\/\/portaltela.pt\/noticias\/2026\/03\/27\/seguro-promulga-regime-juridico-do-tempo-de-trabalho-no-transporte-rodoviario-2\/#article","isPartOf":{"@id":"https:\/\/portaltela.pt\/noticias\/2026\/03\/27\/seguro-promulga-regime-juridico-do-tempo-de-trabalho-no-transporte-rodoviario-2\/"},"author":{"name":"Telinha","@id":"https:\/\/portaltela.pt\/#\/schema\/person\/c4278d4a6028830caff9ee44b42d32ed"},"headline":"Seguro promulga regime jur\u00eddico do tempo de trabalho no transporte rodovi\u00e1rio","datePublished":"2026-03-27T16:24:00+00:00","mainEntityOfPage":{"@id":"https:\/\/portaltela.pt\/noticias\/2026\/03\/27\/seguro-promulga-regime-juridico-do-tempo-de-trabalho-no-transporte-rodoviario-2\/"},"wordCount":353,"image":{"@id":"https:\/\/portaltela.pt\/noticias\/2026\/03\/27\/seguro-promulga-regime-juridico-do-tempo-de-trabalho-no-transporte-rodoviario-2\/#primaryimage"},"thumbnailUrl":"https:\/\/portaltela.pt\/s.01k8rhncp4jt1\/2026\/03\/img_1500x1000uu2026-03-11-20-18-53-2271819.jpg","keywords":["fiscaliza\u00e7\u00e3o","lei","tac\u00f3grafos","trabalho","Transporte Rodovi\u00e1rios","Uni\u00e3o Europeia"],"articleSection":["Justi\u00e7a","Not\u00edcias"],"inLanguage":"pt-PT"},{"@type":"WebPage","@id":"https:\/\/portaltela.pt\/noticias\/2026\/03\/27\/seguro-promulga-regime-juridico-do-tempo-de-trabalho-no-transporte-rodoviario-2\/","url":"https:\/\/portaltela.pt\/noticias\/2026\/03\/27\/seguro-promulga-regime-juridico-do-tempo-de-trabalho-no-transporte-rodoviario-2\/","name":"Seguro promulga regime jur\u00eddico do tempo de trabalho no transporte rodovi\u00e1rio - Portal Tela Portugal","isPartOf":{"@id":"https:\/\/portaltela.pt\/#website"},"primaryImageOfPage":{"@id":"https:\/\/portaltela.pt\/noticias\/2026\/03\/27\/seguro-promulga-regime-juridico-do-tempo-de-trabalho-no-transporte-rodoviario-2\/#primaryimage"},"image":{"@id":"https:\/\/portaltela.pt\/noticias\/2026\/03\/27\/seguro-promulga-regime-juridico-do-tempo-de-trabalho-no-transporte-rodoviario-2\/#primaryimage"},"thumbnailUrl":"https:\/\/portaltela.pt\/s.01k8rhncp4jt1\/2026\/03\/img_1500x1000uu2026-03-11-20-18-53-2271819.jpg","datePublished":"2026-03-27T16:24:00+00:00","author":{"@id":"https:\/\/portaltela.pt\/#\/schema\/person\/c4278d4a6028830caff9ee44b42d32ed"},"breadcrumb":{"@id":"https:\/\/portaltela.pt\/noticias\/2026\/03\/27\/seguro-promulga-regime-juridico-do-tempo-de-trabalho-no-transporte-rodoviario-2\/#breadcrumb"},"inLanguage":"pt-PT","potentialAction":[{"@type":"ReadAction","target":["https:\/\/portaltela.pt\/noticias\/2026\/03\/27\/seguro-promulga-regime-juridico-do-tempo-de-trabalho-no-transporte-rodoviario-2\/"]}]},{"@type":"ImageObject","inLanguage":"pt-PT","@id":"https:\/\/portaltela.pt\/noticias\/2026\/03\/27\/seguro-promulga-regime-juridico-do-tempo-de-trabalho-no-transporte-rodoviario-2\/#primaryimage","url":"https:\/\/portaltela.pt\/s.01k8rhncp4jt1\/2026\/03\/img_1500x1000uu2026-03-11-20-18-53-2271819.jpg","contentUrl":"https:\/\/portaltela.pt\/s.01k8rhncp4jt1\/2026\/03\/img_1500x1000uu2026-03-11-20-18-53-2271819.jpg","width":796,"height":448,"caption":"Seguro promulga regime jur\u00eddico de tempo de trabalho no transporte rodovi\u00e1rio"},{"@type":"BreadcrumbList","@id":"https:\/\/portaltela.pt\/noticias\/2026\/03\/27\/seguro-promulga-regime-juridico-do-tempo-de-trabalho-no-transporte-rodoviario-2\/#breadcrumb","itemListElement":[{"@type":"ListItem","position":1,"name":"In\u00edcio","item":"https:\/\/portaltela.pt\/"},{"@type":"ListItem","position":2,"name":"Seguro promulga regime jur\u00eddico do tempo de trabalho no transporte rodovi\u00e1rio"}]},{"@type":"WebSite","@id":"https:\/\/portaltela.pt\/#website","url":"https:\/\/portaltela.pt\/","name":"Portal Tela Portugal","description":"","potentialAction":[{"@type":"SearchAction","target":{"@type":"EntryPoint","urlTemplate":"https:\/\/portaltela.pt\/?s={search_term_string}"},"query-input":{"@type":"PropertyValueSpecification","valueRequired":true,"valueName":"search_term_string"}}],"inLanguage":"pt-PT"},{"@type":"Person","@id":"https:\/\/portaltela.pt\/#\/schema\/person\/c4278d4a6028830caff9ee44b42d32ed","name":"Telinha","image":{"@type":"ImageObject","inLanguage":"pt-PT","@id":"https:\/\/portaltela.pt\/s.01k8rhncp4jt1\/2025\/11\/talking-bot-125x125.png","url":"https:\/\/portaltela.pt\/s.01k8rhncp4jt1\/2025\/11\/talking-bot-125x125.png","contentUrl":"https:\/\/portaltela.pt\/s.01k8rhncp4jt1\/2025\/11\/talking-bot-125x125.png","caption":"Telinha"},"sameAs":["https:\/\/portaltela.pt\/"],"url":"https:\/\/portaltela.pt\/por\/367410592786\/"}]}},"_links":{"self":[{"href":"https:\/\/portaltela.pt\/api\/wp\/v2\/posts\/423979","targetHints":{"allow":["GET"]}}],"collection":[{"href":"https:\/\/portaltela.pt\/api\/wp\/v2\/posts"}],"about":[{"href":"https:\/\/portaltela.pt\/api\/wp\/v2\/types\/post"}],"author":[{"embeddable":true,"href":"https:\/\/portaltela.pt\/api\/wp\/v2\/users\/2"}],"replies":[{"embeddable":true,"href":"https:\/\/portaltela.pt\/api\/wp\/v2\/comments?post=423979"}],"version-history":[{"count":0,"href":"https:\/\/portaltela.pt\/api\/wp\/v2\/posts\/423979\/revisions"}],"wp:featuredmedia":[{"embeddable":true,"href":"https:\/\/portaltela.pt\/api\/wp\/v2\/media\/423983"}],"wp:attachment":[{"href":"https:\/\/portaltela.pt\/api\/wp\/v2\/media?parent=423979"}],"wp:term":[{"taxonomy":"category","embeddable":true,"href":"https:\/\/portaltela.pt\/api\/wp\/v2\/categories?post=423979"},{"taxonomy":"post_tag","embeddable":true,"href":"https:\/\/portaltela.pt\/api\/wp\/v2\/tags?post=423979"}],"curies":[{"name":"wp","href":"https:\/\/api.w.org\/{rel}","templated":true}]}}