{"id":423973,"date":"2026-03-27T13:27:19","date_gmt":"2026-03-27T16:27:19","guid":{"rendered":"https:\/\/portaltela.pt\/noticias\/2026\/03\/27\/vingegaard-assume-lideranca-na-catalunha-almeida-sai-da-geral\/"},"modified":"2026-03-27T13:27:19","modified_gmt":"2026-03-27T16:27:19","slug":"vingegaard-assume-lideranca-na-catalunha-almeida-sai-da-geral","status":"publish","type":"post","link":"https:\/\/portaltela.pt\/desporto\/futebol\/2026\/03\/27\/vingegaard-assume-lideranca-na-catalunha-almeida-sai-da-geral\/","title":{"rendered":"Vingegaard assume lideran\u00e7a na Catalunha; Almeida sai da geral"},"content":{"rendered":"<p>Jonas Vingegaard tornou-se l\u00edder da Volta \u00e0 Catalunha ao vencer isolado a 5.\u00aa etapa, em La Seu d&#8217;Urgell. A meta situou-se no Coll de Pal, num percurso de 153,1 km, conclu\u00eddos em 4h13m44s. Jo\u00e3o Almeida (Emirates) perdeu o top da geral.<\/p>\n<p>O austr\u00edaco Felix Gall (Decathlon) terminou em 2.\u00ba, a 51 segundos, seguido pelo franc\u00eas Lenny Martinez (Bahrain Victorious), a 1m01s. Florian Lipowitz (Red Bull-BORA-hansgrohe) completou o p\u00f3dio, com o italiano a manter a atividade na frente da corrida.<\/p>\n<p>Ap\u00f3s queda no in\u00edcio da subida a La Molina, Almeida foi 16.\u00ba, a 1m59s do l\u00edder de prova. Vingegaard assume agora a camisola amarela com 57 segundos de vantagem sobre Gall e 1m09s sobre Martinez.<\/p>\n<p>A corrida manteve-se exigente, com fugas iniciais esmagadas pela Red Bull-BORA-hansgrohe, que reduziu o grupo para perto de 1 minuto na aproxima\u00e7\u00e3o aos \u00faltimos 30 km. Almeida acabou por cair do grupo de favoritos na descida.<\/p>\n<p>A etapa ficou marcada por v\u00e1rias quedas na persegui\u00e7\u00e3o, atrasando o grupo. Ciccone lan\u00e7ou ataque na subida ao Coll de Pal, abrindo vantagem, enquanto Almeida foi perdendo terreno at\u00e9 ficar afastado do trio que liderava a classifica\u00e7\u00e3o geral.<\/p>\n<p>Remco Evenepoel (Red Bull-BORA-hansgrohe) tentou responder ao ataque de Vingegaard, mas acabou por descolar. O dinamarqu\u00eas manteve a lideran\u00e7a e aumentou a dist\u00e2ncia aos perseguidores durante os cerca de 16 km de escalada final.<\/p>\n<p>Na geral, Vingegaard surge com vantagem adquirida, aproximando-se da vit\u00f3ria final. Almeida permanece em posi\u00e7\u00e3o, mas afastado do comando da prova espanhola. No pr\u00f3ximo dia, a corrida continua entre Berga e Queralt, com subida de primeira categoria.<\/p>\n<p>Fonte: LUSA\/EPA.<\/p>\n","protected":false},"excerpt":{"rendered":"<ul>\n<li>Jonas Vingegaard conquistou a quinta etapa da Volta \u00e0 Catalunha em solit\u00e1rio, subindo \u00e0 lideran\u00e7a da geral com 57 segundos de vantagem sobre Felix Gall.<\/li>\n<li>A vit\u00f3ria ocorreu nos 153,1 quil\u00f3metros entre La Seu d\u2019Urgell e Coll de Pal, com o tempo final de 04:13.44 horas.<\/li>\n<li>Jo\u00e3o Almeida (Emirates) foi 16.\u00ba na etapa, cai na geral e deixa de disputar o primeiro lugar; seguiu 1,59 minutos atr\u00e1s do vencedor.<\/li>\n<li>Remco Evenepoel tentou responder ao ataque de Vingegaard, mas acabou por perder terreno; Almeida caiu na descida e reentrou no grupo de favoritos, depois ficou atr\u00e1s.<\/li>\n<li>O est\u00e1gio seguinte decorre no s\u00e1bado, com 158,2 quil\u00f3metros entre Berga e Queralt, incluindo contagem de montanha de primeira categoria e uma de categoria especial.<\/li>\n<\/ul>\n","protected":false},"author":2,"featured_media":423977,"comment_status":"closed","ping_status":"closed","sticky":false,"template":"","format":"standard","meta":{"footnotes":""},"categories":[21,24],"tags":[923,1285,3504,5417,152,6250],"class_list":["post-423973","post","type-post","status-publish","format-standard","has-post-thumbnail","hentry","category-desporto","category-futebol","tag-ciclismo","tag-competicao","tag-corridas","tag-corridas-internacionais","tag-desporto","tag-fugas"],"yoast_head":"<!-- This site is optimized with the Yoast SEO plugin v27.2 - https:\/\/yoast.com\/product\/yoast-seo-wordpress\/ -->\n<title>Vingegaard assume lideran\u00e7a na Catalunha; Almeida sai da geral - Portal Tela Portugal<\/title>\n<meta name=\"robots\" content=\"index, follow, max-snippet:-1, max-image-preview:large, max-video-preview:-1\" \/>\n<meta property=\"og:locale\" content=\"pt_PT\" \/>\n<meta property=\"og:type\" content=\"article\" \/>\n<meta property=\"og:title\" content=\"Vingegaard assume lideran\u00e7a na Catalunha; Almeida sai da geral - Portal Tela Portugal\" \/>\n<meta property=\"og:description\" content=\"Jonas Vingegaard conquistou a quinta etapa da Volta \u00e0 Catalunha em solit\u00e1rio, subindo \u00e0 lideran\u00e7a da geral com 57 segundos de vantagem sobre Felix Gall. A vit\u00f3ria ocorreu nos 153,1 quil\u00f3metros entre La Seu d\u2019Urgell e Coll de Pal, com o tempo final de 04:13.44 horas. Jo\u00e3o Almeida (Emirates) foi 16.\u00ba na etapa, cai na geral e deixa de disputar o primeiro lugar; seguiu 1,59 minutos atr\u00e1s do vencedor. Remco Evenepoel tentou responder ao ataque de Vingegaard, mas acabou por perder terreno; Almeida caiu na descida e reentrou no grupo de favoritos, depois ficou atr\u00e1s. O est\u00e1gio seguinte decorre no s\u00e1bado, com 158,2 quil\u00f3metros entre Berga e Queralt, incluindo contagem de montanha de primeira categoria e uma de categoria especial.\" \/>\n<meta property=\"og:url\" content=\"https:\/\/portaltela.pt\/noticias\/2026\/03\/27\/vingegaard-assume-lideranca-na-catalunha-almeida-sai-da-geral\/\" \/>\n<meta property=\"og:site_name\" content=\"Portal Tela Portugal\" \/>\n<meta property=\"article:published_time\" content=\"2026-03-27T16:27:19+00:00\" \/>\n<meta name=\"author\" content=\"Telinha\" \/>\n<meta name=\"twitter:card\" content=\"summary_large_image\" \/>\n<meta name=\"twitter:label1\" content=\"Escrito por\" \/>\n\t<meta name=\"twitter:data1\" content=\"Telinha\" \/>\n\t<meta name=\"twitter:label2\" content=\"Tempo estimado de leitura\" \/>\n\t<meta name=\"twitter:data2\" content=\"1 minuto\" \/>\n<script type=\"application\/ld+json\" class=\"yoast-schema-graph\">{\"@context\":\"https:\/\/schema.org\",\"@graph\":[{\"@type\":\"Article\",\"@id\":\"https:\/\/portaltela.pt\/noticias\/2026\/03\/27\/vingegaard-assume-lideranca-na-catalunha-almeida-sai-da-geral\/#article\",\"isPartOf\":{\"@id\":\"https:\/\/portaltela.pt\/noticias\/2026\/03\/27\/vingegaard-assume-lideranca-na-catalunha-almeida-sai-da-geral\/\"},\"author\":{\"name\":\"Telinha\",\"@id\":\"https:\/\/portaltela.pt\/#\/schema\/person\/c4278d4a6028830caff9ee44b42d32ed\"},\"headline\":\"Vingegaard assume lideran\u00e7a na Catalunha; Almeida sai da geral\",\"datePublished\":\"2026-03-27T16:27:19+00:00\",\"mainEntityOfPage\":{\"@id\":\"https:\/\/portaltela.pt\/noticias\/2026\/03\/27\/vingegaard-assume-lideranca-na-catalunha-almeida-sai-da-geral\/\"},\"wordCount\":288,\"image\":{\"@id\":\"https:\/\/portaltela.pt\/noticias\/2026\/03\/27\/vingegaard-assume-lideranca-na-catalunha-almeida-sai-da-geral\/#primaryimage\"},\"thumbnailUrl\":\"https:\/\/portaltela.pt\/s.01k8rhncp4jt1\/2026\/03\/img_920x518uu2026-03-27-16-27-05-2429715.jpg\",\"keywords\":[\"ciclismo\",\"competi\u00e7\u00e3o\",\"corridas\",\"corridas internacionais\",\"desporto\",\"fugas\"],\"articleSection\":[\"Desporto\",\"Futebol\"],\"inLanguage\":\"pt-PT\"},{\"@type\":\"WebPage\",\"@id\":\"https:\/\/portaltela.pt\/noticias\/2026\/03\/27\/vingegaard-assume-lideranca-na-catalunha-almeida-sai-da-geral\/\",\"url\":\"https:\/\/portaltela.pt\/noticias\/2026\/03\/27\/vingegaard-assume-lideranca-na-catalunha-almeida-sai-da-geral\/\",\"name\":\"Vingegaard assume lideran\u00e7a na Catalunha; Almeida sai da geral - Portal Tela Portugal\",\"isPartOf\":{\"@id\":\"https:\/\/portaltela.pt\/#website\"},\"primaryImageOfPage\":{\"@id\":\"https:\/\/portaltela.pt\/noticias\/2026\/03\/27\/vingegaard-assume-lideranca-na-catalunha-almeida-sai-da-geral\/#primaryimage\"},\"image\":{\"@id\":\"https:\/\/portaltela.pt\/noticias\/2026\/03\/27\/vingegaard-assume-lideranca-na-catalunha-almeida-sai-da-geral\/#primaryimage\"},\"thumbnailUrl\":\"https:\/\/portaltela.pt\/s.01k8rhncp4jt1\/2026\/03\/img_920x518uu2026-03-27-16-27-05-2429715.jpg\",\"datePublished\":\"2026-03-27T16:27:19+00:00\",\"author\":{\"@id\":\"https:\/\/portaltela.pt\/#\/schema\/person\/c4278d4a6028830caff9ee44b42d32ed\"},\"breadcrumb\":{\"@id\":\"https:\/\/portaltela.pt\/noticias\/2026\/03\/27\/vingegaard-assume-lideranca-na-catalunha-almeida-sai-da-geral\/#breadcrumb\"},\"inLanguage\":\"pt-PT\",\"potentialAction\":[{\"@type\":\"ReadAction\",\"target\":[\"https:\/\/portaltela.pt\/noticias\/2026\/03\/27\/vingegaard-assume-lideranca-na-catalunha-almeida-sai-da-geral\/\"]}]},{\"@type\":\"ImageObject\",\"inLanguage\":\"pt-PT\",\"@id\":\"https:\/\/portaltela.pt\/noticias\/2026\/03\/27\/vingegaard-assume-lideranca-na-catalunha-almeida-sai-da-geral\/#primaryimage\",\"url\":\"https:\/\/portaltela.pt\/s.01k8rhncp4jt1\/2026\/03\/img_920x518uu2026-03-27-16-27-05-2429715.jpg\",\"contentUrl\":\"https:\/\/portaltela.pt\/s.01k8rhncp4jt1\/2026\/03\/img_920x518uu2026-03-27-16-27-05-2429715.jpg\",\"width\":796,\"height\":448,\"caption\":\"Jonas Vingegaard\"},{\"@type\":\"BreadcrumbList\",\"@id\":\"https:\/\/portaltela.pt\/noticias\/2026\/03\/27\/vingegaard-assume-lideranca-na-catalunha-almeida-sai-da-geral\/#breadcrumb\",\"itemListElement\":[{\"@type\":\"ListItem\",\"position\":1,\"name\":\"In\u00edcio\",\"item\":\"https:\/\/portaltela.pt\/\"},{\"@type\":\"ListItem\",\"position\":2,\"name\":\"Vingegaard assume lideran\u00e7a na Catalunha; Almeida sai da geral\"}]},{\"@type\":\"WebSite\",\"@id\":\"https:\/\/portaltela.pt\/#website\",\"url\":\"https:\/\/portaltela.pt\/\",\"name\":\"Portal Tela Portugal\",\"description\":\"\",\"potentialAction\":[{\"@type\":\"SearchAction\",\"target\":{\"@type\":\"EntryPoint\",\"urlTemplate\":\"https:\/\/portaltela.pt\/?s={search_term_string}\"},\"query-input\":{\"@type\":\"PropertyValueSpecification\",\"valueRequired\":true,\"valueName\":\"search_term_string\"}}],\"inLanguage\":\"pt-PT\"},{\"@type\":\"Person\",\"@id\":\"https:\/\/portaltela.pt\/#\/schema\/person\/c4278d4a6028830caff9ee44b42d32ed\",\"name\":\"Telinha\",\"image\":{\"@type\":\"ImageObject\",\"inLanguage\":\"pt-PT\",\"@id\":\"https:\/\/portaltela.pt\/s.01k8rhncp4jt1\/2025\/11\/talking-bot-125x125.png\",\"url\":\"https:\/\/portaltela.pt\/s.01k8rhncp4jt1\/2025\/11\/talking-bot-125x125.png\",\"contentUrl\":\"https:\/\/portaltela.pt\/s.01k8rhncp4jt1\/2025\/11\/talking-bot-125x125.png\",\"caption\":\"Telinha\"},\"sameAs\":[\"https:\/\/portaltela.pt\/\"],\"url\":\"https:\/\/portaltela.pt\/por\/367410592786\/\"}]}<\/script>\n<!-- \/ Yoast SEO plugin. -->","yoast_head_json":{"title":"Vingegaard assume lideran\u00e7a na Catalunha; Almeida sai da geral - Portal Tela Portugal","robots":{"index":"index","follow":"follow","max-snippet":"max-snippet:-1","max-image-preview":"max-image-preview:large","max-video-preview":"max-video-preview:-1"},"og_locale":"pt_PT","og_type":"article","og_title":"Vingegaard assume lideran\u00e7a na Catalunha; Almeida sai da geral - Portal Tela Portugal","og_description":"Jonas Vingegaard conquistou a quinta etapa da Volta \u00e0 Catalunha em solit\u00e1rio, subindo \u00e0 lideran\u00e7a da geral com 57 segundos de vantagem sobre Felix Gall. A vit\u00f3ria ocorreu nos 153,1 quil\u00f3metros entre La Seu d\u2019Urgell e Coll de Pal, com o tempo final de 04:13.44 horas. Jo\u00e3o Almeida (Emirates) foi 16.\u00ba na etapa, cai na geral e deixa de disputar o primeiro lugar; seguiu 1,59 minutos atr\u00e1s do vencedor. Remco Evenepoel tentou responder ao ataque de Vingegaard, mas acabou por perder terreno; Almeida caiu na descida e reentrou no grupo de favoritos, depois ficou atr\u00e1s. O est\u00e1gio seguinte decorre no s\u00e1bado, com 158,2 quil\u00f3metros entre Berga e Queralt, incluindo contagem de montanha de primeira categoria e uma de categoria especial.","og_url":"https:\/\/portaltela.pt\/noticias\/2026\/03\/27\/vingegaard-assume-lideranca-na-catalunha-almeida-sai-da-geral\/","og_site_name":"Portal Tela Portugal","article_published_time":"2026-03-27T16:27:19+00:00","author":"Telinha","twitter_card":"summary_large_image","twitter_misc":{"Escrito por":"Telinha","Tempo estimado de leitura":"1 minuto"},"schema":{"@context":"https:\/\/schema.org","@graph":[{"@type":"Article","@id":"https:\/\/portaltela.pt\/noticias\/2026\/03\/27\/vingegaard-assume-lideranca-na-catalunha-almeida-sai-da-geral\/#article","isPartOf":{"@id":"https:\/\/portaltela.pt\/noticias\/2026\/03\/27\/vingegaard-assume-lideranca-na-catalunha-almeida-sai-da-geral\/"},"author":{"name":"Telinha","@id":"https:\/\/portaltela.pt\/#\/schema\/person\/c4278d4a6028830caff9ee44b42d32ed"},"headline":"Vingegaard assume lideran\u00e7a na Catalunha; Almeida sai da geral","datePublished":"2026-03-27T16:27:19+00:00","mainEntityOfPage":{"@id":"https:\/\/portaltela.pt\/noticias\/2026\/03\/27\/vingegaard-assume-lideranca-na-catalunha-almeida-sai-da-geral\/"},"wordCount":288,"image":{"@id":"https:\/\/portaltela.pt\/noticias\/2026\/03\/27\/vingegaard-assume-lideranca-na-catalunha-almeida-sai-da-geral\/#primaryimage"},"thumbnailUrl":"https:\/\/portaltela.pt\/s.01k8rhncp4jt1\/2026\/03\/img_920x518uu2026-03-27-16-27-05-2429715.jpg","keywords":["ciclismo","competi\u00e7\u00e3o","corridas","corridas internacionais","desporto","fugas"],"articleSection":["Desporto","Futebol"],"inLanguage":"pt-PT"},{"@type":"WebPage","@id":"https:\/\/portaltela.pt\/noticias\/2026\/03\/27\/vingegaard-assume-lideranca-na-catalunha-almeida-sai-da-geral\/","url":"https:\/\/portaltela.pt\/noticias\/2026\/03\/27\/vingegaard-assume-lideranca-na-catalunha-almeida-sai-da-geral\/","name":"Vingegaard assume lideran\u00e7a na Catalunha; Almeida sai da geral - Portal Tela Portugal","isPartOf":{"@id":"https:\/\/portaltela.pt\/#website"},"primaryImageOfPage":{"@id":"https:\/\/portaltela.pt\/noticias\/2026\/03\/27\/vingegaard-assume-lideranca-na-catalunha-almeida-sai-da-geral\/#primaryimage"},"image":{"@id":"https:\/\/portaltela.pt\/noticias\/2026\/03\/27\/vingegaard-assume-lideranca-na-catalunha-almeida-sai-da-geral\/#primaryimage"},"thumbnailUrl":"https:\/\/portaltela.pt\/s.01k8rhncp4jt1\/2026\/03\/img_920x518uu2026-03-27-16-27-05-2429715.jpg","datePublished":"2026-03-27T16:27:19+00:00","author":{"@id":"https:\/\/portaltela.pt\/#\/schema\/person\/c4278d4a6028830caff9ee44b42d32ed"},"breadcrumb":{"@id":"https:\/\/portaltela.pt\/noticias\/2026\/03\/27\/vingegaard-assume-lideranca-na-catalunha-almeida-sai-da-geral\/#breadcrumb"},"inLanguage":"pt-PT","potentialAction":[{"@type":"ReadAction","target":["https:\/\/portaltela.pt\/noticias\/2026\/03\/27\/vingegaard-assume-lideranca-na-catalunha-almeida-sai-da-geral\/"]}]},{"@type":"ImageObject","inLanguage":"pt-PT","@id":"https:\/\/portaltela.pt\/noticias\/2026\/03\/27\/vingegaard-assume-lideranca-na-catalunha-almeida-sai-da-geral\/#primaryimage","url":"https:\/\/portaltela.pt\/s.01k8rhncp4jt1\/2026\/03\/img_920x518uu2026-03-27-16-27-05-2429715.jpg","contentUrl":"https:\/\/portaltela.pt\/s.01k8rhncp4jt1\/2026\/03\/img_920x518uu2026-03-27-16-27-05-2429715.jpg","width":796,"height":448,"caption":"Jonas Vingegaard"},{"@type":"BreadcrumbList","@id":"https:\/\/portaltela.pt\/noticias\/2026\/03\/27\/vingegaard-assume-lideranca-na-catalunha-almeida-sai-da-geral\/#breadcrumb","itemListElement":[{"@type":"ListItem","position":1,"name":"In\u00edcio","item":"https:\/\/portaltela.pt\/"},{"@type":"ListItem","position":2,"name":"Vingegaard assume lideran\u00e7a na Catalunha; Almeida sai da geral"}]},{"@type":"WebSite","@id":"https:\/\/portaltela.pt\/#website","url":"https:\/\/portaltela.pt\/","name":"Portal Tela Portugal","description":"","potentialAction":[{"@type":"SearchAction","target":{"@type":"EntryPoint","urlTemplate":"https:\/\/portaltela.pt\/?s={search_term_string}"},"query-input":{"@type":"PropertyValueSpecification","valueRequired":true,"valueName":"search_term_string"}}],"inLanguage":"pt-PT"},{"@type":"Person","@id":"https:\/\/portaltela.pt\/#\/schema\/person\/c4278d4a6028830caff9ee44b42d32ed","name":"Telinha","image":{"@type":"ImageObject","inLanguage":"pt-PT","@id":"https:\/\/portaltela.pt\/s.01k8rhncp4jt1\/2025\/11\/talking-bot-125x125.png","url":"https:\/\/portaltela.pt\/s.01k8rhncp4jt1\/2025\/11\/talking-bot-125x125.png","contentUrl":"https:\/\/portaltela.pt\/s.01k8rhncp4jt1\/2025\/11\/talking-bot-125x125.png","caption":"Telinha"},"sameAs":["https:\/\/portaltela.pt\/"],"url":"https:\/\/portaltela.pt\/por\/367410592786\/"}]}},"_links":{"self":[{"href":"https:\/\/portaltela.pt\/api\/wp\/v2\/posts\/423973","targetHints":{"allow":["GET"]}}],"collection":[{"href":"https:\/\/portaltela.pt\/api\/wp\/v2\/posts"}],"about":[{"href":"https:\/\/portaltela.pt\/api\/wp\/v2\/types\/post"}],"author":[{"embeddable":true,"href":"https:\/\/portaltela.pt\/api\/wp\/v2\/users\/2"}],"replies":[{"embeddable":true,"href":"https:\/\/portaltela.pt\/api\/wp\/v2\/comments?post=423973"}],"version-history":[{"count":0,"href":"https:\/\/portaltela.pt\/api\/wp\/v2\/posts\/423973\/revisions"}],"wp:featuredmedia":[{"embeddable":true,"href":"https:\/\/portaltela.pt\/api\/wp\/v2\/media\/423977"}],"wp:attachment":[{"href":"https:\/\/portaltela.pt\/api\/wp\/v2\/media?parent=423973"}],"wp:term":[{"taxonomy":"category","embeddable":true,"href":"https:\/\/portaltela.pt\/api\/wp\/v2\/categories?post=423973"},{"taxonomy":"post_tag","embeddable":true,"href":"https:\/\/portaltela.pt\/api\/wp\/v2\/tags?post=423973"}],"curies":[{"name":"wp","href":"https:\/\/api.w.org\/{rel}","templated":true}]}}