{"id":423971,"date":"2026-03-27T13:20:00","date_gmt":"2026-03-27T16:20:00","guid":{"rendered":"https:\/\/portaltela.pt\/noticias\/2026\/03\/27\/irao-passa-a-ser-temido-vitorino-explica-por-que-trump-adotou-a-via-negocial\/"},"modified":"2026-03-27T13:20:00","modified_gmt":"2026-03-27T16:20:00","slug":"irao-passa-a-ser-temido-vitorino-explica-por-que-trump-adotou-a-via-negocial","status":"publish","type":"post","link":"https:\/\/portaltela.pt\/geopolitica\/2026\/03\/27\/irao-passa-a-ser-temido-vitorino-explica-por-que-trump-adotou-a-via-negocial\/","title":{"rendered":"Ir\u00e3o passa a ser temido: Vitorino explica por que Trump adotou a via negocial"},"content":{"rendered":"<p>O Ir\u00e3o passou a ser visto como uma pot\u00eancia temida na regi\u00e3o, segundo a an\u00e1lise de S\u00e9rgio A. Vitorino, editor do Correio da Manh\u00e3. O jornalista explica que o pa\u00eds persa tem consolidado a sua posi\u00e7\u00e3o atrav\u00e9s de investimentos estrat\u00e9gicos na defesa e na influ\u00eancia regional.<\/p>\n<p>De acordo com Vitorino, a mudan\u00e7a de postura de Donald Trump para uma via negocial surge como forma de evitar um conflito aberto, que poderia ter custos elevados para todas as partes. O analista sustenta que a via militar n\u00e3o seria a mais inteligente neste momento.<\/p>\n<p>A incerteza no M\u00e9dio Oriente \u00e9 apresentada como um fator determinante para as decis\u00f5es de Washington. A regi\u00e3o permanece inst\u00e1vel, o que torna qualquer movimento precipitado suscet\u00edvel de desencadear uma crise de grandes propor\u00e7\u00f5es, segundo o especialista.<\/p>\n<p>S\u00e9rgio A. Vitorino afirma que o Ir\u00e3o fortaleceu a sua presen\u00e7a na S\u00edria, no L\u00edbano e no Iraque, ampliando alian\u00e7as estrat\u00e9gicas e poder de negocia\u00e7\u00e3o. O pa\u00eds teria adotado uma estrat\u00e9gia de longo prazo, com o di\u00e1logo em mente.<\/p>\n<p>Especialistas internacionais corroboram a leitura de uma mudan\u00e7a de postura dos Estados Unidos relativamente ao Ir\u00e3o. O consenso \u00e9 de que a escalada de tens\u00f5es afigura-se menos prov\u00e1vel se houver vias diplom\u00e1ticas ativas.<\/p>\n<h3>Contexto regional<\/h3>\n<p>O analista destaca que a posi\u00e7\u00e3o iraniana ganha relev\u00e2ncia na configura\u00e7\u00e3o do xadrez geopol\u00edtico do M\u00e9dio Oriente, com impacto potencial em decis\u00f5es de aliados e advers\u00e1rios. A imprensa acompanha com aten\u00e7\u00e3o as pr\u00f3ximas etapas dos atores envolvidos.<\/p>\n<h3>S\u00edntese das implica\u00e7\u00f5es<\/h3>\n<p>A narrativa sugerida por Vitorino aponta para uma transi\u00e7\u00e3o de estrat\u00e9gia, de confronta\u00e7\u00e3o para negocia\u00e7\u00e3o, com o objetivo de gerir riscos numa regi\u00e3o de alto dinamismo. A leitura aponta para um cen\u00e1rio de maior \u00eanfase no di\u00e1logo entre Washington e Teer\u00e3o.<\/p>\n","protected":false},"excerpt":{"rendered":"<ul>\n<li>O Ir\u00e3o passou a ser visto como o pa\u00eds temido no M\u00e9dio Oriente, com S\u00e9rgio A. Vitorino a explicar o porqu\u00ea de Donald Trump ter escolhido a via negocial.<\/li>\n<li>O editor do Correio da Manh\u00e3 sustenta que o Ir\u00e3o tem fortalec\u00eddo a defesa e a influ\u00eancia regional, tornando-se uma pe\u00e7a-chave no xadrez geopol\u00edtico da regi\u00e3o.<\/li>\n<li>A estrat\u00e9gia de Trump de negociar com Teer\u00e3o surge para evitar um conflito aberto que poderia ser desastroso para ambas as partes.<\/li>\n<li>A instabilidade no M\u00e9dio Oriente \u00e9 um fator que influencia as decis\u00f5es de Trump, j\u00e1 que qualquer movimento precipitado pode gerar uma crise de grandes propor\u00e7\u00f5es.<\/li>\n<li>O Ir\u00e3o tem consolidado a sua influ\u00eancia na S\u00edria, L\u00edbano e Iraque, e esta posi\u00e7\u00e3o \u00e9 corroborada por especialistas internacionais que apontam para uma mudan\u00e7a de postura dos Estados Unidos para evitar uma escalada.<\/li>\n<\/ul>\n","protected":false},"author":2,"featured_media":423974,"comment_status":"closed","ping_status":"closed","sticky":false,"template":"","format":"standard","meta":{"footnotes":""},"categories":[6790,6814],"tags":[254,29,1600,66,3153,2066],"class_list":["post-423971","post","type-post","status-publish","format-standard","has-post-thumbnail","hentry","category-conflitos","category-geopolitica","tag-conflito","tag-diplomacia","tag-estados-unidos","tag-geopolitica","tag-ira","tag-siria"],"yoast_head":"<!-- This site is optimized with the Yoast SEO plugin v27.2 - https:\/\/yoast.com\/product\/yoast-seo-wordpress\/ -->\n<title>Ir\u00e3o passa a ser temido: Vitorino explica por que Trump adotou a via negocial - Portal Tela Portugal<\/title>\n<meta name=\"robots\" content=\"index, follow, max-snippet:-1, max-image-preview:large, max-video-preview:-1\" \/>\n<meta property=\"og:locale\" content=\"pt_PT\" \/>\n<meta property=\"og:type\" content=\"article\" \/>\n<meta property=\"og:title\" content=\"Ir\u00e3o passa a ser temido: Vitorino explica por que Trump adotou a via negocial - Portal Tela Portugal\" \/>\n<meta property=\"og:description\" content=\"O Ir\u00e3o passou a ser visto como o pa\u00eds temido no M\u00e9dio Oriente, com S\u00e9rgio A. Vitorino a explicar o porqu\u00ea de Donald Trump ter escolhido a via negocial. O editor do Correio da Manh\u00e3 sustenta que o Ir\u00e3o tem fortalec\u00eddo a defesa e a influ\u00eancia regional, tornando-se uma pe\u00e7a-chave no xadrez geopol\u00edtico da regi\u00e3o. A estrat\u00e9gia de Trump de negociar com Teer\u00e3o surge para evitar um conflito aberto que poderia ser desastroso para ambas as partes. A instabilidade no M\u00e9dio Oriente \u00e9 um fator que influencia as decis\u00f5es de Trump, j\u00e1 que qualquer movimento precipitado pode gerar uma crise de grandes propor\u00e7\u00f5es. O Ir\u00e3o tem consolidado a sua influ\u00eancia na S\u00edria, L\u00edbano e Iraque, e esta posi\u00e7\u00e3o \u00e9 corroborada por especialistas internacionais que apontam para uma mudan\u00e7a de postura dos Estados Unidos para evitar uma escalada.\" \/>\n<meta property=\"og:url\" content=\"https:\/\/portaltela.pt\/noticias\/2026\/03\/27\/irao-passa-a-ser-temido-vitorino-explica-por-que-trump-adotou-a-via-negocial\/\" \/>\n<meta property=\"og:site_name\" content=\"Portal Tela Portugal\" \/>\n<meta property=\"article:published_time\" content=\"2026-03-27T16:20:00+00:00\" \/>\n<meta name=\"author\" content=\"Telinha\" \/>\n<meta name=\"twitter:card\" content=\"summary_large_image\" \/>\n<meta name=\"twitter:label1\" content=\"Escrito por\" \/>\n\t<meta name=\"twitter:data1\" content=\"Telinha\" \/>\n\t<meta name=\"twitter:label2\" content=\"Tempo estimado de leitura\" \/>\n\t<meta name=\"twitter:data2\" content=\"2 minutos\" \/>\n<script type=\"application\/ld+json\" class=\"yoast-schema-graph\">{\"@context\":\"https:\/\/schema.org\",\"@graph\":[{\"@type\":\"Article\",\"@id\":\"https:\/\/portaltela.pt\/noticias\/2026\/03\/27\/irao-passa-a-ser-temido-vitorino-explica-por-que-trump-adotou-a-via-negocial\/#article\",\"isPartOf\":{\"@id\":\"https:\/\/portaltela.pt\/noticias\/2026\/03\/27\/irao-passa-a-ser-temido-vitorino-explica-por-que-trump-adotou-a-via-negocial\/\"},\"author\":{\"name\":\"Telinha\",\"@id\":\"https:\/\/portaltela.pt\/#\/schema\/person\/c4278d4a6028830caff9ee44b42d32ed\"},\"headline\":\"Ir\u00e3o passa a ser temido: Vitorino explica por que Trump adotou a via negocial\",\"datePublished\":\"2026-03-27T16:20:00+00:00\",\"mainEntityOfPage\":{\"@id\":\"https:\/\/portaltela.pt\/noticias\/2026\/03\/27\/irao-passa-a-ser-temido-vitorino-explica-por-que-trump-adotou-a-via-negocial\/\"},\"wordCount\":350,\"image\":{\"@id\":\"https:\/\/portaltela.pt\/noticias\/2026\/03\/27\/irao-passa-a-ser-temido-vitorino-explica-por-que-trump-adotou-a-via-negocial\/#primaryimage\"},\"thumbnailUrl\":\"https:\/\/portaltela.pt\/s.01k8rhncp4jt1\/2026\/03\/img_1280x722uu2026-03-27-12-34-00-2275096.jpg\",\"keywords\":[\"conflito\",\"diplomacia\",\"Estados Unidos\",\"geopol\u00edtica\",\"Ir\u00e3\",\"S\u00edria\"],\"articleSection\":[\"Conflitos\",\"Geopol\u00edtica\"],\"inLanguage\":\"pt-PT\"},{\"@type\":\"WebPage\",\"@id\":\"https:\/\/portaltela.pt\/noticias\/2026\/03\/27\/irao-passa-a-ser-temido-vitorino-explica-por-que-trump-adotou-a-via-negocial\/\",\"url\":\"https:\/\/portaltela.pt\/noticias\/2026\/03\/27\/irao-passa-a-ser-temido-vitorino-explica-por-que-trump-adotou-a-via-negocial\/\",\"name\":\"Ir\u00e3o passa a ser temido: Vitorino explica por que Trump adotou a via negocial - Portal Tela Portugal\",\"isPartOf\":{\"@id\":\"https:\/\/portaltela.pt\/#website\"},\"primaryImageOfPage\":{\"@id\":\"https:\/\/portaltela.pt\/noticias\/2026\/03\/27\/irao-passa-a-ser-temido-vitorino-explica-por-que-trump-adotou-a-via-negocial\/#primaryimage\"},\"image\":{\"@id\":\"https:\/\/portaltela.pt\/noticias\/2026\/03\/27\/irao-passa-a-ser-temido-vitorino-explica-por-que-trump-adotou-a-via-negocial\/#primaryimage\"},\"thumbnailUrl\":\"https:\/\/portaltela.pt\/s.01k8rhncp4jt1\/2026\/03\/img_1280x722uu2026-03-27-12-34-00-2275096.jpg\",\"datePublished\":\"2026-03-27T16:20:00+00:00\",\"author\":{\"@id\":\"https:\/\/portaltela.pt\/#\/schema\/person\/c4278d4a6028830caff9ee44b42d32ed\"},\"breadcrumb\":{\"@id\":\"https:\/\/portaltela.pt\/noticias\/2026\/03\/27\/irao-passa-a-ser-temido-vitorino-explica-por-que-trump-adotou-a-via-negocial\/#breadcrumb\"},\"inLanguage\":\"pt-PT\",\"potentialAction\":[{\"@type\":\"ReadAction\",\"target\":[\"https:\/\/portaltela.pt\/noticias\/2026\/03\/27\/irao-passa-a-ser-temido-vitorino-explica-por-que-trump-adotou-a-via-negocial\/\"]}]},{\"@type\":\"ImageObject\",\"inLanguage\":\"pt-PT\",\"@id\":\"https:\/\/portaltela.pt\/noticias\/2026\/03\/27\/irao-passa-a-ser-temido-vitorino-explica-por-que-trump-adotou-a-via-negocial\/#primaryimage\",\"url\":\"https:\/\/portaltela.pt\/s.01k8rhncp4jt1\/2026\/03\/img_1280x722uu2026-03-27-12-34-00-2275096.jpg\",\"contentUrl\":\"https:\/\/portaltela.pt\/s.01k8rhncp4jt1\/2026\/03\/img_1280x722uu2026-03-27-12-34-00-2275096.jpg\",\"width\":796,\"height\":448,\"caption\":\"Imagem ilustrativa\"},{\"@type\":\"BreadcrumbList\",\"@id\":\"https:\/\/portaltela.pt\/noticias\/2026\/03\/27\/irao-passa-a-ser-temido-vitorino-explica-por-que-trump-adotou-a-via-negocial\/#breadcrumb\",\"itemListElement\":[{\"@type\":\"ListItem\",\"position\":1,\"name\":\"In\u00edcio\",\"item\":\"https:\/\/portaltela.pt\/\"},{\"@type\":\"ListItem\",\"position\":2,\"name\":\"Ir\u00e3o passa a ser temido: Vitorino explica por que Trump adotou a via negocial\"}]},{\"@type\":\"WebSite\",\"@id\":\"https:\/\/portaltela.pt\/#website\",\"url\":\"https:\/\/portaltela.pt\/\",\"name\":\"Portal Tela Portugal\",\"description\":\"\",\"potentialAction\":[{\"@type\":\"SearchAction\",\"target\":{\"@type\":\"EntryPoint\",\"urlTemplate\":\"https:\/\/portaltela.pt\/?s={search_term_string}\"},\"query-input\":{\"@type\":\"PropertyValueSpecification\",\"valueRequired\":true,\"valueName\":\"search_term_string\"}}],\"inLanguage\":\"pt-PT\"},{\"@type\":\"Person\",\"@id\":\"https:\/\/portaltela.pt\/#\/schema\/person\/c4278d4a6028830caff9ee44b42d32ed\",\"name\":\"Telinha\",\"image\":{\"@type\":\"ImageObject\",\"inLanguage\":\"pt-PT\",\"@id\":\"https:\/\/portaltela.pt\/s.01k8rhncp4jt1\/2025\/11\/talking-bot-125x125.png\",\"url\":\"https:\/\/portaltela.pt\/s.01k8rhncp4jt1\/2025\/11\/talking-bot-125x125.png\",\"contentUrl\":\"https:\/\/portaltela.pt\/s.01k8rhncp4jt1\/2025\/11\/talking-bot-125x125.png\",\"caption\":\"Telinha\"},\"sameAs\":[\"https:\/\/portaltela.pt\/\"],\"url\":\"https:\/\/portaltela.pt\/por\/367410592786\/\"}]}<\/script>\n<!-- \/ Yoast SEO plugin. -->","yoast_head_json":{"title":"Ir\u00e3o passa a ser temido: Vitorino explica por que Trump adotou a via negocial - Portal Tela Portugal","robots":{"index":"index","follow":"follow","max-snippet":"max-snippet:-1","max-image-preview":"max-image-preview:large","max-video-preview":"max-video-preview:-1"},"og_locale":"pt_PT","og_type":"article","og_title":"Ir\u00e3o passa a ser temido: Vitorino explica por que Trump adotou a via negocial - Portal Tela Portugal","og_description":"O Ir\u00e3o passou a ser visto como o pa\u00eds temido no M\u00e9dio Oriente, com S\u00e9rgio A. Vitorino a explicar o porqu\u00ea de Donald Trump ter escolhido a via negocial. O editor do Correio da Manh\u00e3 sustenta que o Ir\u00e3o tem fortalec\u00eddo a defesa e a influ\u00eancia regional, tornando-se uma pe\u00e7a-chave no xadrez geopol\u00edtico da regi\u00e3o. A estrat\u00e9gia de Trump de negociar com Teer\u00e3o surge para evitar um conflito aberto que poderia ser desastroso para ambas as partes. A instabilidade no M\u00e9dio Oriente \u00e9 um fator que influencia as decis\u00f5es de Trump, j\u00e1 que qualquer movimento precipitado pode gerar uma crise de grandes propor\u00e7\u00f5es. O Ir\u00e3o tem consolidado a sua influ\u00eancia na S\u00edria, L\u00edbano e Iraque, e esta posi\u00e7\u00e3o \u00e9 corroborada por especialistas internacionais que apontam para uma mudan\u00e7a de postura dos Estados Unidos para evitar uma escalada.","og_url":"https:\/\/portaltela.pt\/noticias\/2026\/03\/27\/irao-passa-a-ser-temido-vitorino-explica-por-que-trump-adotou-a-via-negocial\/","og_site_name":"Portal Tela Portugal","article_published_time":"2026-03-27T16:20:00+00:00","author":"Telinha","twitter_card":"summary_large_image","twitter_misc":{"Escrito por":"Telinha","Tempo estimado de leitura":"2 minutos"},"schema":{"@context":"https:\/\/schema.org","@graph":[{"@type":"Article","@id":"https:\/\/portaltela.pt\/noticias\/2026\/03\/27\/irao-passa-a-ser-temido-vitorino-explica-por-que-trump-adotou-a-via-negocial\/#article","isPartOf":{"@id":"https:\/\/portaltela.pt\/noticias\/2026\/03\/27\/irao-passa-a-ser-temido-vitorino-explica-por-que-trump-adotou-a-via-negocial\/"},"author":{"name":"Telinha","@id":"https:\/\/portaltela.pt\/#\/schema\/person\/c4278d4a6028830caff9ee44b42d32ed"},"headline":"Ir\u00e3o passa a ser temido: Vitorino explica por que Trump adotou a via negocial","datePublished":"2026-03-27T16:20:00+00:00","mainEntityOfPage":{"@id":"https:\/\/portaltela.pt\/noticias\/2026\/03\/27\/irao-passa-a-ser-temido-vitorino-explica-por-que-trump-adotou-a-via-negocial\/"},"wordCount":350,"image":{"@id":"https:\/\/portaltela.pt\/noticias\/2026\/03\/27\/irao-passa-a-ser-temido-vitorino-explica-por-que-trump-adotou-a-via-negocial\/#primaryimage"},"thumbnailUrl":"https:\/\/portaltela.pt\/s.01k8rhncp4jt1\/2026\/03\/img_1280x722uu2026-03-27-12-34-00-2275096.jpg","keywords":["conflito","diplomacia","Estados Unidos","geopol\u00edtica","Ir\u00e3","S\u00edria"],"articleSection":["Conflitos","Geopol\u00edtica"],"inLanguage":"pt-PT"},{"@type":"WebPage","@id":"https:\/\/portaltela.pt\/noticias\/2026\/03\/27\/irao-passa-a-ser-temido-vitorino-explica-por-que-trump-adotou-a-via-negocial\/","url":"https:\/\/portaltela.pt\/noticias\/2026\/03\/27\/irao-passa-a-ser-temido-vitorino-explica-por-que-trump-adotou-a-via-negocial\/","name":"Ir\u00e3o passa a ser temido: Vitorino explica por que Trump adotou a via negocial - Portal Tela Portugal","isPartOf":{"@id":"https:\/\/portaltela.pt\/#website"},"primaryImageOfPage":{"@id":"https:\/\/portaltela.pt\/noticias\/2026\/03\/27\/irao-passa-a-ser-temido-vitorino-explica-por-que-trump-adotou-a-via-negocial\/#primaryimage"},"image":{"@id":"https:\/\/portaltela.pt\/noticias\/2026\/03\/27\/irao-passa-a-ser-temido-vitorino-explica-por-que-trump-adotou-a-via-negocial\/#primaryimage"},"thumbnailUrl":"https:\/\/portaltela.pt\/s.01k8rhncp4jt1\/2026\/03\/img_1280x722uu2026-03-27-12-34-00-2275096.jpg","datePublished":"2026-03-27T16:20:00+00:00","author":{"@id":"https:\/\/portaltela.pt\/#\/schema\/person\/c4278d4a6028830caff9ee44b42d32ed"},"breadcrumb":{"@id":"https:\/\/portaltela.pt\/noticias\/2026\/03\/27\/irao-passa-a-ser-temido-vitorino-explica-por-que-trump-adotou-a-via-negocial\/#breadcrumb"},"inLanguage":"pt-PT","potentialAction":[{"@type":"ReadAction","target":["https:\/\/portaltela.pt\/noticias\/2026\/03\/27\/irao-passa-a-ser-temido-vitorino-explica-por-que-trump-adotou-a-via-negocial\/"]}]},{"@type":"ImageObject","inLanguage":"pt-PT","@id":"https:\/\/portaltela.pt\/noticias\/2026\/03\/27\/irao-passa-a-ser-temido-vitorino-explica-por-que-trump-adotou-a-via-negocial\/#primaryimage","url":"https:\/\/portaltela.pt\/s.01k8rhncp4jt1\/2026\/03\/img_1280x722uu2026-03-27-12-34-00-2275096.jpg","contentUrl":"https:\/\/portaltela.pt\/s.01k8rhncp4jt1\/2026\/03\/img_1280x722uu2026-03-27-12-34-00-2275096.jpg","width":796,"height":448,"caption":"Imagem ilustrativa"},{"@type":"BreadcrumbList","@id":"https:\/\/portaltela.pt\/noticias\/2026\/03\/27\/irao-passa-a-ser-temido-vitorino-explica-por-que-trump-adotou-a-via-negocial\/#breadcrumb","itemListElement":[{"@type":"ListItem","position":1,"name":"In\u00edcio","item":"https:\/\/portaltela.pt\/"},{"@type":"ListItem","position":2,"name":"Ir\u00e3o passa a ser temido: Vitorino explica por que Trump adotou a via negocial"}]},{"@type":"WebSite","@id":"https:\/\/portaltela.pt\/#website","url":"https:\/\/portaltela.pt\/","name":"Portal Tela Portugal","description":"","potentialAction":[{"@type":"SearchAction","target":{"@type":"EntryPoint","urlTemplate":"https:\/\/portaltela.pt\/?s={search_term_string}"},"query-input":{"@type":"PropertyValueSpecification","valueRequired":true,"valueName":"search_term_string"}}],"inLanguage":"pt-PT"},{"@type":"Person","@id":"https:\/\/portaltela.pt\/#\/schema\/person\/c4278d4a6028830caff9ee44b42d32ed","name":"Telinha","image":{"@type":"ImageObject","inLanguage":"pt-PT","@id":"https:\/\/portaltela.pt\/s.01k8rhncp4jt1\/2025\/11\/talking-bot-125x125.png","url":"https:\/\/portaltela.pt\/s.01k8rhncp4jt1\/2025\/11\/talking-bot-125x125.png","contentUrl":"https:\/\/portaltela.pt\/s.01k8rhncp4jt1\/2025\/11\/talking-bot-125x125.png","caption":"Telinha"},"sameAs":["https:\/\/portaltela.pt\/"],"url":"https:\/\/portaltela.pt\/por\/367410592786\/"}]}},"_links":{"self":[{"href":"https:\/\/portaltela.pt\/api\/wp\/v2\/posts\/423971","targetHints":{"allow":["GET"]}}],"collection":[{"href":"https:\/\/portaltela.pt\/api\/wp\/v2\/posts"}],"about":[{"href":"https:\/\/portaltela.pt\/api\/wp\/v2\/types\/post"}],"author":[{"embeddable":true,"href":"https:\/\/portaltela.pt\/api\/wp\/v2\/users\/2"}],"replies":[{"embeddable":true,"href":"https:\/\/portaltela.pt\/api\/wp\/v2\/comments?post=423971"}],"version-history":[{"count":0,"href":"https:\/\/portaltela.pt\/api\/wp\/v2\/posts\/423971\/revisions"}],"wp:featuredmedia":[{"embeddable":true,"href":"https:\/\/portaltela.pt\/api\/wp\/v2\/media\/423974"}],"wp:attachment":[{"href":"https:\/\/portaltela.pt\/api\/wp\/v2\/media?parent=423971"}],"wp:term":[{"taxonomy":"category","embeddable":true,"href":"https:\/\/portaltela.pt\/api\/wp\/v2\/categories?post=423971"},{"taxonomy":"post_tag","embeddable":true,"href":"https:\/\/portaltela.pt\/api\/wp\/v2\/tags?post=423971"}],"curies":[{"name":"wp","href":"https:\/\/api.w.org\/{rel}","templated":true}]}}