{"id":423953,"date":"2026-03-27T13:05:00","date_gmt":"2026-03-27T16:05:00","guid":{"rendered":"https:\/\/portaltela.pt\/noticias\/2026\/03\/27\/medico-de-moita-suspeita-de-sofrimento-fetal-durante-atendimento-a-gravida\/"},"modified":"2026-03-27T13:05:00","modified_gmt":"2026-03-27T16:05:00","slug":"medico-de-moita-suspeita-de-sofrimento-fetal-durante-atendimento-a-gravida","status":"publish","type":"post","link":"https:\/\/portaltela.pt\/noticias\/2026\/03\/27\/medico-de-moita-suspeita-de-sofrimento-fetal-durante-atendimento-a-gravida\/","title":{"rendered":"M\u00e9dico de Moita suspeita de sofrimento fetal durante atendimento a gr\u00e1vida"},"content":{"rendered":"<p>O INEM informou que, na Moita, uma gr\u00e1vida com rutura de bolsa foi atendida. O CODU foi contactado \u00e0s 7:05. A m\u00e3e encontrava-se no Vale da Amoreira quando ocorreu o incidente.<\/p>\n<p>Cerca das 7:27, os Bombeiros Volunt\u00e1rios da Moita comunicaram ao CODU que a gr\u00e1vida estava est\u00e1vel, com rutura de bolsa e presen\u00e7a de mec\u00f3nio, o que alegou necessidade de avalia\u00e7\u00e3o por neonatologia.<\/p>\n<p>Ao chegar ao local, as contra\u00e7\u00f5es eram de intervalo inferior a cinco minutos. Face \u00e0 evolu\u00e7\u00e3o cl\u00ednica, a VMER do Barreiro foi acionada para transporte com suspeita de sofrimento fetal.<\/p>\n<h3>Transfer\u00eancia para Santa Maria<\/h3>\n<p>A gr\u00e1vida foi encaminhada para o Hospital de Santa Maria, devido \u00e0 falta de vagas ou constrangimentos nos blocos de parto da margem sul. O transporte decorreu com apoio de batedores.<\/p>\n<p>Fonte do Santa Maria confirmou que m\u00e3e e beb\u00e9 est\u00e3o bem. A informa\u00e7\u00e3o inicial indica que n\u00e3o houve indu\u00e7\u00e3o de parto nem cesariana programada para hoje.<\/p>\n","protected":false},"excerpt":{"rendered":"<ul>\n<li>O INEM informou que as \u00e1guas romperam por volta das 7:05 e o CODU foi contactado \u00e0s 7:05.<\/li>\n<li>Aos 7:08 horas foram acionados os Bombeiros Volunt\u00e1rios da Moita; \u00e0s 7:27 os bombeiros relataram que a gr\u00e1vida estava est\u00e1vel, com rutura de bolsa e presen\u00e7a de mec\u00f3nio, indicando necessidade de avalia\u00e7\u00e3o por neonatologia.<\/li>\n<li>O mec\u00f3nio significa que o beb\u00e9 eliminou fezes no \u00fatero, o que pode levar \u00e0 inala\u00e7\u00e3o da mistura e provocar infe\u00e7\u00e3o pulmonar grave.<\/li>\n<li>Devido \u00e0 evolu\u00e7\u00e3o do quadro, foi acionada a Viatura M\u00e9dica de Emerg\u00eancia e Reanima\u00e7\u00e3o (VMER) do Barreiro e a gr\u00e1vida foi transportada para o Hospital de Santa Maria, por falta de vagas ou constrangimentos nos blocos de parto da margem sul.<\/li>\n<li>O Santa Maria confirmou que m\u00e3e e beb\u00e9 est\u00e3o bem; o Barreiro tinha uma parturiente com parto marcado.<\/li>\n<\/ul>\n","protected":false},"author":2,"featured_media":423957,"comment_status":"closed","ping_status":"closed","sticky":false,"template":"","format":"standard","meta":{"footnotes":""},"categories":[7371,1],"tags":[2581,3569,2199,4737,192,4462],"class_list":["post-423953","post","type-post","status-publish","format-standard","has-post-thumbnail","hentry","category-medicina","category-noticias","tag-hospitais","tag-moita","tag-neonatologia","tag-partos","tag-transporte","tag-vmer"],"yoast_head":"<!-- This site is optimized with the Yoast SEO plugin v27.2 - https:\/\/yoast.com\/product\/yoast-seo-wordpress\/ -->\n<title>M\u00e9dico de Moita suspeita de sofrimento fetal durante atendimento a gr\u00e1vida - Portal Tela Portugal<\/title>\n<meta name=\"robots\" content=\"index, follow, max-snippet:-1, max-image-preview:large, max-video-preview:-1\" \/>\n<meta property=\"og:locale\" content=\"pt_PT\" \/>\n<meta property=\"og:type\" content=\"article\" \/>\n<meta property=\"og:title\" content=\"M\u00e9dico de Moita suspeita de sofrimento fetal durante atendimento a gr\u00e1vida - Portal Tela Portugal\" \/>\n<meta property=\"og:description\" content=\"O INEM informou que as \u00e1guas romperam por volta das 7:05 e o CODU foi contactado \u00e0s 7:05. Aos 7:08 horas foram acionados os Bombeiros Volunt\u00e1rios da Moita; \u00e0s 7:27 os bombeiros relataram que a gr\u00e1vida estava est\u00e1vel, com rutura de bolsa e presen\u00e7a de mec\u00f3nio, indicando necessidade de avalia\u00e7\u00e3o por neonatologia. O mec\u00f3nio significa que o beb\u00e9 eliminou fezes no \u00fatero, o que pode levar \u00e0 inala\u00e7\u00e3o da mistura e provocar infe\u00e7\u00e3o pulmonar grave. Devido \u00e0 evolu\u00e7\u00e3o do quadro, foi acionada a Viatura M\u00e9dica de Emerg\u00eancia e Reanima\u00e7\u00e3o (VMER) do Barreiro e a gr\u00e1vida foi transportada para o Hospital de Santa Maria, por falta de vagas ou constrangimentos nos blocos de parto da margem sul. O Santa Maria confirmou que m\u00e3e e beb\u00e9 est\u00e3o bem; o Barreiro tinha uma parturiente com parto marcado.\" \/>\n<meta property=\"og:url\" content=\"https:\/\/portaltela.pt\/noticias\/2026\/03\/27\/medico-de-moita-suspeita-de-sofrimento-fetal-durante-atendimento-a-gravida\/\" \/>\n<meta property=\"og:site_name\" content=\"Portal Tela Portugal\" \/>\n<meta property=\"article:published_time\" content=\"2026-03-27T16:05:00+00:00\" \/>\n<meta name=\"author\" content=\"Telinha\" \/>\n<meta name=\"twitter:card\" content=\"summary_large_image\" \/>\n<meta name=\"twitter:label1\" content=\"Escrito por\" \/>\n\t<meta name=\"twitter:data1\" content=\"Telinha\" \/>\n\t<meta name=\"twitter:label2\" content=\"Tempo estimado de leitura\" \/>\n\t<meta name=\"twitter:data2\" content=\"1 minuto\" \/>\n<script type=\"application\/ld+json\" class=\"yoast-schema-graph\">{\"@context\":\"https:\/\/schema.org\",\"@graph\":[{\"@type\":\"Article\",\"@id\":\"https:\/\/portaltela.pt\/noticias\/2026\/03\/27\/medico-de-moita-suspeita-de-sofrimento-fetal-durante-atendimento-a-gravida\/#article\",\"isPartOf\":{\"@id\":\"https:\/\/portaltela.pt\/noticias\/2026\/03\/27\/medico-de-moita-suspeita-de-sofrimento-fetal-durante-atendimento-a-gravida\/\"},\"author\":{\"name\":\"Telinha\",\"@id\":\"https:\/\/portaltela.pt\/#\/schema\/person\/c4278d4a6028830caff9ee44b42d32ed\"},\"headline\":\"M\u00e9dico de Moita suspeita de sofrimento fetal durante atendimento a gr\u00e1vida\",\"datePublished\":\"2026-03-27T16:05:00+00:00\",\"mainEntityOfPage\":{\"@id\":\"https:\/\/portaltela.pt\/noticias\/2026\/03\/27\/medico-de-moita-suspeita-de-sofrimento-fetal-durante-atendimento-a-gravida\/\"},\"wordCount\":181,\"image\":{\"@id\":\"https:\/\/portaltela.pt\/noticias\/2026\/03\/27\/medico-de-moita-suspeita-de-sofrimento-fetal-durante-atendimento-a-gravida\/#primaryimage\"},\"thumbnailUrl\":\"https:\/\/portaltela.pt\/s.01k8rhncp4jt1\/2026\/03\/b6bcf43e-f62c-4f68-87c3-e3d8dcc40f09_1200x675.jpg\",\"keywords\":[\"hospitais\",\"Moita\",\"Neonatologia\",\"Partos\",\"transporte\",\"VMER\"],\"articleSection\":[\"Medicina\",\"Not\u00edcias\"],\"inLanguage\":\"pt-PT\"},{\"@type\":\"WebPage\",\"@id\":\"https:\/\/portaltela.pt\/noticias\/2026\/03\/27\/medico-de-moita-suspeita-de-sofrimento-fetal-durante-atendimento-a-gravida\/\",\"url\":\"https:\/\/portaltela.pt\/noticias\/2026\/03\/27\/medico-de-moita-suspeita-de-sofrimento-fetal-durante-atendimento-a-gravida\/\",\"name\":\"M\u00e9dico de Moita suspeita de sofrimento fetal durante atendimento a gr\u00e1vida - Portal Tela Portugal\",\"isPartOf\":{\"@id\":\"https:\/\/portaltela.pt\/#website\"},\"primaryImageOfPage\":{\"@id\":\"https:\/\/portaltela.pt\/noticias\/2026\/03\/27\/medico-de-moita-suspeita-de-sofrimento-fetal-durante-atendimento-a-gravida\/#primaryimage\"},\"image\":{\"@id\":\"https:\/\/portaltela.pt\/noticias\/2026\/03\/27\/medico-de-moita-suspeita-de-sofrimento-fetal-durante-atendimento-a-gravida\/#primaryimage\"},\"thumbnailUrl\":\"https:\/\/portaltela.pt\/s.01k8rhncp4jt1\/2026\/03\/b6bcf43e-f62c-4f68-87c3-e3d8dcc40f09_1200x675.jpg\",\"datePublished\":\"2026-03-27T16:05:00+00:00\",\"author\":{\"@id\":\"https:\/\/portaltela.pt\/#\/schema\/person\/c4278d4a6028830caff9ee44b42d32ed\"},\"breadcrumb\":{\"@id\":\"https:\/\/portaltela.pt\/noticias\/2026\/03\/27\/medico-de-moita-suspeita-de-sofrimento-fetal-durante-atendimento-a-gravida\/#breadcrumb\"},\"inLanguage\":\"pt-PT\",\"potentialAction\":[{\"@type\":\"ReadAction\",\"target\":[\"https:\/\/portaltela.pt\/noticias\/2026\/03\/27\/medico-de-moita-suspeita-de-sofrimento-fetal-durante-atendimento-a-gravida\/\"]}]},{\"@type\":\"ImageObject\",\"inLanguage\":\"pt-PT\",\"@id\":\"https:\/\/portaltela.pt\/noticias\/2026\/03\/27\/medico-de-moita-suspeita-de-sofrimento-fetal-durante-atendimento-a-gravida\/#primaryimage\",\"url\":\"https:\/\/portaltela.pt\/s.01k8rhncp4jt1\/2026\/03\/b6bcf43e-f62c-4f68-87c3-e3d8dcc40f09_1200x675.jpg\",\"contentUrl\":\"https:\/\/portaltela.pt\/s.01k8rhncp4jt1\/2026\/03\/b6bcf43e-f62c-4f68-87c3-e3d8dcc40f09_1200x675.jpg\",\"width\":796,\"height\":448,\"caption\":\"Gr\u00e1vida que teve o beb\u00e9 antes de entrar na urg\u00eancia do Hospital Santa Maria n\u00e3o tinha parto agendado\"},{\"@type\":\"BreadcrumbList\",\"@id\":\"https:\/\/portaltela.pt\/noticias\/2026\/03\/27\/medico-de-moita-suspeita-de-sofrimento-fetal-durante-atendimento-a-gravida\/#breadcrumb\",\"itemListElement\":[{\"@type\":\"ListItem\",\"position\":1,\"name\":\"In\u00edcio\",\"item\":\"https:\/\/portaltela.pt\/\"},{\"@type\":\"ListItem\",\"position\":2,\"name\":\"M\u00e9dico de Moita suspeita de sofrimento fetal durante atendimento a gr\u00e1vida\"}]},{\"@type\":\"WebSite\",\"@id\":\"https:\/\/portaltela.pt\/#website\",\"url\":\"https:\/\/portaltela.pt\/\",\"name\":\"Portal Tela Portugal\",\"description\":\"\",\"potentialAction\":[{\"@type\":\"SearchAction\",\"target\":{\"@type\":\"EntryPoint\",\"urlTemplate\":\"https:\/\/portaltela.pt\/?s={search_term_string}\"},\"query-input\":{\"@type\":\"PropertyValueSpecification\",\"valueRequired\":true,\"valueName\":\"search_term_string\"}}],\"inLanguage\":\"pt-PT\"},{\"@type\":\"Person\",\"@id\":\"https:\/\/portaltela.pt\/#\/schema\/person\/c4278d4a6028830caff9ee44b42d32ed\",\"name\":\"Telinha\",\"image\":{\"@type\":\"ImageObject\",\"inLanguage\":\"pt-PT\",\"@id\":\"https:\/\/portaltela.pt\/s.01k8rhncp4jt1\/2025\/11\/talking-bot-125x125.png\",\"url\":\"https:\/\/portaltela.pt\/s.01k8rhncp4jt1\/2025\/11\/talking-bot-125x125.png\",\"contentUrl\":\"https:\/\/portaltela.pt\/s.01k8rhncp4jt1\/2025\/11\/talking-bot-125x125.png\",\"caption\":\"Telinha\"},\"sameAs\":[\"https:\/\/portaltela.pt\/\"],\"url\":\"https:\/\/portaltela.pt\/por\/367410592786\/\"}]}<\/script>\n<!-- \/ Yoast SEO plugin. -->","yoast_head_json":{"title":"M\u00e9dico de Moita suspeita de sofrimento fetal durante atendimento a gr\u00e1vida - Portal Tela Portugal","robots":{"index":"index","follow":"follow","max-snippet":"max-snippet:-1","max-image-preview":"max-image-preview:large","max-video-preview":"max-video-preview:-1"},"og_locale":"pt_PT","og_type":"article","og_title":"M\u00e9dico de Moita suspeita de sofrimento fetal durante atendimento a gr\u00e1vida - Portal Tela Portugal","og_description":"O INEM informou que as \u00e1guas romperam por volta das 7:05 e o CODU foi contactado \u00e0s 7:05. Aos 7:08 horas foram acionados os Bombeiros Volunt\u00e1rios da Moita; \u00e0s 7:27 os bombeiros relataram que a gr\u00e1vida estava est\u00e1vel, com rutura de bolsa e presen\u00e7a de mec\u00f3nio, indicando necessidade de avalia\u00e7\u00e3o por neonatologia. O mec\u00f3nio significa que o beb\u00e9 eliminou fezes no \u00fatero, o que pode levar \u00e0 inala\u00e7\u00e3o da mistura e provocar infe\u00e7\u00e3o pulmonar grave. Devido \u00e0 evolu\u00e7\u00e3o do quadro, foi acionada a Viatura M\u00e9dica de Emerg\u00eancia e Reanima\u00e7\u00e3o (VMER) do Barreiro e a gr\u00e1vida foi transportada para o Hospital de Santa Maria, por falta de vagas ou constrangimentos nos blocos de parto da margem sul. O Santa Maria confirmou que m\u00e3e e beb\u00e9 est\u00e3o bem; o Barreiro tinha uma parturiente com parto marcado.","og_url":"https:\/\/portaltela.pt\/noticias\/2026\/03\/27\/medico-de-moita-suspeita-de-sofrimento-fetal-durante-atendimento-a-gravida\/","og_site_name":"Portal Tela Portugal","article_published_time":"2026-03-27T16:05:00+00:00","author":"Telinha","twitter_card":"summary_large_image","twitter_misc":{"Escrito por":"Telinha","Tempo estimado de leitura":"1 minuto"},"schema":{"@context":"https:\/\/schema.org","@graph":[{"@type":"Article","@id":"https:\/\/portaltela.pt\/noticias\/2026\/03\/27\/medico-de-moita-suspeita-de-sofrimento-fetal-durante-atendimento-a-gravida\/#article","isPartOf":{"@id":"https:\/\/portaltela.pt\/noticias\/2026\/03\/27\/medico-de-moita-suspeita-de-sofrimento-fetal-durante-atendimento-a-gravida\/"},"author":{"name":"Telinha","@id":"https:\/\/portaltela.pt\/#\/schema\/person\/c4278d4a6028830caff9ee44b42d32ed"},"headline":"M\u00e9dico de Moita suspeita de sofrimento fetal durante atendimento a gr\u00e1vida","datePublished":"2026-03-27T16:05:00+00:00","mainEntityOfPage":{"@id":"https:\/\/portaltela.pt\/noticias\/2026\/03\/27\/medico-de-moita-suspeita-de-sofrimento-fetal-durante-atendimento-a-gravida\/"},"wordCount":181,"image":{"@id":"https:\/\/portaltela.pt\/noticias\/2026\/03\/27\/medico-de-moita-suspeita-de-sofrimento-fetal-durante-atendimento-a-gravida\/#primaryimage"},"thumbnailUrl":"https:\/\/portaltela.pt\/s.01k8rhncp4jt1\/2026\/03\/b6bcf43e-f62c-4f68-87c3-e3d8dcc40f09_1200x675.jpg","keywords":["hospitais","Moita","Neonatologia","Partos","transporte","VMER"],"articleSection":["Medicina","Not\u00edcias"],"inLanguage":"pt-PT"},{"@type":"WebPage","@id":"https:\/\/portaltela.pt\/noticias\/2026\/03\/27\/medico-de-moita-suspeita-de-sofrimento-fetal-durante-atendimento-a-gravida\/","url":"https:\/\/portaltela.pt\/noticias\/2026\/03\/27\/medico-de-moita-suspeita-de-sofrimento-fetal-durante-atendimento-a-gravida\/","name":"M\u00e9dico de Moita suspeita de sofrimento fetal durante atendimento a gr\u00e1vida - Portal Tela Portugal","isPartOf":{"@id":"https:\/\/portaltela.pt\/#website"},"primaryImageOfPage":{"@id":"https:\/\/portaltela.pt\/noticias\/2026\/03\/27\/medico-de-moita-suspeita-de-sofrimento-fetal-durante-atendimento-a-gravida\/#primaryimage"},"image":{"@id":"https:\/\/portaltela.pt\/noticias\/2026\/03\/27\/medico-de-moita-suspeita-de-sofrimento-fetal-durante-atendimento-a-gravida\/#primaryimage"},"thumbnailUrl":"https:\/\/portaltela.pt\/s.01k8rhncp4jt1\/2026\/03\/b6bcf43e-f62c-4f68-87c3-e3d8dcc40f09_1200x675.jpg","datePublished":"2026-03-27T16:05:00+00:00","author":{"@id":"https:\/\/portaltela.pt\/#\/schema\/person\/c4278d4a6028830caff9ee44b42d32ed"},"breadcrumb":{"@id":"https:\/\/portaltela.pt\/noticias\/2026\/03\/27\/medico-de-moita-suspeita-de-sofrimento-fetal-durante-atendimento-a-gravida\/#breadcrumb"},"inLanguage":"pt-PT","potentialAction":[{"@type":"ReadAction","target":["https:\/\/portaltela.pt\/noticias\/2026\/03\/27\/medico-de-moita-suspeita-de-sofrimento-fetal-durante-atendimento-a-gravida\/"]}]},{"@type":"ImageObject","inLanguage":"pt-PT","@id":"https:\/\/portaltela.pt\/noticias\/2026\/03\/27\/medico-de-moita-suspeita-de-sofrimento-fetal-durante-atendimento-a-gravida\/#primaryimage","url":"https:\/\/portaltela.pt\/s.01k8rhncp4jt1\/2026\/03\/b6bcf43e-f62c-4f68-87c3-e3d8dcc40f09_1200x675.jpg","contentUrl":"https:\/\/portaltela.pt\/s.01k8rhncp4jt1\/2026\/03\/b6bcf43e-f62c-4f68-87c3-e3d8dcc40f09_1200x675.jpg","width":796,"height":448,"caption":"Gr\u00e1vida que teve o beb\u00e9 antes de entrar na urg\u00eancia do Hospital Santa Maria n\u00e3o tinha parto agendado"},{"@type":"BreadcrumbList","@id":"https:\/\/portaltela.pt\/noticias\/2026\/03\/27\/medico-de-moita-suspeita-de-sofrimento-fetal-durante-atendimento-a-gravida\/#breadcrumb","itemListElement":[{"@type":"ListItem","position":1,"name":"In\u00edcio","item":"https:\/\/portaltela.pt\/"},{"@type":"ListItem","position":2,"name":"M\u00e9dico de Moita suspeita de sofrimento fetal durante atendimento a gr\u00e1vida"}]},{"@type":"WebSite","@id":"https:\/\/portaltela.pt\/#website","url":"https:\/\/portaltela.pt\/","name":"Portal Tela Portugal","description":"","potentialAction":[{"@type":"SearchAction","target":{"@type":"EntryPoint","urlTemplate":"https:\/\/portaltela.pt\/?s={search_term_string}"},"query-input":{"@type":"PropertyValueSpecification","valueRequired":true,"valueName":"search_term_string"}}],"inLanguage":"pt-PT"},{"@type":"Person","@id":"https:\/\/portaltela.pt\/#\/schema\/person\/c4278d4a6028830caff9ee44b42d32ed","name":"Telinha","image":{"@type":"ImageObject","inLanguage":"pt-PT","@id":"https:\/\/portaltela.pt\/s.01k8rhncp4jt1\/2025\/11\/talking-bot-125x125.png","url":"https:\/\/portaltela.pt\/s.01k8rhncp4jt1\/2025\/11\/talking-bot-125x125.png","contentUrl":"https:\/\/portaltela.pt\/s.01k8rhncp4jt1\/2025\/11\/talking-bot-125x125.png","caption":"Telinha"},"sameAs":["https:\/\/portaltela.pt\/"],"url":"https:\/\/portaltela.pt\/por\/367410592786\/"}]}},"_links":{"self":[{"href":"https:\/\/portaltela.pt\/api\/wp\/v2\/posts\/423953","targetHints":{"allow":["GET"]}}],"collection":[{"href":"https:\/\/portaltela.pt\/api\/wp\/v2\/posts"}],"about":[{"href":"https:\/\/portaltela.pt\/api\/wp\/v2\/types\/post"}],"author":[{"embeddable":true,"href":"https:\/\/portaltela.pt\/api\/wp\/v2\/users\/2"}],"replies":[{"embeddable":true,"href":"https:\/\/portaltela.pt\/api\/wp\/v2\/comments?post=423953"}],"version-history":[{"count":0,"href":"https:\/\/portaltela.pt\/api\/wp\/v2\/posts\/423953\/revisions"}],"wp:featuredmedia":[{"embeddable":true,"href":"https:\/\/portaltela.pt\/api\/wp\/v2\/media\/423957"}],"wp:attachment":[{"href":"https:\/\/portaltela.pt\/api\/wp\/v2\/media?parent=423953"}],"wp:term":[{"taxonomy":"category","embeddable":true,"href":"https:\/\/portaltela.pt\/api\/wp\/v2\/categories?post=423953"},{"taxonomy":"post_tag","embeddable":true,"href":"https:\/\/portaltela.pt\/api\/wp\/v2\/tags?post=423953"}],"curies":[{"name":"wp","href":"https:\/\/api.w.org\/{rel}","templated":true}]}}