{"id":423948,"date":"2026-03-27T13:17:17","date_gmt":"2026-03-27T16:17:17","guid":{"rendered":"https:\/\/portaltela.pt\/noticias\/2026\/03\/27\/libano-alerta-sobre-operacoes-israelitas-e-possiveis-consequencias\/"},"modified":"2026-03-27T13:17:17","modified_gmt":"2026-03-27T16:17:17","slug":"libano-alerta-sobre-operacoes-israelitas-e-possiveis-consequencias","status":"publish","type":"post","link":"https:\/\/portaltela.pt\/guerra\/2026\/03\/27\/libano-alerta-sobre-operacoes-israelitas-e-possiveis-consequencias\/","title":{"rendered":"L\u00edbano alerta sobre opera\u00e7\u00f5es israelitas e poss\u00edveis consequ\u00eancias"},"content":{"rendered":"<p>Ghassan Salam\u00e9, ministro da Cultura do L\u00edbano, descreveu as a\u00e7\u00f5es de Israel no sul do pa\u00eds como uma invas\u00e3o, num recorte feito no programa matinal Europe Today, da Euronews. A afirma\u00e7\u00e3o surge num contexto de escalada que tem como marco a entrada numa guerra regional mais ampla, com Hezbollah e for\u00e7as israelitas envolvidas.<\/p>\n<p>O L\u00edbano afirma que mais de um milh\u00e3o de pessoas j\u00e1 foi deslocado internamente e que mais de 1.000 perderam a vida desde o in\u00edcio do conflito. Entre as v\u00edtimas est\u00e3o profissionais de ajuda humanit\u00e1ria. O governo liban\u00eas promete levar o caso ao Conselho de Seguran\u00e7a da ONU.<\/p>\n<p>Salam\u00e9 disse \u00e0 Euronews que a situa\u00e7\u00e3o evoluiu para uma fase de maior risco, destacando uma poss\u00edvel zona tamp\u00e3o ao sul do rio Litani que poderia resultar na ocupa\u00e7\u00e3o territorial a longo prazo. A destrui\u00e7\u00e3o de aldeias no sul agrava a devasta\u00e7\u00e3o, impedindo o regresso de civis.<\/p>\n<p>Segundo o ministro, as consequ\u00eancias humanit\u00e1rias s\u00e3o graves, com mais de 1,1 milh\u00e3o de deslocados, o que corresponde a cerca de 20% da popula\u00e7\u00e3o libanesa. Ambul\u00e2ncias e caravanas de ajuda foram alvejadas, dificultando a assist\u00eancia.<\/p>\n<p>A fronteira entre o L\u00edbano e o sul de Israel, habitada principalmente por mu\u00e7ulmanos xiitas, permanece tensa, com o Hezbollah a responder a ataques com disparos de m\u00edsseis no norte de Israel. As baixas civis tamb\u00e9m foram registadas em territ\u00f3rio israelita.<\/p>\n<p>O governo liban\u00eas criou mais de 700 abrigos para acolher os deslocados, mas o acesso \u00e0 ajuda continua complicado pela intensidade dos combates entre as duas for\u00e7as. As opera\u00e7\u00f5es de socorro enfrentam ainda riscos adicionais.<\/p>\n<p>O L\u00edbano indicou ainda que procurou abrir um canal diplom\u00e1tico: o presidente apresentou propostas de negocia\u00e7\u00f5es com Israel h\u00e1 semanas, mas n\u00e3o obteve resposta at\u00e9 ao momento.<\/p>\n","protected":false},"excerpt":{"rendered":"<ul>\n<li>O ministro da Cultura do L\u00edbano, Ghassan Salam\u00e9, afirmou que as a\u00e7\u00f5es de Israel no sul do pa\u00eds constituem uma invas\u00e3o, com aldeias destru\u00eddas e mais de 1 milh\u00e3o de pessoas deslocadas.<\/li>\n<li>A conflagra\u00e7\u00e3o come\u00e7ou ap\u00f3s a Hezbollah, apoiada pelo Ir\u00e3o, disparar m\u00edsseis contra Israel no in\u00edcio de mar\u00e7o, levando a mais de mil mortos e a deslocamentos internos de mais de um milh\u00e3o, segundo a ONU.<\/li>\n<li>O L\u00edbano acusa Israel de amea\u00e7ar a soberania do pa\u00eds e vai apresentar uma queixa ao Conselho de Seguran\u00e7a das Na\u00e7\u00f5es Unidas.<\/li>\n<li>Salam\u00e9 disse que a fase atual \u00e9 mais perigosa, com planos de uma zona tamp\u00e3o a sul do rio Litani que podem representar uma apropria\u00e7\u00e3o territorial a longo prazo, e aldeias inteiras a serem destru\u00eddas.<\/li>\n<li>A ajuda humanit\u00e1ria enfrenta obst\u00e1culos, com ambul\u00e2ncias e caravanas atacadas; o governo j\u00e1 criou mais de setecentos abrigos, e h\u00e1 combates entre o Hezbollah e o ex\u00e9rcito israelita, com baixas em ambos os lados.<\/li>\n<\/ul>\n","protected":false},"author":2,"featured_media":423950,"comment_status":"closed","ping_status":"closed","sticky":false,"template":"","format":"standard","meta":{"footnotes":""},"categories":[6790,6804],"tags":[2792,3462,3708,6635,5123,3786],"class_list":["post-423948","post","type-post","status-publish","format-standard","has-post-thumbnail","hentry","category-conflitos","category-guerra","tag-conflito-internacional","tag-conselho-de-seguranca","tag-israel","tag-libano","tag-onu","tag-refugiados-internos"],"yoast_head":"<!-- This site is optimized with the Yoast SEO plugin v27.2 - https:\/\/yoast.com\/product\/yoast-seo-wordpress\/ -->\n<title>L\u00edbano alerta sobre opera\u00e7\u00f5es israelitas e poss\u00edveis consequ\u00eancias - Portal Tela Portugal<\/title>\n<meta name=\"robots\" content=\"index, follow, max-snippet:-1, max-image-preview:large, max-video-preview:-1\" \/>\n<meta property=\"og:locale\" content=\"pt_PT\" \/>\n<meta property=\"og:type\" content=\"article\" \/>\n<meta property=\"og:title\" content=\"L\u00edbano alerta sobre opera\u00e7\u00f5es israelitas e poss\u00edveis consequ\u00eancias - Portal Tela Portugal\" \/>\n<meta property=\"og:description\" content=\"O ministro da Cultura do L\u00edbano, Ghassan Salam\u00e9, afirmou que as a\u00e7\u00f5es de Israel no sul do pa\u00eds constituem uma invas\u00e3o, com aldeias destru\u00eddas e mais de 1 milh\u00e3o de pessoas deslocadas. A conflagra\u00e7\u00e3o come\u00e7ou ap\u00f3s a Hezbollah, apoiada pelo Ir\u00e3o, disparar m\u00edsseis contra Israel no in\u00edcio de mar\u00e7o, levando a mais de mil mortos e a deslocamentos internos de mais de um milh\u00e3o, segundo a ONU. O L\u00edbano acusa Israel de amea\u00e7ar a soberania do pa\u00eds e vai apresentar uma queixa ao Conselho de Seguran\u00e7a das Na\u00e7\u00f5es Unidas. Salam\u00e9 disse que a fase atual \u00e9 mais perigosa, com planos de uma zona tamp\u00e3o a sul do rio Litani que podem representar uma apropria\u00e7\u00e3o territorial a longo prazo, e aldeias inteiras a serem destru\u00eddas. A ajuda humanit\u00e1ria enfrenta obst\u00e1culos, com ambul\u00e2ncias e caravanas atacadas; o governo j\u00e1 criou mais de setecentos abrigos, e h\u00e1 combates entre o Hezbollah e o ex\u00e9rcito israelita, com baixas em ambos os lados.\" \/>\n<meta property=\"og:url\" content=\"https:\/\/portaltela.pt\/noticias\/2026\/03\/27\/libano-alerta-sobre-operacoes-israelitas-e-possiveis-consequencias\/\" \/>\n<meta property=\"og:site_name\" content=\"Portal Tela Portugal\" \/>\n<meta property=\"article:published_time\" content=\"2026-03-27T16:17:17+00:00\" \/>\n<meta name=\"author\" content=\"Telinha\" \/>\n<meta name=\"twitter:card\" content=\"summary_large_image\" \/>\n<meta name=\"twitter:label1\" content=\"Escrito por\" \/>\n\t<meta name=\"twitter:data1\" content=\"Telinha\" \/>\n\t<meta name=\"twitter:label2\" content=\"Tempo estimado de leitura\" \/>\n\t<meta name=\"twitter:data2\" content=\"2 minutos\" \/>\n<script type=\"application\/ld+json\" class=\"yoast-schema-graph\">{\"@context\":\"https:\/\/schema.org\",\"@graph\":[{\"@type\":\"Article\",\"@id\":\"https:\/\/portaltela.pt\/noticias\/2026\/03\/27\/libano-alerta-sobre-operacoes-israelitas-e-possiveis-consequencias\/#article\",\"isPartOf\":{\"@id\":\"https:\/\/portaltela.pt\/noticias\/2026\/03\/27\/libano-alerta-sobre-operacoes-israelitas-e-possiveis-consequencias\/\"},\"author\":{\"name\":\"Telinha\",\"@id\":\"https:\/\/portaltela.pt\/#\/schema\/person\/c4278d4a6028830caff9ee44b42d32ed\"},\"headline\":\"L\u00edbano alerta sobre opera\u00e7\u00f5es israelitas e poss\u00edveis consequ\u00eancias\",\"datePublished\":\"2026-03-27T16:17:17+00:00\",\"mainEntityOfPage\":{\"@id\":\"https:\/\/portaltela.pt\/noticias\/2026\/03\/27\/libano-alerta-sobre-operacoes-israelitas-e-possiveis-consequencias\/\"},\"wordCount\":331,\"image\":{\"@id\":\"https:\/\/portaltela.pt\/noticias\/2026\/03\/27\/libano-alerta-sobre-operacoes-israelitas-e-possiveis-consequencias\/#primaryimage\"},\"thumbnailUrl\":\"https:\/\/portaltela.pt\/s.01k8rhncp4jt1\/2026\/03\/1536x864_cmsv2_acb0080a-28be-5c57-8fea-2379458ed1fe-9700297.jpg\",\"keywords\":[\"conflito internacional\",\"Conselho de Seguran\u00e7a\",\"Israel\",\"L\u00edbano\",\"ONU\",\"refugiados internos\"],\"articleSection\":[\"Conflitos\",\"Guerra\"],\"inLanguage\":\"pt-PT\"},{\"@type\":\"WebPage\",\"@id\":\"https:\/\/portaltela.pt\/noticias\/2026\/03\/27\/libano-alerta-sobre-operacoes-israelitas-e-possiveis-consequencias\/\",\"url\":\"https:\/\/portaltela.pt\/noticias\/2026\/03\/27\/libano-alerta-sobre-operacoes-israelitas-e-possiveis-consequencias\/\",\"name\":\"L\u00edbano alerta sobre opera\u00e7\u00f5es israelitas e poss\u00edveis consequ\u00eancias - Portal Tela Portugal\",\"isPartOf\":{\"@id\":\"https:\/\/portaltela.pt\/#website\"},\"primaryImageOfPage\":{\"@id\":\"https:\/\/portaltela.pt\/noticias\/2026\/03\/27\/libano-alerta-sobre-operacoes-israelitas-e-possiveis-consequencias\/#primaryimage\"},\"image\":{\"@id\":\"https:\/\/portaltela.pt\/noticias\/2026\/03\/27\/libano-alerta-sobre-operacoes-israelitas-e-possiveis-consequencias\/#primaryimage\"},\"thumbnailUrl\":\"https:\/\/portaltela.pt\/s.01k8rhncp4jt1\/2026\/03\/1536x864_cmsv2_acb0080a-28be-5c57-8fea-2379458ed1fe-9700297.jpg\",\"datePublished\":\"2026-03-27T16:17:17+00:00\",\"author\":{\"@id\":\"https:\/\/portaltela.pt\/#\/schema\/person\/c4278d4a6028830caff9ee44b42d32ed\"},\"breadcrumb\":{\"@id\":\"https:\/\/portaltela.pt\/noticias\/2026\/03\/27\/libano-alerta-sobre-operacoes-israelitas-e-possiveis-consequencias\/#breadcrumb\"},\"inLanguage\":\"pt-PT\",\"potentialAction\":[{\"@type\":\"ReadAction\",\"target\":[\"https:\/\/portaltela.pt\/noticias\/2026\/03\/27\/libano-alerta-sobre-operacoes-israelitas-e-possiveis-consequencias\/\"]}]},{\"@type\":\"ImageObject\",\"inLanguage\":\"pt-PT\",\"@id\":\"https:\/\/portaltela.pt\/noticias\/2026\/03\/27\/libano-alerta-sobre-operacoes-israelitas-e-possiveis-consequencias\/#primaryimage\",\"url\":\"https:\/\/portaltela.pt\/s.01k8rhncp4jt1\/2026\/03\/1536x864_cmsv2_acb0080a-28be-5c57-8fea-2379458ed1fe-9700297.jpg\",\"contentUrl\":\"https:\/\/portaltela.pt\/s.01k8rhncp4jt1\/2026\/03\/1536x864_cmsv2_acb0080a-28be-5c57-8fea-2379458ed1fe-9700297.jpg\",\"width\":796,\"height\":448,\"caption\":\"Ghassan Salam\u00e9, Ministro da Cultura do L\u00edbano\"},{\"@type\":\"BreadcrumbList\",\"@id\":\"https:\/\/portaltela.pt\/noticias\/2026\/03\/27\/libano-alerta-sobre-operacoes-israelitas-e-possiveis-consequencias\/#breadcrumb\",\"itemListElement\":[{\"@type\":\"ListItem\",\"position\":1,\"name\":\"In\u00edcio\",\"item\":\"https:\/\/portaltela.pt\/\"},{\"@type\":\"ListItem\",\"position\":2,\"name\":\"L\u00edbano alerta sobre opera\u00e7\u00f5es israelitas e poss\u00edveis consequ\u00eancias\"}]},{\"@type\":\"WebSite\",\"@id\":\"https:\/\/portaltela.pt\/#website\",\"url\":\"https:\/\/portaltela.pt\/\",\"name\":\"Portal Tela Portugal\",\"description\":\"\",\"potentialAction\":[{\"@type\":\"SearchAction\",\"target\":{\"@type\":\"EntryPoint\",\"urlTemplate\":\"https:\/\/portaltela.pt\/?s={search_term_string}\"},\"query-input\":{\"@type\":\"PropertyValueSpecification\",\"valueRequired\":true,\"valueName\":\"search_term_string\"}}],\"inLanguage\":\"pt-PT\"},{\"@type\":\"Person\",\"@id\":\"https:\/\/portaltela.pt\/#\/schema\/person\/c4278d4a6028830caff9ee44b42d32ed\",\"name\":\"Telinha\",\"image\":{\"@type\":\"ImageObject\",\"inLanguage\":\"pt-PT\",\"@id\":\"https:\/\/portaltela.pt\/s.01k8rhncp4jt1\/2025\/11\/talking-bot-125x125.png\",\"url\":\"https:\/\/portaltela.pt\/s.01k8rhncp4jt1\/2025\/11\/talking-bot-125x125.png\",\"contentUrl\":\"https:\/\/portaltela.pt\/s.01k8rhncp4jt1\/2025\/11\/talking-bot-125x125.png\",\"caption\":\"Telinha\"},\"sameAs\":[\"https:\/\/portaltela.pt\/\"],\"url\":\"https:\/\/portaltela.pt\/por\/367410592786\/\"}]}<\/script>\n<!-- \/ Yoast SEO plugin. -->","yoast_head_json":{"title":"L\u00edbano alerta sobre opera\u00e7\u00f5es israelitas e poss\u00edveis consequ\u00eancias - Portal Tela Portugal","robots":{"index":"index","follow":"follow","max-snippet":"max-snippet:-1","max-image-preview":"max-image-preview:large","max-video-preview":"max-video-preview:-1"},"og_locale":"pt_PT","og_type":"article","og_title":"L\u00edbano alerta sobre opera\u00e7\u00f5es israelitas e poss\u00edveis consequ\u00eancias - Portal Tela Portugal","og_description":"O ministro da Cultura do L\u00edbano, Ghassan Salam\u00e9, afirmou que as a\u00e7\u00f5es de Israel no sul do pa\u00eds constituem uma invas\u00e3o, com aldeias destru\u00eddas e mais de 1 milh\u00e3o de pessoas deslocadas. A conflagra\u00e7\u00e3o come\u00e7ou ap\u00f3s a Hezbollah, apoiada pelo Ir\u00e3o, disparar m\u00edsseis contra Israel no in\u00edcio de mar\u00e7o, levando a mais de mil mortos e a deslocamentos internos de mais de um milh\u00e3o, segundo a ONU. O L\u00edbano acusa Israel de amea\u00e7ar a soberania do pa\u00eds e vai apresentar uma queixa ao Conselho de Seguran\u00e7a das Na\u00e7\u00f5es Unidas. Salam\u00e9 disse que a fase atual \u00e9 mais perigosa, com planos de uma zona tamp\u00e3o a sul do rio Litani que podem representar uma apropria\u00e7\u00e3o territorial a longo prazo, e aldeias inteiras a serem destru\u00eddas. A ajuda humanit\u00e1ria enfrenta obst\u00e1culos, com ambul\u00e2ncias e caravanas atacadas; o governo j\u00e1 criou mais de setecentos abrigos, e h\u00e1 combates entre o Hezbollah e o ex\u00e9rcito israelita, com baixas em ambos os lados.","og_url":"https:\/\/portaltela.pt\/noticias\/2026\/03\/27\/libano-alerta-sobre-operacoes-israelitas-e-possiveis-consequencias\/","og_site_name":"Portal Tela Portugal","article_published_time":"2026-03-27T16:17:17+00:00","author":"Telinha","twitter_card":"summary_large_image","twitter_misc":{"Escrito por":"Telinha","Tempo estimado de leitura":"2 minutos"},"schema":{"@context":"https:\/\/schema.org","@graph":[{"@type":"Article","@id":"https:\/\/portaltela.pt\/noticias\/2026\/03\/27\/libano-alerta-sobre-operacoes-israelitas-e-possiveis-consequencias\/#article","isPartOf":{"@id":"https:\/\/portaltela.pt\/noticias\/2026\/03\/27\/libano-alerta-sobre-operacoes-israelitas-e-possiveis-consequencias\/"},"author":{"name":"Telinha","@id":"https:\/\/portaltela.pt\/#\/schema\/person\/c4278d4a6028830caff9ee44b42d32ed"},"headline":"L\u00edbano alerta sobre opera\u00e7\u00f5es israelitas e poss\u00edveis consequ\u00eancias","datePublished":"2026-03-27T16:17:17+00:00","mainEntityOfPage":{"@id":"https:\/\/portaltela.pt\/noticias\/2026\/03\/27\/libano-alerta-sobre-operacoes-israelitas-e-possiveis-consequencias\/"},"wordCount":331,"image":{"@id":"https:\/\/portaltela.pt\/noticias\/2026\/03\/27\/libano-alerta-sobre-operacoes-israelitas-e-possiveis-consequencias\/#primaryimage"},"thumbnailUrl":"https:\/\/portaltela.pt\/s.01k8rhncp4jt1\/2026\/03\/1536x864_cmsv2_acb0080a-28be-5c57-8fea-2379458ed1fe-9700297.jpg","keywords":["conflito internacional","Conselho de Seguran\u00e7a","Israel","L\u00edbano","ONU","refugiados internos"],"articleSection":["Conflitos","Guerra"],"inLanguage":"pt-PT"},{"@type":"WebPage","@id":"https:\/\/portaltela.pt\/noticias\/2026\/03\/27\/libano-alerta-sobre-operacoes-israelitas-e-possiveis-consequencias\/","url":"https:\/\/portaltela.pt\/noticias\/2026\/03\/27\/libano-alerta-sobre-operacoes-israelitas-e-possiveis-consequencias\/","name":"L\u00edbano alerta sobre opera\u00e7\u00f5es israelitas e poss\u00edveis consequ\u00eancias - Portal Tela Portugal","isPartOf":{"@id":"https:\/\/portaltela.pt\/#website"},"primaryImageOfPage":{"@id":"https:\/\/portaltela.pt\/noticias\/2026\/03\/27\/libano-alerta-sobre-operacoes-israelitas-e-possiveis-consequencias\/#primaryimage"},"image":{"@id":"https:\/\/portaltela.pt\/noticias\/2026\/03\/27\/libano-alerta-sobre-operacoes-israelitas-e-possiveis-consequencias\/#primaryimage"},"thumbnailUrl":"https:\/\/portaltela.pt\/s.01k8rhncp4jt1\/2026\/03\/1536x864_cmsv2_acb0080a-28be-5c57-8fea-2379458ed1fe-9700297.jpg","datePublished":"2026-03-27T16:17:17+00:00","author":{"@id":"https:\/\/portaltela.pt\/#\/schema\/person\/c4278d4a6028830caff9ee44b42d32ed"},"breadcrumb":{"@id":"https:\/\/portaltela.pt\/noticias\/2026\/03\/27\/libano-alerta-sobre-operacoes-israelitas-e-possiveis-consequencias\/#breadcrumb"},"inLanguage":"pt-PT","potentialAction":[{"@type":"ReadAction","target":["https:\/\/portaltela.pt\/noticias\/2026\/03\/27\/libano-alerta-sobre-operacoes-israelitas-e-possiveis-consequencias\/"]}]},{"@type":"ImageObject","inLanguage":"pt-PT","@id":"https:\/\/portaltela.pt\/noticias\/2026\/03\/27\/libano-alerta-sobre-operacoes-israelitas-e-possiveis-consequencias\/#primaryimage","url":"https:\/\/portaltela.pt\/s.01k8rhncp4jt1\/2026\/03\/1536x864_cmsv2_acb0080a-28be-5c57-8fea-2379458ed1fe-9700297.jpg","contentUrl":"https:\/\/portaltela.pt\/s.01k8rhncp4jt1\/2026\/03\/1536x864_cmsv2_acb0080a-28be-5c57-8fea-2379458ed1fe-9700297.jpg","width":796,"height":448,"caption":"Ghassan Salam\u00e9, Ministro da Cultura do L\u00edbano"},{"@type":"BreadcrumbList","@id":"https:\/\/portaltela.pt\/noticias\/2026\/03\/27\/libano-alerta-sobre-operacoes-israelitas-e-possiveis-consequencias\/#breadcrumb","itemListElement":[{"@type":"ListItem","position":1,"name":"In\u00edcio","item":"https:\/\/portaltela.pt\/"},{"@type":"ListItem","position":2,"name":"L\u00edbano alerta sobre opera\u00e7\u00f5es israelitas e poss\u00edveis consequ\u00eancias"}]},{"@type":"WebSite","@id":"https:\/\/portaltela.pt\/#website","url":"https:\/\/portaltela.pt\/","name":"Portal Tela Portugal","description":"","potentialAction":[{"@type":"SearchAction","target":{"@type":"EntryPoint","urlTemplate":"https:\/\/portaltela.pt\/?s={search_term_string}"},"query-input":{"@type":"PropertyValueSpecification","valueRequired":true,"valueName":"search_term_string"}}],"inLanguage":"pt-PT"},{"@type":"Person","@id":"https:\/\/portaltela.pt\/#\/schema\/person\/c4278d4a6028830caff9ee44b42d32ed","name":"Telinha","image":{"@type":"ImageObject","inLanguage":"pt-PT","@id":"https:\/\/portaltela.pt\/s.01k8rhncp4jt1\/2025\/11\/talking-bot-125x125.png","url":"https:\/\/portaltela.pt\/s.01k8rhncp4jt1\/2025\/11\/talking-bot-125x125.png","contentUrl":"https:\/\/portaltela.pt\/s.01k8rhncp4jt1\/2025\/11\/talking-bot-125x125.png","caption":"Telinha"},"sameAs":["https:\/\/portaltela.pt\/"],"url":"https:\/\/portaltela.pt\/por\/367410592786\/"}]}},"_links":{"self":[{"href":"https:\/\/portaltela.pt\/api\/wp\/v2\/posts\/423948","targetHints":{"allow":["GET"]}}],"collection":[{"href":"https:\/\/portaltela.pt\/api\/wp\/v2\/posts"}],"about":[{"href":"https:\/\/portaltela.pt\/api\/wp\/v2\/types\/post"}],"author":[{"embeddable":true,"href":"https:\/\/portaltela.pt\/api\/wp\/v2\/users\/2"}],"replies":[{"embeddable":true,"href":"https:\/\/portaltela.pt\/api\/wp\/v2\/comments?post=423948"}],"version-history":[{"count":0,"href":"https:\/\/portaltela.pt\/api\/wp\/v2\/posts\/423948\/revisions"}],"wp:featuredmedia":[{"embeddable":true,"href":"https:\/\/portaltela.pt\/api\/wp\/v2\/media\/423950"}],"wp:attachment":[{"href":"https:\/\/portaltela.pt\/api\/wp\/v2\/media?parent=423948"}],"wp:term":[{"taxonomy":"category","embeddable":true,"href":"https:\/\/portaltela.pt\/api\/wp\/v2\/categories?post=423948"},{"taxonomy":"post_tag","embeddable":true,"href":"https:\/\/portaltela.pt\/api\/wp\/v2\/tags?post=423948"}],"curies":[{"name":"wp","href":"https:\/\/api.w.org\/{rel}","templated":true}]}}