{"id":423939,"date":"2026-03-27T13:00:44","date_gmt":"2026-03-27T16:00:44","guid":{"rendered":"https:\/\/portaltela.pt\/noticias\/2026\/03\/27\/familia-pode-ser-retirada-de-casa-apos-derrocada-na-madeira\/"},"modified":"2026-03-27T13:00:44","modified_gmt":"2026-03-27T16:00:44","slug":"familia-pode-ser-retirada-de-casa-apos-derrocada-na-madeira","status":"publish","type":"post","link":"https:\/\/portaltela.pt\/tempo\/2026\/03\/27\/familia-pode-ser-retirada-de-casa-apos-derrocada-na-madeira\/","title":{"rendered":"Fam\u00edlia pode ser retirada de casa ap\u00f3s derrocada na Madeira"},"content":{"rendered":"<p>Uma fam\u00edlia pode ser retirada da habita\u00e7\u00e3o onde reside no Curral das Freiras, C\u00e2mara de Lobos, devido a uma derrocada de grandes dimens\u00f5es ocorrida hoje na freguesia, no interior da Madeira. A decis\u00e3o depende de uma avalia\u00e7\u00e3o t\u00e9cnica em curso.<\/p>\n<p>O presidente da C\u00e2mara Municipal de C\u00e2mara de Lobos, Celso Bettencourt, explicou \u00e0 Lusa que a casa n\u00e3o est\u00e1 neste momento em risco, mas poder\u00e1 ser necess\u00e1ria a desloca\u00e7\u00e3o da fam\u00edlia para outro local por precau\u00e7\u00e3o. A avalia\u00e7\u00e3o est\u00e1 a cargo dos servi\u00e7os competentes.<\/p>\n<p>A derrocada ocorreu numa vertente da Seara Velha, sem registo de v\u00edtimas ou danos em habita\u00e7\u00f5es. O leito da Ribeira dos Socorridos ficou parcialmente obstru\u00eddo, mas a passagem de \u00e1gua permanece assegurada.<\/p>\n<p>O Servi\u00e7o Regional de Prote\u00e7\u00e3o Civil da Madeira indicou estar preparado para refor\u00e7ar as opera\u00e7\u00f5es, se necess\u00e1rio. A avalia\u00e7\u00e3o de risco est\u00e1 a ser conduzida pelo Laborat\u00f3rio Regional de Engenharia Civil e pela Hidr\u00e1ulica, entidades t\u00e9cnicas envolvidas no estudo.<\/p>\n<p>Richard Marques, presidente do Servi\u00e7o Regional de Prote\u00e7\u00e3o Civil, afirmou que a situa\u00e7\u00e3o est\u00e1 devidamente acautelada. O foco atual \u00e9 manter as pessoas informadas e monitorizar a evolu\u00e7\u00e3o do risco de derrocada.<\/p>\n<p>A Junta de Freguesia tem acompanhado o caso, bem como o servi\u00e7o municipal de prote\u00e7\u00e3o civil. Autoridades destacam que, neste momento, o impacto n\u00e3o exige medidas de maior alarme, mas mant\u00eam vigil\u00e2ncia constante.<\/p>\n","protected":false},"excerpt":{"rendered":"<ul>\n<li>Uma derrocada de grandes dimens\u00f5es ocorreu esta sexta-feira numa vertente do Seara Velha, no Curral das Freiras, concelho de C\u00e2mara de Lobos, Madeira.<\/li>\n<li>Pode ser necess\u00e1ria a retirada de uma fam\u00edlia da habita\u00e7\u00e3o por precau\u00e7\u00e3o; a casa n\u00e3o est\u00e1 de momento em risco, segundo o presidente da C\u00e2mara, Celso Bettencourt.<\/li>\n<li>N\u00e3o houve v\u00edtimas nem danos em habita\u00e7\u00f5es; o leito da Ribeira dos Socorridos ficou parcialmente obstru\u00eddo, sem impedir a passagem de \u00e1gua.<\/li>\n<li>O Laborat\u00f3rio Regional de Engenharia Civil e a Hidr\u00e1ulica est\u00e3o a avaliar a situa\u00e7\u00e3o; o Servi\u00e7o Regional de Prote\u00e7\u00e3o Civil prepara poss\u00edvel refor\u00e7o das opera\u00e7\u00f5es.<\/li>\n<li>A situa\u00e7\u00e3o est\u00e1 acautelada, com a junta de freguesia e o servi\u00e7o municipal de prote\u00e7\u00e3o civil a atuar; o presidente do SRPC, Richard Marques, indicou que est\u00e1 sob monitoriza\u00e7\u00e3o.<\/li>\n<\/ul>\n","protected":false},"author":2,"featured_media":423941,"comment_status":"closed","ping_status":"closed","sticky":false,"template":"","format":"standard","meta":{"footnotes":""},"categories":[7365],"tags":[5449,4409,5928,150,859,320],"class_list":["post-423939","post","type-post","status-publish","format-standard","has-post-thumbnail","hentry","category-tempo","tag-camara-municipal","tag-derrocadas","tag-emergencia","tag-habitacao","tag-madeira","tag-protecao-civil"],"yoast_head":"<!-- This site is optimized with the Yoast SEO plugin v27.2 - https:\/\/yoast.com\/product\/yoast-seo-wordpress\/ -->\n<title>Fam\u00edlia pode ser retirada de casa ap\u00f3s derrocada na Madeira - Portal Tela Portugal<\/title>\n<meta name=\"robots\" content=\"index, follow, max-snippet:-1, max-image-preview:large, max-video-preview:-1\" \/>\n<meta property=\"og:locale\" content=\"pt_PT\" \/>\n<meta property=\"og:type\" content=\"article\" \/>\n<meta property=\"og:title\" content=\"Fam\u00edlia pode ser retirada de casa ap\u00f3s derrocada na Madeira - Portal Tela Portugal\" \/>\n<meta property=\"og:description\" content=\"Uma derrocada de grandes dimens\u00f5es ocorreu esta sexta-feira numa vertente do Seara Velha, no Curral das Freiras, concelho de C\u00e2mara de Lobos, Madeira. Pode ser necess\u00e1ria a retirada de uma fam\u00edlia da habita\u00e7\u00e3o por precau\u00e7\u00e3o; a casa n\u00e3o est\u00e1 de momento em risco, segundo o presidente da C\u00e2mara, Celso Bettencourt. N\u00e3o houve v\u00edtimas nem danos em habita\u00e7\u00f5es; o leito da Ribeira dos Socorridos ficou parcialmente obstru\u00eddo, sem impedir a passagem de \u00e1gua. O Laborat\u00f3rio Regional de Engenharia Civil e a Hidr\u00e1ulica est\u00e3o a avaliar a situa\u00e7\u00e3o; o Servi\u00e7o Regional de Prote\u00e7\u00e3o Civil prepara poss\u00edvel refor\u00e7o das opera\u00e7\u00f5es. A situa\u00e7\u00e3o est\u00e1 acautelada, com a junta de freguesia e o servi\u00e7o municipal de prote\u00e7\u00e3o civil a atuar; o presidente do SRPC, Richard Marques, indicou que est\u00e1 sob monitoriza\u00e7\u00e3o.\" \/>\n<meta property=\"og:url\" content=\"https:\/\/portaltela.pt\/noticias\/2026\/03\/27\/familia-pode-ser-retirada-de-casa-apos-derrocada-na-madeira\/\" \/>\n<meta property=\"og:site_name\" content=\"Portal Tela Portugal\" \/>\n<meta property=\"article:published_time\" content=\"2026-03-27T16:00:44+00:00\" \/>\n<meta name=\"author\" content=\"Telinha\" \/>\n<meta name=\"twitter:card\" content=\"summary_large_image\" \/>\n<meta name=\"twitter:label1\" content=\"Escrito por\" \/>\n\t<meta name=\"twitter:data1\" content=\"Telinha\" \/>\n\t<meta name=\"twitter:label2\" content=\"Tempo estimado de leitura\" \/>\n\t<meta name=\"twitter:data2\" content=\"1 minuto\" \/>\n<script type=\"application\/ld+json\" class=\"yoast-schema-graph\">{\"@context\":\"https:\/\/schema.org\",\"@graph\":[{\"@type\":\"Article\",\"@id\":\"https:\/\/portaltela.pt\/noticias\/2026\/03\/27\/familia-pode-ser-retirada-de-casa-apos-derrocada-na-madeira\/#article\",\"isPartOf\":{\"@id\":\"https:\/\/portaltela.pt\/noticias\/2026\/03\/27\/familia-pode-ser-retirada-de-casa-apos-derrocada-na-madeira\/\"},\"author\":{\"name\":\"Telinha\",\"@id\":\"https:\/\/portaltela.pt\/#\/schema\/person\/c4278d4a6028830caff9ee44b42d32ed\"},\"headline\":\"Fam\u00edlia pode ser retirada de casa ap\u00f3s derrocada na Madeira\",\"datePublished\":\"2026-03-27T16:00:44+00:00\",\"mainEntityOfPage\":{\"@id\":\"https:\/\/portaltela.pt\/noticias\/2026\/03\/27\/familia-pode-ser-retirada-de-casa-apos-derrocada-na-madeira\/\"},\"wordCount\":267,\"image\":{\"@id\":\"https:\/\/portaltela.pt\/noticias\/2026\/03\/27\/familia-pode-ser-retirada-de-casa-apos-derrocada-na-madeira\/#primaryimage\"},\"thumbnailUrl\":\"https:\/\/portaltela.pt\/s.01k8rhncp4jt1\/2026\/03\/img_1500x1000uu2026-03-27-12-16-18-2275094.jpg\",\"keywords\":[\"C\u00e2mara Municipal\",\"derrocadas\",\"emerg\u00eancia\",\"habita\u00e7\u00e3o\",\"Madeira\",\"prote\u00e7\u00e3o civil\"],\"articleSection\":[\"Tempo\"],\"inLanguage\":\"pt-PT\"},{\"@type\":\"WebPage\",\"@id\":\"https:\/\/portaltela.pt\/noticias\/2026\/03\/27\/familia-pode-ser-retirada-de-casa-apos-derrocada-na-madeira\/\",\"url\":\"https:\/\/portaltela.pt\/noticias\/2026\/03\/27\/familia-pode-ser-retirada-de-casa-apos-derrocada-na-madeira\/\",\"name\":\"Fam\u00edlia pode ser retirada de casa ap\u00f3s derrocada na Madeira - Portal Tela Portugal\",\"isPartOf\":{\"@id\":\"https:\/\/portaltela.pt\/#website\"},\"primaryImageOfPage\":{\"@id\":\"https:\/\/portaltela.pt\/noticias\/2026\/03\/27\/familia-pode-ser-retirada-de-casa-apos-derrocada-na-madeira\/#primaryimage\"},\"image\":{\"@id\":\"https:\/\/portaltela.pt\/noticias\/2026\/03\/27\/familia-pode-ser-retirada-de-casa-apos-derrocada-na-madeira\/#primaryimage\"},\"thumbnailUrl\":\"https:\/\/portaltela.pt\/s.01k8rhncp4jt1\/2026\/03\/img_1500x1000uu2026-03-27-12-16-18-2275094.jpg\",\"datePublished\":\"2026-03-27T16:00:44+00:00\",\"author\":{\"@id\":\"https:\/\/portaltela.pt\/#\/schema\/person\/c4278d4a6028830caff9ee44b42d32ed\"},\"breadcrumb\":{\"@id\":\"https:\/\/portaltela.pt\/noticias\/2026\/03\/27\/familia-pode-ser-retirada-de-casa-apos-derrocada-na-madeira\/#breadcrumb\"},\"inLanguage\":\"pt-PT\",\"potentialAction\":[{\"@type\":\"ReadAction\",\"target\":[\"https:\/\/portaltela.pt\/noticias\/2026\/03\/27\/familia-pode-ser-retirada-de-casa-apos-derrocada-na-madeira\/\"]}]},{\"@type\":\"ImageObject\",\"inLanguage\":\"pt-PT\",\"@id\":\"https:\/\/portaltela.pt\/noticias\/2026\/03\/27\/familia-pode-ser-retirada-de-casa-apos-derrocada-na-madeira\/#primaryimage\",\"url\":\"https:\/\/portaltela.pt\/s.01k8rhncp4jt1\/2026\/03\/img_1500x1000uu2026-03-27-12-16-18-2275094.jpg\",\"contentUrl\":\"https:\/\/portaltela.pt\/s.01k8rhncp4jt1\/2026\/03\/img_1500x1000uu2026-03-27-12-16-18-2275094.jpg\",\"width\":796,\"height\":448,\"caption\":\"Fam\u00edlia pode ser retirada de casa devido a grande derrocada na Madeira\"},{\"@type\":\"BreadcrumbList\",\"@id\":\"https:\/\/portaltela.pt\/noticias\/2026\/03\/27\/familia-pode-ser-retirada-de-casa-apos-derrocada-na-madeira\/#breadcrumb\",\"itemListElement\":[{\"@type\":\"ListItem\",\"position\":1,\"name\":\"In\u00edcio\",\"item\":\"https:\/\/portaltela.pt\/\"},{\"@type\":\"ListItem\",\"position\":2,\"name\":\"Fam\u00edlia pode ser retirada de casa ap\u00f3s derrocada na Madeira\"}]},{\"@type\":\"WebSite\",\"@id\":\"https:\/\/portaltela.pt\/#website\",\"url\":\"https:\/\/portaltela.pt\/\",\"name\":\"Portal Tela Portugal\",\"description\":\"\",\"potentialAction\":[{\"@type\":\"SearchAction\",\"target\":{\"@type\":\"EntryPoint\",\"urlTemplate\":\"https:\/\/portaltela.pt\/?s={search_term_string}\"},\"query-input\":{\"@type\":\"PropertyValueSpecification\",\"valueRequired\":true,\"valueName\":\"search_term_string\"}}],\"inLanguage\":\"pt-PT\"},{\"@type\":\"Person\",\"@id\":\"https:\/\/portaltela.pt\/#\/schema\/person\/c4278d4a6028830caff9ee44b42d32ed\",\"name\":\"Telinha\",\"image\":{\"@type\":\"ImageObject\",\"inLanguage\":\"pt-PT\",\"@id\":\"https:\/\/portaltela.pt\/s.01k8rhncp4jt1\/2025\/11\/talking-bot-125x125.png\",\"url\":\"https:\/\/portaltela.pt\/s.01k8rhncp4jt1\/2025\/11\/talking-bot-125x125.png\",\"contentUrl\":\"https:\/\/portaltela.pt\/s.01k8rhncp4jt1\/2025\/11\/talking-bot-125x125.png\",\"caption\":\"Telinha\"},\"sameAs\":[\"https:\/\/portaltela.pt\/\"],\"url\":\"https:\/\/portaltela.pt\/por\/367410592786\/\"}]}<\/script>\n<!-- \/ Yoast SEO plugin. -->","yoast_head_json":{"title":"Fam\u00edlia pode ser retirada de casa ap\u00f3s derrocada na Madeira - Portal Tela Portugal","robots":{"index":"index","follow":"follow","max-snippet":"max-snippet:-1","max-image-preview":"max-image-preview:large","max-video-preview":"max-video-preview:-1"},"og_locale":"pt_PT","og_type":"article","og_title":"Fam\u00edlia pode ser retirada de casa ap\u00f3s derrocada na Madeira - Portal Tela Portugal","og_description":"Uma derrocada de grandes dimens\u00f5es ocorreu esta sexta-feira numa vertente do Seara Velha, no Curral das Freiras, concelho de C\u00e2mara de Lobos, Madeira. Pode ser necess\u00e1ria a retirada de uma fam\u00edlia da habita\u00e7\u00e3o por precau\u00e7\u00e3o; a casa n\u00e3o est\u00e1 de momento em risco, segundo o presidente da C\u00e2mara, Celso Bettencourt. N\u00e3o houve v\u00edtimas nem danos em habita\u00e7\u00f5es; o leito da Ribeira dos Socorridos ficou parcialmente obstru\u00eddo, sem impedir a passagem de \u00e1gua. O Laborat\u00f3rio Regional de Engenharia Civil e a Hidr\u00e1ulica est\u00e3o a avaliar a situa\u00e7\u00e3o; o Servi\u00e7o Regional de Prote\u00e7\u00e3o Civil prepara poss\u00edvel refor\u00e7o das opera\u00e7\u00f5es. A situa\u00e7\u00e3o est\u00e1 acautelada, com a junta de freguesia e o servi\u00e7o municipal de prote\u00e7\u00e3o civil a atuar; o presidente do SRPC, Richard Marques, indicou que est\u00e1 sob monitoriza\u00e7\u00e3o.","og_url":"https:\/\/portaltela.pt\/noticias\/2026\/03\/27\/familia-pode-ser-retirada-de-casa-apos-derrocada-na-madeira\/","og_site_name":"Portal Tela Portugal","article_published_time":"2026-03-27T16:00:44+00:00","author":"Telinha","twitter_card":"summary_large_image","twitter_misc":{"Escrito por":"Telinha","Tempo estimado de leitura":"1 minuto"},"schema":{"@context":"https:\/\/schema.org","@graph":[{"@type":"Article","@id":"https:\/\/portaltela.pt\/noticias\/2026\/03\/27\/familia-pode-ser-retirada-de-casa-apos-derrocada-na-madeira\/#article","isPartOf":{"@id":"https:\/\/portaltela.pt\/noticias\/2026\/03\/27\/familia-pode-ser-retirada-de-casa-apos-derrocada-na-madeira\/"},"author":{"name":"Telinha","@id":"https:\/\/portaltela.pt\/#\/schema\/person\/c4278d4a6028830caff9ee44b42d32ed"},"headline":"Fam\u00edlia pode ser retirada de casa ap\u00f3s derrocada na Madeira","datePublished":"2026-03-27T16:00:44+00:00","mainEntityOfPage":{"@id":"https:\/\/portaltela.pt\/noticias\/2026\/03\/27\/familia-pode-ser-retirada-de-casa-apos-derrocada-na-madeira\/"},"wordCount":267,"image":{"@id":"https:\/\/portaltela.pt\/noticias\/2026\/03\/27\/familia-pode-ser-retirada-de-casa-apos-derrocada-na-madeira\/#primaryimage"},"thumbnailUrl":"https:\/\/portaltela.pt\/s.01k8rhncp4jt1\/2026\/03\/img_1500x1000uu2026-03-27-12-16-18-2275094.jpg","keywords":["C\u00e2mara Municipal","derrocadas","emerg\u00eancia","habita\u00e7\u00e3o","Madeira","prote\u00e7\u00e3o civil"],"articleSection":["Tempo"],"inLanguage":"pt-PT"},{"@type":"WebPage","@id":"https:\/\/portaltela.pt\/noticias\/2026\/03\/27\/familia-pode-ser-retirada-de-casa-apos-derrocada-na-madeira\/","url":"https:\/\/portaltela.pt\/noticias\/2026\/03\/27\/familia-pode-ser-retirada-de-casa-apos-derrocada-na-madeira\/","name":"Fam\u00edlia pode ser retirada de casa ap\u00f3s derrocada na Madeira - Portal Tela Portugal","isPartOf":{"@id":"https:\/\/portaltela.pt\/#website"},"primaryImageOfPage":{"@id":"https:\/\/portaltela.pt\/noticias\/2026\/03\/27\/familia-pode-ser-retirada-de-casa-apos-derrocada-na-madeira\/#primaryimage"},"image":{"@id":"https:\/\/portaltela.pt\/noticias\/2026\/03\/27\/familia-pode-ser-retirada-de-casa-apos-derrocada-na-madeira\/#primaryimage"},"thumbnailUrl":"https:\/\/portaltela.pt\/s.01k8rhncp4jt1\/2026\/03\/img_1500x1000uu2026-03-27-12-16-18-2275094.jpg","datePublished":"2026-03-27T16:00:44+00:00","author":{"@id":"https:\/\/portaltela.pt\/#\/schema\/person\/c4278d4a6028830caff9ee44b42d32ed"},"breadcrumb":{"@id":"https:\/\/portaltela.pt\/noticias\/2026\/03\/27\/familia-pode-ser-retirada-de-casa-apos-derrocada-na-madeira\/#breadcrumb"},"inLanguage":"pt-PT","potentialAction":[{"@type":"ReadAction","target":["https:\/\/portaltela.pt\/noticias\/2026\/03\/27\/familia-pode-ser-retirada-de-casa-apos-derrocada-na-madeira\/"]}]},{"@type":"ImageObject","inLanguage":"pt-PT","@id":"https:\/\/portaltela.pt\/noticias\/2026\/03\/27\/familia-pode-ser-retirada-de-casa-apos-derrocada-na-madeira\/#primaryimage","url":"https:\/\/portaltela.pt\/s.01k8rhncp4jt1\/2026\/03\/img_1500x1000uu2026-03-27-12-16-18-2275094.jpg","contentUrl":"https:\/\/portaltela.pt\/s.01k8rhncp4jt1\/2026\/03\/img_1500x1000uu2026-03-27-12-16-18-2275094.jpg","width":796,"height":448,"caption":"Fam\u00edlia pode ser retirada de casa devido a grande derrocada na Madeira"},{"@type":"BreadcrumbList","@id":"https:\/\/portaltela.pt\/noticias\/2026\/03\/27\/familia-pode-ser-retirada-de-casa-apos-derrocada-na-madeira\/#breadcrumb","itemListElement":[{"@type":"ListItem","position":1,"name":"In\u00edcio","item":"https:\/\/portaltela.pt\/"},{"@type":"ListItem","position":2,"name":"Fam\u00edlia pode ser retirada de casa ap\u00f3s derrocada na Madeira"}]},{"@type":"WebSite","@id":"https:\/\/portaltela.pt\/#website","url":"https:\/\/portaltela.pt\/","name":"Portal Tela Portugal","description":"","potentialAction":[{"@type":"SearchAction","target":{"@type":"EntryPoint","urlTemplate":"https:\/\/portaltela.pt\/?s={search_term_string}"},"query-input":{"@type":"PropertyValueSpecification","valueRequired":true,"valueName":"search_term_string"}}],"inLanguage":"pt-PT"},{"@type":"Person","@id":"https:\/\/portaltela.pt\/#\/schema\/person\/c4278d4a6028830caff9ee44b42d32ed","name":"Telinha","image":{"@type":"ImageObject","inLanguage":"pt-PT","@id":"https:\/\/portaltela.pt\/s.01k8rhncp4jt1\/2025\/11\/talking-bot-125x125.png","url":"https:\/\/portaltela.pt\/s.01k8rhncp4jt1\/2025\/11\/talking-bot-125x125.png","contentUrl":"https:\/\/portaltela.pt\/s.01k8rhncp4jt1\/2025\/11\/talking-bot-125x125.png","caption":"Telinha"},"sameAs":["https:\/\/portaltela.pt\/"],"url":"https:\/\/portaltela.pt\/por\/367410592786\/"}]}},"_links":{"self":[{"href":"https:\/\/portaltela.pt\/api\/wp\/v2\/posts\/423939","targetHints":{"allow":["GET"]}}],"collection":[{"href":"https:\/\/portaltela.pt\/api\/wp\/v2\/posts"}],"about":[{"href":"https:\/\/portaltela.pt\/api\/wp\/v2\/types\/post"}],"author":[{"embeddable":true,"href":"https:\/\/portaltela.pt\/api\/wp\/v2\/users\/2"}],"replies":[{"embeddable":true,"href":"https:\/\/portaltela.pt\/api\/wp\/v2\/comments?post=423939"}],"version-history":[{"count":0,"href":"https:\/\/portaltela.pt\/api\/wp\/v2\/posts\/423939\/revisions"}],"wp:featuredmedia":[{"embeddable":true,"href":"https:\/\/portaltela.pt\/api\/wp\/v2\/media\/423941"}],"wp:attachment":[{"href":"https:\/\/portaltela.pt\/api\/wp\/v2\/media?parent=423939"}],"wp:term":[{"taxonomy":"category","embeddable":true,"href":"https:\/\/portaltela.pt\/api\/wp\/v2\/categories?post=423939"},{"taxonomy":"post_tag","embeddable":true,"href":"https:\/\/portaltela.pt\/api\/wp\/v2\/tags?post=423939"}],"curies":[{"name":"wp","href":"https:\/\/api.w.org\/{rel}","templated":true}]}}