{"id":423917,"date":"2026-03-27T12:58:31","date_gmt":"2026-03-27T15:58:31","guid":{"rendered":"https:\/\/portaltela.pt\/noticias\/2026\/03\/27\/rosinha-apresenta-novo-tema-no-programa-ola-bom-dia\/"},"modified":"2026-03-27T12:58:31","modified_gmt":"2026-03-27T15:58:31","slug":"rosinha-apresenta-novo-tema-no-programa-ola-bom-dia","status":"publish","type":"post","link":"https:\/\/portaltela.pt\/noticias\/2026\/03\/27\/rosinha-apresenta-novo-tema-no-programa-ola-bom-dia\/","title":{"rendered":"Rosinha apresenta novo tema no programa Ol\u00e1 Bom Dia"},"content":{"rendered":"<p>No dia 27 de mar\u00e7o de 2026, Rosinha apresentou um novo tema no programa Ol\u00e1 Bom Dia, da CMTV, animando a manh\u00e3 dos telespectadores. A artista cantou pela primeira vez a faixa <strong>Eu gosto do pil\u00e3o<\/strong>.<\/p>\n<p>A atua\u00e7\u00e3o ocorreu durante a emiss\u00e3o matinal, inserida no formato habitual do est\u00fadio e com a apresenta\u00e7\u00e3o a acompanhar a performance. N\u00e3o houve altera\u00e7\u00f5es significativas no cen\u00e1rio do programa.<\/p>\n<p>A apresenta\u00e7\u00e3o insere-se numa estrat\u00e9gia de promo\u00e7\u00e3o da artista, com a faixa a receber divulga\u00e7\u00e3o e poss\u00edveis apari\u00e7\u00f5es adicionais nas pr\u00f3ximas edi\u00e7\u00f5es do programa.<\/p>\n","protected":false},"excerpt":{"rendered":"<ul>\n<li>A cantora Rosinha apresentou um novo tema no programa Ol\u00e1 Bom dia, da CMTV.<\/li>\n<li>A atua\u00e7\u00e3o ocorreu na manh\u00e3 de hoje, 27 de mar\u00e7o de 2026.<\/li>\n<li>Rosinha interpretou a nova m\u00fasica intitulada \u201cEu gosto do pil\u00e3o\u201d.<\/li>\n<li>O momento ocorreu durante a emiss\u00e3o do programa da manh\u00e3.<\/li>\n<\/ul>\n","protected":false},"author":2,"featured_media":423919,"comment_status":"closed","ping_status":"closed","sticky":false,"template":"","format":"standard","meta":{"footnotes":""},"categories":[6676,1],"tags":[5957,6163,3259,122,41,7409],"class_list":["post-423917","post","type-post","status-publish","format-standard","has-post-thumbnail","hentry","category-musica","category-noticias","tag-apresentadores","tag-cantores","tag-celebidades","tag-musica","tag-noticia","tag-televisoes"],"yoast_head":"<!-- This site is optimized with the Yoast SEO plugin v27.2 - https:\/\/yoast.com\/product\/yoast-seo-wordpress\/ -->\n<title>Rosinha apresenta novo tema no programa Ol\u00e1 Bom Dia - Portal Tela Portugal<\/title>\n<meta name=\"robots\" content=\"index, follow, max-snippet:-1, max-image-preview:large, max-video-preview:-1\" \/>\n<meta property=\"og:locale\" content=\"pt_PT\" \/>\n<meta property=\"og:type\" content=\"article\" \/>\n<meta property=\"og:title\" content=\"Rosinha apresenta novo tema no programa Ol\u00e1 Bom Dia - Portal Tela Portugal\" \/>\n<meta property=\"og:description\" content=\"A cantora Rosinha apresentou um novo tema no programa Ol\u00e1 Bom dia, da CMTV. A atua\u00e7\u00e3o ocorreu na manh\u00e3 de hoje, 27 de mar\u00e7o de 2026. Rosinha interpretou a nova m\u00fasica intitulada \u201cEu gosto do pil\u00e3o\u201d. O momento ocorreu durante a emiss\u00e3o do programa da manh\u00e3.\" \/>\n<meta property=\"og:url\" content=\"https:\/\/portaltela.pt\/noticias\/2026\/03\/27\/rosinha-apresenta-novo-tema-no-programa-ola-bom-dia\/\" \/>\n<meta property=\"og:site_name\" content=\"Portal Tela Portugal\" \/>\n<meta property=\"article:published_time\" content=\"2026-03-27T15:58:31+00:00\" \/>\n<meta name=\"author\" content=\"Telinha\" \/>\n<meta name=\"twitter:card\" content=\"summary_large_image\" \/>\n<meta name=\"twitter:label1\" content=\"Escrito por\" \/>\n\t<meta name=\"twitter:data1\" content=\"Telinha\" \/>\n\t<meta name=\"twitter:label2\" content=\"Tempo estimado de leitura\" \/>\n\t<meta name=\"twitter:data2\" content=\"1 minuto\" \/>\n<script type=\"application\/ld+json\" class=\"yoast-schema-graph\">{\"@context\":\"https:\/\/schema.org\",\"@graph\":[{\"@type\":\"Article\",\"@id\":\"https:\/\/portaltela.pt\/noticias\/2026\/03\/27\/rosinha-apresenta-novo-tema-no-programa-ola-bom-dia\/#article\",\"isPartOf\":{\"@id\":\"https:\/\/portaltela.pt\/noticias\/2026\/03\/27\/rosinha-apresenta-novo-tema-no-programa-ola-bom-dia\/\"},\"author\":{\"name\":\"Telinha\",\"@id\":\"https:\/\/portaltela.pt\/#\/schema\/person\/c4278d4a6028830caff9ee44b42d32ed\"},\"headline\":\"Rosinha apresenta novo tema no programa Ol\u00e1 Bom Dia\",\"datePublished\":\"2026-03-27T15:58:31+00:00\",\"mainEntityOfPage\":{\"@id\":\"https:\/\/portaltela.pt\/noticias\/2026\/03\/27\/rosinha-apresenta-novo-tema-no-programa-ola-bom-dia\/\"},\"wordCount\":113,\"image\":{\"@id\":\"https:\/\/portaltela.pt\/noticias\/2026\/03\/27\/rosinha-apresenta-novo-tema-no-programa-ola-bom-dia\/#primaryimage\"},\"thumbnailUrl\":\"https:\/\/portaltela.pt\/s.01k8rhncp4jt1\/2026\/03\/img_1280x722uu2026-03-27-15-57-56-2275129.jpg\",\"keywords\":[\"apresentadores\",\"cantores\",\"celebidades\",\"m\u00fasica\",\"not\u00edcia\",\"televis\u00f5es\"],\"articleSection\":[\"M\u00fasica\",\"Not\u00edcias\"],\"inLanguage\":\"pt-PT\"},{\"@type\":\"WebPage\",\"@id\":\"https:\/\/portaltela.pt\/noticias\/2026\/03\/27\/rosinha-apresenta-novo-tema-no-programa-ola-bom-dia\/\",\"url\":\"https:\/\/portaltela.pt\/noticias\/2026\/03\/27\/rosinha-apresenta-novo-tema-no-programa-ola-bom-dia\/\",\"name\":\"Rosinha apresenta novo tema no programa Ol\u00e1 Bom Dia - Portal Tela Portugal\",\"isPartOf\":{\"@id\":\"https:\/\/portaltela.pt\/#website\"},\"primaryImageOfPage\":{\"@id\":\"https:\/\/portaltela.pt\/noticias\/2026\/03\/27\/rosinha-apresenta-novo-tema-no-programa-ola-bom-dia\/#primaryimage\"},\"image\":{\"@id\":\"https:\/\/portaltela.pt\/noticias\/2026\/03\/27\/rosinha-apresenta-novo-tema-no-programa-ola-bom-dia\/#primaryimage\"},\"thumbnailUrl\":\"https:\/\/portaltela.pt\/s.01k8rhncp4jt1\/2026\/03\/img_1280x722uu2026-03-27-15-57-56-2275129.jpg\",\"datePublished\":\"2026-03-27T15:58:31+00:00\",\"author\":{\"@id\":\"https:\/\/portaltela.pt\/#\/schema\/person\/c4278d4a6028830caff9ee44b42d32ed\"},\"breadcrumb\":{\"@id\":\"https:\/\/portaltela.pt\/noticias\/2026\/03\/27\/rosinha-apresenta-novo-tema-no-programa-ola-bom-dia\/#breadcrumb\"},\"inLanguage\":\"pt-PT\",\"potentialAction\":[{\"@type\":\"ReadAction\",\"target\":[\"https:\/\/portaltela.pt\/noticias\/2026\/03\/27\/rosinha-apresenta-novo-tema-no-programa-ola-bom-dia\/\"]}]},{\"@type\":\"ImageObject\",\"inLanguage\":\"pt-PT\",\"@id\":\"https:\/\/portaltela.pt\/noticias\/2026\/03\/27\/rosinha-apresenta-novo-tema-no-programa-ola-bom-dia\/#primaryimage\",\"url\":\"https:\/\/portaltela.pt\/s.01k8rhncp4jt1\/2026\/03\/img_1280x722uu2026-03-27-15-57-56-2275129.jpg\",\"contentUrl\":\"https:\/\/portaltela.pt\/s.01k8rhncp4jt1\/2026\/03\/img_1280x722uu2026-03-27-15-57-56-2275129.jpg\",\"width\":796,\"height\":448,\"caption\":\"Photo\"},{\"@type\":\"BreadcrumbList\",\"@id\":\"https:\/\/portaltela.pt\/noticias\/2026\/03\/27\/rosinha-apresenta-novo-tema-no-programa-ola-bom-dia\/#breadcrumb\",\"itemListElement\":[{\"@type\":\"ListItem\",\"position\":1,\"name\":\"In\u00edcio\",\"item\":\"https:\/\/portaltela.pt\/\"},{\"@type\":\"ListItem\",\"position\":2,\"name\":\"Rosinha apresenta novo tema no programa Ol\u00e1 Bom Dia\"}]},{\"@type\":\"WebSite\",\"@id\":\"https:\/\/portaltela.pt\/#website\",\"url\":\"https:\/\/portaltela.pt\/\",\"name\":\"Portal Tela Portugal\",\"description\":\"\",\"potentialAction\":[{\"@type\":\"SearchAction\",\"target\":{\"@type\":\"EntryPoint\",\"urlTemplate\":\"https:\/\/portaltela.pt\/?s={search_term_string}\"},\"query-input\":{\"@type\":\"PropertyValueSpecification\",\"valueRequired\":true,\"valueName\":\"search_term_string\"}}],\"inLanguage\":\"pt-PT\"},{\"@type\":\"Person\",\"@id\":\"https:\/\/portaltela.pt\/#\/schema\/person\/c4278d4a6028830caff9ee44b42d32ed\",\"name\":\"Telinha\",\"image\":{\"@type\":\"ImageObject\",\"inLanguage\":\"pt-PT\",\"@id\":\"https:\/\/portaltela.pt\/s.01k8rhncp4jt1\/2025\/11\/talking-bot-125x125.png\",\"url\":\"https:\/\/portaltela.pt\/s.01k8rhncp4jt1\/2025\/11\/talking-bot-125x125.png\",\"contentUrl\":\"https:\/\/portaltela.pt\/s.01k8rhncp4jt1\/2025\/11\/talking-bot-125x125.png\",\"caption\":\"Telinha\"},\"sameAs\":[\"https:\/\/portaltela.pt\/\"],\"url\":\"https:\/\/portaltela.pt\/por\/367410592786\/\"}]}<\/script>\n<!-- \/ Yoast SEO plugin. -->","yoast_head_json":{"title":"Rosinha apresenta novo tema no programa Ol\u00e1 Bom Dia - Portal Tela Portugal","robots":{"index":"index","follow":"follow","max-snippet":"max-snippet:-1","max-image-preview":"max-image-preview:large","max-video-preview":"max-video-preview:-1"},"og_locale":"pt_PT","og_type":"article","og_title":"Rosinha apresenta novo tema no programa Ol\u00e1 Bom Dia - Portal Tela Portugal","og_description":"A cantora Rosinha apresentou um novo tema no programa Ol\u00e1 Bom dia, da CMTV. A atua\u00e7\u00e3o ocorreu na manh\u00e3 de hoje, 27 de mar\u00e7o de 2026. Rosinha interpretou a nova m\u00fasica intitulada \u201cEu gosto do pil\u00e3o\u201d. O momento ocorreu durante a emiss\u00e3o do programa da manh\u00e3.","og_url":"https:\/\/portaltela.pt\/noticias\/2026\/03\/27\/rosinha-apresenta-novo-tema-no-programa-ola-bom-dia\/","og_site_name":"Portal Tela Portugal","article_published_time":"2026-03-27T15:58:31+00:00","author":"Telinha","twitter_card":"summary_large_image","twitter_misc":{"Escrito por":"Telinha","Tempo estimado de leitura":"1 minuto"},"schema":{"@context":"https:\/\/schema.org","@graph":[{"@type":"Article","@id":"https:\/\/portaltela.pt\/noticias\/2026\/03\/27\/rosinha-apresenta-novo-tema-no-programa-ola-bom-dia\/#article","isPartOf":{"@id":"https:\/\/portaltela.pt\/noticias\/2026\/03\/27\/rosinha-apresenta-novo-tema-no-programa-ola-bom-dia\/"},"author":{"name":"Telinha","@id":"https:\/\/portaltela.pt\/#\/schema\/person\/c4278d4a6028830caff9ee44b42d32ed"},"headline":"Rosinha apresenta novo tema no programa Ol\u00e1 Bom Dia","datePublished":"2026-03-27T15:58:31+00:00","mainEntityOfPage":{"@id":"https:\/\/portaltela.pt\/noticias\/2026\/03\/27\/rosinha-apresenta-novo-tema-no-programa-ola-bom-dia\/"},"wordCount":113,"image":{"@id":"https:\/\/portaltela.pt\/noticias\/2026\/03\/27\/rosinha-apresenta-novo-tema-no-programa-ola-bom-dia\/#primaryimage"},"thumbnailUrl":"https:\/\/portaltela.pt\/s.01k8rhncp4jt1\/2026\/03\/img_1280x722uu2026-03-27-15-57-56-2275129.jpg","keywords":["apresentadores","cantores","celebidades","m\u00fasica","not\u00edcia","televis\u00f5es"],"articleSection":["M\u00fasica","Not\u00edcias"],"inLanguage":"pt-PT"},{"@type":"WebPage","@id":"https:\/\/portaltela.pt\/noticias\/2026\/03\/27\/rosinha-apresenta-novo-tema-no-programa-ola-bom-dia\/","url":"https:\/\/portaltela.pt\/noticias\/2026\/03\/27\/rosinha-apresenta-novo-tema-no-programa-ola-bom-dia\/","name":"Rosinha apresenta novo tema no programa Ol\u00e1 Bom Dia - Portal Tela Portugal","isPartOf":{"@id":"https:\/\/portaltela.pt\/#website"},"primaryImageOfPage":{"@id":"https:\/\/portaltela.pt\/noticias\/2026\/03\/27\/rosinha-apresenta-novo-tema-no-programa-ola-bom-dia\/#primaryimage"},"image":{"@id":"https:\/\/portaltela.pt\/noticias\/2026\/03\/27\/rosinha-apresenta-novo-tema-no-programa-ola-bom-dia\/#primaryimage"},"thumbnailUrl":"https:\/\/portaltela.pt\/s.01k8rhncp4jt1\/2026\/03\/img_1280x722uu2026-03-27-15-57-56-2275129.jpg","datePublished":"2026-03-27T15:58:31+00:00","author":{"@id":"https:\/\/portaltela.pt\/#\/schema\/person\/c4278d4a6028830caff9ee44b42d32ed"},"breadcrumb":{"@id":"https:\/\/portaltela.pt\/noticias\/2026\/03\/27\/rosinha-apresenta-novo-tema-no-programa-ola-bom-dia\/#breadcrumb"},"inLanguage":"pt-PT","potentialAction":[{"@type":"ReadAction","target":["https:\/\/portaltela.pt\/noticias\/2026\/03\/27\/rosinha-apresenta-novo-tema-no-programa-ola-bom-dia\/"]}]},{"@type":"ImageObject","inLanguage":"pt-PT","@id":"https:\/\/portaltela.pt\/noticias\/2026\/03\/27\/rosinha-apresenta-novo-tema-no-programa-ola-bom-dia\/#primaryimage","url":"https:\/\/portaltela.pt\/s.01k8rhncp4jt1\/2026\/03\/img_1280x722uu2026-03-27-15-57-56-2275129.jpg","contentUrl":"https:\/\/portaltela.pt\/s.01k8rhncp4jt1\/2026\/03\/img_1280x722uu2026-03-27-15-57-56-2275129.jpg","width":796,"height":448,"caption":"Photo"},{"@type":"BreadcrumbList","@id":"https:\/\/portaltela.pt\/noticias\/2026\/03\/27\/rosinha-apresenta-novo-tema-no-programa-ola-bom-dia\/#breadcrumb","itemListElement":[{"@type":"ListItem","position":1,"name":"In\u00edcio","item":"https:\/\/portaltela.pt\/"},{"@type":"ListItem","position":2,"name":"Rosinha apresenta novo tema no programa Ol\u00e1 Bom Dia"}]},{"@type":"WebSite","@id":"https:\/\/portaltela.pt\/#website","url":"https:\/\/portaltela.pt\/","name":"Portal Tela Portugal","description":"","potentialAction":[{"@type":"SearchAction","target":{"@type":"EntryPoint","urlTemplate":"https:\/\/portaltela.pt\/?s={search_term_string}"},"query-input":{"@type":"PropertyValueSpecification","valueRequired":true,"valueName":"search_term_string"}}],"inLanguage":"pt-PT"},{"@type":"Person","@id":"https:\/\/portaltela.pt\/#\/schema\/person\/c4278d4a6028830caff9ee44b42d32ed","name":"Telinha","image":{"@type":"ImageObject","inLanguage":"pt-PT","@id":"https:\/\/portaltela.pt\/s.01k8rhncp4jt1\/2025\/11\/talking-bot-125x125.png","url":"https:\/\/portaltela.pt\/s.01k8rhncp4jt1\/2025\/11\/talking-bot-125x125.png","contentUrl":"https:\/\/portaltela.pt\/s.01k8rhncp4jt1\/2025\/11\/talking-bot-125x125.png","caption":"Telinha"},"sameAs":["https:\/\/portaltela.pt\/"],"url":"https:\/\/portaltela.pt\/por\/367410592786\/"}]}},"_links":{"self":[{"href":"https:\/\/portaltela.pt\/api\/wp\/v2\/posts\/423917","targetHints":{"allow":["GET"]}}],"collection":[{"href":"https:\/\/portaltela.pt\/api\/wp\/v2\/posts"}],"about":[{"href":"https:\/\/portaltela.pt\/api\/wp\/v2\/types\/post"}],"author":[{"embeddable":true,"href":"https:\/\/portaltela.pt\/api\/wp\/v2\/users\/2"}],"replies":[{"embeddable":true,"href":"https:\/\/portaltela.pt\/api\/wp\/v2\/comments?post=423917"}],"version-history":[{"count":0,"href":"https:\/\/portaltela.pt\/api\/wp\/v2\/posts\/423917\/revisions"}],"wp:featuredmedia":[{"embeddable":true,"href":"https:\/\/portaltela.pt\/api\/wp\/v2\/media\/423919"}],"wp:attachment":[{"href":"https:\/\/portaltela.pt\/api\/wp\/v2\/media?parent=423917"}],"wp:term":[{"taxonomy":"category","embeddable":true,"href":"https:\/\/portaltela.pt\/api\/wp\/v2\/categories?post=423917"},{"taxonomy":"post_tag","embeddable":true,"href":"https:\/\/portaltela.pt\/api\/wp\/v2\/tags?post=423917"}],"curies":[{"name":"wp","href":"https:\/\/api.w.org\/{rel}","templated":true}]}}