{"id":423904,"date":"2026-03-27T12:29:00","date_gmt":"2026-03-27T15:29:00","guid":{"rendered":"https:\/\/portaltela.pt\/noticias\/2026\/03\/27\/suspeito-detido-por-tentativa-de-homicidio-em-encontro-marcado-via-redes-sociais\/"},"modified":"2026-03-27T12:29:00","modified_gmt":"2026-03-27T15:29:00","slug":"suspeito-detido-por-tentativa-de-homicidio-em-encontro-marcado-via-redes-sociais","status":"publish","type":"post","link":"https:\/\/portaltela.pt\/policia\/2026\/03\/27\/suspeito-detido-por-tentativa-de-homicidio-em-encontro-marcado-via-redes-sociais\/","title":{"rendered":"Suspeito detido por tentativa de homic\u00eddio em encontro marcado via redes sociais"},"content":{"rendered":"<p>O caso ocorreu na quarta-feira, em Alfena, Valongo, no distrito do Porto, quando uma mulher de 30 anos teve o encontro combinado pelas redes sociais. A v\u00edtima foi atacada com uma arma branca dentro da viatura em que se encontravam, ap\u00f3s o suspeito ter apoderado-se da chave do ve\u00edculo e do telem\u00f3vel.<\/p>\n<p>A Pol\u00edcia Judici\u00e1ria (PJ) deteve um homem de 33 anos, com antecedentes criminais por crimes violentos contra o patrim\u00f3nio e a integridade f\u00edsica. O suspeito \u00e9 acusado de homic\u00eddio qualificado na forma tentada e de roubo agravado.<\/p>\n<p>Durante o ataque, o agressor obrigou a v\u00edtima a conduzir e a estacionar junto de uma unidade hospitalar, onde a encaminhou apeada. A seguir, abandonou a viatura e fugiu do local, sem que a v\u00edtima tenha morrido.<\/p>\n<h3>Situa\u00e7\u00e3o do detido<\/h3>\n<p>O suspeito permanece \u00e0 guarda da PJ e dever\u00e1 ser presente a primeiro interrogat\u00f3rio judicial para aplica\u00e7\u00e3o de medidas de coa\u00e7\u00e3o.<\/p>\n<h3>Contexto e pr\u00f3ximos passos<\/h3>\n<p>A investiga\u00e7\u00e3o\u6960 continua a apurar as circunst\u00e2ncias, incluindo a rela\u00e7\u00e3o entre as duas pessoas e motiva\u00e7\u00e3o. A PJ refor\u00e7a o compromisso com a an\u00e1lise de todas as provas reunidas no local.<\/p>\n","protected":false},"excerpt":{"rendered":"<ul>\n<li>A Pol\u00edcia Judici\u00e1ria deteve um homem de 33 anos, com antecedentes criminais por crimes violentos, suspeito de homic\u00eddio qualificado na forma tentada e roubo agravado.<\/li>\n<li>O crime ocorreu em Alfena, Valongo, no distrito do Porto, durante um encontro combinado pelas redes sociais (Instagram).<\/li>\n<li>A v\u00edtima, uma mulher de 30 anos, sofreu ferimentos considerados graves no pesco\u00e7o, face, costas e membros superiores, ap\u00f3s o suspeito tomar a chave do ve\u00edculo e o telem\u00f3vel.<\/li>\n<li>O suspeito obrigou a v\u00edtima a conduzir e a estacionar a viatura junto de uma unidade hospitalar, de onde a mulher foi encaminhada para tratamento, tendo o agressor fugido do local.<\/li>\n<li>O detido ser\u00e1 presente a primeiro interrogat\u00f3rio judicial para aplica\u00e7\u00e3o de medidas de coa\u00e7\u00e3o.<\/li>\n<\/ul>\n","protected":false},"author":2,"featured_media":423907,"comment_status":"closed","ping_status":"closed","sticky":false,"template":"","format":"standard","meta":{"footnotes":""},"categories":[6907,6781],"tags":[3748,147,1345,982,203,1244],"class_list":["post-423904","post","type-post","status-publish","format-standard","has-post-thumbnail","hentry","category-crime","category-policia","tag-alfena","tag-crime","tag-homicidio","tag-porto","tag-roubo","tag-valongo"],"yoast_head":"<!-- This site is optimized with the Yoast SEO plugin v27.2 - https:\/\/yoast.com\/product\/yoast-seo-wordpress\/ -->\n<title>Suspeito detido por tentativa de homic\u00eddio em encontro marcado via redes sociais - Portal Tela Portugal<\/title>\n<meta name=\"robots\" content=\"index, follow, max-snippet:-1, max-image-preview:large, max-video-preview:-1\" \/>\n<meta property=\"og:locale\" content=\"pt_PT\" \/>\n<meta property=\"og:type\" content=\"article\" \/>\n<meta property=\"og:title\" content=\"Suspeito detido por tentativa de homic\u00eddio em encontro marcado via redes sociais - Portal Tela Portugal\" \/>\n<meta property=\"og:description\" content=\"A Pol\u00edcia Judici\u00e1ria deteve um homem de 33 anos, com antecedentes criminais por crimes violentos, suspeito de homic\u00eddio qualificado na forma tentada e roubo agravado. O crime ocorreu em Alfena, Valongo, no distrito do Porto, durante um encontro combinado pelas redes sociais (Instagram). A v\u00edtima, uma mulher de 30 anos, sofreu ferimentos considerados graves no pesco\u00e7o, face, costas e membros superiores, ap\u00f3s o suspeito tomar a chave do ve\u00edculo e o telem\u00f3vel. O suspeito obrigou a v\u00edtima a conduzir e a estacionar a viatura junto de uma unidade hospitalar, de onde a mulher foi encaminhada para tratamento, tendo o agressor fugido do local. O detido ser\u00e1 presente a primeiro interrogat\u00f3rio judicial para aplica\u00e7\u00e3o de medidas de coa\u00e7\u00e3o.\" \/>\n<meta property=\"og:url\" content=\"https:\/\/portaltela.pt\/noticias\/2026\/03\/27\/suspeito-detido-por-tentativa-de-homicidio-em-encontro-marcado-via-redes-sociais\/\" \/>\n<meta property=\"og:site_name\" content=\"Portal Tela Portugal\" \/>\n<meta property=\"article:published_time\" content=\"2026-03-27T15:29:00+00:00\" \/>\n<meta name=\"author\" content=\"Telinha\" \/>\n<meta name=\"twitter:card\" content=\"summary_large_image\" \/>\n<meta name=\"twitter:label1\" content=\"Escrito por\" \/>\n\t<meta name=\"twitter:data1\" content=\"Telinha\" \/>\n\t<meta name=\"twitter:label2\" content=\"Tempo estimado de leitura\" \/>\n\t<meta name=\"twitter:data2\" content=\"1 minuto\" \/>\n<script type=\"application\/ld+json\" class=\"yoast-schema-graph\">{\"@context\":\"https:\/\/schema.org\",\"@graph\":[{\"@type\":\"Article\",\"@id\":\"https:\/\/portaltela.pt\/noticias\/2026\/03\/27\/suspeito-detido-por-tentativa-de-homicidio-em-encontro-marcado-via-redes-sociais\/#article\",\"isPartOf\":{\"@id\":\"https:\/\/portaltela.pt\/noticias\/2026\/03\/27\/suspeito-detido-por-tentativa-de-homicidio-em-encontro-marcado-via-redes-sociais\/\"},\"author\":{\"name\":\"Telinha\",\"@id\":\"https:\/\/portaltela.pt\/#\/schema\/person\/c4278d4a6028830caff9ee44b42d32ed\"},\"headline\":\"Suspeito detido por tentativa de homic\u00eddio em encontro marcado via redes sociais\",\"datePublished\":\"2026-03-27T15:29:00+00:00\",\"mainEntityOfPage\":{\"@id\":\"https:\/\/portaltela.pt\/noticias\/2026\/03\/27\/suspeito-detido-por-tentativa-de-homicidio-em-encontro-marcado-via-redes-sociais\/\"},\"wordCount\":216,\"image\":{\"@id\":\"https:\/\/portaltela.pt\/noticias\/2026\/03\/27\/suspeito-detido-por-tentativa-de-homicidio-em-encontro-marcado-via-redes-sociais\/#primaryimage\"},\"thumbnailUrl\":\"https:\/\/portaltela.pt\/s.01k8rhncp4jt1\/2026\/03\/2077397.jpg\",\"keywords\":[\"Alfena\",\"crime\",\"homic\u00eddio\",\"Porto\",\"roubo\",\"Valongo\"],\"articleSection\":[\"Crime\",\"Pol\u00edcia\"],\"inLanguage\":\"pt-PT\"},{\"@type\":\"WebPage\",\"@id\":\"https:\/\/portaltela.pt\/noticias\/2026\/03\/27\/suspeito-detido-por-tentativa-de-homicidio-em-encontro-marcado-via-redes-sociais\/\",\"url\":\"https:\/\/portaltela.pt\/noticias\/2026\/03\/27\/suspeito-detido-por-tentativa-de-homicidio-em-encontro-marcado-via-redes-sociais\/\",\"name\":\"Suspeito detido por tentativa de homic\u00eddio em encontro marcado via redes sociais - Portal Tela Portugal\",\"isPartOf\":{\"@id\":\"https:\/\/portaltela.pt\/#website\"},\"primaryImageOfPage\":{\"@id\":\"https:\/\/portaltela.pt\/noticias\/2026\/03\/27\/suspeito-detido-por-tentativa-de-homicidio-em-encontro-marcado-via-redes-sociais\/#primaryimage\"},\"image\":{\"@id\":\"https:\/\/portaltela.pt\/noticias\/2026\/03\/27\/suspeito-detido-por-tentativa-de-homicidio-em-encontro-marcado-via-redes-sociais\/#primaryimage\"},\"thumbnailUrl\":\"https:\/\/portaltela.pt\/s.01k8rhncp4jt1\/2026\/03\/2077397.jpg\",\"datePublished\":\"2026-03-27T15:29:00+00:00\",\"author\":{\"@id\":\"https:\/\/portaltela.pt\/#\/schema\/person\/c4278d4a6028830caff9ee44b42d32ed\"},\"breadcrumb\":{\"@id\":\"https:\/\/portaltela.pt\/noticias\/2026\/03\/27\/suspeito-detido-por-tentativa-de-homicidio-em-encontro-marcado-via-redes-sociais\/#breadcrumb\"},\"inLanguage\":\"pt-PT\",\"potentialAction\":[{\"@type\":\"ReadAction\",\"target\":[\"https:\/\/portaltela.pt\/noticias\/2026\/03\/27\/suspeito-detido-por-tentativa-de-homicidio-em-encontro-marcado-via-redes-sociais\/\"]}]},{\"@type\":\"ImageObject\",\"inLanguage\":\"pt-PT\",\"@id\":\"https:\/\/portaltela.pt\/noticias\/2026\/03\/27\/suspeito-detido-por-tentativa-de-homicidio-em-encontro-marcado-via-redes-sociais\/#primaryimage\",\"url\":\"https:\/\/portaltela.pt\/s.01k8rhncp4jt1\/2026\/03\/2077397.jpg\",\"contentUrl\":\"https:\/\/portaltela.pt\/s.01k8rhncp4jt1\/2026\/03\/2077397.jpg\",\"width\":796,\"height\":448,\"caption\":\"Homem foi detidos pela Pol\u00edcia Judiciaria (PJ) no edificio sede em Alfena, Valongo\"},{\"@type\":\"BreadcrumbList\",\"@id\":\"https:\/\/portaltela.pt\/noticias\/2026\/03\/27\/suspeito-detido-por-tentativa-de-homicidio-em-encontro-marcado-via-redes-sociais\/#breadcrumb\",\"itemListElement\":[{\"@type\":\"ListItem\",\"position\":1,\"name\":\"In\u00edcio\",\"item\":\"https:\/\/portaltela.pt\/\"},{\"@type\":\"ListItem\",\"position\":2,\"name\":\"Suspeito detido por tentativa de homic\u00eddio em encontro marcado via redes sociais\"}]},{\"@type\":\"WebSite\",\"@id\":\"https:\/\/portaltela.pt\/#website\",\"url\":\"https:\/\/portaltela.pt\/\",\"name\":\"Portal Tela Portugal\",\"description\":\"\",\"potentialAction\":[{\"@type\":\"SearchAction\",\"target\":{\"@type\":\"EntryPoint\",\"urlTemplate\":\"https:\/\/portaltela.pt\/?s={search_term_string}\"},\"query-input\":{\"@type\":\"PropertyValueSpecification\",\"valueRequired\":true,\"valueName\":\"search_term_string\"}}],\"inLanguage\":\"pt-PT\"},{\"@type\":\"Person\",\"@id\":\"https:\/\/portaltela.pt\/#\/schema\/person\/c4278d4a6028830caff9ee44b42d32ed\",\"name\":\"Telinha\",\"image\":{\"@type\":\"ImageObject\",\"inLanguage\":\"pt-PT\",\"@id\":\"https:\/\/portaltela.pt\/s.01k8rhncp4jt1\/2025\/11\/talking-bot-125x125.png\",\"url\":\"https:\/\/portaltela.pt\/s.01k8rhncp4jt1\/2025\/11\/talking-bot-125x125.png\",\"contentUrl\":\"https:\/\/portaltela.pt\/s.01k8rhncp4jt1\/2025\/11\/talking-bot-125x125.png\",\"caption\":\"Telinha\"},\"sameAs\":[\"https:\/\/portaltela.pt\/\"],\"url\":\"https:\/\/portaltela.pt\/por\/367410592786\/\"}]}<\/script>\n<!-- \/ Yoast SEO plugin. -->","yoast_head_json":{"title":"Suspeito detido por tentativa de homic\u00eddio em encontro marcado via redes sociais - Portal Tela Portugal","robots":{"index":"index","follow":"follow","max-snippet":"max-snippet:-1","max-image-preview":"max-image-preview:large","max-video-preview":"max-video-preview:-1"},"og_locale":"pt_PT","og_type":"article","og_title":"Suspeito detido por tentativa de homic\u00eddio em encontro marcado via redes sociais - Portal Tela Portugal","og_description":"A Pol\u00edcia Judici\u00e1ria deteve um homem de 33 anos, com antecedentes criminais por crimes violentos, suspeito de homic\u00eddio qualificado na forma tentada e roubo agravado. O crime ocorreu em Alfena, Valongo, no distrito do Porto, durante um encontro combinado pelas redes sociais (Instagram). A v\u00edtima, uma mulher de 30 anos, sofreu ferimentos considerados graves no pesco\u00e7o, face, costas e membros superiores, ap\u00f3s o suspeito tomar a chave do ve\u00edculo e o telem\u00f3vel. O suspeito obrigou a v\u00edtima a conduzir e a estacionar a viatura junto de uma unidade hospitalar, de onde a mulher foi encaminhada para tratamento, tendo o agressor fugido do local. O detido ser\u00e1 presente a primeiro interrogat\u00f3rio judicial para aplica\u00e7\u00e3o de medidas de coa\u00e7\u00e3o.","og_url":"https:\/\/portaltela.pt\/noticias\/2026\/03\/27\/suspeito-detido-por-tentativa-de-homicidio-em-encontro-marcado-via-redes-sociais\/","og_site_name":"Portal Tela Portugal","article_published_time":"2026-03-27T15:29:00+00:00","author":"Telinha","twitter_card":"summary_large_image","twitter_misc":{"Escrito por":"Telinha","Tempo estimado de leitura":"1 minuto"},"schema":{"@context":"https:\/\/schema.org","@graph":[{"@type":"Article","@id":"https:\/\/portaltela.pt\/noticias\/2026\/03\/27\/suspeito-detido-por-tentativa-de-homicidio-em-encontro-marcado-via-redes-sociais\/#article","isPartOf":{"@id":"https:\/\/portaltela.pt\/noticias\/2026\/03\/27\/suspeito-detido-por-tentativa-de-homicidio-em-encontro-marcado-via-redes-sociais\/"},"author":{"name":"Telinha","@id":"https:\/\/portaltela.pt\/#\/schema\/person\/c4278d4a6028830caff9ee44b42d32ed"},"headline":"Suspeito detido por tentativa de homic\u00eddio em encontro marcado via redes sociais","datePublished":"2026-03-27T15:29:00+00:00","mainEntityOfPage":{"@id":"https:\/\/portaltela.pt\/noticias\/2026\/03\/27\/suspeito-detido-por-tentativa-de-homicidio-em-encontro-marcado-via-redes-sociais\/"},"wordCount":216,"image":{"@id":"https:\/\/portaltela.pt\/noticias\/2026\/03\/27\/suspeito-detido-por-tentativa-de-homicidio-em-encontro-marcado-via-redes-sociais\/#primaryimage"},"thumbnailUrl":"https:\/\/portaltela.pt\/s.01k8rhncp4jt1\/2026\/03\/2077397.jpg","keywords":["Alfena","crime","homic\u00eddio","Porto","roubo","Valongo"],"articleSection":["Crime","Pol\u00edcia"],"inLanguage":"pt-PT"},{"@type":"WebPage","@id":"https:\/\/portaltela.pt\/noticias\/2026\/03\/27\/suspeito-detido-por-tentativa-de-homicidio-em-encontro-marcado-via-redes-sociais\/","url":"https:\/\/portaltela.pt\/noticias\/2026\/03\/27\/suspeito-detido-por-tentativa-de-homicidio-em-encontro-marcado-via-redes-sociais\/","name":"Suspeito detido por tentativa de homic\u00eddio em encontro marcado via redes sociais - Portal Tela Portugal","isPartOf":{"@id":"https:\/\/portaltela.pt\/#website"},"primaryImageOfPage":{"@id":"https:\/\/portaltela.pt\/noticias\/2026\/03\/27\/suspeito-detido-por-tentativa-de-homicidio-em-encontro-marcado-via-redes-sociais\/#primaryimage"},"image":{"@id":"https:\/\/portaltela.pt\/noticias\/2026\/03\/27\/suspeito-detido-por-tentativa-de-homicidio-em-encontro-marcado-via-redes-sociais\/#primaryimage"},"thumbnailUrl":"https:\/\/portaltela.pt\/s.01k8rhncp4jt1\/2026\/03\/2077397.jpg","datePublished":"2026-03-27T15:29:00+00:00","author":{"@id":"https:\/\/portaltela.pt\/#\/schema\/person\/c4278d4a6028830caff9ee44b42d32ed"},"breadcrumb":{"@id":"https:\/\/portaltela.pt\/noticias\/2026\/03\/27\/suspeito-detido-por-tentativa-de-homicidio-em-encontro-marcado-via-redes-sociais\/#breadcrumb"},"inLanguage":"pt-PT","potentialAction":[{"@type":"ReadAction","target":["https:\/\/portaltela.pt\/noticias\/2026\/03\/27\/suspeito-detido-por-tentativa-de-homicidio-em-encontro-marcado-via-redes-sociais\/"]}]},{"@type":"ImageObject","inLanguage":"pt-PT","@id":"https:\/\/portaltela.pt\/noticias\/2026\/03\/27\/suspeito-detido-por-tentativa-de-homicidio-em-encontro-marcado-via-redes-sociais\/#primaryimage","url":"https:\/\/portaltela.pt\/s.01k8rhncp4jt1\/2026\/03\/2077397.jpg","contentUrl":"https:\/\/portaltela.pt\/s.01k8rhncp4jt1\/2026\/03\/2077397.jpg","width":796,"height":448,"caption":"Homem foi detidos pela Pol\u00edcia Judiciaria (PJ) no edificio sede em Alfena, Valongo"},{"@type":"BreadcrumbList","@id":"https:\/\/portaltela.pt\/noticias\/2026\/03\/27\/suspeito-detido-por-tentativa-de-homicidio-em-encontro-marcado-via-redes-sociais\/#breadcrumb","itemListElement":[{"@type":"ListItem","position":1,"name":"In\u00edcio","item":"https:\/\/portaltela.pt\/"},{"@type":"ListItem","position":2,"name":"Suspeito detido por tentativa de homic\u00eddio em encontro marcado via redes sociais"}]},{"@type":"WebSite","@id":"https:\/\/portaltela.pt\/#website","url":"https:\/\/portaltela.pt\/","name":"Portal Tela Portugal","description":"","potentialAction":[{"@type":"SearchAction","target":{"@type":"EntryPoint","urlTemplate":"https:\/\/portaltela.pt\/?s={search_term_string}"},"query-input":{"@type":"PropertyValueSpecification","valueRequired":true,"valueName":"search_term_string"}}],"inLanguage":"pt-PT"},{"@type":"Person","@id":"https:\/\/portaltela.pt\/#\/schema\/person\/c4278d4a6028830caff9ee44b42d32ed","name":"Telinha","image":{"@type":"ImageObject","inLanguage":"pt-PT","@id":"https:\/\/portaltela.pt\/s.01k8rhncp4jt1\/2025\/11\/talking-bot-125x125.png","url":"https:\/\/portaltela.pt\/s.01k8rhncp4jt1\/2025\/11\/talking-bot-125x125.png","contentUrl":"https:\/\/portaltela.pt\/s.01k8rhncp4jt1\/2025\/11\/talking-bot-125x125.png","caption":"Telinha"},"sameAs":["https:\/\/portaltela.pt\/"],"url":"https:\/\/portaltela.pt\/por\/367410592786\/"}]}},"_links":{"self":[{"href":"https:\/\/portaltela.pt\/api\/wp\/v2\/posts\/423904","targetHints":{"allow":["GET"]}}],"collection":[{"href":"https:\/\/portaltela.pt\/api\/wp\/v2\/posts"}],"about":[{"href":"https:\/\/portaltela.pt\/api\/wp\/v2\/types\/post"}],"author":[{"embeddable":true,"href":"https:\/\/portaltela.pt\/api\/wp\/v2\/users\/2"}],"replies":[{"embeddable":true,"href":"https:\/\/portaltela.pt\/api\/wp\/v2\/comments?post=423904"}],"version-history":[{"count":0,"href":"https:\/\/portaltela.pt\/api\/wp\/v2\/posts\/423904\/revisions"}],"wp:featuredmedia":[{"embeddable":true,"href":"https:\/\/portaltela.pt\/api\/wp\/v2\/media\/423907"}],"wp:attachment":[{"href":"https:\/\/portaltela.pt\/api\/wp\/v2\/media?parent=423904"}],"wp:term":[{"taxonomy":"category","embeddable":true,"href":"https:\/\/portaltela.pt\/api\/wp\/v2\/categories?post=423904"},{"taxonomy":"post_tag","embeddable":true,"href":"https:\/\/portaltela.pt\/api\/wp\/v2\/tags?post=423904"}],"curies":[{"name":"wp","href":"https:\/\/api.w.org\/{rel}","templated":true}]}}