{"id":423895,"date":"2026-03-27T12:33:00","date_gmt":"2026-03-27T15:33:00","guid":{"rendered":"https:\/\/portaltela.pt\/noticias\/2026\/03\/27\/tribunal-absolve-22-arguidos-de-trafico-humano-ligados-a-trabalhadores-agricolas\/"},"modified":"2026-03-27T12:33:00","modified_gmt":"2026-03-27T15:33:00","slug":"tribunal-absolve-22-arguidos-de-trafico-humano-ligados-a-trabalhadores-agricolas","status":"publish","type":"post","link":"https:\/\/portaltela.pt\/noticias\/2026\/03\/27\/tribunal-absolve-22-arguidos-de-trafico-humano-ligados-a-trabalhadores-agricolas\/","title":{"rendered":"Tribunal absolve 22 arguidos de tr\u00e1fico humano ligados a trabalhadores agr\u00edcolas"},"content":{"rendered":"<p>O Tribunal de \u00c9vora absolveu 22 arguidos de crimes de tr\u00e1fico humano, branqueamento e associa\u00e7\u00e3o criminosa. Dos factos provados, ficaram apenas como relevantes tr\u00eas crimes de deten\u00e7\u00e3o de arma proibida, com aplica\u00e7\u00e3o de multas a outros arguidos de 500, 750 e 1250 euros.<\/p>\n<p>O enquadramento jur\u00eddico do caso j\u00e1 tinha sido objeto de decis\u00e3o anterior do Tribunal da Rela\u00e7\u00e3o de \u00c9vora, em 3 de junho de 2024, que impediu o interrogat\u00f3rio sobre os crimes de tr\u00e1fico humano. O julgamento iniciou-se na segunda-feira, com o coletivo a prosseguir a instru\u00e7\u00e3o conforme esse precedente.<\/p>\n<h3>Decis\u00e3o final<\/h3>\n<p>O processo foi dividido em dois, devido a oito arguidos em pris\u00e3o preventiva. O Minist\u00e9rio P\u00fablico tinha pedido a absolvi\u00e7\u00e3o de todos os arguidos dos crimes de tr\u00e1fico humano, branqueamento e associa\u00e7\u00e3o criminosa. No desfecho, todos os arguidos foram absolvidos desses crimes, com as \u00fanicas condena\u00e7\u00f5es a incidir sobre crimes de deten\u00e7\u00e3o de arma proibida em tr\u00eas casos.<\/p>\n","protected":false},"excerpt":{"rendered":"<ul>\n<li>O tribunal absolveu todos os 22 arguidos de tr\u00e1fico humano, branqueamento e associa\u00e7\u00e3o criminosa.<\/li>\n<\/ul>\n<p>\u2022<\/p>\n<ul>\n<li>Foram considerados provados apenas tr\u00eas crimes de deten\u00e7\u00e3o de arma proibida; aplicadas multas a arguidos, de 500, 750 e 1.250 euros.<\/li>\n<\/ul>\n<p>\u2022<\/p>\n<ul>\n<li>O Minist\u00e9rio P\u00fablico tinha pedido a absolvi\u00e7\u00e3o dos crimes de tr\u00e1fico humano, branqueamento e associa\u00e7\u00e3o criminosa, apontando o desfecho como previs\u00edvel.<\/li>\n<\/ul>\n<p>\u2022<\/p>\n<ul>\n<li>O julgamento arrancou na segunda-feira; o juiz presidente n\u00e3o podia interrogar sobre tr\u00e1fico humano, branqueamento e associa\u00e7\u00e3o criminosa, ap\u00f3s decis\u00e3o do Tribunal da Rela\u00e7\u00e3o de \u00c9vora de 3 de junho de 2024.<\/li>\n<\/ul>\n<p>\u2022<\/p>\n<ul>\n<li>O processo foi dividido em dois porque oito arguidos estavam em pris\u00e3o preventiva; o MP avan\u00e7ou com acusa\u00e7\u00e3o contra esses oito presos e outros 19 arguidos, que tamb\u00e9m acabaram absolvidos.<\/li>\n<\/ul>\n","protected":false},"author":2,"featured_media":423902,"comment_status":"closed","ping_status":"closed","sticky":false,"template":"","format":"standard","meta":{"footnotes":""},"categories":[6815,1],"tags":[1151,1570,838,1074,473,6208],"class_list":["post-423895","post","type-post","status-publish","format-standard","has-post-thumbnail","hentry","category-justica","category-noticias","tag-associacao-criminosa","tag-branqueamento","tag-detencao-de-arma-proibida","tag-evora","tag-trafico-de-pessoas","tag-tribunais"],"yoast_head":"<!-- This site is optimized with the Yoast SEO plugin v27.2 - https:\/\/yoast.com\/product\/yoast-seo-wordpress\/ -->\n<title>Tribunal absolve 22 arguidos de tr\u00e1fico humano ligados a trabalhadores agr\u00edcolas - Portal Tela Portugal<\/title>\n<meta name=\"robots\" content=\"index, follow, max-snippet:-1, max-image-preview:large, max-video-preview:-1\" \/>\n<meta property=\"og:locale\" content=\"pt_PT\" \/>\n<meta property=\"og:type\" content=\"article\" \/>\n<meta property=\"og:title\" content=\"Tribunal absolve 22 arguidos de tr\u00e1fico humano ligados a trabalhadores agr\u00edcolas - Portal Tela Portugal\" \/>\n<meta property=\"og:description\" content=\"O tribunal absolveu todos os 22 arguidos de tr\u00e1fico humano, branqueamento e associa\u00e7\u00e3o criminosa. \u2022 Foram considerados provados apenas tr\u00eas crimes de deten\u00e7\u00e3o de arma proibida; aplicadas multas a arguidos, de 500, 750 e 1.250 euros. \u2022 O Minist\u00e9rio P\u00fablico tinha pedido a absolvi\u00e7\u00e3o dos crimes de tr\u00e1fico humano, branqueamento e associa\u00e7\u00e3o criminosa, apontando o desfecho como previs\u00edvel. \u2022 O julgamento arrancou na segunda-feira; o juiz presidente n\u00e3o podia interrogar sobre tr\u00e1fico humano, branqueamento e associa\u00e7\u00e3o criminosa, ap\u00f3s decis\u00e3o do Tribunal da Rela\u00e7\u00e3o de \u00c9vora de 3 de junho de 2024. \u2022 O processo foi dividido em dois porque oito arguidos estavam em pris\u00e3o preventiva; o MP avan\u00e7ou com acusa\u00e7\u00e3o contra esses oito presos e outros 19 arguidos, que tamb\u00e9m acabaram absolvidos.\" \/>\n<meta property=\"og:url\" content=\"https:\/\/portaltela.pt\/noticias\/2026\/03\/27\/tribunal-absolve-22-arguidos-de-trafico-humano-ligados-a-trabalhadores-agricolas\/\" \/>\n<meta property=\"og:site_name\" content=\"Portal Tela Portugal\" \/>\n<meta property=\"article:published_time\" content=\"2026-03-27T15:33:00+00:00\" \/>\n<meta name=\"author\" content=\"Telinha\" \/>\n<meta name=\"twitter:card\" content=\"summary_large_image\" \/>\n<meta name=\"twitter:label1\" content=\"Escrito por\" \/>\n\t<meta name=\"twitter:data1\" content=\"Telinha\" \/>\n\t<meta name=\"twitter:label2\" content=\"Tempo estimado de leitura\" \/>\n\t<meta name=\"twitter:data2\" content=\"1 minuto\" \/>\n<script type=\"application\/ld+json\" class=\"yoast-schema-graph\">{\"@context\":\"https:\/\/schema.org\",\"@graph\":[{\"@type\":\"Article\",\"@id\":\"https:\/\/portaltela.pt\/noticias\/2026\/03\/27\/tribunal-absolve-22-arguidos-de-trafico-humano-ligados-a-trabalhadores-agricolas\/#article\",\"isPartOf\":{\"@id\":\"https:\/\/portaltela.pt\/noticias\/2026\/03\/27\/tribunal-absolve-22-arguidos-de-trafico-humano-ligados-a-trabalhadores-agricolas\/\"},\"author\":{\"name\":\"Telinha\",\"@id\":\"https:\/\/portaltela.pt\/#\/schema\/person\/c4278d4a6028830caff9ee44b42d32ed\"},\"headline\":\"Tribunal absolve 22 arguidos de tr\u00e1fico humano ligados a trabalhadores agr\u00edcolas\",\"datePublished\":\"2026-03-27T15:33:00+00:00\",\"mainEntityOfPage\":{\"@id\":\"https:\/\/portaltela.pt\/noticias\/2026\/03\/27\/tribunal-absolve-22-arguidos-de-trafico-humano-ligados-a-trabalhadores-agricolas\/\"},\"wordCount\":179,\"image\":{\"@id\":\"https:\/\/portaltela.pt\/noticias\/2026\/03\/27\/tribunal-absolve-22-arguidos-de-trafico-humano-ligados-a-trabalhadores-agricolas\/#primaryimage\"},\"thumbnailUrl\":\"https:\/\/portaltela.pt\/s.01k8rhncp4jt1\/2026\/03\/image-1614.jpg\",\"keywords\":[\"associa\u00e7\u00e3o criminosa\",\"branqueamento\",\"deten\u00e7\u00e3o de arma proibida\",\"\u00c9vora\",\"tr\u00e1fico de pessoas\",\"Tribunais\"],\"articleSection\":[\"Justi\u00e7a\",\"Not\u00edcias\"],\"inLanguage\":\"pt-PT\"},{\"@type\":\"WebPage\",\"@id\":\"https:\/\/portaltela.pt\/noticias\/2026\/03\/27\/tribunal-absolve-22-arguidos-de-trafico-humano-ligados-a-trabalhadores-agricolas\/\",\"url\":\"https:\/\/portaltela.pt\/noticias\/2026\/03\/27\/tribunal-absolve-22-arguidos-de-trafico-humano-ligados-a-trabalhadores-agricolas\/\",\"name\":\"Tribunal absolve 22 arguidos de tr\u00e1fico humano ligados a trabalhadores agr\u00edcolas - Portal Tela Portugal\",\"isPartOf\":{\"@id\":\"https:\/\/portaltela.pt\/#website\"},\"primaryImageOfPage\":{\"@id\":\"https:\/\/portaltela.pt\/noticias\/2026\/03\/27\/tribunal-absolve-22-arguidos-de-trafico-humano-ligados-a-trabalhadores-agricolas\/#primaryimage\"},\"image\":{\"@id\":\"https:\/\/portaltela.pt\/noticias\/2026\/03\/27\/tribunal-absolve-22-arguidos-de-trafico-humano-ligados-a-trabalhadores-agricolas\/#primaryimage\"},\"thumbnailUrl\":\"https:\/\/portaltela.pt\/s.01k8rhncp4jt1\/2026\/03\/image-1614.jpg\",\"datePublished\":\"2026-03-27T15:33:00+00:00\",\"author\":{\"@id\":\"https:\/\/portaltela.pt\/#\/schema\/person\/c4278d4a6028830caff9ee44b42d32ed\"},\"breadcrumb\":{\"@id\":\"https:\/\/portaltela.pt\/noticias\/2026\/03\/27\/tribunal-absolve-22-arguidos-de-trafico-humano-ligados-a-trabalhadores-agricolas\/#breadcrumb\"},\"inLanguage\":\"pt-PT\",\"potentialAction\":[{\"@type\":\"ReadAction\",\"target\":[\"https:\/\/portaltela.pt\/noticias\/2026\/03\/27\/tribunal-absolve-22-arguidos-de-trafico-humano-ligados-a-trabalhadores-agricolas\/\"]}]},{\"@type\":\"ImageObject\",\"inLanguage\":\"pt-PT\",\"@id\":\"https:\/\/portaltela.pt\/noticias\/2026\/03\/27\/tribunal-absolve-22-arguidos-de-trafico-humano-ligados-a-trabalhadores-agricolas\/#primaryimage\",\"url\":\"https:\/\/portaltela.pt\/s.01k8rhncp4jt1\/2026\/03\/image-1614.jpg\",\"contentUrl\":\"https:\/\/portaltela.pt\/s.01k8rhncp4jt1\/2026\/03\/image-1614.jpg\",\"width\":796,\"height\":448,\"caption\":\"PJ fez grande opera\u00e7\u00e3o, com buscas e deten\u00e7\u00f5es, em novembro de 2022, em Beja\"},{\"@type\":\"BreadcrumbList\",\"@id\":\"https:\/\/portaltela.pt\/noticias\/2026\/03\/27\/tribunal-absolve-22-arguidos-de-trafico-humano-ligados-a-trabalhadores-agricolas\/#breadcrumb\",\"itemListElement\":[{\"@type\":\"ListItem\",\"position\":1,\"name\":\"In\u00edcio\",\"item\":\"https:\/\/portaltela.pt\/\"},{\"@type\":\"ListItem\",\"position\":2,\"name\":\"Tribunal absolve 22 arguidos de tr\u00e1fico humano ligados a trabalhadores agr\u00edcolas\"}]},{\"@type\":\"WebSite\",\"@id\":\"https:\/\/portaltela.pt\/#website\",\"url\":\"https:\/\/portaltela.pt\/\",\"name\":\"Portal Tela Portugal\",\"description\":\"\",\"potentialAction\":[{\"@type\":\"SearchAction\",\"target\":{\"@type\":\"EntryPoint\",\"urlTemplate\":\"https:\/\/portaltela.pt\/?s={search_term_string}\"},\"query-input\":{\"@type\":\"PropertyValueSpecification\",\"valueRequired\":true,\"valueName\":\"search_term_string\"}}],\"inLanguage\":\"pt-PT\"},{\"@type\":\"Person\",\"@id\":\"https:\/\/portaltela.pt\/#\/schema\/person\/c4278d4a6028830caff9ee44b42d32ed\",\"name\":\"Telinha\",\"image\":{\"@type\":\"ImageObject\",\"inLanguage\":\"pt-PT\",\"@id\":\"https:\/\/portaltela.pt\/s.01k8rhncp4jt1\/2025\/11\/talking-bot-125x125.png\",\"url\":\"https:\/\/portaltela.pt\/s.01k8rhncp4jt1\/2025\/11\/talking-bot-125x125.png\",\"contentUrl\":\"https:\/\/portaltela.pt\/s.01k8rhncp4jt1\/2025\/11\/talking-bot-125x125.png\",\"caption\":\"Telinha\"},\"sameAs\":[\"https:\/\/portaltela.pt\/\"],\"url\":\"https:\/\/portaltela.pt\/por\/367410592786\/\"}]}<\/script>\n<!-- \/ Yoast SEO plugin. -->","yoast_head_json":{"title":"Tribunal absolve 22 arguidos de tr\u00e1fico humano ligados a trabalhadores agr\u00edcolas - Portal Tela Portugal","robots":{"index":"index","follow":"follow","max-snippet":"max-snippet:-1","max-image-preview":"max-image-preview:large","max-video-preview":"max-video-preview:-1"},"og_locale":"pt_PT","og_type":"article","og_title":"Tribunal absolve 22 arguidos de tr\u00e1fico humano ligados a trabalhadores agr\u00edcolas - Portal Tela Portugal","og_description":"O tribunal absolveu todos os 22 arguidos de tr\u00e1fico humano, branqueamento e associa\u00e7\u00e3o criminosa. \u2022 Foram considerados provados apenas tr\u00eas crimes de deten\u00e7\u00e3o de arma proibida; aplicadas multas a arguidos, de 500, 750 e 1.250 euros. \u2022 O Minist\u00e9rio P\u00fablico tinha pedido a absolvi\u00e7\u00e3o dos crimes de tr\u00e1fico humano, branqueamento e associa\u00e7\u00e3o criminosa, apontando o desfecho como previs\u00edvel. \u2022 O julgamento arrancou na segunda-feira; o juiz presidente n\u00e3o podia interrogar sobre tr\u00e1fico humano, branqueamento e associa\u00e7\u00e3o criminosa, ap\u00f3s decis\u00e3o do Tribunal da Rela\u00e7\u00e3o de \u00c9vora de 3 de junho de 2024. \u2022 O processo foi dividido em dois porque oito arguidos estavam em pris\u00e3o preventiva; o MP avan\u00e7ou com acusa\u00e7\u00e3o contra esses oito presos e outros 19 arguidos, que tamb\u00e9m acabaram absolvidos.","og_url":"https:\/\/portaltela.pt\/noticias\/2026\/03\/27\/tribunal-absolve-22-arguidos-de-trafico-humano-ligados-a-trabalhadores-agricolas\/","og_site_name":"Portal Tela Portugal","article_published_time":"2026-03-27T15:33:00+00:00","author":"Telinha","twitter_card":"summary_large_image","twitter_misc":{"Escrito por":"Telinha","Tempo estimado de leitura":"1 minuto"},"schema":{"@context":"https:\/\/schema.org","@graph":[{"@type":"Article","@id":"https:\/\/portaltela.pt\/noticias\/2026\/03\/27\/tribunal-absolve-22-arguidos-de-trafico-humano-ligados-a-trabalhadores-agricolas\/#article","isPartOf":{"@id":"https:\/\/portaltela.pt\/noticias\/2026\/03\/27\/tribunal-absolve-22-arguidos-de-trafico-humano-ligados-a-trabalhadores-agricolas\/"},"author":{"name":"Telinha","@id":"https:\/\/portaltela.pt\/#\/schema\/person\/c4278d4a6028830caff9ee44b42d32ed"},"headline":"Tribunal absolve 22 arguidos de tr\u00e1fico humano ligados a trabalhadores agr\u00edcolas","datePublished":"2026-03-27T15:33:00+00:00","mainEntityOfPage":{"@id":"https:\/\/portaltela.pt\/noticias\/2026\/03\/27\/tribunal-absolve-22-arguidos-de-trafico-humano-ligados-a-trabalhadores-agricolas\/"},"wordCount":179,"image":{"@id":"https:\/\/portaltela.pt\/noticias\/2026\/03\/27\/tribunal-absolve-22-arguidos-de-trafico-humano-ligados-a-trabalhadores-agricolas\/#primaryimage"},"thumbnailUrl":"https:\/\/portaltela.pt\/s.01k8rhncp4jt1\/2026\/03\/image-1614.jpg","keywords":["associa\u00e7\u00e3o criminosa","branqueamento","deten\u00e7\u00e3o de arma proibida","\u00c9vora","tr\u00e1fico de pessoas","Tribunais"],"articleSection":["Justi\u00e7a","Not\u00edcias"],"inLanguage":"pt-PT"},{"@type":"WebPage","@id":"https:\/\/portaltela.pt\/noticias\/2026\/03\/27\/tribunal-absolve-22-arguidos-de-trafico-humano-ligados-a-trabalhadores-agricolas\/","url":"https:\/\/portaltela.pt\/noticias\/2026\/03\/27\/tribunal-absolve-22-arguidos-de-trafico-humano-ligados-a-trabalhadores-agricolas\/","name":"Tribunal absolve 22 arguidos de tr\u00e1fico humano ligados a trabalhadores agr\u00edcolas - Portal Tela Portugal","isPartOf":{"@id":"https:\/\/portaltela.pt\/#website"},"primaryImageOfPage":{"@id":"https:\/\/portaltela.pt\/noticias\/2026\/03\/27\/tribunal-absolve-22-arguidos-de-trafico-humano-ligados-a-trabalhadores-agricolas\/#primaryimage"},"image":{"@id":"https:\/\/portaltela.pt\/noticias\/2026\/03\/27\/tribunal-absolve-22-arguidos-de-trafico-humano-ligados-a-trabalhadores-agricolas\/#primaryimage"},"thumbnailUrl":"https:\/\/portaltela.pt\/s.01k8rhncp4jt1\/2026\/03\/image-1614.jpg","datePublished":"2026-03-27T15:33:00+00:00","author":{"@id":"https:\/\/portaltela.pt\/#\/schema\/person\/c4278d4a6028830caff9ee44b42d32ed"},"breadcrumb":{"@id":"https:\/\/portaltela.pt\/noticias\/2026\/03\/27\/tribunal-absolve-22-arguidos-de-trafico-humano-ligados-a-trabalhadores-agricolas\/#breadcrumb"},"inLanguage":"pt-PT","potentialAction":[{"@type":"ReadAction","target":["https:\/\/portaltela.pt\/noticias\/2026\/03\/27\/tribunal-absolve-22-arguidos-de-trafico-humano-ligados-a-trabalhadores-agricolas\/"]}]},{"@type":"ImageObject","inLanguage":"pt-PT","@id":"https:\/\/portaltela.pt\/noticias\/2026\/03\/27\/tribunal-absolve-22-arguidos-de-trafico-humano-ligados-a-trabalhadores-agricolas\/#primaryimage","url":"https:\/\/portaltela.pt\/s.01k8rhncp4jt1\/2026\/03\/image-1614.jpg","contentUrl":"https:\/\/portaltela.pt\/s.01k8rhncp4jt1\/2026\/03\/image-1614.jpg","width":796,"height":448,"caption":"PJ fez grande opera\u00e7\u00e3o, com buscas e deten\u00e7\u00f5es, em novembro de 2022, em Beja"},{"@type":"BreadcrumbList","@id":"https:\/\/portaltela.pt\/noticias\/2026\/03\/27\/tribunal-absolve-22-arguidos-de-trafico-humano-ligados-a-trabalhadores-agricolas\/#breadcrumb","itemListElement":[{"@type":"ListItem","position":1,"name":"In\u00edcio","item":"https:\/\/portaltela.pt\/"},{"@type":"ListItem","position":2,"name":"Tribunal absolve 22 arguidos de tr\u00e1fico humano ligados a trabalhadores agr\u00edcolas"}]},{"@type":"WebSite","@id":"https:\/\/portaltela.pt\/#website","url":"https:\/\/portaltela.pt\/","name":"Portal Tela Portugal","description":"","potentialAction":[{"@type":"SearchAction","target":{"@type":"EntryPoint","urlTemplate":"https:\/\/portaltela.pt\/?s={search_term_string}"},"query-input":{"@type":"PropertyValueSpecification","valueRequired":true,"valueName":"search_term_string"}}],"inLanguage":"pt-PT"},{"@type":"Person","@id":"https:\/\/portaltela.pt\/#\/schema\/person\/c4278d4a6028830caff9ee44b42d32ed","name":"Telinha","image":{"@type":"ImageObject","inLanguage":"pt-PT","@id":"https:\/\/portaltela.pt\/s.01k8rhncp4jt1\/2025\/11\/talking-bot-125x125.png","url":"https:\/\/portaltela.pt\/s.01k8rhncp4jt1\/2025\/11\/talking-bot-125x125.png","contentUrl":"https:\/\/portaltela.pt\/s.01k8rhncp4jt1\/2025\/11\/talking-bot-125x125.png","caption":"Telinha"},"sameAs":["https:\/\/portaltela.pt\/"],"url":"https:\/\/portaltela.pt\/por\/367410592786\/"}]}},"_links":{"self":[{"href":"https:\/\/portaltela.pt\/api\/wp\/v2\/posts\/423895","targetHints":{"allow":["GET"]}}],"collection":[{"href":"https:\/\/portaltela.pt\/api\/wp\/v2\/posts"}],"about":[{"href":"https:\/\/portaltela.pt\/api\/wp\/v2\/types\/post"}],"author":[{"embeddable":true,"href":"https:\/\/portaltela.pt\/api\/wp\/v2\/users\/2"}],"replies":[{"embeddable":true,"href":"https:\/\/portaltela.pt\/api\/wp\/v2\/comments?post=423895"}],"version-history":[{"count":0,"href":"https:\/\/portaltela.pt\/api\/wp\/v2\/posts\/423895\/revisions"}],"wp:featuredmedia":[{"embeddable":true,"href":"https:\/\/portaltela.pt\/api\/wp\/v2\/media\/423902"}],"wp:attachment":[{"href":"https:\/\/portaltela.pt\/api\/wp\/v2\/media?parent=423895"}],"wp:term":[{"taxonomy":"category","embeddable":true,"href":"https:\/\/portaltela.pt\/api\/wp\/v2\/categories?post=423895"},{"taxonomy":"post_tag","embeddable":true,"href":"https:\/\/portaltela.pt\/api\/wp\/v2\/tags?post=423895"}],"curies":[{"name":"wp","href":"https:\/\/api.w.org\/{rel}","templated":true}]}}