{"id":423892,"date":"2026-03-27T12:29:00","date_gmt":"2026-03-27T15:29:00","guid":{"rendered":"https:\/\/portaltela.pt\/noticias\/2026\/03\/27\/pais-protestam-contra-transferencia-de-escola-para-outro-agrupamento-em-lisboa-2\/"},"modified":"2026-03-27T12:29:00","modified_gmt":"2026-03-27T15:29:00","slug":"pais-protestam-contra-transferencia-de-escola-para-outro-agrupamento-em-lisboa-2","status":"publish","type":"post","link":"https:\/\/portaltela.pt\/comunidade\/2026\/03\/27\/pais-protestam-contra-transferencia-de-escola-para-outro-agrupamento-em-lisboa-2\/","title":{"rendered":"Pais protestam contra transfer\u00eancia de escola para outro agrupamento em Lisboa"},"content":{"rendered":"<p>Cerca de 30 pais concentraram\u2011se, esta sexta-feira, junto \u00e0 Assembleia Municipal de Lisboa para reclamar contra a transfer\u00eancia da EB1 Rainha Santa Isabel, em Campo de Ourique, para outro agrupamento. A mudan\u00e7a integra a Carta Educativa aprovada pela C\u00e2mara Municipal.<\/p>\n<p>Segundo os pais, a informa\u00e7\u00e3o chegou de forma abrupta, cerca de duas semanas antes do pr\u00f3ximo ano letivo. Alegam surpresa generalizada entre a comunidade educativa e falta de justifica\u00e7\u00e3o para a altera\u00e7\u00e3o.<\/p>\n<p>A presidente da associa\u00e7\u00e3o de pais afirma que ningu\u00e9m foi informado e que a decis\u00e3o pode ter implica\u00e7\u00f5es para a continuidade escolar e para o corpo docente, que puderia acompanhar as crian\u00e7as num novo agrupamento.<\/p>\n<h3>Contexto da Carta Educativa e mudan\u00e7as propostas<\/h3>\n<p>A mudan\u00e7a envolve a passagem da EB1 Rainha Santa Isabel do agrupamento Bartolomeu de Gusm\u00e3o para o agrupamento Manuel da Maia, conforme consta na Carta Educativa aprovada pela C\u00e2mara Municipal.<\/p>\n<p>Os pais contestam que a Carta Educativa indica de forma incorreta que a escola j\u00e1 pertence ao Manuel da Maia desde 2023\/2024, o que, segundo eles, exige corre\u00e7\u00e3o por emenda ou adenda, para manter a escola no agrupamento atual.<\/p>\n<p>Aproximadamente 160 crian\u00e7as, desde o jardim de inf\u00e2ncia at\u00e9 aos 10 anos, seriam afetadas. O atual corpo docente manteria-se no agrupamento, enquanto a escola se mudaria para um novo edif\u00edcio, com a mudan\u00e7a de espa\u00e7o f\u00edsico tamb\u00e9m a afetar a rela\u00e7\u00e3o aluno\u2011professor.<\/p>\n<h3>Pr\u00f3ximos passos e agenda de mobiliza\u00e7\u00e3o<\/h3>\n<p>Amanh\u00e3, os pais v\u00e3o reunir-se com o presidente da AML, Andr\u00e9 Moz Caldas, para expor as preocupa\u00e7\u00f5es e pedir um encontro formal. Uma peti\u00e7\u00e3o j\u00e1 est\u00e1 em curso para solicitar a audi\u00e7\u00e3o em plen\u00e1rio da AML.<\/p>\n","protected":false},"excerpt":{"rendered":"<ul>\n<li>Cerca de trinta pais protestaram junto \u00e0 Assembleia Municipal de Lisboa contra a transfer\u00eancia da EB1 Rainha Santa Isabel, de Campo de Ourique, para outro agrupamento, prevista na Carta Educativa aprovada pela C\u00e2mara.<\/li>\n<li>A mudan\u00e7a seria para o agrupamento Manuel da Maia a partir do pr\u00f3ximo ano letivo, de acordo com os pais, que ficaram surpresa por n\u00e3o terem sido informados.<\/li>\n<li>Alegam que a decis\u00e3o n\u00e3o tem fundamenta\u00e7\u00e3o clara e apontam para um erro na Carta Educativa, que ter\u00e1 esta escola integrada no agrupamento Manuel da Maia desde 2023\/2024, algo que contestam.<\/li>\n<li>Defesa dos pais \u00e9 de que a mudan\u00e7a pode afectar a continuidade educativa das crian\u00e7as (at\u00e9 aos 10 anos) e implicaria altera\u00e7\u00f5es no corpo docente e no espa\u00e7o f\u00edsico, com a escola ainda instalada em contentores h\u00e1 seis anos.<\/li>\n<li>Confrontados com o vereador da Educa\u00e7\u00e3o da C\u00e2mara, os pais v\u00e3o tentar reunir-se com o presidente da AML e j\u00e1 promovem uma peti\u00e7\u00e3o para serem ouvidos em plen\u00e1rio; defendem apenas corrigir os par\u00e1grafos associados \u00e0 mudan\u00e7a de agrupamento.<\/li>\n<\/ul>\n","protected":false},"author":2,"featured_media":423894,"comment_status":"closed","ping_status":"closed","sticky":false,"template":"","format":"standard","meta":{"footnotes":""},"categories":[7372],"tags":[7567,163,101,981,210,2857],"class_list":["post-423892","post","type-post","status-publish","format-standard","has-post-thumbnail","hentry","category-comunidade","tag-agrupamentos","tag-educacao","tag-escolas","tag-lisboa","tag-pais","tag-protestos"],"yoast_head":"<!-- This site is optimized with the Yoast SEO plugin v27.2 - https:\/\/yoast.com\/product\/yoast-seo-wordpress\/ -->\n<title>Pais protestam contra transfer\u00eancia de escola para outro agrupamento em Lisboa - Portal Tela Portugal<\/title>\n<meta name=\"robots\" content=\"index, follow, max-snippet:-1, max-image-preview:large, max-video-preview:-1\" \/>\n<meta property=\"og:locale\" content=\"pt_PT\" \/>\n<meta property=\"og:type\" content=\"article\" \/>\n<meta property=\"og:title\" content=\"Pais protestam contra transfer\u00eancia de escola para outro agrupamento em Lisboa - Portal Tela Portugal\" \/>\n<meta property=\"og:description\" content=\"Cerca de trinta pais protestaram junto \u00e0 Assembleia Municipal de Lisboa contra a transfer\u00eancia da EB1 Rainha Santa Isabel, de Campo de Ourique, para outro agrupamento, prevista na Carta Educativa aprovada pela C\u00e2mara. A mudan\u00e7a seria para o agrupamento Manuel da Maia a partir do pr\u00f3ximo ano letivo, de acordo com os pais, que ficaram surpresa por n\u00e3o terem sido informados. Alegam que a decis\u00e3o n\u00e3o tem fundamenta\u00e7\u00e3o clara e apontam para um erro na Carta Educativa, que ter\u00e1 esta escola integrada no agrupamento Manuel da Maia desde 2023\/2024, algo que contestam. Defesa dos pais \u00e9 de que a mudan\u00e7a pode afectar a continuidade educativa das crian\u00e7as (at\u00e9 aos 10 anos) e implicaria altera\u00e7\u00f5es no corpo docente e no espa\u00e7o f\u00edsico, com a escola ainda instalada em contentores h\u00e1 seis anos. Confrontados com o vereador da Educa\u00e7\u00e3o da C\u00e2mara, os pais v\u00e3o tentar reunir-se com o presidente da AML e j\u00e1 promovem uma peti\u00e7\u00e3o para serem ouvidos em plen\u00e1rio; defendem apenas corrigir os par\u00e1grafos associados \u00e0 mudan\u00e7a de agrupamento.\" \/>\n<meta property=\"og:url\" content=\"https:\/\/portaltela.pt\/noticias\/2026\/03\/27\/pais-protestam-contra-transferencia-de-escola-para-outro-agrupamento-em-lisboa-2\/\" \/>\n<meta property=\"og:site_name\" content=\"Portal Tela Portugal\" \/>\n<meta property=\"article:published_time\" content=\"2026-03-27T15:29:00+00:00\" \/>\n<meta name=\"author\" content=\"Telinha\" \/>\n<meta name=\"twitter:card\" content=\"summary_large_image\" \/>\n<meta name=\"twitter:label1\" content=\"Escrito por\" \/>\n\t<meta name=\"twitter:data1\" content=\"Telinha\" \/>\n\t<meta name=\"twitter:label2\" content=\"Tempo estimado de leitura\" \/>\n\t<meta name=\"twitter:data2\" content=\"1 minuto\" \/>\n<script type=\"application\/ld+json\" class=\"yoast-schema-graph\">{\"@context\":\"https:\/\/schema.org\",\"@graph\":[{\"@type\":\"Article\",\"@id\":\"https:\/\/portaltela.pt\/noticias\/2026\/03\/27\/pais-protestam-contra-transferencia-de-escola-para-outro-agrupamento-em-lisboa-2\/#article\",\"isPartOf\":{\"@id\":\"https:\/\/portaltela.pt\/noticias\/2026\/03\/27\/pais-protestam-contra-transferencia-de-escola-para-outro-agrupamento-em-lisboa-2\/\"},\"author\":{\"name\":\"Telinha\",\"@id\":\"https:\/\/portaltela.pt\/#\/schema\/person\/c4278d4a6028830caff9ee44b42d32ed\"},\"headline\":\"Pais protestam contra transfer\u00eancia de escola para outro agrupamento em Lisboa\",\"datePublished\":\"2026-03-27T15:29:00+00:00\",\"mainEntityOfPage\":{\"@id\":\"https:\/\/portaltela.pt\/noticias\/2026\/03\/27\/pais-protestam-contra-transferencia-de-escola-para-outro-agrupamento-em-lisboa-2\/\"},\"wordCount\":308,\"image\":{\"@id\":\"https:\/\/portaltela.pt\/noticias\/2026\/03\/27\/pais-protestam-contra-transferencia-de-escola-para-outro-agrupamento-em-lisboa-2\/#primaryimage\"},\"thumbnailUrl\":\"https:\/\/portaltela.pt\/s.01k8rhncp4jt1\/2026\/03\/img_1500x1000uu2026-03-27-15-27-12-2275120.jpg\",\"keywords\":[\"agrupamentos\",\"educa\u00e7\u00e3o\",\"escolas\",\"Lisboa\",\"pais\",\"protestos\"],\"articleSection\":[\"Comunidade\"],\"inLanguage\":\"pt-PT\"},{\"@type\":\"WebPage\",\"@id\":\"https:\/\/portaltela.pt\/noticias\/2026\/03\/27\/pais-protestam-contra-transferencia-de-escola-para-outro-agrupamento-em-lisboa-2\/\",\"url\":\"https:\/\/portaltela.pt\/noticias\/2026\/03\/27\/pais-protestam-contra-transferencia-de-escola-para-outro-agrupamento-em-lisboa-2\/\",\"name\":\"Pais protestam contra transfer\u00eancia de escola para outro agrupamento em Lisboa - Portal Tela Portugal\",\"isPartOf\":{\"@id\":\"https:\/\/portaltela.pt\/#website\"},\"primaryImageOfPage\":{\"@id\":\"https:\/\/portaltela.pt\/noticias\/2026\/03\/27\/pais-protestam-contra-transferencia-de-escola-para-outro-agrupamento-em-lisboa-2\/#primaryimage\"},\"image\":{\"@id\":\"https:\/\/portaltela.pt\/noticias\/2026\/03\/27\/pais-protestam-contra-transferencia-de-escola-para-outro-agrupamento-em-lisboa-2\/#primaryimage\"},\"thumbnailUrl\":\"https:\/\/portaltela.pt\/s.01k8rhncp4jt1\/2026\/03\/img_1500x1000uu2026-03-27-15-27-12-2275120.jpg\",\"datePublished\":\"2026-03-27T15:29:00+00:00\",\"author\":{\"@id\":\"https:\/\/portaltela.pt\/#\/schema\/person\/c4278d4a6028830caff9ee44b42d32ed\"},\"breadcrumb\":{\"@id\":\"https:\/\/portaltela.pt\/noticias\/2026\/03\/27\/pais-protestam-contra-transferencia-de-escola-para-outro-agrupamento-em-lisboa-2\/#breadcrumb\"},\"inLanguage\":\"pt-PT\",\"potentialAction\":[{\"@type\":\"ReadAction\",\"target\":[\"https:\/\/portaltela.pt\/noticias\/2026\/03\/27\/pais-protestam-contra-transferencia-de-escola-para-outro-agrupamento-em-lisboa-2\/\"]}]},{\"@type\":\"ImageObject\",\"inLanguage\":\"pt-PT\",\"@id\":\"https:\/\/portaltela.pt\/noticias\/2026\/03\/27\/pais-protestam-contra-transferencia-de-escola-para-outro-agrupamento-em-lisboa-2\/#primaryimage\",\"url\":\"https:\/\/portaltela.pt\/s.01k8rhncp4jt1\/2026\/03\/img_1500x1000uu2026-03-27-15-27-12-2275120.jpg\",\"contentUrl\":\"https:\/\/portaltela.pt\/s.01k8rhncp4jt1\/2026\/03\/img_1500x1000uu2026-03-27-15-27-12-2275120.jpg\",\"width\":796,\"height\":448,\"caption\":\"Pais protestam contra transfer\u00eancia de escola para outro agrupamento em Lisboa\"},{\"@type\":\"BreadcrumbList\",\"@id\":\"https:\/\/portaltela.pt\/noticias\/2026\/03\/27\/pais-protestam-contra-transferencia-de-escola-para-outro-agrupamento-em-lisboa-2\/#breadcrumb\",\"itemListElement\":[{\"@type\":\"ListItem\",\"position\":1,\"name\":\"In\u00edcio\",\"item\":\"https:\/\/portaltela.pt\/\"},{\"@type\":\"ListItem\",\"position\":2,\"name\":\"Pais protestam contra transfer\u00eancia de escola para outro agrupamento em Lisboa\"}]},{\"@type\":\"WebSite\",\"@id\":\"https:\/\/portaltela.pt\/#website\",\"url\":\"https:\/\/portaltela.pt\/\",\"name\":\"Portal Tela Portugal\",\"description\":\"\",\"potentialAction\":[{\"@type\":\"SearchAction\",\"target\":{\"@type\":\"EntryPoint\",\"urlTemplate\":\"https:\/\/portaltela.pt\/?s={search_term_string}\"},\"query-input\":{\"@type\":\"PropertyValueSpecification\",\"valueRequired\":true,\"valueName\":\"search_term_string\"}}],\"inLanguage\":\"pt-PT\"},{\"@type\":\"Person\",\"@id\":\"https:\/\/portaltela.pt\/#\/schema\/person\/c4278d4a6028830caff9ee44b42d32ed\",\"name\":\"Telinha\",\"image\":{\"@type\":\"ImageObject\",\"inLanguage\":\"pt-PT\",\"@id\":\"https:\/\/portaltela.pt\/s.01k8rhncp4jt1\/2025\/11\/talking-bot-125x125.png\",\"url\":\"https:\/\/portaltela.pt\/s.01k8rhncp4jt1\/2025\/11\/talking-bot-125x125.png\",\"contentUrl\":\"https:\/\/portaltela.pt\/s.01k8rhncp4jt1\/2025\/11\/talking-bot-125x125.png\",\"caption\":\"Telinha\"},\"sameAs\":[\"https:\/\/portaltela.pt\/\"],\"url\":\"https:\/\/portaltela.pt\/por\/367410592786\/\"}]}<\/script>\n<!-- \/ Yoast SEO plugin. -->","yoast_head_json":{"title":"Pais protestam contra transfer\u00eancia de escola para outro agrupamento em Lisboa - Portal Tela Portugal","robots":{"index":"index","follow":"follow","max-snippet":"max-snippet:-1","max-image-preview":"max-image-preview:large","max-video-preview":"max-video-preview:-1"},"og_locale":"pt_PT","og_type":"article","og_title":"Pais protestam contra transfer\u00eancia de escola para outro agrupamento em Lisboa - Portal Tela Portugal","og_description":"Cerca de trinta pais protestaram junto \u00e0 Assembleia Municipal de Lisboa contra a transfer\u00eancia da EB1 Rainha Santa Isabel, de Campo de Ourique, para outro agrupamento, prevista na Carta Educativa aprovada pela C\u00e2mara. A mudan\u00e7a seria para o agrupamento Manuel da Maia a partir do pr\u00f3ximo ano letivo, de acordo com os pais, que ficaram surpresa por n\u00e3o terem sido informados. Alegam que a decis\u00e3o n\u00e3o tem fundamenta\u00e7\u00e3o clara e apontam para um erro na Carta Educativa, que ter\u00e1 esta escola integrada no agrupamento Manuel da Maia desde 2023\/2024, algo que contestam. Defesa dos pais \u00e9 de que a mudan\u00e7a pode afectar a continuidade educativa das crian\u00e7as (at\u00e9 aos 10 anos) e implicaria altera\u00e7\u00f5es no corpo docente e no espa\u00e7o f\u00edsico, com a escola ainda instalada em contentores h\u00e1 seis anos. Confrontados com o vereador da Educa\u00e7\u00e3o da C\u00e2mara, os pais v\u00e3o tentar reunir-se com o presidente da AML e j\u00e1 promovem uma peti\u00e7\u00e3o para serem ouvidos em plen\u00e1rio; defendem apenas corrigir os par\u00e1grafos associados \u00e0 mudan\u00e7a de agrupamento.","og_url":"https:\/\/portaltela.pt\/noticias\/2026\/03\/27\/pais-protestam-contra-transferencia-de-escola-para-outro-agrupamento-em-lisboa-2\/","og_site_name":"Portal Tela Portugal","article_published_time":"2026-03-27T15:29:00+00:00","author":"Telinha","twitter_card":"summary_large_image","twitter_misc":{"Escrito por":"Telinha","Tempo estimado de leitura":"1 minuto"},"schema":{"@context":"https:\/\/schema.org","@graph":[{"@type":"Article","@id":"https:\/\/portaltela.pt\/noticias\/2026\/03\/27\/pais-protestam-contra-transferencia-de-escola-para-outro-agrupamento-em-lisboa-2\/#article","isPartOf":{"@id":"https:\/\/portaltela.pt\/noticias\/2026\/03\/27\/pais-protestam-contra-transferencia-de-escola-para-outro-agrupamento-em-lisboa-2\/"},"author":{"name":"Telinha","@id":"https:\/\/portaltela.pt\/#\/schema\/person\/c4278d4a6028830caff9ee44b42d32ed"},"headline":"Pais protestam contra transfer\u00eancia de escola para outro agrupamento em Lisboa","datePublished":"2026-03-27T15:29:00+00:00","mainEntityOfPage":{"@id":"https:\/\/portaltela.pt\/noticias\/2026\/03\/27\/pais-protestam-contra-transferencia-de-escola-para-outro-agrupamento-em-lisboa-2\/"},"wordCount":308,"image":{"@id":"https:\/\/portaltela.pt\/noticias\/2026\/03\/27\/pais-protestam-contra-transferencia-de-escola-para-outro-agrupamento-em-lisboa-2\/#primaryimage"},"thumbnailUrl":"https:\/\/portaltela.pt\/s.01k8rhncp4jt1\/2026\/03\/img_1500x1000uu2026-03-27-15-27-12-2275120.jpg","keywords":["agrupamentos","educa\u00e7\u00e3o","escolas","Lisboa","pais","protestos"],"articleSection":["Comunidade"],"inLanguage":"pt-PT"},{"@type":"WebPage","@id":"https:\/\/portaltela.pt\/noticias\/2026\/03\/27\/pais-protestam-contra-transferencia-de-escola-para-outro-agrupamento-em-lisboa-2\/","url":"https:\/\/portaltela.pt\/noticias\/2026\/03\/27\/pais-protestam-contra-transferencia-de-escola-para-outro-agrupamento-em-lisboa-2\/","name":"Pais protestam contra transfer\u00eancia de escola para outro agrupamento em Lisboa - Portal Tela Portugal","isPartOf":{"@id":"https:\/\/portaltela.pt\/#website"},"primaryImageOfPage":{"@id":"https:\/\/portaltela.pt\/noticias\/2026\/03\/27\/pais-protestam-contra-transferencia-de-escola-para-outro-agrupamento-em-lisboa-2\/#primaryimage"},"image":{"@id":"https:\/\/portaltela.pt\/noticias\/2026\/03\/27\/pais-protestam-contra-transferencia-de-escola-para-outro-agrupamento-em-lisboa-2\/#primaryimage"},"thumbnailUrl":"https:\/\/portaltela.pt\/s.01k8rhncp4jt1\/2026\/03\/img_1500x1000uu2026-03-27-15-27-12-2275120.jpg","datePublished":"2026-03-27T15:29:00+00:00","author":{"@id":"https:\/\/portaltela.pt\/#\/schema\/person\/c4278d4a6028830caff9ee44b42d32ed"},"breadcrumb":{"@id":"https:\/\/portaltela.pt\/noticias\/2026\/03\/27\/pais-protestam-contra-transferencia-de-escola-para-outro-agrupamento-em-lisboa-2\/#breadcrumb"},"inLanguage":"pt-PT","potentialAction":[{"@type":"ReadAction","target":["https:\/\/portaltela.pt\/noticias\/2026\/03\/27\/pais-protestam-contra-transferencia-de-escola-para-outro-agrupamento-em-lisboa-2\/"]}]},{"@type":"ImageObject","inLanguage":"pt-PT","@id":"https:\/\/portaltela.pt\/noticias\/2026\/03\/27\/pais-protestam-contra-transferencia-de-escola-para-outro-agrupamento-em-lisboa-2\/#primaryimage","url":"https:\/\/portaltela.pt\/s.01k8rhncp4jt1\/2026\/03\/img_1500x1000uu2026-03-27-15-27-12-2275120.jpg","contentUrl":"https:\/\/portaltela.pt\/s.01k8rhncp4jt1\/2026\/03\/img_1500x1000uu2026-03-27-15-27-12-2275120.jpg","width":796,"height":448,"caption":"Pais protestam contra transfer\u00eancia de escola para outro agrupamento em Lisboa"},{"@type":"BreadcrumbList","@id":"https:\/\/portaltela.pt\/noticias\/2026\/03\/27\/pais-protestam-contra-transferencia-de-escola-para-outro-agrupamento-em-lisboa-2\/#breadcrumb","itemListElement":[{"@type":"ListItem","position":1,"name":"In\u00edcio","item":"https:\/\/portaltela.pt\/"},{"@type":"ListItem","position":2,"name":"Pais protestam contra transfer\u00eancia de escola para outro agrupamento em Lisboa"}]},{"@type":"WebSite","@id":"https:\/\/portaltela.pt\/#website","url":"https:\/\/portaltela.pt\/","name":"Portal Tela Portugal","description":"","potentialAction":[{"@type":"SearchAction","target":{"@type":"EntryPoint","urlTemplate":"https:\/\/portaltela.pt\/?s={search_term_string}"},"query-input":{"@type":"PropertyValueSpecification","valueRequired":true,"valueName":"search_term_string"}}],"inLanguage":"pt-PT"},{"@type":"Person","@id":"https:\/\/portaltela.pt\/#\/schema\/person\/c4278d4a6028830caff9ee44b42d32ed","name":"Telinha","image":{"@type":"ImageObject","inLanguage":"pt-PT","@id":"https:\/\/portaltela.pt\/s.01k8rhncp4jt1\/2025\/11\/talking-bot-125x125.png","url":"https:\/\/portaltela.pt\/s.01k8rhncp4jt1\/2025\/11\/talking-bot-125x125.png","contentUrl":"https:\/\/portaltela.pt\/s.01k8rhncp4jt1\/2025\/11\/talking-bot-125x125.png","caption":"Telinha"},"sameAs":["https:\/\/portaltela.pt\/"],"url":"https:\/\/portaltela.pt\/por\/367410592786\/"}]}},"_links":{"self":[{"href":"https:\/\/portaltela.pt\/api\/wp\/v2\/posts\/423892","targetHints":{"allow":["GET"]}}],"collection":[{"href":"https:\/\/portaltela.pt\/api\/wp\/v2\/posts"}],"about":[{"href":"https:\/\/portaltela.pt\/api\/wp\/v2\/types\/post"}],"author":[{"embeddable":true,"href":"https:\/\/portaltela.pt\/api\/wp\/v2\/users\/2"}],"replies":[{"embeddable":true,"href":"https:\/\/portaltela.pt\/api\/wp\/v2\/comments?post=423892"}],"version-history":[{"count":0,"href":"https:\/\/portaltela.pt\/api\/wp\/v2\/posts\/423892\/revisions"}],"wp:featuredmedia":[{"embeddable":true,"href":"https:\/\/portaltela.pt\/api\/wp\/v2\/media\/423894"}],"wp:attachment":[{"href":"https:\/\/portaltela.pt\/api\/wp\/v2\/media?parent=423892"}],"wp:term":[{"taxonomy":"category","embeddable":true,"href":"https:\/\/portaltela.pt\/api\/wp\/v2\/categories?post=423892"},{"taxonomy":"post_tag","embeddable":true,"href":"https:\/\/portaltela.pt\/api\/wp\/v2\/tags?post=423892"}],"curies":[{"name":"wp","href":"https:\/\/api.w.org\/{rel}","templated":true}]}}