{"id":423890,"date":"2026-03-27T12:20:02","date_gmt":"2026-03-27T15:20:02","guid":{"rendered":"https:\/\/portaltela.pt\/noticias\/2026\/03\/27\/sudakov-reage-a-eliminacao-da-ucrania-diz-estar-envergonhado\/"},"modified":"2026-03-27T12:20:02","modified_gmt":"2026-03-27T15:20:02","slug":"sudakov-reage-a-eliminacao-da-ucrania-diz-estar-envergonhado","status":"publish","type":"post","link":"https:\/\/portaltela.pt\/desporto\/futebol\/2026\/03\/27\/sudakov-reage-a-eliminacao-da-ucrania-diz-estar-envergonhado\/","title":{"rendered":"Sudakov reage \u00e0 elimina\u00e7\u00e3o da Ucr\u00e2nia: diz estar envergonhado"},"content":{"rendered":"<p>Sudakov reagiu \u00e0 elimina\u00e7\u00e3o da Ucr\u00e2nia nas meias-finais do playoff de acesso ao Mundial 2026, ap\u00f3s a derrota por 3-0 frente \u00e0 Su\u00e9cia. O encontro decorreu no \u00e2mbito das fases de qualifica\u00e7\u00e3o para o Mundial.<\/p>\n<p>O m\u00e9dio do Benfica mostrou-se desgostoso e com dificuldades para falar sobre o resultado, segundo o portal ucraniano Sport. Confessou estar envergonhado diante de todo o pa\u00eds.<\/p>\n<p>Sudakov apontou um elevado n\u00famero de erros, quer a n\u00edvel individual, quer taticamente, e reconheceu a performance do advers\u00e1rio Gy\u00f6keres, autor de um hat-trick. A an\u00e1lise incluiu a afirma\u00e7\u00e3o de que houve golos f\u00e1ceis.<\/p>\n<p>O jogador salientou que o segredo do sucesso sueco residiu na efic\u00e1cia de Gy\u00f6keres, que aproveitou as oportunidades criadas. Lembrou ainda que a Ucr\u00e2nia desperdi\u00e7ou algumas ocasi\u00f5es, o que tornou o jogo mais complexo.<\/p>\n<p>Apesar das oportunidades que houve para a Ucr\u00e2nia, Sudakov n\u00e3o conseguiu prolongar o discurso, afirmando novamente a dificuldade em encontrar as palavras para comentar a derrota.<\/p>\n","protected":false},"excerpt":{"rendered":"<ul>\n<li>Sudakov, m\u00e9dio do Benfica, reagiu \u00e0 elimina\u00e7\u00e3o da Ucr\u00e2nia nas meias-finais do playoff de acesso ao Mundial de 2026, ap\u00f3s derrotar frente \u00e0 Su\u00e9cia por 3-0.<\/li>\n<li>Disse estar \u201ccompletamente envergonhado\u201d diante de todo o pa\u00eds, admitindo dificuldades em encontrar as palavras.<\/li>\n<li>Apontou para um enorme n\u00famero de erros, quer individuais quer t\u00e1cteis, e elogiou Gy\u00f6keres, autor do hat-trick sueco.<\/li>\n<li>Refor\u00e7ou que sofreram \u201cgolos f\u00e1ceis\u201d e que, depois de estarem a perder por 2-0, ficou ainda mais complicado.<\/li>\n<li>Admitiu que houve algumas oportunidades para a Ucr\u00e2nia, mas n\u00e3o conseguiu prolongar o discurso.<\/li>\n<\/ul>\n","protected":false},"author":2,"featured_media":423893,"comment_status":"closed","ping_status":"closed","sticky":false,"template":"","format":"standard","meta":{"footnotes":""},"categories":[21,24],"tags":[32,3338,6487,2057,2645,2134],"class_list":["post-423890","post","type-post","status-publish","format-standard","has-post-thumbnail","hentry","category-desporto","category-futebol","tag-futebol","tag-futebol-internacional","tag-gyokeres","tag-selecao-nacional","tag-suecia","tag-ucrania"],"yoast_head":"<!-- This site is optimized with the Yoast SEO plugin v27.2 - https:\/\/yoast.com\/product\/yoast-seo-wordpress\/ -->\n<title>Sudakov reage \u00e0 elimina\u00e7\u00e3o da Ucr\u00e2nia: diz estar envergonhado - Portal Tela Portugal<\/title>\n<meta name=\"robots\" content=\"index, follow, max-snippet:-1, max-image-preview:large, max-video-preview:-1\" \/>\n<meta property=\"og:locale\" content=\"pt_PT\" \/>\n<meta property=\"og:type\" content=\"article\" \/>\n<meta property=\"og:title\" content=\"Sudakov reage \u00e0 elimina\u00e7\u00e3o da Ucr\u00e2nia: diz estar envergonhado - Portal Tela Portugal\" \/>\n<meta property=\"og:description\" content=\"Sudakov, m\u00e9dio do Benfica, reagiu \u00e0 elimina\u00e7\u00e3o da Ucr\u00e2nia nas meias-finais do playoff de acesso ao Mundial de 2026, ap\u00f3s derrotar frente \u00e0 Su\u00e9cia por 3-0. Disse estar \u201ccompletamente envergonhado\u201d diante de todo o pa\u00eds, admitindo dificuldades em encontrar as palavras. Apontou para um enorme n\u00famero de erros, quer individuais quer t\u00e1cteis, e elogiou Gy\u00f6keres, autor do hat-trick sueco. Refor\u00e7ou que sofreram \u201cgolos f\u00e1ceis\u201d e que, depois de estarem a perder por 2-0, ficou ainda mais complicado. Admitiu que houve algumas oportunidades para a Ucr\u00e2nia, mas n\u00e3o conseguiu prolongar o discurso.\" \/>\n<meta property=\"og:url\" content=\"https:\/\/portaltela.pt\/noticias\/2026\/03\/27\/sudakov-reage-a-eliminacao-da-ucrania-diz-estar-envergonhado\/\" \/>\n<meta property=\"og:site_name\" content=\"Portal Tela Portugal\" \/>\n<meta property=\"article:published_time\" content=\"2026-03-27T15:20:02+00:00\" \/>\n<meta name=\"author\" content=\"Telinha\" \/>\n<meta name=\"twitter:card\" content=\"summary_large_image\" \/>\n<meta name=\"twitter:label1\" content=\"Escrito por\" \/>\n\t<meta name=\"twitter:data1\" content=\"Telinha\" \/>\n\t<meta name=\"twitter:label2\" content=\"Tempo estimado de leitura\" \/>\n\t<meta name=\"twitter:data2\" content=\"1 minuto\" \/>\n<script type=\"application\/ld+json\" class=\"yoast-schema-graph\">{\"@context\":\"https:\/\/schema.org\",\"@graph\":[{\"@type\":\"Article\",\"@id\":\"https:\/\/portaltela.pt\/noticias\/2026\/03\/27\/sudakov-reage-a-eliminacao-da-ucrania-diz-estar-envergonhado\/#article\",\"isPartOf\":{\"@id\":\"https:\/\/portaltela.pt\/noticias\/2026\/03\/27\/sudakov-reage-a-eliminacao-da-ucrania-diz-estar-envergonhado\/\"},\"author\":{\"name\":\"Telinha\",\"@id\":\"https:\/\/portaltela.pt\/#\/schema\/person\/c4278d4a6028830caff9ee44b42d32ed\"},\"headline\":\"Sudakov reage \u00e0 elimina\u00e7\u00e3o da Ucr\u00e2nia: diz estar envergonhado\",\"datePublished\":\"2026-03-27T15:20:02+00:00\",\"mainEntityOfPage\":{\"@id\":\"https:\/\/portaltela.pt\/noticias\/2026\/03\/27\/sudakov-reage-a-eliminacao-da-ucrania-diz-estar-envergonhado\/\"},\"wordCount\":184,\"image\":{\"@id\":\"https:\/\/portaltela.pt\/noticias\/2026\/03\/27\/sudakov-reage-a-eliminacao-da-ucrania-diz-estar-envergonhado\/#primaryimage\"},\"thumbnailUrl\":\"https:\/\/portaltela.pt\/s.01k8rhncp4jt1\/2026\/03\/img_920x518uu2026-03-27-15-18-49-2429701-im-639102215410764586.jpg\",\"keywords\":[\"futebol\",\"futebol internacional\",\"Gy\u00f6keres\",\"Sele\u00e7\u00e3o Nacional\",\"Su\u00e9cia\",\"Ucr\u00e2nia\"],\"articleSection\":[\"Desporto\",\"Futebol\"],\"inLanguage\":\"pt-PT\"},{\"@type\":\"WebPage\",\"@id\":\"https:\/\/portaltela.pt\/noticias\/2026\/03\/27\/sudakov-reage-a-eliminacao-da-ucrania-diz-estar-envergonhado\/\",\"url\":\"https:\/\/portaltela.pt\/noticias\/2026\/03\/27\/sudakov-reage-a-eliminacao-da-ucrania-diz-estar-envergonhado\/\",\"name\":\"Sudakov reage \u00e0 elimina\u00e7\u00e3o da Ucr\u00e2nia: diz estar envergonhado - Portal Tela Portugal\",\"isPartOf\":{\"@id\":\"https:\/\/portaltela.pt\/#website\"},\"primaryImageOfPage\":{\"@id\":\"https:\/\/portaltela.pt\/noticias\/2026\/03\/27\/sudakov-reage-a-eliminacao-da-ucrania-diz-estar-envergonhado\/#primaryimage\"},\"image\":{\"@id\":\"https:\/\/portaltela.pt\/noticias\/2026\/03\/27\/sudakov-reage-a-eliminacao-da-ucrania-diz-estar-envergonhado\/#primaryimage\"},\"thumbnailUrl\":\"https:\/\/portaltela.pt\/s.01k8rhncp4jt1\/2026\/03\/img_920x518uu2026-03-27-15-18-49-2429701-im-639102215410764586.jpg\",\"datePublished\":\"2026-03-27T15:20:02+00:00\",\"author\":{\"@id\":\"https:\/\/portaltela.pt\/#\/schema\/person\/c4278d4a6028830caff9ee44b42d32ed\"},\"breadcrumb\":{\"@id\":\"https:\/\/portaltela.pt\/noticias\/2026\/03\/27\/sudakov-reage-a-eliminacao-da-ucrania-diz-estar-envergonhado\/#breadcrumb\"},\"inLanguage\":\"pt-PT\",\"potentialAction\":[{\"@type\":\"ReadAction\",\"target\":[\"https:\/\/portaltela.pt\/noticias\/2026\/03\/27\/sudakov-reage-a-eliminacao-da-ucrania-diz-estar-envergonhado\/\"]}]},{\"@type\":\"ImageObject\",\"inLanguage\":\"pt-PT\",\"@id\":\"https:\/\/portaltela.pt\/noticias\/2026\/03\/27\/sudakov-reage-a-eliminacao-da-ucrania-diz-estar-envergonhado\/#primaryimage\",\"url\":\"https:\/\/portaltela.pt\/s.01k8rhncp4jt1\/2026\/03\/img_920x518uu2026-03-27-15-18-49-2429701-im-639102215410764586.jpg\",\"contentUrl\":\"https:\/\/portaltela.pt\/s.01k8rhncp4jt1\/2026\/03\/img_920x518uu2026-03-27-15-18-49-2429701-im-639102215410764586.jpg\",\"width\":796,\"height\":448,\"caption\":\"Sudakov em a\u00e7\u00e3o pela sele\u00e7\u00e3o da Ucr\u00e2nia\"},{\"@type\":\"BreadcrumbList\",\"@id\":\"https:\/\/portaltela.pt\/noticias\/2026\/03\/27\/sudakov-reage-a-eliminacao-da-ucrania-diz-estar-envergonhado\/#breadcrumb\",\"itemListElement\":[{\"@type\":\"ListItem\",\"position\":1,\"name\":\"In\u00edcio\",\"item\":\"https:\/\/portaltela.pt\/\"},{\"@type\":\"ListItem\",\"position\":2,\"name\":\"Sudakov reage \u00e0 elimina\u00e7\u00e3o da Ucr\u00e2nia: diz estar envergonhado\"}]},{\"@type\":\"WebSite\",\"@id\":\"https:\/\/portaltela.pt\/#website\",\"url\":\"https:\/\/portaltela.pt\/\",\"name\":\"Portal Tela Portugal\",\"description\":\"\",\"potentialAction\":[{\"@type\":\"SearchAction\",\"target\":{\"@type\":\"EntryPoint\",\"urlTemplate\":\"https:\/\/portaltela.pt\/?s={search_term_string}\"},\"query-input\":{\"@type\":\"PropertyValueSpecification\",\"valueRequired\":true,\"valueName\":\"search_term_string\"}}],\"inLanguage\":\"pt-PT\"},{\"@type\":\"Person\",\"@id\":\"https:\/\/portaltela.pt\/#\/schema\/person\/c4278d4a6028830caff9ee44b42d32ed\",\"name\":\"Telinha\",\"image\":{\"@type\":\"ImageObject\",\"inLanguage\":\"pt-PT\",\"@id\":\"https:\/\/portaltela.pt\/s.01k8rhncp4jt1\/2025\/11\/talking-bot-125x125.png\",\"url\":\"https:\/\/portaltela.pt\/s.01k8rhncp4jt1\/2025\/11\/talking-bot-125x125.png\",\"contentUrl\":\"https:\/\/portaltela.pt\/s.01k8rhncp4jt1\/2025\/11\/talking-bot-125x125.png\",\"caption\":\"Telinha\"},\"sameAs\":[\"https:\/\/portaltela.pt\/\"],\"url\":\"https:\/\/portaltela.pt\/por\/367410592786\/\"}]}<\/script>\n<!-- \/ Yoast SEO plugin. -->","yoast_head_json":{"title":"Sudakov reage \u00e0 elimina\u00e7\u00e3o da Ucr\u00e2nia: diz estar envergonhado - Portal Tela Portugal","robots":{"index":"index","follow":"follow","max-snippet":"max-snippet:-1","max-image-preview":"max-image-preview:large","max-video-preview":"max-video-preview:-1"},"og_locale":"pt_PT","og_type":"article","og_title":"Sudakov reage \u00e0 elimina\u00e7\u00e3o da Ucr\u00e2nia: diz estar envergonhado - Portal Tela Portugal","og_description":"Sudakov, m\u00e9dio do Benfica, reagiu \u00e0 elimina\u00e7\u00e3o da Ucr\u00e2nia nas meias-finais do playoff de acesso ao Mundial de 2026, ap\u00f3s derrotar frente \u00e0 Su\u00e9cia por 3-0. Disse estar \u201ccompletamente envergonhado\u201d diante de todo o pa\u00eds, admitindo dificuldades em encontrar as palavras. Apontou para um enorme n\u00famero de erros, quer individuais quer t\u00e1cteis, e elogiou Gy\u00f6keres, autor do hat-trick sueco. Refor\u00e7ou que sofreram \u201cgolos f\u00e1ceis\u201d e que, depois de estarem a perder por 2-0, ficou ainda mais complicado. Admitiu que houve algumas oportunidades para a Ucr\u00e2nia, mas n\u00e3o conseguiu prolongar o discurso.","og_url":"https:\/\/portaltela.pt\/noticias\/2026\/03\/27\/sudakov-reage-a-eliminacao-da-ucrania-diz-estar-envergonhado\/","og_site_name":"Portal Tela Portugal","article_published_time":"2026-03-27T15:20:02+00:00","author":"Telinha","twitter_card":"summary_large_image","twitter_misc":{"Escrito por":"Telinha","Tempo estimado de leitura":"1 minuto"},"schema":{"@context":"https:\/\/schema.org","@graph":[{"@type":"Article","@id":"https:\/\/portaltela.pt\/noticias\/2026\/03\/27\/sudakov-reage-a-eliminacao-da-ucrania-diz-estar-envergonhado\/#article","isPartOf":{"@id":"https:\/\/portaltela.pt\/noticias\/2026\/03\/27\/sudakov-reage-a-eliminacao-da-ucrania-diz-estar-envergonhado\/"},"author":{"name":"Telinha","@id":"https:\/\/portaltela.pt\/#\/schema\/person\/c4278d4a6028830caff9ee44b42d32ed"},"headline":"Sudakov reage \u00e0 elimina\u00e7\u00e3o da Ucr\u00e2nia: diz estar envergonhado","datePublished":"2026-03-27T15:20:02+00:00","mainEntityOfPage":{"@id":"https:\/\/portaltela.pt\/noticias\/2026\/03\/27\/sudakov-reage-a-eliminacao-da-ucrania-diz-estar-envergonhado\/"},"wordCount":184,"image":{"@id":"https:\/\/portaltela.pt\/noticias\/2026\/03\/27\/sudakov-reage-a-eliminacao-da-ucrania-diz-estar-envergonhado\/#primaryimage"},"thumbnailUrl":"https:\/\/portaltela.pt\/s.01k8rhncp4jt1\/2026\/03\/img_920x518uu2026-03-27-15-18-49-2429701-im-639102215410764586.jpg","keywords":["futebol","futebol internacional","Gy\u00f6keres","Sele\u00e7\u00e3o Nacional","Su\u00e9cia","Ucr\u00e2nia"],"articleSection":["Desporto","Futebol"],"inLanguage":"pt-PT"},{"@type":"WebPage","@id":"https:\/\/portaltela.pt\/noticias\/2026\/03\/27\/sudakov-reage-a-eliminacao-da-ucrania-diz-estar-envergonhado\/","url":"https:\/\/portaltela.pt\/noticias\/2026\/03\/27\/sudakov-reage-a-eliminacao-da-ucrania-diz-estar-envergonhado\/","name":"Sudakov reage \u00e0 elimina\u00e7\u00e3o da Ucr\u00e2nia: diz estar envergonhado - Portal Tela Portugal","isPartOf":{"@id":"https:\/\/portaltela.pt\/#website"},"primaryImageOfPage":{"@id":"https:\/\/portaltela.pt\/noticias\/2026\/03\/27\/sudakov-reage-a-eliminacao-da-ucrania-diz-estar-envergonhado\/#primaryimage"},"image":{"@id":"https:\/\/portaltela.pt\/noticias\/2026\/03\/27\/sudakov-reage-a-eliminacao-da-ucrania-diz-estar-envergonhado\/#primaryimage"},"thumbnailUrl":"https:\/\/portaltela.pt\/s.01k8rhncp4jt1\/2026\/03\/img_920x518uu2026-03-27-15-18-49-2429701-im-639102215410764586.jpg","datePublished":"2026-03-27T15:20:02+00:00","author":{"@id":"https:\/\/portaltela.pt\/#\/schema\/person\/c4278d4a6028830caff9ee44b42d32ed"},"breadcrumb":{"@id":"https:\/\/portaltela.pt\/noticias\/2026\/03\/27\/sudakov-reage-a-eliminacao-da-ucrania-diz-estar-envergonhado\/#breadcrumb"},"inLanguage":"pt-PT","potentialAction":[{"@type":"ReadAction","target":["https:\/\/portaltela.pt\/noticias\/2026\/03\/27\/sudakov-reage-a-eliminacao-da-ucrania-diz-estar-envergonhado\/"]}]},{"@type":"ImageObject","inLanguage":"pt-PT","@id":"https:\/\/portaltela.pt\/noticias\/2026\/03\/27\/sudakov-reage-a-eliminacao-da-ucrania-diz-estar-envergonhado\/#primaryimage","url":"https:\/\/portaltela.pt\/s.01k8rhncp4jt1\/2026\/03\/img_920x518uu2026-03-27-15-18-49-2429701-im-639102215410764586.jpg","contentUrl":"https:\/\/portaltela.pt\/s.01k8rhncp4jt1\/2026\/03\/img_920x518uu2026-03-27-15-18-49-2429701-im-639102215410764586.jpg","width":796,"height":448,"caption":"Sudakov em a\u00e7\u00e3o pela sele\u00e7\u00e3o da Ucr\u00e2nia"},{"@type":"BreadcrumbList","@id":"https:\/\/portaltela.pt\/noticias\/2026\/03\/27\/sudakov-reage-a-eliminacao-da-ucrania-diz-estar-envergonhado\/#breadcrumb","itemListElement":[{"@type":"ListItem","position":1,"name":"In\u00edcio","item":"https:\/\/portaltela.pt\/"},{"@type":"ListItem","position":2,"name":"Sudakov reage \u00e0 elimina\u00e7\u00e3o da Ucr\u00e2nia: diz estar envergonhado"}]},{"@type":"WebSite","@id":"https:\/\/portaltela.pt\/#website","url":"https:\/\/portaltela.pt\/","name":"Portal Tela Portugal","description":"","potentialAction":[{"@type":"SearchAction","target":{"@type":"EntryPoint","urlTemplate":"https:\/\/portaltela.pt\/?s={search_term_string}"},"query-input":{"@type":"PropertyValueSpecification","valueRequired":true,"valueName":"search_term_string"}}],"inLanguage":"pt-PT"},{"@type":"Person","@id":"https:\/\/portaltela.pt\/#\/schema\/person\/c4278d4a6028830caff9ee44b42d32ed","name":"Telinha","image":{"@type":"ImageObject","inLanguage":"pt-PT","@id":"https:\/\/portaltela.pt\/s.01k8rhncp4jt1\/2025\/11\/talking-bot-125x125.png","url":"https:\/\/portaltela.pt\/s.01k8rhncp4jt1\/2025\/11\/talking-bot-125x125.png","contentUrl":"https:\/\/portaltela.pt\/s.01k8rhncp4jt1\/2025\/11\/talking-bot-125x125.png","caption":"Telinha"},"sameAs":["https:\/\/portaltela.pt\/"],"url":"https:\/\/portaltela.pt\/por\/367410592786\/"}]}},"_links":{"self":[{"href":"https:\/\/portaltela.pt\/api\/wp\/v2\/posts\/423890","targetHints":{"allow":["GET"]}}],"collection":[{"href":"https:\/\/portaltela.pt\/api\/wp\/v2\/posts"}],"about":[{"href":"https:\/\/portaltela.pt\/api\/wp\/v2\/types\/post"}],"author":[{"embeddable":true,"href":"https:\/\/portaltela.pt\/api\/wp\/v2\/users\/2"}],"replies":[{"embeddable":true,"href":"https:\/\/portaltela.pt\/api\/wp\/v2\/comments?post=423890"}],"version-history":[{"count":0,"href":"https:\/\/portaltela.pt\/api\/wp\/v2\/posts\/423890\/revisions"}],"wp:featuredmedia":[{"embeddable":true,"href":"https:\/\/portaltela.pt\/api\/wp\/v2\/media\/423893"}],"wp:attachment":[{"href":"https:\/\/portaltela.pt\/api\/wp\/v2\/media?parent=423890"}],"wp:term":[{"taxonomy":"category","embeddable":true,"href":"https:\/\/portaltela.pt\/api\/wp\/v2\/categories?post=423890"},{"taxonomy":"post_tag","embeddable":true,"href":"https:\/\/portaltela.pt\/api\/wp\/v2\/tags?post=423890"}],"curies":[{"name":"wp","href":"https:\/\/api.w.org\/{rel}","templated":true}]}}