{"id":423887,"date":"2026-03-27T12:20:18","date_gmt":"2026-03-27T15:20:18","guid":{"rendered":"https:\/\/portaltela.pt\/noticias\/2026\/03\/27\/felgueiras-empata-no-primeiro-teste-sob-rui-ferreira\/"},"modified":"2026-03-27T12:20:18","modified_gmt":"2026-03-27T15:20:18","slug":"felgueiras-empata-no-primeiro-teste-sob-rui-ferreira","status":"publish","type":"post","link":"https:\/\/portaltela.pt\/desporto\/futebol\/2026\/03\/27\/felgueiras-empata-no-primeiro-teste-sob-rui-ferreira\/","title":{"rendered":"Felgueiras empata no primeiro teste sob Rui Ferreira"},"content":{"rendered":"<p>O Felgueiras empatou 1-1 num encontro-treino com o Marco 09, forma\u00e7\u00e3o que luta pela manuten\u00e7\u00e3o na Liga 3. O jogo realizou-se no reduto dos durienses. Mario Rivas fez o golo pela equipa visitante e Valentim empatou para o conjunto de Marco de Canaveses.<\/p>\n<p>Foi a primeira oportunidade de Rui Ferreira orientar a equipa num contexto competitivo. O emblema da 2.\u00aa Liga procurou impor ritmo, sem impedir o equil\u00edbrio do duelo.<\/p>\n<p>O Marco 09 marcou primeiro, com Mario Rivas a aproveitar uma ocasi\u00e3o na \u00e1rea. Valentim respondeu ainda no primeiro tempo, igualando o marcador.<\/p>\n<h3>Pr\u00f3ximo desafio<\/h3>\n<p>O Felgueiras tem encontro oficial agendado para 4 de abril, diante do Acad\u00e9mico de Viseu, atual 2.\u00ba classificado da Liga Meu Super. A partida ter\u00e1 lugar no terreno do advers\u00e1rio.<\/p>\n","protected":false},"excerpt":{"rendered":"<ul>\n<li>O Felgueiras empatou a um com o Marco 09, no primeiro teste sob o comando de Rui Ferreira.<\/li>\n<li>Mario Rivas adiancou o Marco 09, enquanto Valentim marcou pelo Felgueiras.<\/li>\n<li>O encontro realizou-se no reduto dos durienses, num duelo de prepara\u00e7\u00e3o para a Liga 3.<\/li>\n<li>A estreia oficial de Rui Ferreira pelo Felgueiras est\u00e1 marcada para 4 de abril, frente ao Acad\u00e9mico de Viseu (Ac. Viseu), atual segundo classificado da Liga Meu Super.<\/li>\n<li>O Marco 09 luta pela perman\u00eancia na Liga 3.<\/li>\n<\/ul>\n","protected":false},"author":2,"featured_media":423889,"comment_status":"closed","ping_status":"closed","sticky":false,"template":"","format":"standard","meta":{"footnotes":""},"categories":[21,24],"tags":[1784,4175,2210,32,1371],"class_list":["post-423887","post","type-post","status-publish","format-standard","has-post-thumbnail","hentry","category-desporto","category-futebol","tag-2-liga","tag-2-a-liga","tag-felgueiras","tag-futebol","tag-marco-de-canaveses"],"yoast_head":"<!-- This site is optimized with the Yoast SEO plugin v27.2 - https:\/\/yoast.com\/product\/yoast-seo-wordpress\/ -->\n<title>Felgueiras empata no primeiro teste sob Rui Ferreira - Portal Tela Portugal<\/title>\n<meta name=\"robots\" content=\"index, follow, max-snippet:-1, max-image-preview:large, max-video-preview:-1\" \/>\n<meta property=\"og:locale\" content=\"pt_PT\" \/>\n<meta property=\"og:type\" content=\"article\" \/>\n<meta property=\"og:title\" content=\"Felgueiras empata no primeiro teste sob Rui Ferreira - Portal Tela Portugal\" \/>\n<meta property=\"og:description\" content=\"O Felgueiras empatou a um com o Marco 09, no primeiro teste sob o comando de Rui Ferreira. Mario Rivas adiancou o Marco 09, enquanto Valentim marcou pelo Felgueiras. O encontro realizou-se no reduto dos durienses, num duelo de prepara\u00e7\u00e3o para a Liga 3. A estreia oficial de Rui Ferreira pelo Felgueiras est\u00e1 marcada para 4 de abril, frente ao Acad\u00e9mico de Viseu (Ac. Viseu), atual segundo classificado da Liga Meu Super. O Marco 09 luta pela perman\u00eancia na Liga 3.\" \/>\n<meta property=\"og:url\" content=\"https:\/\/portaltela.pt\/noticias\/2026\/03\/27\/felgueiras-empata-no-primeiro-teste-sob-rui-ferreira\/\" \/>\n<meta property=\"og:site_name\" content=\"Portal Tela Portugal\" \/>\n<meta property=\"article:published_time\" content=\"2026-03-27T15:20:18+00:00\" \/>\n<meta name=\"author\" content=\"Telinha\" \/>\n<meta name=\"twitter:card\" content=\"summary_large_image\" \/>\n<meta name=\"twitter:label1\" content=\"Escrito por\" \/>\n\t<meta name=\"twitter:data1\" content=\"Telinha\" \/>\n\t<meta name=\"twitter:label2\" content=\"Tempo estimado de leitura\" \/>\n\t<meta name=\"twitter:data2\" content=\"1 minuto\" \/>\n<script type=\"application\/ld+json\" class=\"yoast-schema-graph\">{\"@context\":\"https:\/\/schema.org\",\"@graph\":[{\"@type\":\"Article\",\"@id\":\"https:\/\/portaltela.pt\/noticias\/2026\/03\/27\/felgueiras-empata-no-primeiro-teste-sob-rui-ferreira\/#article\",\"isPartOf\":{\"@id\":\"https:\/\/portaltela.pt\/noticias\/2026\/03\/27\/felgueiras-empata-no-primeiro-teste-sob-rui-ferreira\/\"},\"author\":{\"name\":\"Telinha\",\"@id\":\"https:\/\/portaltela.pt\/#\/schema\/person\/c4278d4a6028830caff9ee44b42d32ed\"},\"headline\":\"Felgueiras empata no primeiro teste sob Rui Ferreira\",\"datePublished\":\"2026-03-27T15:20:18+00:00\",\"mainEntityOfPage\":{\"@id\":\"https:\/\/portaltela.pt\/noticias\/2026\/03\/27\/felgueiras-empata-no-primeiro-teste-sob-rui-ferreira\/\"},\"wordCount\":134,\"image\":{\"@id\":\"https:\/\/portaltela.pt\/noticias\/2026\/03\/27\/felgueiras-empata-no-primeiro-teste-sob-rui-ferreira\/#primaryimage\"},\"thumbnailUrl\":\"https:\/\/portaltela.pt\/s.01k8rhncp4jt1\/2026\/03\/img_920x518uu2026-03-27-15-06-07-2429698-im-639102208004939583.jpg\",\"keywords\":[\"2. Liga\",\"2.\u00aa Liga\",\"Felgueiras\",\"futebol\",\"Marco de Canaveses\"],\"articleSection\":[\"Desporto\",\"Futebol\"],\"inLanguage\":\"pt-PT\"},{\"@type\":\"WebPage\",\"@id\":\"https:\/\/portaltela.pt\/noticias\/2026\/03\/27\/felgueiras-empata-no-primeiro-teste-sob-rui-ferreira\/\",\"url\":\"https:\/\/portaltela.pt\/noticias\/2026\/03\/27\/felgueiras-empata-no-primeiro-teste-sob-rui-ferreira\/\",\"name\":\"Felgueiras empata no primeiro teste sob Rui Ferreira - Portal Tela Portugal\",\"isPartOf\":{\"@id\":\"https:\/\/portaltela.pt\/#website\"},\"primaryImageOfPage\":{\"@id\":\"https:\/\/portaltela.pt\/noticias\/2026\/03\/27\/felgueiras-empata-no-primeiro-teste-sob-rui-ferreira\/#primaryimage\"},\"image\":{\"@id\":\"https:\/\/portaltela.pt\/noticias\/2026\/03\/27\/felgueiras-empata-no-primeiro-teste-sob-rui-ferreira\/#primaryimage\"},\"thumbnailUrl\":\"https:\/\/portaltela.pt\/s.01k8rhncp4jt1\/2026\/03\/img_920x518uu2026-03-27-15-06-07-2429698-im-639102208004939583.jpg\",\"datePublished\":\"2026-03-27T15:20:18+00:00\",\"author\":{\"@id\":\"https:\/\/portaltela.pt\/#\/schema\/person\/c4278d4a6028830caff9ee44b42d32ed\"},\"breadcrumb\":{\"@id\":\"https:\/\/portaltela.pt\/noticias\/2026\/03\/27\/felgueiras-empata-no-primeiro-teste-sob-rui-ferreira\/#breadcrumb\"},\"inLanguage\":\"pt-PT\",\"potentialAction\":[{\"@type\":\"ReadAction\",\"target\":[\"https:\/\/portaltela.pt\/noticias\/2026\/03\/27\/felgueiras-empata-no-primeiro-teste-sob-rui-ferreira\/\"]}]},{\"@type\":\"ImageObject\",\"inLanguage\":\"pt-PT\",\"@id\":\"https:\/\/portaltela.pt\/noticias\/2026\/03\/27\/felgueiras-empata-no-primeiro-teste-sob-rui-ferreira\/#primaryimage\",\"url\":\"https:\/\/portaltela.pt\/s.01k8rhncp4jt1\/2026\/03\/img_920x518uu2026-03-27-15-06-07-2429698-im-639102208004939583.jpg\",\"contentUrl\":\"https:\/\/portaltela.pt\/s.01k8rhncp4jt1\/2026\/03\/img_920x518uu2026-03-27-15-06-07-2429698-im-639102208004939583.jpg\",\"width\":796,\"height\":448,\"caption\":\"Rui Ferreira ao leme do Felgueiras\"},{\"@type\":\"BreadcrumbList\",\"@id\":\"https:\/\/portaltela.pt\/noticias\/2026\/03\/27\/felgueiras-empata-no-primeiro-teste-sob-rui-ferreira\/#breadcrumb\",\"itemListElement\":[{\"@type\":\"ListItem\",\"position\":1,\"name\":\"In\u00edcio\",\"item\":\"https:\/\/portaltela.pt\/\"},{\"@type\":\"ListItem\",\"position\":2,\"name\":\"Felgueiras empata no primeiro teste sob Rui Ferreira\"}]},{\"@type\":\"WebSite\",\"@id\":\"https:\/\/portaltela.pt\/#website\",\"url\":\"https:\/\/portaltela.pt\/\",\"name\":\"Portal Tela Portugal\",\"description\":\"\",\"potentialAction\":[{\"@type\":\"SearchAction\",\"target\":{\"@type\":\"EntryPoint\",\"urlTemplate\":\"https:\/\/portaltela.pt\/?s={search_term_string}\"},\"query-input\":{\"@type\":\"PropertyValueSpecification\",\"valueRequired\":true,\"valueName\":\"search_term_string\"}}],\"inLanguage\":\"pt-PT\"},{\"@type\":\"Person\",\"@id\":\"https:\/\/portaltela.pt\/#\/schema\/person\/c4278d4a6028830caff9ee44b42d32ed\",\"name\":\"Telinha\",\"image\":{\"@type\":\"ImageObject\",\"inLanguage\":\"pt-PT\",\"@id\":\"https:\/\/portaltela.pt\/s.01k8rhncp4jt1\/2025\/11\/talking-bot-125x125.png\",\"url\":\"https:\/\/portaltela.pt\/s.01k8rhncp4jt1\/2025\/11\/talking-bot-125x125.png\",\"contentUrl\":\"https:\/\/portaltela.pt\/s.01k8rhncp4jt1\/2025\/11\/talking-bot-125x125.png\",\"caption\":\"Telinha\"},\"sameAs\":[\"https:\/\/portaltela.pt\/\"],\"url\":\"https:\/\/portaltela.pt\/por\/367410592786\/\"}]}<\/script>\n<!-- \/ Yoast SEO plugin. -->","yoast_head_json":{"title":"Felgueiras empata no primeiro teste sob Rui Ferreira - Portal Tela Portugal","robots":{"index":"index","follow":"follow","max-snippet":"max-snippet:-1","max-image-preview":"max-image-preview:large","max-video-preview":"max-video-preview:-1"},"og_locale":"pt_PT","og_type":"article","og_title":"Felgueiras empata no primeiro teste sob Rui Ferreira - Portal Tela Portugal","og_description":"O Felgueiras empatou a um com o Marco 09, no primeiro teste sob o comando de Rui Ferreira. Mario Rivas adiancou o Marco 09, enquanto Valentim marcou pelo Felgueiras. O encontro realizou-se no reduto dos durienses, num duelo de prepara\u00e7\u00e3o para a Liga 3. A estreia oficial de Rui Ferreira pelo Felgueiras est\u00e1 marcada para 4 de abril, frente ao Acad\u00e9mico de Viseu (Ac. Viseu), atual segundo classificado da Liga Meu Super. O Marco 09 luta pela perman\u00eancia na Liga 3.","og_url":"https:\/\/portaltela.pt\/noticias\/2026\/03\/27\/felgueiras-empata-no-primeiro-teste-sob-rui-ferreira\/","og_site_name":"Portal Tela Portugal","article_published_time":"2026-03-27T15:20:18+00:00","author":"Telinha","twitter_card":"summary_large_image","twitter_misc":{"Escrito por":"Telinha","Tempo estimado de leitura":"1 minuto"},"schema":{"@context":"https:\/\/schema.org","@graph":[{"@type":"Article","@id":"https:\/\/portaltela.pt\/noticias\/2026\/03\/27\/felgueiras-empata-no-primeiro-teste-sob-rui-ferreira\/#article","isPartOf":{"@id":"https:\/\/portaltela.pt\/noticias\/2026\/03\/27\/felgueiras-empata-no-primeiro-teste-sob-rui-ferreira\/"},"author":{"name":"Telinha","@id":"https:\/\/portaltela.pt\/#\/schema\/person\/c4278d4a6028830caff9ee44b42d32ed"},"headline":"Felgueiras empata no primeiro teste sob Rui Ferreira","datePublished":"2026-03-27T15:20:18+00:00","mainEntityOfPage":{"@id":"https:\/\/portaltela.pt\/noticias\/2026\/03\/27\/felgueiras-empata-no-primeiro-teste-sob-rui-ferreira\/"},"wordCount":134,"image":{"@id":"https:\/\/portaltela.pt\/noticias\/2026\/03\/27\/felgueiras-empata-no-primeiro-teste-sob-rui-ferreira\/#primaryimage"},"thumbnailUrl":"https:\/\/portaltela.pt\/s.01k8rhncp4jt1\/2026\/03\/img_920x518uu2026-03-27-15-06-07-2429698-im-639102208004939583.jpg","keywords":["2. Liga","2.\u00aa Liga","Felgueiras","futebol","Marco de Canaveses"],"articleSection":["Desporto","Futebol"],"inLanguage":"pt-PT"},{"@type":"WebPage","@id":"https:\/\/portaltela.pt\/noticias\/2026\/03\/27\/felgueiras-empata-no-primeiro-teste-sob-rui-ferreira\/","url":"https:\/\/portaltela.pt\/noticias\/2026\/03\/27\/felgueiras-empata-no-primeiro-teste-sob-rui-ferreira\/","name":"Felgueiras empata no primeiro teste sob Rui Ferreira - Portal Tela Portugal","isPartOf":{"@id":"https:\/\/portaltela.pt\/#website"},"primaryImageOfPage":{"@id":"https:\/\/portaltela.pt\/noticias\/2026\/03\/27\/felgueiras-empata-no-primeiro-teste-sob-rui-ferreira\/#primaryimage"},"image":{"@id":"https:\/\/portaltela.pt\/noticias\/2026\/03\/27\/felgueiras-empata-no-primeiro-teste-sob-rui-ferreira\/#primaryimage"},"thumbnailUrl":"https:\/\/portaltela.pt\/s.01k8rhncp4jt1\/2026\/03\/img_920x518uu2026-03-27-15-06-07-2429698-im-639102208004939583.jpg","datePublished":"2026-03-27T15:20:18+00:00","author":{"@id":"https:\/\/portaltela.pt\/#\/schema\/person\/c4278d4a6028830caff9ee44b42d32ed"},"breadcrumb":{"@id":"https:\/\/portaltela.pt\/noticias\/2026\/03\/27\/felgueiras-empata-no-primeiro-teste-sob-rui-ferreira\/#breadcrumb"},"inLanguage":"pt-PT","potentialAction":[{"@type":"ReadAction","target":["https:\/\/portaltela.pt\/noticias\/2026\/03\/27\/felgueiras-empata-no-primeiro-teste-sob-rui-ferreira\/"]}]},{"@type":"ImageObject","inLanguage":"pt-PT","@id":"https:\/\/portaltela.pt\/noticias\/2026\/03\/27\/felgueiras-empata-no-primeiro-teste-sob-rui-ferreira\/#primaryimage","url":"https:\/\/portaltela.pt\/s.01k8rhncp4jt1\/2026\/03\/img_920x518uu2026-03-27-15-06-07-2429698-im-639102208004939583.jpg","contentUrl":"https:\/\/portaltela.pt\/s.01k8rhncp4jt1\/2026\/03\/img_920x518uu2026-03-27-15-06-07-2429698-im-639102208004939583.jpg","width":796,"height":448,"caption":"Rui Ferreira ao leme do Felgueiras"},{"@type":"BreadcrumbList","@id":"https:\/\/portaltela.pt\/noticias\/2026\/03\/27\/felgueiras-empata-no-primeiro-teste-sob-rui-ferreira\/#breadcrumb","itemListElement":[{"@type":"ListItem","position":1,"name":"In\u00edcio","item":"https:\/\/portaltela.pt\/"},{"@type":"ListItem","position":2,"name":"Felgueiras empata no primeiro teste sob Rui Ferreira"}]},{"@type":"WebSite","@id":"https:\/\/portaltela.pt\/#website","url":"https:\/\/portaltela.pt\/","name":"Portal Tela Portugal","description":"","potentialAction":[{"@type":"SearchAction","target":{"@type":"EntryPoint","urlTemplate":"https:\/\/portaltela.pt\/?s={search_term_string}"},"query-input":{"@type":"PropertyValueSpecification","valueRequired":true,"valueName":"search_term_string"}}],"inLanguage":"pt-PT"},{"@type":"Person","@id":"https:\/\/portaltela.pt\/#\/schema\/person\/c4278d4a6028830caff9ee44b42d32ed","name":"Telinha","image":{"@type":"ImageObject","inLanguage":"pt-PT","@id":"https:\/\/portaltela.pt\/s.01k8rhncp4jt1\/2025\/11\/talking-bot-125x125.png","url":"https:\/\/portaltela.pt\/s.01k8rhncp4jt1\/2025\/11\/talking-bot-125x125.png","contentUrl":"https:\/\/portaltela.pt\/s.01k8rhncp4jt1\/2025\/11\/talking-bot-125x125.png","caption":"Telinha"},"sameAs":["https:\/\/portaltela.pt\/"],"url":"https:\/\/portaltela.pt\/por\/367410592786\/"}]}},"_links":{"self":[{"href":"https:\/\/portaltela.pt\/api\/wp\/v2\/posts\/423887","targetHints":{"allow":["GET"]}}],"collection":[{"href":"https:\/\/portaltela.pt\/api\/wp\/v2\/posts"}],"about":[{"href":"https:\/\/portaltela.pt\/api\/wp\/v2\/types\/post"}],"author":[{"embeddable":true,"href":"https:\/\/portaltela.pt\/api\/wp\/v2\/users\/2"}],"replies":[{"embeddable":true,"href":"https:\/\/portaltela.pt\/api\/wp\/v2\/comments?post=423887"}],"version-history":[{"count":0,"href":"https:\/\/portaltela.pt\/api\/wp\/v2\/posts\/423887\/revisions"}],"wp:featuredmedia":[{"embeddable":true,"href":"https:\/\/portaltela.pt\/api\/wp\/v2\/media\/423889"}],"wp:attachment":[{"href":"https:\/\/portaltela.pt\/api\/wp\/v2\/media?parent=423887"}],"wp:term":[{"taxonomy":"category","embeddable":true,"href":"https:\/\/portaltela.pt\/api\/wp\/v2\/categories?post=423887"},{"taxonomy":"post_tag","embeddable":true,"href":"https:\/\/portaltela.pt\/api\/wp\/v2\/tags?post=423887"}],"curies":[{"name":"wp","href":"https:\/\/api.w.org\/{rel}","templated":true}]}}