{"id":423883,"date":"2026-03-27T12:17:00","date_gmt":"2026-03-27T15:17:00","guid":{"rendered":"https:\/\/portaltela.pt\/noticias\/2026\/03\/27\/estudantes-criticam-imposicao-de-niveis-minimos-para-acesso-ao-ensino-superior\/"},"modified":"2026-03-27T12:17:00","modified_gmt":"2026-03-27T15:17:00","slug":"estudantes-criticam-imposicao-de-niveis-minimos-para-acesso-ao-ensino-superior","status":"publish","type":"post","link":"https:\/\/portaltela.pt\/sociedade\/2026\/03\/27\/estudantes-criticam-imposicao-de-niveis-minimos-para-acesso-ao-ensino-superior\/","title":{"rendered":"Estudantes criticam imposi\u00e7\u00e3o de n\u00edveis m\u00ednimos para acesso ao ensino superior"},"content":{"rendered":"<p>O Governo prop\u00f5e mudan\u00e7as no acesso ao ensino superior, incluindo exig\u00eancia de literacia e numeracia adequadas, al\u00e9m de um n\u00edvel de profici\u00eancia em ingl\u00eas que permita ler literatura acad\u00e9mica internacional. A meta \u00e9 assegurar que os formandos consigam operar numa sociedade baseada no conhecimento.<\/p>\n<p>A medida est\u00e1 a ser integrada no Novo Regime Jur\u00eddico dos Graus e Diplomas do ensino superior, que est\u00e1 em revis\u00e3o. O objetivo \u00e9 alinhar o acesso com padr\u00f5es de literacia, numeracia e ingl\u00eas para frequentar cursos superiores.<\/p>\n<p>Estudantes j\u00e1 manifestaram preocupa\u00e7\u00e3o com potenciais exclus\u00f5es, defendendo uma implementa\u00e7\u00e3o gradual. Pedem tamb\u00e9m mais apoio no ensino secund\u00e1rio para preparar os alunos desde cedo, em vez de exigir exig\u00eancias j\u00e1 na entrada no superior.<\/p>\n<h3>Mudan\u00e7a no acesso ao superior<\/h3>\n<p>O debate centra-se na forma de operacionalizar as novas exig\u00eancias, com impactos previstos para candidaturas e integra\u00e7\u00e3o de estudantes estrangeiros. O Governo pretende manter o foco na literacia, na numeracia e no ingl\u00eas como condicionantes de aceita\u00e7\u00e3o.<\/p>\n<p>A atualiza\u00e7\u00e3o do regime p\u00fablico envolve avaliar crit\u00e9rios de entrada, bem como mecanismos de apoio e prepara\u00e7\u00e3o. Mant\u00e9m-se o compromisso com uma leitura mais internacional da forma\u00e7\u00e3o superior, sem precipitar a transi\u00e7\u00e3o.<\/p>\n","protected":false},"excerpt":{"rendered":"<ul>\n<li>O Governo prop\u00f5e exigir literacia, numeracia e ingl\u00eas no acesso ao ensino superior, para permitir leitura de literatura acad\u00e9mica internacional.<\/li>\n<li>Estudantes alertam que a medida pode excluir alguns alunos e defendem implementa\u00e7\u00e3o gradual.<\/li>\n<li>Pedem mais apoio no ensino secund\u00e1rio para preparar os alunos, em vez de mudan\u00e7as abruptas.<\/li>\n<li>O Novo Regime Jur\u00eddico dos Graus e Diplomas do ensino superior est\u00e1 a ser revisto.<\/li>\n<\/ul>\n","protected":false},"author":2,"featured_media":423886,"comment_status":"closed","ping_status":"closed","sticky":false,"template":"","format":"standard","meta":{"footnotes":""},"categories":[7384,6871],"tags":[163,2443,6623,34,6565,6992],"class_list":["post-423883","post","type-post","status-publish","format-standard","has-post-thumbnail","hentry","category-curiosidades","category-sociedade","tag-educacao","tag-educacao-publica","tag-ensino-superior","tag-governo","tag-lingua","tag-literacia"],"yoast_head":"<!-- This site is optimized with the Yoast SEO plugin v27.2 - https:\/\/yoast.com\/product\/yoast-seo-wordpress\/ -->\n<title>Estudantes criticam imposi\u00e7\u00e3o de n\u00edveis m\u00ednimos para acesso ao ensino superior - Portal Tela Portugal<\/title>\n<meta name=\"robots\" content=\"index, follow, max-snippet:-1, max-image-preview:large, max-video-preview:-1\" \/>\n<meta property=\"og:locale\" content=\"pt_PT\" \/>\n<meta property=\"og:type\" content=\"article\" \/>\n<meta property=\"og:title\" content=\"Estudantes criticam imposi\u00e7\u00e3o de n\u00edveis m\u00ednimos para acesso ao ensino superior - Portal Tela Portugal\" \/>\n<meta property=\"og:description\" content=\"O Governo prop\u00f5e exigir literacia, numeracia e ingl\u00eas no acesso ao ensino superior, para permitir leitura de literatura acad\u00e9mica internacional. Estudantes alertam que a medida pode excluir alguns alunos e defendem implementa\u00e7\u00e3o gradual. Pedem mais apoio no ensino secund\u00e1rio para preparar os alunos, em vez de mudan\u00e7as abruptas. O Novo Regime Jur\u00eddico dos Graus e Diplomas do ensino superior est\u00e1 a ser revisto.\" \/>\n<meta property=\"og:url\" content=\"https:\/\/portaltela.pt\/noticias\/2026\/03\/27\/estudantes-criticam-imposicao-de-niveis-minimos-para-acesso-ao-ensino-superior\/\" \/>\n<meta property=\"og:site_name\" content=\"Portal Tela Portugal\" \/>\n<meta property=\"article:published_time\" content=\"2026-03-27T15:17:00+00:00\" \/>\n<meta name=\"author\" content=\"Telinha\" \/>\n<meta name=\"twitter:card\" content=\"summary_large_image\" \/>\n<meta name=\"twitter:label1\" content=\"Escrito por\" \/>\n\t<meta name=\"twitter:data1\" content=\"Telinha\" \/>\n\t<meta name=\"twitter:label2\" content=\"Tempo estimado de leitura\" \/>\n\t<meta name=\"twitter:data2\" content=\"1 minuto\" \/>\n<script type=\"application\/ld+json\" class=\"yoast-schema-graph\">{\"@context\":\"https:\/\/schema.org\",\"@graph\":[{\"@type\":\"Article\",\"@id\":\"https:\/\/portaltela.pt\/noticias\/2026\/03\/27\/estudantes-criticam-imposicao-de-niveis-minimos-para-acesso-ao-ensino-superior\/#article\",\"isPartOf\":{\"@id\":\"https:\/\/portaltela.pt\/noticias\/2026\/03\/27\/estudantes-criticam-imposicao-de-niveis-minimos-para-acesso-ao-ensino-superior\/\"},\"author\":{\"name\":\"Telinha\",\"@id\":\"https:\/\/portaltela.pt\/#\/schema\/person\/c4278d4a6028830caff9ee44b42d32ed\"},\"headline\":\"Estudantes criticam imposi\u00e7\u00e3o de n\u00edveis m\u00ednimos para acesso ao ensino superior\",\"datePublished\":\"2026-03-27T15:17:00+00:00\",\"mainEntityOfPage\":{\"@id\":\"https:\/\/portaltela.pt\/noticias\/2026\/03\/27\/estudantes-criticam-imposicao-de-niveis-minimos-para-acesso-ao-ensino-superior\/\"},\"wordCount\":232,\"image\":{\"@id\":\"https:\/\/portaltela.pt\/noticias\/2026\/03\/27\/estudantes-criticam-imposicao-de-niveis-minimos-para-acesso-ao-ensino-superior\/#primaryimage\"},\"thumbnailUrl\":\"https:\/\/portaltela.pt\/s.01k8rhncp4jt1\/2026\/03\/2077369.jpg\",\"keywords\":[\"educa\u00e7\u00e3o\",\"educa\u00e7\u00e3o p\u00fablica\",\"Ensino Superior\",\"governo\",\"l\u00edngua\",\"literacia\"],\"articleSection\":[\"Curiosidades\",\"Sociedade\"],\"inLanguage\":\"pt-PT\"},{\"@type\":\"WebPage\",\"@id\":\"https:\/\/portaltela.pt\/noticias\/2026\/03\/27\/estudantes-criticam-imposicao-de-niveis-minimos-para-acesso-ao-ensino-superior\/\",\"url\":\"https:\/\/portaltela.pt\/noticias\/2026\/03\/27\/estudantes-criticam-imposicao-de-niveis-minimos-para-acesso-ao-ensino-superior\/\",\"name\":\"Estudantes criticam imposi\u00e7\u00e3o de n\u00edveis m\u00ednimos para acesso ao ensino superior - Portal Tela Portugal\",\"isPartOf\":{\"@id\":\"https:\/\/portaltela.pt\/#website\"},\"primaryImageOfPage\":{\"@id\":\"https:\/\/portaltela.pt\/noticias\/2026\/03\/27\/estudantes-criticam-imposicao-de-niveis-minimos-para-acesso-ao-ensino-superior\/#primaryimage\"},\"image\":{\"@id\":\"https:\/\/portaltela.pt\/noticias\/2026\/03\/27\/estudantes-criticam-imposicao-de-niveis-minimos-para-acesso-ao-ensino-superior\/#primaryimage\"},\"thumbnailUrl\":\"https:\/\/portaltela.pt\/s.01k8rhncp4jt1\/2026\/03\/2077369.jpg\",\"datePublished\":\"2026-03-27T15:17:00+00:00\",\"author\":{\"@id\":\"https:\/\/portaltela.pt\/#\/schema\/person\/c4278d4a6028830caff9ee44b42d32ed\"},\"breadcrumb\":{\"@id\":\"https:\/\/portaltela.pt\/noticias\/2026\/03\/27\/estudantes-criticam-imposicao-de-niveis-minimos-para-acesso-ao-ensino-superior\/#breadcrumb\"},\"inLanguage\":\"pt-PT\",\"potentialAction\":[{\"@type\":\"ReadAction\",\"target\":[\"https:\/\/portaltela.pt\/noticias\/2026\/03\/27\/estudantes-criticam-imposicao-de-niveis-minimos-para-acesso-ao-ensino-superior\/\"]}]},{\"@type\":\"ImageObject\",\"inLanguage\":\"pt-PT\",\"@id\":\"https:\/\/portaltela.pt\/noticias\/2026\/03\/27\/estudantes-criticam-imposicao-de-niveis-minimos-para-acesso-ao-ensino-superior\/#primaryimage\",\"url\":\"https:\/\/portaltela.pt\/s.01k8rhncp4jt1\/2026\/03\/2077369.jpg\",\"contentUrl\":\"https:\/\/portaltela.pt\/s.01k8rhncp4jt1\/2026\/03\/2077369.jpg\",\"width\":796,\"height\":448,\"caption\":\"Novo Regime Jur\u00eddico dos Graus e Diplomas do ensino superior est\u00e1 a ser revisto\"},{\"@type\":\"BreadcrumbList\",\"@id\":\"https:\/\/portaltela.pt\/noticias\/2026\/03\/27\/estudantes-criticam-imposicao-de-niveis-minimos-para-acesso-ao-ensino-superior\/#breadcrumb\",\"itemListElement\":[{\"@type\":\"ListItem\",\"position\":1,\"name\":\"In\u00edcio\",\"item\":\"https:\/\/portaltela.pt\/\"},{\"@type\":\"ListItem\",\"position\":2,\"name\":\"Estudantes criticam imposi\u00e7\u00e3o de n\u00edveis m\u00ednimos para acesso ao ensino superior\"}]},{\"@type\":\"WebSite\",\"@id\":\"https:\/\/portaltela.pt\/#website\",\"url\":\"https:\/\/portaltela.pt\/\",\"name\":\"Portal Tela Portugal\",\"description\":\"\",\"potentialAction\":[{\"@type\":\"SearchAction\",\"target\":{\"@type\":\"EntryPoint\",\"urlTemplate\":\"https:\/\/portaltela.pt\/?s={search_term_string}\"},\"query-input\":{\"@type\":\"PropertyValueSpecification\",\"valueRequired\":true,\"valueName\":\"search_term_string\"}}],\"inLanguage\":\"pt-PT\"},{\"@type\":\"Person\",\"@id\":\"https:\/\/portaltela.pt\/#\/schema\/person\/c4278d4a6028830caff9ee44b42d32ed\",\"name\":\"Telinha\",\"image\":{\"@type\":\"ImageObject\",\"inLanguage\":\"pt-PT\",\"@id\":\"https:\/\/portaltela.pt\/s.01k8rhncp4jt1\/2025\/11\/talking-bot-125x125.png\",\"url\":\"https:\/\/portaltela.pt\/s.01k8rhncp4jt1\/2025\/11\/talking-bot-125x125.png\",\"contentUrl\":\"https:\/\/portaltela.pt\/s.01k8rhncp4jt1\/2025\/11\/talking-bot-125x125.png\",\"caption\":\"Telinha\"},\"sameAs\":[\"https:\/\/portaltela.pt\/\"],\"url\":\"https:\/\/portaltela.pt\/por\/367410592786\/\"}]}<\/script>\n<!-- \/ Yoast SEO plugin. -->","yoast_head_json":{"title":"Estudantes criticam imposi\u00e7\u00e3o de n\u00edveis m\u00ednimos para acesso ao ensino superior - Portal Tela Portugal","robots":{"index":"index","follow":"follow","max-snippet":"max-snippet:-1","max-image-preview":"max-image-preview:large","max-video-preview":"max-video-preview:-1"},"og_locale":"pt_PT","og_type":"article","og_title":"Estudantes criticam imposi\u00e7\u00e3o de n\u00edveis m\u00ednimos para acesso ao ensino superior - Portal Tela Portugal","og_description":"O Governo prop\u00f5e exigir literacia, numeracia e ingl\u00eas no acesso ao ensino superior, para permitir leitura de literatura acad\u00e9mica internacional. Estudantes alertam que a medida pode excluir alguns alunos e defendem implementa\u00e7\u00e3o gradual. Pedem mais apoio no ensino secund\u00e1rio para preparar os alunos, em vez de mudan\u00e7as abruptas. O Novo Regime Jur\u00eddico dos Graus e Diplomas do ensino superior est\u00e1 a ser revisto.","og_url":"https:\/\/portaltela.pt\/noticias\/2026\/03\/27\/estudantes-criticam-imposicao-de-niveis-minimos-para-acesso-ao-ensino-superior\/","og_site_name":"Portal Tela Portugal","article_published_time":"2026-03-27T15:17:00+00:00","author":"Telinha","twitter_card":"summary_large_image","twitter_misc":{"Escrito por":"Telinha","Tempo estimado de leitura":"1 minuto"},"schema":{"@context":"https:\/\/schema.org","@graph":[{"@type":"Article","@id":"https:\/\/portaltela.pt\/noticias\/2026\/03\/27\/estudantes-criticam-imposicao-de-niveis-minimos-para-acesso-ao-ensino-superior\/#article","isPartOf":{"@id":"https:\/\/portaltela.pt\/noticias\/2026\/03\/27\/estudantes-criticam-imposicao-de-niveis-minimos-para-acesso-ao-ensino-superior\/"},"author":{"name":"Telinha","@id":"https:\/\/portaltela.pt\/#\/schema\/person\/c4278d4a6028830caff9ee44b42d32ed"},"headline":"Estudantes criticam imposi\u00e7\u00e3o de n\u00edveis m\u00ednimos para acesso ao ensino superior","datePublished":"2026-03-27T15:17:00+00:00","mainEntityOfPage":{"@id":"https:\/\/portaltela.pt\/noticias\/2026\/03\/27\/estudantes-criticam-imposicao-de-niveis-minimos-para-acesso-ao-ensino-superior\/"},"wordCount":232,"image":{"@id":"https:\/\/portaltela.pt\/noticias\/2026\/03\/27\/estudantes-criticam-imposicao-de-niveis-minimos-para-acesso-ao-ensino-superior\/#primaryimage"},"thumbnailUrl":"https:\/\/portaltela.pt\/s.01k8rhncp4jt1\/2026\/03\/2077369.jpg","keywords":["educa\u00e7\u00e3o","educa\u00e7\u00e3o p\u00fablica","Ensino Superior","governo","l\u00edngua","literacia"],"articleSection":["Curiosidades","Sociedade"],"inLanguage":"pt-PT"},{"@type":"WebPage","@id":"https:\/\/portaltela.pt\/noticias\/2026\/03\/27\/estudantes-criticam-imposicao-de-niveis-minimos-para-acesso-ao-ensino-superior\/","url":"https:\/\/portaltela.pt\/noticias\/2026\/03\/27\/estudantes-criticam-imposicao-de-niveis-minimos-para-acesso-ao-ensino-superior\/","name":"Estudantes criticam imposi\u00e7\u00e3o de n\u00edveis m\u00ednimos para acesso ao ensino superior - Portal Tela Portugal","isPartOf":{"@id":"https:\/\/portaltela.pt\/#website"},"primaryImageOfPage":{"@id":"https:\/\/portaltela.pt\/noticias\/2026\/03\/27\/estudantes-criticam-imposicao-de-niveis-minimos-para-acesso-ao-ensino-superior\/#primaryimage"},"image":{"@id":"https:\/\/portaltela.pt\/noticias\/2026\/03\/27\/estudantes-criticam-imposicao-de-niveis-minimos-para-acesso-ao-ensino-superior\/#primaryimage"},"thumbnailUrl":"https:\/\/portaltela.pt\/s.01k8rhncp4jt1\/2026\/03\/2077369.jpg","datePublished":"2026-03-27T15:17:00+00:00","author":{"@id":"https:\/\/portaltela.pt\/#\/schema\/person\/c4278d4a6028830caff9ee44b42d32ed"},"breadcrumb":{"@id":"https:\/\/portaltela.pt\/noticias\/2026\/03\/27\/estudantes-criticam-imposicao-de-niveis-minimos-para-acesso-ao-ensino-superior\/#breadcrumb"},"inLanguage":"pt-PT","potentialAction":[{"@type":"ReadAction","target":["https:\/\/portaltela.pt\/noticias\/2026\/03\/27\/estudantes-criticam-imposicao-de-niveis-minimos-para-acesso-ao-ensino-superior\/"]}]},{"@type":"ImageObject","inLanguage":"pt-PT","@id":"https:\/\/portaltela.pt\/noticias\/2026\/03\/27\/estudantes-criticam-imposicao-de-niveis-minimos-para-acesso-ao-ensino-superior\/#primaryimage","url":"https:\/\/portaltela.pt\/s.01k8rhncp4jt1\/2026\/03\/2077369.jpg","contentUrl":"https:\/\/portaltela.pt\/s.01k8rhncp4jt1\/2026\/03\/2077369.jpg","width":796,"height":448,"caption":"Novo Regime Jur\u00eddico dos Graus e Diplomas do ensino superior est\u00e1 a ser revisto"},{"@type":"BreadcrumbList","@id":"https:\/\/portaltela.pt\/noticias\/2026\/03\/27\/estudantes-criticam-imposicao-de-niveis-minimos-para-acesso-ao-ensino-superior\/#breadcrumb","itemListElement":[{"@type":"ListItem","position":1,"name":"In\u00edcio","item":"https:\/\/portaltela.pt\/"},{"@type":"ListItem","position":2,"name":"Estudantes criticam imposi\u00e7\u00e3o de n\u00edveis m\u00ednimos para acesso ao ensino superior"}]},{"@type":"WebSite","@id":"https:\/\/portaltela.pt\/#website","url":"https:\/\/portaltela.pt\/","name":"Portal Tela Portugal","description":"","potentialAction":[{"@type":"SearchAction","target":{"@type":"EntryPoint","urlTemplate":"https:\/\/portaltela.pt\/?s={search_term_string}"},"query-input":{"@type":"PropertyValueSpecification","valueRequired":true,"valueName":"search_term_string"}}],"inLanguage":"pt-PT"},{"@type":"Person","@id":"https:\/\/portaltela.pt\/#\/schema\/person\/c4278d4a6028830caff9ee44b42d32ed","name":"Telinha","image":{"@type":"ImageObject","inLanguage":"pt-PT","@id":"https:\/\/portaltela.pt\/s.01k8rhncp4jt1\/2025\/11\/talking-bot-125x125.png","url":"https:\/\/portaltela.pt\/s.01k8rhncp4jt1\/2025\/11\/talking-bot-125x125.png","contentUrl":"https:\/\/portaltela.pt\/s.01k8rhncp4jt1\/2025\/11\/talking-bot-125x125.png","caption":"Telinha"},"sameAs":["https:\/\/portaltela.pt\/"],"url":"https:\/\/portaltela.pt\/por\/367410592786\/"}]}},"_links":{"self":[{"href":"https:\/\/portaltela.pt\/api\/wp\/v2\/posts\/423883","targetHints":{"allow":["GET"]}}],"collection":[{"href":"https:\/\/portaltela.pt\/api\/wp\/v2\/posts"}],"about":[{"href":"https:\/\/portaltela.pt\/api\/wp\/v2\/types\/post"}],"author":[{"embeddable":true,"href":"https:\/\/portaltela.pt\/api\/wp\/v2\/users\/2"}],"replies":[{"embeddable":true,"href":"https:\/\/portaltela.pt\/api\/wp\/v2\/comments?post=423883"}],"version-history":[{"count":0,"href":"https:\/\/portaltela.pt\/api\/wp\/v2\/posts\/423883\/revisions"}],"wp:featuredmedia":[{"embeddable":true,"href":"https:\/\/portaltela.pt\/api\/wp\/v2\/media\/423886"}],"wp:attachment":[{"href":"https:\/\/portaltela.pt\/api\/wp\/v2\/media?parent=423883"}],"wp:term":[{"taxonomy":"category","embeddable":true,"href":"https:\/\/portaltela.pt\/api\/wp\/v2\/categories?post=423883"},{"taxonomy":"post_tag","embeddable":true,"href":"https:\/\/portaltela.pt\/api\/wp\/v2\/tags?post=423883"}],"curies":[{"name":"wp","href":"https:\/\/api.w.org\/{rel}","templated":true}]}}