{"id":423880,"date":"2026-03-27T12:21:22","date_gmt":"2026-03-27T15:21:22","guid":{"rendered":"https:\/\/portaltela.pt\/noticias\/2026\/03\/27\/homem-tenta-matar-mulher-com-quem-marcou-encontro-online\/"},"modified":"2026-03-27T12:21:22","modified_gmt":"2026-03-27T15:21:22","slug":"homem-tenta-matar-mulher-com-quem-marcou-encontro-online","status":"publish","type":"post","link":"https:\/\/portaltela.pt\/policia\/2026\/03\/27\/homem-tenta-matar-mulher-com-quem-marcou-encontro-online\/","title":{"rendered":"Homem tenta matar mulher com quem marcou encontro online"},"content":{"rendered":"<p>Um homem \u00e9 suspeito de ter atacado, com uma faca, uma mulher com quem tinha combinado um encontro pela internet. O epis\u00f3dio ocorreu dentro de um ve\u00edculo, segundo informa\u00e7\u00f5es oficiais ainda em apura\u00e7\u00e3o. A v\u00edtima, uma mulher de 30 anos, foi quem conduziu o carro at\u00e9 ao hospital.<\/p>\n<p>A v\u00edtima encontra-se sob avalia\u00e7\u00e3o m\u00e9dica, mas n\u00e3o foram divulgados detalhes sobre o seu estado de sa\u00fade. As autoridades j\u00e1 confirmaram que o incidente est\u00e1 a ser investigado, sem revelar motiva\u00e7\u00f5es nem circunst\u00e2ncias adicionais do ataque.<\/p>\n<p>As informa\u00e7\u00f5es dispon\u00edveis indicam que o caso est\u00e1 a ser tratado pela pol\u00edcia, com recolha de declara\u00e7\u00f5es e an\u00e1lise de evid\u00eancias no local. A investiga\u00e7\u00e3o manteve-se em segredo de justi\u00e7a at\u00e9 ao momento, sem novos comunicados publicados.<\/p>\n","protected":false},"excerpt":{"rendered":"<ul>\n<li>O suspeito atacou a v\u00edtima, uma mulher de 30 anos, com uma faca enquanto estavam no carro.<\/li>\n<li>A agress\u00e3o aconteceu durante um encontro combinado na internet.<\/li>\n<li>A mulher teve de conduzir at\u00e9 ao hospital ap\u00f3s o ataque.<\/li>\n<li>O estado de sa\u00fade da v\u00edtima n\u00e3o \u00e9 detalhado no resumo.<\/li>\n<\/ul>\n","protected":false},"author":2,"featured_media":423885,"comment_status":"closed","ping_status":"closed","sticky":false,"template":"","format":"standard","meta":{"footnotes":""},"categories":[6907,6781],"tags":[2079,147,4116,5445,939],"class_list":["post-423880","post","type-post","status-publish","format-standard","has-post-thumbnail","hentry","category-crime","category-policia","tag-agressoes","tag-crime","tag-crime-de-agressao","tag-tentativa-de-homicidio","tag-violencia"],"yoast_head":"<!-- This site is optimized with the Yoast SEO plugin v27.2 - https:\/\/yoast.com\/product\/yoast-seo-wordpress\/ -->\n<title>Homem tenta matar mulher com quem marcou encontro online - Portal Tela Portugal<\/title>\n<meta name=\"robots\" content=\"index, follow, max-snippet:-1, max-image-preview:large, max-video-preview:-1\" \/>\n<meta property=\"og:locale\" content=\"pt_PT\" \/>\n<meta property=\"og:type\" content=\"article\" \/>\n<meta property=\"og:title\" content=\"Homem tenta matar mulher com quem marcou encontro online - Portal Tela Portugal\" \/>\n<meta property=\"og:description\" content=\"O suspeito atacou a v\u00edtima, uma mulher de 30 anos, com uma faca enquanto estavam no carro. A agress\u00e3o aconteceu durante um encontro combinado na internet. A mulher teve de conduzir at\u00e9 ao hospital ap\u00f3s o ataque. O estado de sa\u00fade da v\u00edtima n\u00e3o \u00e9 detalhado no resumo.\" \/>\n<meta property=\"og:url\" content=\"https:\/\/portaltela.pt\/noticias\/2026\/03\/27\/homem-tenta-matar-mulher-com-quem-marcou-encontro-online\/\" \/>\n<meta property=\"og:site_name\" content=\"Portal Tela Portugal\" \/>\n<meta property=\"article:published_time\" content=\"2026-03-27T15:21:22+00:00\" \/>\n<meta name=\"author\" content=\"Telinha\" \/>\n<meta name=\"twitter:card\" content=\"summary_large_image\" \/>\n<meta name=\"twitter:label1\" content=\"Escrito por\" \/>\n\t<meta name=\"twitter:data1\" content=\"Telinha\" \/>\n\t<meta name=\"twitter:label2\" content=\"Tempo estimado de leitura\" \/>\n\t<meta name=\"twitter:data2\" content=\"1 minuto\" \/>\n<script type=\"application\/ld+json\" class=\"yoast-schema-graph\">{\"@context\":\"https:\/\/schema.org\",\"@graph\":[{\"@type\":\"Article\",\"@id\":\"https:\/\/portaltela.pt\/noticias\/2026\/03\/27\/homem-tenta-matar-mulher-com-quem-marcou-encontro-online\/#article\",\"isPartOf\":{\"@id\":\"https:\/\/portaltela.pt\/noticias\/2026\/03\/27\/homem-tenta-matar-mulher-com-quem-marcou-encontro-online\/\"},\"author\":{\"name\":\"Telinha\",\"@id\":\"https:\/\/portaltela.pt\/#\/schema\/person\/c4278d4a6028830caff9ee44b42d32ed\"},\"headline\":\"Homem tenta matar mulher com quem marcou encontro online\",\"datePublished\":\"2026-03-27T15:21:22+00:00\",\"mainEntityOfPage\":{\"@id\":\"https:\/\/portaltela.pt\/noticias\/2026\/03\/27\/homem-tenta-matar-mulher-com-quem-marcou-encontro-online\/\"},\"wordCount\":148,\"image\":{\"@id\":\"https:\/\/portaltela.pt\/noticias\/2026\/03\/27\/homem-tenta-matar-mulher-com-quem-marcou-encontro-online\/#primaryimage\"},\"thumbnailUrl\":\"https:\/\/portaltela.pt\/s.01k8rhncp4jt1\/2026\/03\/img_1280x722uu2025-10-30-21-12-55-2244582.jpg\",\"keywords\":[\"agress\u00f5es\",\"crime\",\"crime de agress\u00e3o\",\"tentativa de homic\u00eddio\",\"viol\u00eancia\"],\"articleSection\":[\"Crime\",\"Pol\u00edcia\"],\"inLanguage\":\"pt-PT\"},{\"@type\":\"WebPage\",\"@id\":\"https:\/\/portaltela.pt\/noticias\/2026\/03\/27\/homem-tenta-matar-mulher-com-quem-marcou-encontro-online\/\",\"url\":\"https:\/\/portaltela.pt\/noticias\/2026\/03\/27\/homem-tenta-matar-mulher-com-quem-marcou-encontro-online\/\",\"name\":\"Homem tenta matar mulher com quem marcou encontro online - Portal Tela Portugal\",\"isPartOf\":{\"@id\":\"https:\/\/portaltela.pt\/#website\"},\"primaryImageOfPage\":{\"@id\":\"https:\/\/portaltela.pt\/noticias\/2026\/03\/27\/homem-tenta-matar-mulher-com-quem-marcou-encontro-online\/#primaryimage\"},\"image\":{\"@id\":\"https:\/\/portaltela.pt\/noticias\/2026\/03\/27\/homem-tenta-matar-mulher-com-quem-marcou-encontro-online\/#primaryimage\"},\"thumbnailUrl\":\"https:\/\/portaltela.pt\/s.01k8rhncp4jt1\/2026\/03\/img_1280x722uu2025-10-30-21-12-55-2244582.jpg\",\"datePublished\":\"2026-03-27T15:21:22+00:00\",\"author\":{\"@id\":\"https:\/\/portaltela.pt\/#\/schema\/person\/c4278d4a6028830caff9ee44b42d32ed\"},\"breadcrumb\":{\"@id\":\"https:\/\/portaltela.pt\/noticias\/2026\/03\/27\/homem-tenta-matar-mulher-com-quem-marcou-encontro-online\/#breadcrumb\"},\"inLanguage\":\"pt-PT\",\"potentialAction\":[{\"@type\":\"ReadAction\",\"target\":[\"https:\/\/portaltela.pt\/noticias\/2026\/03\/27\/homem-tenta-matar-mulher-com-quem-marcou-encontro-online\/\"]}]},{\"@type\":\"ImageObject\",\"inLanguage\":\"pt-PT\",\"@id\":\"https:\/\/portaltela.pt\/noticias\/2026\/03\/27\/homem-tenta-matar-mulher-com-quem-marcou-encontro-online\/#primaryimage\",\"url\":\"https:\/\/portaltela.pt\/s.01k8rhncp4jt1\/2026\/03\/img_1280x722uu2025-10-30-21-12-55-2244582.jpg\",\"contentUrl\":\"https:\/\/portaltela.pt\/s.01k8rhncp4jt1\/2026\/03\/img_1280x722uu2025-10-30-21-12-55-2244582.jpg\",\"width\":796,\"height\":448,\"caption\":\"Photo\"},{\"@type\":\"BreadcrumbList\",\"@id\":\"https:\/\/portaltela.pt\/noticias\/2026\/03\/27\/homem-tenta-matar-mulher-com-quem-marcou-encontro-online\/#breadcrumb\",\"itemListElement\":[{\"@type\":\"ListItem\",\"position\":1,\"name\":\"In\u00edcio\",\"item\":\"https:\/\/portaltela.pt\/\"},{\"@type\":\"ListItem\",\"position\":2,\"name\":\"Homem tenta matar mulher com quem marcou encontro online\"}]},{\"@type\":\"WebSite\",\"@id\":\"https:\/\/portaltela.pt\/#website\",\"url\":\"https:\/\/portaltela.pt\/\",\"name\":\"Portal Tela Portugal\",\"description\":\"\",\"potentialAction\":[{\"@type\":\"SearchAction\",\"target\":{\"@type\":\"EntryPoint\",\"urlTemplate\":\"https:\/\/portaltela.pt\/?s={search_term_string}\"},\"query-input\":{\"@type\":\"PropertyValueSpecification\",\"valueRequired\":true,\"valueName\":\"search_term_string\"}}],\"inLanguage\":\"pt-PT\"},{\"@type\":\"Person\",\"@id\":\"https:\/\/portaltela.pt\/#\/schema\/person\/c4278d4a6028830caff9ee44b42d32ed\",\"name\":\"Telinha\",\"image\":{\"@type\":\"ImageObject\",\"inLanguage\":\"pt-PT\",\"@id\":\"https:\/\/portaltela.pt\/s.01k8rhncp4jt1\/2025\/11\/talking-bot-125x125.png\",\"url\":\"https:\/\/portaltela.pt\/s.01k8rhncp4jt1\/2025\/11\/talking-bot-125x125.png\",\"contentUrl\":\"https:\/\/portaltela.pt\/s.01k8rhncp4jt1\/2025\/11\/talking-bot-125x125.png\",\"caption\":\"Telinha\"},\"sameAs\":[\"https:\/\/portaltela.pt\/\"],\"url\":\"https:\/\/portaltela.pt\/por\/367410592786\/\"}]}<\/script>\n<!-- \/ Yoast SEO plugin. -->","yoast_head_json":{"title":"Homem tenta matar mulher com quem marcou encontro online - Portal Tela Portugal","robots":{"index":"index","follow":"follow","max-snippet":"max-snippet:-1","max-image-preview":"max-image-preview:large","max-video-preview":"max-video-preview:-1"},"og_locale":"pt_PT","og_type":"article","og_title":"Homem tenta matar mulher com quem marcou encontro online - Portal Tela Portugal","og_description":"O suspeito atacou a v\u00edtima, uma mulher de 30 anos, com uma faca enquanto estavam no carro. A agress\u00e3o aconteceu durante um encontro combinado na internet. A mulher teve de conduzir at\u00e9 ao hospital ap\u00f3s o ataque. O estado de sa\u00fade da v\u00edtima n\u00e3o \u00e9 detalhado no resumo.","og_url":"https:\/\/portaltela.pt\/noticias\/2026\/03\/27\/homem-tenta-matar-mulher-com-quem-marcou-encontro-online\/","og_site_name":"Portal Tela Portugal","article_published_time":"2026-03-27T15:21:22+00:00","author":"Telinha","twitter_card":"summary_large_image","twitter_misc":{"Escrito por":"Telinha","Tempo estimado de leitura":"1 minuto"},"schema":{"@context":"https:\/\/schema.org","@graph":[{"@type":"Article","@id":"https:\/\/portaltela.pt\/noticias\/2026\/03\/27\/homem-tenta-matar-mulher-com-quem-marcou-encontro-online\/#article","isPartOf":{"@id":"https:\/\/portaltela.pt\/noticias\/2026\/03\/27\/homem-tenta-matar-mulher-com-quem-marcou-encontro-online\/"},"author":{"name":"Telinha","@id":"https:\/\/portaltela.pt\/#\/schema\/person\/c4278d4a6028830caff9ee44b42d32ed"},"headline":"Homem tenta matar mulher com quem marcou encontro online","datePublished":"2026-03-27T15:21:22+00:00","mainEntityOfPage":{"@id":"https:\/\/portaltela.pt\/noticias\/2026\/03\/27\/homem-tenta-matar-mulher-com-quem-marcou-encontro-online\/"},"wordCount":148,"image":{"@id":"https:\/\/portaltela.pt\/noticias\/2026\/03\/27\/homem-tenta-matar-mulher-com-quem-marcou-encontro-online\/#primaryimage"},"thumbnailUrl":"https:\/\/portaltela.pt\/s.01k8rhncp4jt1\/2026\/03\/img_1280x722uu2025-10-30-21-12-55-2244582.jpg","keywords":["agress\u00f5es","crime","crime de agress\u00e3o","tentativa de homic\u00eddio","viol\u00eancia"],"articleSection":["Crime","Pol\u00edcia"],"inLanguage":"pt-PT"},{"@type":"WebPage","@id":"https:\/\/portaltela.pt\/noticias\/2026\/03\/27\/homem-tenta-matar-mulher-com-quem-marcou-encontro-online\/","url":"https:\/\/portaltela.pt\/noticias\/2026\/03\/27\/homem-tenta-matar-mulher-com-quem-marcou-encontro-online\/","name":"Homem tenta matar mulher com quem marcou encontro online - Portal Tela Portugal","isPartOf":{"@id":"https:\/\/portaltela.pt\/#website"},"primaryImageOfPage":{"@id":"https:\/\/portaltela.pt\/noticias\/2026\/03\/27\/homem-tenta-matar-mulher-com-quem-marcou-encontro-online\/#primaryimage"},"image":{"@id":"https:\/\/portaltela.pt\/noticias\/2026\/03\/27\/homem-tenta-matar-mulher-com-quem-marcou-encontro-online\/#primaryimage"},"thumbnailUrl":"https:\/\/portaltela.pt\/s.01k8rhncp4jt1\/2026\/03\/img_1280x722uu2025-10-30-21-12-55-2244582.jpg","datePublished":"2026-03-27T15:21:22+00:00","author":{"@id":"https:\/\/portaltela.pt\/#\/schema\/person\/c4278d4a6028830caff9ee44b42d32ed"},"breadcrumb":{"@id":"https:\/\/portaltela.pt\/noticias\/2026\/03\/27\/homem-tenta-matar-mulher-com-quem-marcou-encontro-online\/#breadcrumb"},"inLanguage":"pt-PT","potentialAction":[{"@type":"ReadAction","target":["https:\/\/portaltela.pt\/noticias\/2026\/03\/27\/homem-tenta-matar-mulher-com-quem-marcou-encontro-online\/"]}]},{"@type":"ImageObject","inLanguage":"pt-PT","@id":"https:\/\/portaltela.pt\/noticias\/2026\/03\/27\/homem-tenta-matar-mulher-com-quem-marcou-encontro-online\/#primaryimage","url":"https:\/\/portaltela.pt\/s.01k8rhncp4jt1\/2026\/03\/img_1280x722uu2025-10-30-21-12-55-2244582.jpg","contentUrl":"https:\/\/portaltela.pt\/s.01k8rhncp4jt1\/2026\/03\/img_1280x722uu2025-10-30-21-12-55-2244582.jpg","width":796,"height":448,"caption":"Photo"},{"@type":"BreadcrumbList","@id":"https:\/\/portaltela.pt\/noticias\/2026\/03\/27\/homem-tenta-matar-mulher-com-quem-marcou-encontro-online\/#breadcrumb","itemListElement":[{"@type":"ListItem","position":1,"name":"In\u00edcio","item":"https:\/\/portaltela.pt\/"},{"@type":"ListItem","position":2,"name":"Homem tenta matar mulher com quem marcou encontro online"}]},{"@type":"WebSite","@id":"https:\/\/portaltela.pt\/#website","url":"https:\/\/portaltela.pt\/","name":"Portal Tela Portugal","description":"","potentialAction":[{"@type":"SearchAction","target":{"@type":"EntryPoint","urlTemplate":"https:\/\/portaltela.pt\/?s={search_term_string}"},"query-input":{"@type":"PropertyValueSpecification","valueRequired":true,"valueName":"search_term_string"}}],"inLanguage":"pt-PT"},{"@type":"Person","@id":"https:\/\/portaltela.pt\/#\/schema\/person\/c4278d4a6028830caff9ee44b42d32ed","name":"Telinha","image":{"@type":"ImageObject","inLanguage":"pt-PT","@id":"https:\/\/portaltela.pt\/s.01k8rhncp4jt1\/2025\/11\/talking-bot-125x125.png","url":"https:\/\/portaltela.pt\/s.01k8rhncp4jt1\/2025\/11\/talking-bot-125x125.png","contentUrl":"https:\/\/portaltela.pt\/s.01k8rhncp4jt1\/2025\/11\/talking-bot-125x125.png","caption":"Telinha"},"sameAs":["https:\/\/portaltela.pt\/"],"url":"https:\/\/portaltela.pt\/por\/367410592786\/"}]}},"_links":{"self":[{"href":"https:\/\/portaltela.pt\/api\/wp\/v2\/posts\/423880","targetHints":{"allow":["GET"]}}],"collection":[{"href":"https:\/\/portaltela.pt\/api\/wp\/v2\/posts"}],"about":[{"href":"https:\/\/portaltela.pt\/api\/wp\/v2\/types\/post"}],"author":[{"embeddable":true,"href":"https:\/\/portaltela.pt\/api\/wp\/v2\/users\/2"}],"replies":[{"embeddable":true,"href":"https:\/\/portaltela.pt\/api\/wp\/v2\/comments?post=423880"}],"version-history":[{"count":0,"href":"https:\/\/portaltela.pt\/api\/wp\/v2\/posts\/423880\/revisions"}],"wp:featuredmedia":[{"embeddable":true,"href":"https:\/\/portaltela.pt\/api\/wp\/v2\/media\/423885"}],"wp:attachment":[{"href":"https:\/\/portaltela.pt\/api\/wp\/v2\/media?parent=423880"}],"wp:term":[{"taxonomy":"category","embeddable":true,"href":"https:\/\/portaltela.pt\/api\/wp\/v2\/categories?post=423880"},{"taxonomy":"post_tag","embeddable":true,"href":"https:\/\/portaltela.pt\/api\/wp\/v2\/tags?post=423880"}],"curies":[{"name":"wp","href":"https:\/\/api.w.org\/{rel}","templated":true}]}}