{"id":423863,"date":"2026-03-27T12:05:00","date_gmt":"2026-03-27T15:05:00","guid":{"rendered":"https:\/\/portaltela.pt\/noticias\/2026\/03\/27\/vizela-vence-jogo-particular-frente-ao-s-joao-ver\/"},"modified":"2026-03-27T12:05:00","modified_gmt":"2026-03-27T15:05:00","slug":"vizela-vence-jogo-particular-frente-ao-s-joao-ver","status":"publish","type":"post","link":"https:\/\/portaltela.pt\/desporto\/futebol\/2026\/03\/27\/vizela-vence-jogo-particular-frente-ao-s-joao-ver\/","title":{"rendered":"Vizela vence jogo particular frente ao S. Jo\u00e3o Ver"},"content":{"rendered":"<p>O Vizela venceu um amig\u00e1vel frente ao S. Jo\u00e3o Ver, disputado na manh\u00e3 de sexta-feira no reduto dos minhotos. O resultado foi 1-0, com golo de Rodrigo Ramos.<\/p>\n<p>Sob o comando de Ronald Molina, a equipa de Vizela aproveitou para fazer rota\u00e7\u00e3o, dando minutos a jogadores menos utilizados e a elementos da equipa sub-23.<\/p>\n<p>Ap\u00f3s o encontro, o plantel vai gozar dois dias de folga e retoma os treinos na segunda-feira. O pr\u00f3ximo jogo oficial est\u00e1 marcado para 7 de abril, contra o Benfica B.<\/p>\n","protected":false},"excerpt":{"rendered":"<ul>\n<li>O Vizela venceu o S. Jo\u00e3o Ver por 1-0 num jogo-treino realizado na manh\u00e3 desta sexta-feira, em Vizela.<\/li>\n<li>O golo da vit\u00f3ria foi apontado por Rodrigo Ramos.<\/li>\n<li>O t\u00e9cnico Ronald Molina aproveitou para dar minutos a jogadores menos utilizados e a elementos da equipa sub-23.<\/li>\n<li>O Vizela fica dois dias de folga e regressa ao trabalho na segunda-feira.<\/li>\n<li>O pr\u00f3ximo jogo oficial est\u00e1 marcado para o dia 7 de abril, contra o Benfica B.<\/li>\n<\/ul>\n","protected":false},"author":2,"featured_media":423866,"comment_status":"closed","ping_status":"closed","sticky":false,"template":"","format":"standard","meta":{"footnotes":""},"categories":[21,24],"tags":[1946,3275,32,4317],"class_list":["post-423863","post","type-post","status-publish","format-standard","has-post-thumbnail","hentry","category-desporto","category-futebol","tag-benfica","tag-benfica-b","tag-futebol","tag-vizela"],"yoast_head":"<!-- This site is optimized with the Yoast SEO plugin v27.2 - https:\/\/yoast.com\/product\/yoast-seo-wordpress\/ -->\n<title>Vizela vence jogo particular frente ao S. Jo\u00e3o Ver - Portal Tela Portugal<\/title>\n<meta name=\"robots\" content=\"index, follow, max-snippet:-1, max-image-preview:large, max-video-preview:-1\" \/>\n<meta property=\"og:locale\" content=\"pt_PT\" \/>\n<meta property=\"og:type\" content=\"article\" \/>\n<meta property=\"og:title\" content=\"Vizela vence jogo particular frente ao S. Jo\u00e3o Ver - Portal Tela Portugal\" \/>\n<meta property=\"og:description\" content=\"O Vizela venceu o S. Jo\u00e3o Ver por 1-0 num jogo-treino realizado na manh\u00e3 desta sexta-feira, em Vizela. O golo da vit\u00f3ria foi apontado por Rodrigo Ramos. O t\u00e9cnico Ronald Molina aproveitou para dar minutos a jogadores menos utilizados e a elementos da equipa sub-23. O Vizela fica dois dias de folga e regressa ao trabalho na segunda-feira. O pr\u00f3ximo jogo oficial est\u00e1 marcado para o dia 7 de abril, contra o Benfica B.\" \/>\n<meta property=\"og:url\" content=\"https:\/\/portaltela.pt\/noticias\/2026\/03\/27\/vizela-vence-jogo-particular-frente-ao-s-joao-ver\/\" \/>\n<meta property=\"og:site_name\" content=\"Portal Tela Portugal\" \/>\n<meta property=\"article:published_time\" content=\"2026-03-27T15:05:00+00:00\" \/>\n<meta name=\"author\" content=\"Telinha\" \/>\n<meta name=\"twitter:card\" content=\"summary_large_image\" \/>\n<meta name=\"twitter:label1\" content=\"Escrito por\" \/>\n\t<meta name=\"twitter:data1\" content=\"Telinha\" \/>\n<script type=\"application\/ld+json\" class=\"yoast-schema-graph\">{\"@context\":\"https:\/\/schema.org\",\"@graph\":[{\"@type\":\"Article\",\"@id\":\"https:\/\/portaltela.pt\/noticias\/2026\/03\/27\/vizela-vence-jogo-particular-frente-ao-s-joao-ver\/#article\",\"isPartOf\":{\"@id\":\"https:\/\/portaltela.pt\/noticias\/2026\/03\/27\/vizela-vence-jogo-particular-frente-ao-s-joao-ver\/\"},\"author\":{\"name\":\"Telinha\",\"@id\":\"https:\/\/portaltela.pt\/#\/schema\/person\/c4278d4a6028830caff9ee44b42d32ed\"},\"headline\":\"Vizela vence jogo particular frente ao S. Jo\u00e3o Ver\",\"datePublished\":\"2026-03-27T15:05:00+00:00\",\"mainEntityOfPage\":{\"@id\":\"https:\/\/portaltela.pt\/noticias\/2026\/03\/27\/vizela-vence-jogo-particular-frente-ao-s-joao-ver\/\"},\"wordCount\":99,\"image\":{\"@id\":\"https:\/\/portaltela.pt\/noticias\/2026\/03\/27\/vizela-vence-jogo-particular-frente-ao-s-joao-ver\/#primaryimage\"},\"thumbnailUrl\":\"https:\/\/portaltela.pt\/s.01k8rhncp4jt1\/2026\/03\/img_920x518uu2026-03-27-15-13-19-2429700.jpg\",\"keywords\":[\"Benfica\",\"Benfica B\",\"futebol\",\"Vizela\"],\"articleSection\":[\"Desporto\",\"Futebol\"],\"inLanguage\":\"pt-PT\"},{\"@type\":\"WebPage\",\"@id\":\"https:\/\/portaltela.pt\/noticias\/2026\/03\/27\/vizela-vence-jogo-particular-frente-ao-s-joao-ver\/\",\"url\":\"https:\/\/portaltela.pt\/noticias\/2026\/03\/27\/vizela-vence-jogo-particular-frente-ao-s-joao-ver\/\",\"name\":\"Vizela vence jogo particular frente ao S. Jo\u00e3o Ver - Portal Tela Portugal\",\"isPartOf\":{\"@id\":\"https:\/\/portaltela.pt\/#website\"},\"primaryImageOfPage\":{\"@id\":\"https:\/\/portaltela.pt\/noticias\/2026\/03\/27\/vizela-vence-jogo-particular-frente-ao-s-joao-ver\/#primaryimage\"},\"image\":{\"@id\":\"https:\/\/portaltela.pt\/noticias\/2026\/03\/27\/vizela-vence-jogo-particular-frente-ao-s-joao-ver\/#primaryimage\"},\"thumbnailUrl\":\"https:\/\/portaltela.pt\/s.01k8rhncp4jt1\/2026\/03\/img_920x518uu2026-03-27-15-13-19-2429700.jpg\",\"datePublished\":\"2026-03-27T15:05:00+00:00\",\"author\":{\"@id\":\"https:\/\/portaltela.pt\/#\/schema\/person\/c4278d4a6028830caff9ee44b42d32ed\"},\"breadcrumb\":{\"@id\":\"https:\/\/portaltela.pt\/noticias\/2026\/03\/27\/vizela-vence-jogo-particular-frente-ao-s-joao-ver\/#breadcrumb\"},\"inLanguage\":\"pt-PT\",\"potentialAction\":[{\"@type\":\"ReadAction\",\"target\":[\"https:\/\/portaltela.pt\/noticias\/2026\/03\/27\/vizela-vence-jogo-particular-frente-ao-s-joao-ver\/\"]}]},{\"@type\":\"ImageObject\",\"inLanguage\":\"pt-PT\",\"@id\":\"https:\/\/portaltela.pt\/noticias\/2026\/03\/27\/vizela-vence-jogo-particular-frente-ao-s-joao-ver\/#primaryimage\",\"url\":\"https:\/\/portaltela.pt\/s.01k8rhncp4jt1\/2026\/03\/img_920x518uu2026-03-27-15-13-19-2429700.jpg\",\"contentUrl\":\"https:\/\/portaltela.pt\/s.01k8rhncp4jt1\/2026\/03\/img_920x518uu2026-03-27-15-13-19-2429700.jpg\",\"width\":796,\"height\":448,\"caption\":\"Rodrigo Ramos faturou no particular com o S. Jo\u00e3o Ver\"},{\"@type\":\"BreadcrumbList\",\"@id\":\"https:\/\/portaltela.pt\/noticias\/2026\/03\/27\/vizela-vence-jogo-particular-frente-ao-s-joao-ver\/#breadcrumb\",\"itemListElement\":[{\"@type\":\"ListItem\",\"position\":1,\"name\":\"In\u00edcio\",\"item\":\"https:\/\/portaltela.pt\/\"},{\"@type\":\"ListItem\",\"position\":2,\"name\":\"Vizela vence jogo particular frente ao S. Jo\u00e3o Ver\"}]},{\"@type\":\"WebSite\",\"@id\":\"https:\/\/portaltela.pt\/#website\",\"url\":\"https:\/\/portaltela.pt\/\",\"name\":\"Portal Tela Portugal\",\"description\":\"\",\"potentialAction\":[{\"@type\":\"SearchAction\",\"target\":{\"@type\":\"EntryPoint\",\"urlTemplate\":\"https:\/\/portaltela.pt\/?s={search_term_string}\"},\"query-input\":{\"@type\":\"PropertyValueSpecification\",\"valueRequired\":true,\"valueName\":\"search_term_string\"}}],\"inLanguage\":\"pt-PT\"},{\"@type\":\"Person\",\"@id\":\"https:\/\/portaltela.pt\/#\/schema\/person\/c4278d4a6028830caff9ee44b42d32ed\",\"name\":\"Telinha\",\"image\":{\"@type\":\"ImageObject\",\"inLanguage\":\"pt-PT\",\"@id\":\"https:\/\/portaltela.pt\/s.01k8rhncp4jt1\/2025\/11\/talking-bot-125x125.png\",\"url\":\"https:\/\/portaltela.pt\/s.01k8rhncp4jt1\/2025\/11\/talking-bot-125x125.png\",\"contentUrl\":\"https:\/\/portaltela.pt\/s.01k8rhncp4jt1\/2025\/11\/talking-bot-125x125.png\",\"caption\":\"Telinha\"},\"sameAs\":[\"https:\/\/portaltela.pt\/\"],\"url\":\"https:\/\/portaltela.pt\/por\/367410592786\/\"}]}<\/script>\n<!-- \/ Yoast SEO plugin. -->","yoast_head_json":{"title":"Vizela vence jogo particular frente ao S. Jo\u00e3o Ver - Portal Tela Portugal","robots":{"index":"index","follow":"follow","max-snippet":"max-snippet:-1","max-image-preview":"max-image-preview:large","max-video-preview":"max-video-preview:-1"},"og_locale":"pt_PT","og_type":"article","og_title":"Vizela vence jogo particular frente ao S. Jo\u00e3o Ver - Portal Tela Portugal","og_description":"O Vizela venceu o S. Jo\u00e3o Ver por 1-0 num jogo-treino realizado na manh\u00e3 desta sexta-feira, em Vizela. O golo da vit\u00f3ria foi apontado por Rodrigo Ramos. O t\u00e9cnico Ronald Molina aproveitou para dar minutos a jogadores menos utilizados e a elementos da equipa sub-23. O Vizela fica dois dias de folga e regressa ao trabalho na segunda-feira. O pr\u00f3ximo jogo oficial est\u00e1 marcado para o dia 7 de abril, contra o Benfica B.","og_url":"https:\/\/portaltela.pt\/noticias\/2026\/03\/27\/vizela-vence-jogo-particular-frente-ao-s-joao-ver\/","og_site_name":"Portal Tela Portugal","article_published_time":"2026-03-27T15:05:00+00:00","author":"Telinha","twitter_card":"summary_large_image","twitter_misc":{"Escrito por":"Telinha"},"schema":{"@context":"https:\/\/schema.org","@graph":[{"@type":"Article","@id":"https:\/\/portaltela.pt\/noticias\/2026\/03\/27\/vizela-vence-jogo-particular-frente-ao-s-joao-ver\/#article","isPartOf":{"@id":"https:\/\/portaltela.pt\/noticias\/2026\/03\/27\/vizela-vence-jogo-particular-frente-ao-s-joao-ver\/"},"author":{"name":"Telinha","@id":"https:\/\/portaltela.pt\/#\/schema\/person\/c4278d4a6028830caff9ee44b42d32ed"},"headline":"Vizela vence jogo particular frente ao S. Jo\u00e3o Ver","datePublished":"2026-03-27T15:05:00+00:00","mainEntityOfPage":{"@id":"https:\/\/portaltela.pt\/noticias\/2026\/03\/27\/vizela-vence-jogo-particular-frente-ao-s-joao-ver\/"},"wordCount":99,"image":{"@id":"https:\/\/portaltela.pt\/noticias\/2026\/03\/27\/vizela-vence-jogo-particular-frente-ao-s-joao-ver\/#primaryimage"},"thumbnailUrl":"https:\/\/portaltela.pt\/s.01k8rhncp4jt1\/2026\/03\/img_920x518uu2026-03-27-15-13-19-2429700.jpg","keywords":["Benfica","Benfica B","futebol","Vizela"],"articleSection":["Desporto","Futebol"],"inLanguage":"pt-PT"},{"@type":"WebPage","@id":"https:\/\/portaltela.pt\/noticias\/2026\/03\/27\/vizela-vence-jogo-particular-frente-ao-s-joao-ver\/","url":"https:\/\/portaltela.pt\/noticias\/2026\/03\/27\/vizela-vence-jogo-particular-frente-ao-s-joao-ver\/","name":"Vizela vence jogo particular frente ao S. Jo\u00e3o Ver - Portal Tela Portugal","isPartOf":{"@id":"https:\/\/portaltela.pt\/#website"},"primaryImageOfPage":{"@id":"https:\/\/portaltela.pt\/noticias\/2026\/03\/27\/vizela-vence-jogo-particular-frente-ao-s-joao-ver\/#primaryimage"},"image":{"@id":"https:\/\/portaltela.pt\/noticias\/2026\/03\/27\/vizela-vence-jogo-particular-frente-ao-s-joao-ver\/#primaryimage"},"thumbnailUrl":"https:\/\/portaltela.pt\/s.01k8rhncp4jt1\/2026\/03\/img_920x518uu2026-03-27-15-13-19-2429700.jpg","datePublished":"2026-03-27T15:05:00+00:00","author":{"@id":"https:\/\/portaltela.pt\/#\/schema\/person\/c4278d4a6028830caff9ee44b42d32ed"},"breadcrumb":{"@id":"https:\/\/portaltela.pt\/noticias\/2026\/03\/27\/vizela-vence-jogo-particular-frente-ao-s-joao-ver\/#breadcrumb"},"inLanguage":"pt-PT","potentialAction":[{"@type":"ReadAction","target":["https:\/\/portaltela.pt\/noticias\/2026\/03\/27\/vizela-vence-jogo-particular-frente-ao-s-joao-ver\/"]}]},{"@type":"ImageObject","inLanguage":"pt-PT","@id":"https:\/\/portaltela.pt\/noticias\/2026\/03\/27\/vizela-vence-jogo-particular-frente-ao-s-joao-ver\/#primaryimage","url":"https:\/\/portaltela.pt\/s.01k8rhncp4jt1\/2026\/03\/img_920x518uu2026-03-27-15-13-19-2429700.jpg","contentUrl":"https:\/\/portaltela.pt\/s.01k8rhncp4jt1\/2026\/03\/img_920x518uu2026-03-27-15-13-19-2429700.jpg","width":796,"height":448,"caption":"Rodrigo Ramos faturou no particular com o S. Jo\u00e3o Ver"},{"@type":"BreadcrumbList","@id":"https:\/\/portaltela.pt\/noticias\/2026\/03\/27\/vizela-vence-jogo-particular-frente-ao-s-joao-ver\/#breadcrumb","itemListElement":[{"@type":"ListItem","position":1,"name":"In\u00edcio","item":"https:\/\/portaltela.pt\/"},{"@type":"ListItem","position":2,"name":"Vizela vence jogo particular frente ao S. Jo\u00e3o Ver"}]},{"@type":"WebSite","@id":"https:\/\/portaltela.pt\/#website","url":"https:\/\/portaltela.pt\/","name":"Portal Tela Portugal","description":"","potentialAction":[{"@type":"SearchAction","target":{"@type":"EntryPoint","urlTemplate":"https:\/\/portaltela.pt\/?s={search_term_string}"},"query-input":{"@type":"PropertyValueSpecification","valueRequired":true,"valueName":"search_term_string"}}],"inLanguage":"pt-PT"},{"@type":"Person","@id":"https:\/\/portaltela.pt\/#\/schema\/person\/c4278d4a6028830caff9ee44b42d32ed","name":"Telinha","image":{"@type":"ImageObject","inLanguage":"pt-PT","@id":"https:\/\/portaltela.pt\/s.01k8rhncp4jt1\/2025\/11\/talking-bot-125x125.png","url":"https:\/\/portaltela.pt\/s.01k8rhncp4jt1\/2025\/11\/talking-bot-125x125.png","contentUrl":"https:\/\/portaltela.pt\/s.01k8rhncp4jt1\/2025\/11\/talking-bot-125x125.png","caption":"Telinha"},"sameAs":["https:\/\/portaltela.pt\/"],"url":"https:\/\/portaltela.pt\/por\/367410592786\/"}]}},"_links":{"self":[{"href":"https:\/\/portaltela.pt\/api\/wp\/v2\/posts\/423863","targetHints":{"allow":["GET"]}}],"collection":[{"href":"https:\/\/portaltela.pt\/api\/wp\/v2\/posts"}],"about":[{"href":"https:\/\/portaltela.pt\/api\/wp\/v2\/types\/post"}],"author":[{"embeddable":true,"href":"https:\/\/portaltela.pt\/api\/wp\/v2\/users\/2"}],"replies":[{"embeddable":true,"href":"https:\/\/portaltela.pt\/api\/wp\/v2\/comments?post=423863"}],"version-history":[{"count":0,"href":"https:\/\/portaltela.pt\/api\/wp\/v2\/posts\/423863\/revisions"}],"wp:featuredmedia":[{"embeddable":true,"href":"https:\/\/portaltela.pt\/api\/wp\/v2\/media\/423866"}],"wp:attachment":[{"href":"https:\/\/portaltela.pt\/api\/wp\/v2\/media?parent=423863"}],"wp:term":[{"taxonomy":"category","embeddable":true,"href":"https:\/\/portaltela.pt\/api\/wp\/v2\/categories?post=423863"},{"taxonomy":"post_tag","embeddable":true,"href":"https:\/\/portaltela.pt\/api\/wp\/v2\/tags?post=423863"}],"curies":[{"name":"wp","href":"https:\/\/api.w.org\/{rel}","templated":true}]}}