{"id":423846,"date":"2026-03-27T11:51:00","date_gmt":"2026-03-27T14:51:00","guid":{"rendered":"https:\/\/portaltela.pt\/noticias\/2026\/03\/27\/selecionador-polaco-e-lewandowski-comentam-estreia-de-pietuszewski-espaco\/"},"modified":"2026-03-27T11:51:00","modified_gmt":"2026-03-27T14:51:00","slug":"selecionador-polaco-e-lewandowski-comentam-estreia-de-pietuszewski-espaco","status":"publish","type":"post","link":"https:\/\/portaltela.pt\/desporto\/futebol\/2026\/03\/27\/selecionador-polaco-e-lewandowski-comentam-estreia-de-pietuszewski-espaco\/","title":{"rendered":"Selecionador polaco e Lewandowski comentam estreia de Pietuszewski: espa\u00e7o"},"content":{"rendered":"<p>Oskar Pietuszewski estreou-se pela sele\u00e7\u00e3o polaca principal, entrando na segunda parte do jogo frente \u00e0 Alb\u00e2nia, no play-off de qualifica\u00e7\u00e3o para o Mundial. Lewandowski e o treinador Jan Urban ficaram satisfeitos com a exibi\u00e7\u00e3o.<\/p>\n<p>O jovem extremo entrou como suplente, em vez de titular, para sentir o ambiente da equipa e evitar press\u00e3o excessiva. Os t\u00e9cnicos destacaram a promessa do jogador e a import\u00e2ncia de o deixar evoluir com cabe\u00e7a fria.<\/p>\n<p>Lewandowski, em entrevista \u00e0 TVP Sport, indicou que a entrada do jovem se revelou mais simples por n\u00e3o ter come\u00e7ado o encontro. O capit\u00e3o apontou que o talento merece espa\u00e7o para se desenvolver sem expectativas impr\u00f3prias.<\/p>\n<p>Urban refor\u00e7ou a confian\u00e7a na gera\u00e7\u00e3o mais jovem, salientando a coragem de atuar sob an\u00e7\u00e3o de est\u00e1dio cheio. Segundo o seleccionador, o desempenho dever\u00e1 trazer benef\u00edcios \u00e0 sele\u00e7\u00e3o na sequ\u00eancia.<\/p>\n<p>Pr\u00f3ximo desafio<\/p>\n<p>A final do play-off est\u00e1 agendada para ter\u00e7a-feira, \u00e0s 19h45, diante da Su\u00e9cia, que afastou a Ucr\u00e2nia por 3-1. A Pol\u00f3nia tenta assegurar passagem para o Mundial com este duelo decisivo.<\/p>\n<p>A Su\u00e9cia apresentou-se forte na ronda anterior, com vit\u00f3ria clara sobre a Ucr\u00e2nia. A equipa n\u00f3rdica passou a erguer-se como principal advers\u00e1rio na defini\u00e7\u00e3o do apuramento.<\/p>\n","protected":false},"excerpt":{"rendered":"<ul>\n<li>O jovem Oskar Pietuszewski estreou-se pela sele\u00e7\u00e3o polaca, entrando na segunda parte do play-off de apuramento para o Mundial frente \u00e0 Alb\u00e2nia.<\/li>\n<li>Lewandowski e o selecionador Jan Urban ficaram agradados com a atua\u00e7\u00e3o do jogador.<\/li>\n<li>Lewandowski pediu para lhe ser dado espa\u00e7o e para n\u00e3o o pressionarem a marcar de imediato.<\/li>\n<li>Urban destacou a confian\u00e7a dos jogadores jovens e que, se continuarem a evoluir, a Pol\u00f3nia ter\u00e1 mais benef\u00edcios.<\/li>\n<li>A final do play-off \u00e9 na ter\u00e7a-feira, \u00e0s 19h45, contra a Su\u00e9cia, que eliminou a Ucr\u00e2nia por 3-1.<\/li>\n<\/ul>\n","protected":false},"author":2,"featured_media":423847,"comment_status":"closed","ping_status":"closed","sticky":false,"template":"","format":"standard","meta":{"footnotes":""},"categories":[21,24],"tags":[32,3338,6206,3752,1488,2057],"class_list":["post-423846","post","type-post","status-publish","format-standard","has-post-thumbnail","hentry","category-desporto","category-futebol","tag-futebol","tag-futebol-internacional","tag-lewandowski","tag-pietuszewski","tag-polonia","tag-selecao-nacional"],"yoast_head":"<!-- This site is optimized with the Yoast SEO plugin v27.2 - https:\/\/yoast.com\/product\/yoast-seo-wordpress\/ -->\n<title>Selecionador polaco e Lewandowski comentam estreia de Pietuszewski: espa\u00e7o - Portal Tela Portugal<\/title>\n<meta name=\"robots\" content=\"index, follow, max-snippet:-1, max-image-preview:large, max-video-preview:-1\" \/>\n<meta property=\"og:locale\" content=\"pt_PT\" \/>\n<meta property=\"og:type\" content=\"article\" \/>\n<meta property=\"og:title\" content=\"Selecionador polaco e Lewandowski comentam estreia de Pietuszewski: espa\u00e7o - Portal Tela Portugal\" \/>\n<meta property=\"og:description\" content=\"O jovem Oskar Pietuszewski estreou-se pela sele\u00e7\u00e3o polaca, entrando na segunda parte do play-off de apuramento para o Mundial frente \u00e0 Alb\u00e2nia. Lewandowski e o selecionador Jan Urban ficaram agradados com a atua\u00e7\u00e3o do jogador. Lewandowski pediu para lhe ser dado espa\u00e7o e para n\u00e3o o pressionarem a marcar de imediato. Urban destacou a confian\u00e7a dos jogadores jovens e que, se continuarem a evoluir, a Pol\u00f3nia ter\u00e1 mais benef\u00edcios. A final do play-off \u00e9 na ter\u00e7a-feira, \u00e0s 19h45, contra a Su\u00e9cia, que eliminou a Ucr\u00e2nia por 3-1.\" \/>\n<meta property=\"og:url\" content=\"https:\/\/portaltela.pt\/noticias\/2026\/03\/27\/selecionador-polaco-e-lewandowski-comentam-estreia-de-pietuszewski-espaco\/\" \/>\n<meta property=\"og:site_name\" content=\"Portal Tela Portugal\" \/>\n<meta property=\"article:published_time\" content=\"2026-03-27T14:51:00+00:00\" \/>\n<meta name=\"author\" content=\"Telinha\" \/>\n<meta name=\"twitter:card\" content=\"summary_large_image\" \/>\n<meta name=\"twitter:label1\" content=\"Escrito por\" \/>\n\t<meta name=\"twitter:data1\" content=\"Telinha\" \/>\n\t<meta name=\"twitter:label2\" content=\"Tempo estimado de leitura\" \/>\n\t<meta name=\"twitter:data2\" content=\"1 minuto\" \/>\n<script type=\"application\/ld+json\" class=\"yoast-schema-graph\">{\"@context\":\"https:\/\/schema.org\",\"@graph\":[{\"@type\":\"Article\",\"@id\":\"https:\/\/portaltela.pt\/noticias\/2026\/03\/27\/selecionador-polaco-e-lewandowski-comentam-estreia-de-pietuszewski-espaco\/#article\",\"isPartOf\":{\"@id\":\"https:\/\/portaltela.pt\/noticias\/2026\/03\/27\/selecionador-polaco-e-lewandowski-comentam-estreia-de-pietuszewski-espaco\/\"},\"author\":{\"name\":\"Telinha\",\"@id\":\"https:\/\/portaltela.pt\/#\/schema\/person\/c4278d4a6028830caff9ee44b42d32ed\"},\"headline\":\"Selecionador polaco e Lewandowski comentam estreia de Pietuszewski: espa\u00e7o\",\"datePublished\":\"2026-03-27T14:51:00+00:00\",\"mainEntityOfPage\":{\"@id\":\"https:\/\/portaltela.pt\/noticias\/2026\/03\/27\/selecionador-polaco-e-lewandowski-comentam-estreia-de-pietuszewski-espaco\/\"},\"wordCount\":235,\"image\":{\"@id\":\"https:\/\/portaltela.pt\/noticias\/2026\/03\/27\/selecionador-polaco-e-lewandowski-comentam-estreia-de-pietuszewski-espaco\/#primaryimage\"},\"thumbnailUrl\":\"https:\/\/portaltela.pt\/s.01k8rhncp4jt1\/2026\/03\/image-1612.jpg\",\"keywords\":[\"futebol\",\"futebol internacional\",\"Lewandowski\",\"Pietuszewski\",\"Pol\u00f3nia\",\"Sele\u00e7\u00e3o Nacional\"],\"articleSection\":[\"Desporto\",\"Futebol\"],\"inLanguage\":\"pt-PT\"},{\"@type\":\"WebPage\",\"@id\":\"https:\/\/portaltela.pt\/noticias\/2026\/03\/27\/selecionador-polaco-e-lewandowski-comentam-estreia-de-pietuszewski-espaco\/\",\"url\":\"https:\/\/portaltela.pt\/noticias\/2026\/03\/27\/selecionador-polaco-e-lewandowski-comentam-estreia-de-pietuszewski-espaco\/\",\"name\":\"Selecionador polaco e Lewandowski comentam estreia de Pietuszewski: espa\u00e7o - Portal Tela Portugal\",\"isPartOf\":{\"@id\":\"https:\/\/portaltela.pt\/#website\"},\"primaryImageOfPage\":{\"@id\":\"https:\/\/portaltela.pt\/noticias\/2026\/03\/27\/selecionador-polaco-e-lewandowski-comentam-estreia-de-pietuszewski-espaco\/#primaryimage\"},\"image\":{\"@id\":\"https:\/\/portaltela.pt\/noticias\/2026\/03\/27\/selecionador-polaco-e-lewandowski-comentam-estreia-de-pietuszewski-espaco\/#primaryimage\"},\"thumbnailUrl\":\"https:\/\/portaltela.pt\/s.01k8rhncp4jt1\/2026\/03\/image-1612.jpg\",\"datePublished\":\"2026-03-27T14:51:00+00:00\",\"author\":{\"@id\":\"https:\/\/portaltela.pt\/#\/schema\/person\/c4278d4a6028830caff9ee44b42d32ed\"},\"breadcrumb\":{\"@id\":\"https:\/\/portaltela.pt\/noticias\/2026\/03\/27\/selecionador-polaco-e-lewandowski-comentam-estreia-de-pietuszewski-espaco\/#breadcrumb\"},\"inLanguage\":\"pt-PT\",\"potentialAction\":[{\"@type\":\"ReadAction\",\"target\":[\"https:\/\/portaltela.pt\/noticias\/2026\/03\/27\/selecionador-polaco-e-lewandowski-comentam-estreia-de-pietuszewski-espaco\/\"]}]},{\"@type\":\"ImageObject\",\"inLanguage\":\"pt-PT\",\"@id\":\"https:\/\/portaltela.pt\/noticias\/2026\/03\/27\/selecionador-polaco-e-lewandowski-comentam-estreia-de-pietuszewski-espaco\/#primaryimage\",\"url\":\"https:\/\/portaltela.pt\/s.01k8rhncp4jt1\/2026\/03\/image-1612.jpg\",\"contentUrl\":\"https:\/\/portaltela.pt\/s.01k8rhncp4jt1\/2026\/03\/image-1612.jpg\",\"width\":796,\"height\":448,\"caption\":\"Jovem extremo festeja ap\u00f3s apito final\"},{\"@type\":\"BreadcrumbList\",\"@id\":\"https:\/\/portaltela.pt\/noticias\/2026\/03\/27\/selecionador-polaco-e-lewandowski-comentam-estreia-de-pietuszewski-espaco\/#breadcrumb\",\"itemListElement\":[{\"@type\":\"ListItem\",\"position\":1,\"name\":\"In\u00edcio\",\"item\":\"https:\/\/portaltela.pt\/\"},{\"@type\":\"ListItem\",\"position\":2,\"name\":\"Selecionador polaco e Lewandowski comentam estreia de Pietuszewski: espa\u00e7o\"}]},{\"@type\":\"WebSite\",\"@id\":\"https:\/\/portaltela.pt\/#website\",\"url\":\"https:\/\/portaltela.pt\/\",\"name\":\"Portal Tela Portugal\",\"description\":\"\",\"potentialAction\":[{\"@type\":\"SearchAction\",\"target\":{\"@type\":\"EntryPoint\",\"urlTemplate\":\"https:\/\/portaltela.pt\/?s={search_term_string}\"},\"query-input\":{\"@type\":\"PropertyValueSpecification\",\"valueRequired\":true,\"valueName\":\"search_term_string\"}}],\"inLanguage\":\"pt-PT\"},{\"@type\":\"Person\",\"@id\":\"https:\/\/portaltela.pt\/#\/schema\/person\/c4278d4a6028830caff9ee44b42d32ed\",\"name\":\"Telinha\",\"image\":{\"@type\":\"ImageObject\",\"inLanguage\":\"pt-PT\",\"@id\":\"https:\/\/portaltela.pt\/s.01k8rhncp4jt1\/2025\/11\/talking-bot-125x125.png\",\"url\":\"https:\/\/portaltela.pt\/s.01k8rhncp4jt1\/2025\/11\/talking-bot-125x125.png\",\"contentUrl\":\"https:\/\/portaltela.pt\/s.01k8rhncp4jt1\/2025\/11\/talking-bot-125x125.png\",\"caption\":\"Telinha\"},\"sameAs\":[\"https:\/\/portaltela.pt\/\"],\"url\":\"https:\/\/portaltela.pt\/por\/367410592786\/\"}]}<\/script>\n<!-- \/ Yoast SEO plugin. -->","yoast_head_json":{"title":"Selecionador polaco e Lewandowski comentam estreia de Pietuszewski: espa\u00e7o - Portal Tela Portugal","robots":{"index":"index","follow":"follow","max-snippet":"max-snippet:-1","max-image-preview":"max-image-preview:large","max-video-preview":"max-video-preview:-1"},"og_locale":"pt_PT","og_type":"article","og_title":"Selecionador polaco e Lewandowski comentam estreia de Pietuszewski: espa\u00e7o - Portal Tela Portugal","og_description":"O jovem Oskar Pietuszewski estreou-se pela sele\u00e7\u00e3o polaca, entrando na segunda parte do play-off de apuramento para o Mundial frente \u00e0 Alb\u00e2nia. Lewandowski e o selecionador Jan Urban ficaram agradados com a atua\u00e7\u00e3o do jogador. Lewandowski pediu para lhe ser dado espa\u00e7o e para n\u00e3o o pressionarem a marcar de imediato. Urban destacou a confian\u00e7a dos jogadores jovens e que, se continuarem a evoluir, a Pol\u00f3nia ter\u00e1 mais benef\u00edcios. A final do play-off \u00e9 na ter\u00e7a-feira, \u00e0s 19h45, contra a Su\u00e9cia, que eliminou a Ucr\u00e2nia por 3-1.","og_url":"https:\/\/portaltela.pt\/noticias\/2026\/03\/27\/selecionador-polaco-e-lewandowski-comentam-estreia-de-pietuszewski-espaco\/","og_site_name":"Portal Tela Portugal","article_published_time":"2026-03-27T14:51:00+00:00","author":"Telinha","twitter_card":"summary_large_image","twitter_misc":{"Escrito por":"Telinha","Tempo estimado de leitura":"1 minuto"},"schema":{"@context":"https:\/\/schema.org","@graph":[{"@type":"Article","@id":"https:\/\/portaltela.pt\/noticias\/2026\/03\/27\/selecionador-polaco-e-lewandowski-comentam-estreia-de-pietuszewski-espaco\/#article","isPartOf":{"@id":"https:\/\/portaltela.pt\/noticias\/2026\/03\/27\/selecionador-polaco-e-lewandowski-comentam-estreia-de-pietuszewski-espaco\/"},"author":{"name":"Telinha","@id":"https:\/\/portaltela.pt\/#\/schema\/person\/c4278d4a6028830caff9ee44b42d32ed"},"headline":"Selecionador polaco e Lewandowski comentam estreia de Pietuszewski: espa\u00e7o","datePublished":"2026-03-27T14:51:00+00:00","mainEntityOfPage":{"@id":"https:\/\/portaltela.pt\/noticias\/2026\/03\/27\/selecionador-polaco-e-lewandowski-comentam-estreia-de-pietuszewski-espaco\/"},"wordCount":235,"image":{"@id":"https:\/\/portaltela.pt\/noticias\/2026\/03\/27\/selecionador-polaco-e-lewandowski-comentam-estreia-de-pietuszewski-espaco\/#primaryimage"},"thumbnailUrl":"https:\/\/portaltela.pt\/s.01k8rhncp4jt1\/2026\/03\/image-1612.jpg","keywords":["futebol","futebol internacional","Lewandowski","Pietuszewski","Pol\u00f3nia","Sele\u00e7\u00e3o Nacional"],"articleSection":["Desporto","Futebol"],"inLanguage":"pt-PT"},{"@type":"WebPage","@id":"https:\/\/portaltela.pt\/noticias\/2026\/03\/27\/selecionador-polaco-e-lewandowski-comentam-estreia-de-pietuszewski-espaco\/","url":"https:\/\/portaltela.pt\/noticias\/2026\/03\/27\/selecionador-polaco-e-lewandowski-comentam-estreia-de-pietuszewski-espaco\/","name":"Selecionador polaco e Lewandowski comentam estreia de Pietuszewski: espa\u00e7o - Portal Tela Portugal","isPartOf":{"@id":"https:\/\/portaltela.pt\/#website"},"primaryImageOfPage":{"@id":"https:\/\/portaltela.pt\/noticias\/2026\/03\/27\/selecionador-polaco-e-lewandowski-comentam-estreia-de-pietuszewski-espaco\/#primaryimage"},"image":{"@id":"https:\/\/portaltela.pt\/noticias\/2026\/03\/27\/selecionador-polaco-e-lewandowski-comentam-estreia-de-pietuszewski-espaco\/#primaryimage"},"thumbnailUrl":"https:\/\/portaltela.pt\/s.01k8rhncp4jt1\/2026\/03\/image-1612.jpg","datePublished":"2026-03-27T14:51:00+00:00","author":{"@id":"https:\/\/portaltela.pt\/#\/schema\/person\/c4278d4a6028830caff9ee44b42d32ed"},"breadcrumb":{"@id":"https:\/\/portaltela.pt\/noticias\/2026\/03\/27\/selecionador-polaco-e-lewandowski-comentam-estreia-de-pietuszewski-espaco\/#breadcrumb"},"inLanguage":"pt-PT","potentialAction":[{"@type":"ReadAction","target":["https:\/\/portaltela.pt\/noticias\/2026\/03\/27\/selecionador-polaco-e-lewandowski-comentam-estreia-de-pietuszewski-espaco\/"]}]},{"@type":"ImageObject","inLanguage":"pt-PT","@id":"https:\/\/portaltela.pt\/noticias\/2026\/03\/27\/selecionador-polaco-e-lewandowski-comentam-estreia-de-pietuszewski-espaco\/#primaryimage","url":"https:\/\/portaltela.pt\/s.01k8rhncp4jt1\/2026\/03\/image-1612.jpg","contentUrl":"https:\/\/portaltela.pt\/s.01k8rhncp4jt1\/2026\/03\/image-1612.jpg","width":796,"height":448,"caption":"Jovem extremo festeja ap\u00f3s apito final"},{"@type":"BreadcrumbList","@id":"https:\/\/portaltela.pt\/noticias\/2026\/03\/27\/selecionador-polaco-e-lewandowski-comentam-estreia-de-pietuszewski-espaco\/#breadcrumb","itemListElement":[{"@type":"ListItem","position":1,"name":"In\u00edcio","item":"https:\/\/portaltela.pt\/"},{"@type":"ListItem","position":2,"name":"Selecionador polaco e Lewandowski comentam estreia de Pietuszewski: espa\u00e7o"}]},{"@type":"WebSite","@id":"https:\/\/portaltela.pt\/#website","url":"https:\/\/portaltela.pt\/","name":"Portal Tela Portugal","description":"","potentialAction":[{"@type":"SearchAction","target":{"@type":"EntryPoint","urlTemplate":"https:\/\/portaltela.pt\/?s={search_term_string}"},"query-input":{"@type":"PropertyValueSpecification","valueRequired":true,"valueName":"search_term_string"}}],"inLanguage":"pt-PT"},{"@type":"Person","@id":"https:\/\/portaltela.pt\/#\/schema\/person\/c4278d4a6028830caff9ee44b42d32ed","name":"Telinha","image":{"@type":"ImageObject","inLanguage":"pt-PT","@id":"https:\/\/portaltela.pt\/s.01k8rhncp4jt1\/2025\/11\/talking-bot-125x125.png","url":"https:\/\/portaltela.pt\/s.01k8rhncp4jt1\/2025\/11\/talking-bot-125x125.png","contentUrl":"https:\/\/portaltela.pt\/s.01k8rhncp4jt1\/2025\/11\/talking-bot-125x125.png","caption":"Telinha"},"sameAs":["https:\/\/portaltela.pt\/"],"url":"https:\/\/portaltela.pt\/por\/367410592786\/"}]}},"_links":{"self":[{"href":"https:\/\/portaltela.pt\/api\/wp\/v2\/posts\/423846","targetHints":{"allow":["GET"]}}],"collection":[{"href":"https:\/\/portaltela.pt\/api\/wp\/v2\/posts"}],"about":[{"href":"https:\/\/portaltela.pt\/api\/wp\/v2\/types\/post"}],"author":[{"embeddable":true,"href":"https:\/\/portaltela.pt\/api\/wp\/v2\/users\/2"}],"replies":[{"embeddable":true,"href":"https:\/\/portaltela.pt\/api\/wp\/v2\/comments?post=423846"}],"version-history":[{"count":0,"href":"https:\/\/portaltela.pt\/api\/wp\/v2\/posts\/423846\/revisions"}],"wp:featuredmedia":[{"embeddable":true,"href":"https:\/\/portaltela.pt\/api\/wp\/v2\/media\/423847"}],"wp:attachment":[{"href":"https:\/\/portaltela.pt\/api\/wp\/v2\/media?parent=423846"}],"wp:term":[{"taxonomy":"category","embeddable":true,"href":"https:\/\/portaltela.pt\/api\/wp\/v2\/categories?post=423846"},{"taxonomy":"post_tag","embeddable":true,"href":"https:\/\/portaltela.pt\/api\/wp\/v2\/tags?post=423846"}],"curies":[{"name":"wp","href":"https:\/\/api.w.org\/{rel}","templated":true}]}}