{"id":423826,"date":"2026-03-27T11:34:00","date_gmt":"2026-03-27T14:34:00","guid":{"rendered":"https:\/\/portaltela.pt\/noticias\/2026\/03\/27\/familia-pode-deixar-casa-por-derrocada-na-madeira\/"},"modified":"2026-03-27T11:34:00","modified_gmt":"2026-03-27T14:34:00","slug":"familia-pode-deixar-casa-por-derrocada-na-madeira","status":"publish","type":"post","link":"https:\/\/portaltela.pt\/tempo\/2026\/03\/27\/familia-pode-deixar-casa-por-derrocada-na-madeira\/","title":{"rendered":"Fam\u00edlia pode deixar casa por derrocada na Madeira"},"content":{"rendered":"<p>Uma derrocada de grandes dimens\u00f5es ocorreu nesta sexta-feira na freguesia do Curral das Freiras, C\u00e2mara de Lobos, Madeira. A situa\u00e7\u00e3o pode levar \u00e0 retirada de uma fam\u00edlia da habita\u00e7\u00e3o, por precau\u00e7\u00e3o, segundo informa\u00e7\u00e3o aut\u00e1rquica. A casa n\u00e3o est\u00e1, de momento, em risco imediato.<\/p>\n<p>A derrocada aconteceu numa vertente da Seara Velha. O leito da Ribeira dos Socorridos, que atravessa a localidade, ficou parcialmente obstru\u00eddo, mas n\u00e3o impede a passagem de \u00e1gua. N\u00e3o h\u00e1 registo de v\u00edtimas ou danos em habita\u00e7\u00f5es.<\/p>\n<h3>Avalia\u00e7\u00e3o em curso<\/h3>\n<p>O munic\u00edpio e o Servi\u00e7o Regional de Prote\u00e7\u00e3o Civil preparam-se para refor\u00e7ar opera\u00e7\u00f5es caso seja necess\u00e1rio. Entidades t\u00e9cnico-cient\u00edficas, como o Laborat\u00f3rio Regional de Engenharia Civil e a Hidr\u00e1ulica, avaliam o risco da derrocada.<\/p>\n<p>O Servi\u00e7o Regional de Prote\u00e7\u00e3o Civil indicou que a situa\u00e7\u00e3o est\u00e1 acautelada por enquanto. O presidente do \u00f3rg\u00e3o afirmou que as pessoas j\u00e1 foram alertadas e que a Junta de Freguesia e o munic\u00edpio acompanham a interven\u00e7\u00e3o.<\/p>\n<h3>Apoio t\u00e9cnico na comunidade<\/h3>\n<p>Foi instalado um posto de trabalho permanente do LREC na Junta de Freguesia do Curral das Freiras. Este posto visa facilitar o acompanhamento t\u00e9cnico local e assegurar apoio \u00e0s entidades competentes no terreno.<\/p>\n","protected":false},"excerpt":{"rendered":"<ul>\n<li>Uma derrocada de grandes dimens\u00f5es ocorreu esta manh\u00e3 na freguesia do Curral das Freiras, interior da Madeira, sem v\u00edtimas ou danos em habita\u00e7\u00f5es.<\/li>\n<li>Uma fam\u00edlia pode ser retirada da habita\u00e7\u00e3o por precau\u00e7\u00e3o, o que ainda est\u00e1 a ser avaliado pelos servi\u00e7os competentes, segundo o presidente da C\u00e2mara Municipal de C\u00e2mara de Lobos, Celso Bettencourt.<\/li>\n<li>O leito da Ribeira dos Socorridos ficou parcialmente obstru\u00eddo, mas sem impedir a passagem de \u00e1gua.<\/li>\n<li>O Servi\u00e7o Regional de Prote\u00e7\u00e3o Civil da Madeira est\u00e1 preparado para refor\u00e7ar opera\u00e7\u00f5es, com avalia\u00e7\u00e3o de risco a cargo do Laborat\u00f3rio Regional de Engenharia Civil e da Hidr\u00e1ulica.<\/li>\n<li>Foi instalado um posto permanente do Laborat\u00f3rio Regional de Engenharia Civil na Junta de Freguesia do Curral das Freiras para acompanhar os trabalhos t\u00e9cnicos.<\/li>\n<\/ul>\n","protected":false},"author":2,"featured_media":423831,"comment_status":"closed","ping_status":"closed","sticky":false,"template":"","format":"standard","meta":{"footnotes":""},"categories":[7365],"tags":[7564,4818,4409,150,859,320],"class_list":["post-423826","post","type-post","status-publish","format-standard","has-post-thumbnail","hentry","category-tempo","tag-a-hidraulica","tag-apoio-as-catastrofes-naturais","tag-derrocadas","tag-habitacao","tag-madeira","tag-protecao-civil"],"yoast_head":"<!-- This site is optimized with the Yoast SEO plugin v27.2 - https:\/\/yoast.com\/product\/yoast-seo-wordpress\/ -->\n<title>Fam\u00edlia pode deixar casa por derrocada na Madeira - Portal Tela Portugal<\/title>\n<meta name=\"robots\" content=\"index, follow, max-snippet:-1, max-image-preview:large, max-video-preview:-1\" \/>\n<meta property=\"og:locale\" content=\"pt_PT\" \/>\n<meta property=\"og:type\" content=\"article\" \/>\n<meta property=\"og:title\" content=\"Fam\u00edlia pode deixar casa por derrocada na Madeira - Portal Tela Portugal\" \/>\n<meta property=\"og:description\" content=\"Uma derrocada de grandes dimens\u00f5es ocorreu esta manh\u00e3 na freguesia do Curral das Freiras, interior da Madeira, sem v\u00edtimas ou danos em habita\u00e7\u00f5es. Uma fam\u00edlia pode ser retirada da habita\u00e7\u00e3o por precau\u00e7\u00e3o, o que ainda est\u00e1 a ser avaliado pelos servi\u00e7os competentes, segundo o presidente da C\u00e2mara Municipal de C\u00e2mara de Lobos, Celso Bettencourt. O leito da Ribeira dos Socorridos ficou parcialmente obstru\u00eddo, mas sem impedir a passagem de \u00e1gua. O Servi\u00e7o Regional de Prote\u00e7\u00e3o Civil da Madeira est\u00e1 preparado para refor\u00e7ar opera\u00e7\u00f5es, com avalia\u00e7\u00e3o de risco a cargo do Laborat\u00f3rio Regional de Engenharia Civil e da Hidr\u00e1ulica. Foi instalado um posto permanente do Laborat\u00f3rio Regional de Engenharia Civil na Junta de Freguesia do Curral das Freiras para acompanhar os trabalhos t\u00e9cnicos.\" \/>\n<meta property=\"og:url\" content=\"https:\/\/portaltela.pt\/noticias\/2026\/03\/27\/familia-pode-deixar-casa-por-derrocada-na-madeira\/\" \/>\n<meta property=\"og:site_name\" content=\"Portal Tela Portugal\" \/>\n<meta property=\"article:published_time\" content=\"2026-03-27T14:34:00+00:00\" \/>\n<meta name=\"author\" content=\"Telinha\" \/>\n<meta name=\"twitter:card\" content=\"summary_large_image\" \/>\n<meta name=\"twitter:label1\" content=\"Escrito por\" \/>\n\t<meta name=\"twitter:data1\" content=\"Telinha\" \/>\n\t<meta name=\"twitter:label2\" content=\"Tempo estimado de leitura\" \/>\n\t<meta name=\"twitter:data2\" content=\"1 minuto\" \/>\n<script type=\"application\/ld+json\" class=\"yoast-schema-graph\">{\"@context\":\"https:\/\/schema.org\",\"@graph\":[{\"@type\":\"Article\",\"@id\":\"https:\/\/portaltela.pt\/noticias\/2026\/03\/27\/familia-pode-deixar-casa-por-derrocada-na-madeira\/#article\",\"isPartOf\":{\"@id\":\"https:\/\/portaltela.pt\/noticias\/2026\/03\/27\/familia-pode-deixar-casa-por-derrocada-na-madeira\/\"},\"author\":{\"name\":\"Telinha\",\"@id\":\"https:\/\/portaltela.pt\/#\/schema\/person\/c4278d4a6028830caff9ee44b42d32ed\"},\"headline\":\"Fam\u00edlia pode deixar casa por derrocada na Madeira\",\"datePublished\":\"2026-03-27T14:34:00+00:00\",\"mainEntityOfPage\":{\"@id\":\"https:\/\/portaltela.pt\/noticias\/2026\/03\/27\/familia-pode-deixar-casa-por-derrocada-na-madeira\/\"},\"wordCount\":231,\"image\":{\"@id\":\"https:\/\/portaltela.pt\/noticias\/2026\/03\/27\/familia-pode-deixar-casa-por-derrocada-na-madeira\/#primaryimage\"},\"thumbnailUrl\":\"https:\/\/portaltela.pt\/s.01k8rhncp4jt1\/2026\/03\/image-1610.jpg\",\"keywords\":[\"a hidr\u00e1ulica\",\"Apoio \u00e0s Cat\u00e1strofes Naturais\",\"derrocadas\",\"habita\u00e7\u00e3o\",\"Madeira\",\"prote\u00e7\u00e3o civil\"],\"articleSection\":[\"Tempo\"],\"inLanguage\":\"pt-PT\"},{\"@type\":\"WebPage\",\"@id\":\"https:\/\/portaltela.pt\/noticias\/2026\/03\/27\/familia-pode-deixar-casa-por-derrocada-na-madeira\/\",\"url\":\"https:\/\/portaltela.pt\/noticias\/2026\/03\/27\/familia-pode-deixar-casa-por-derrocada-na-madeira\/\",\"name\":\"Fam\u00edlia pode deixar casa por derrocada na Madeira - Portal Tela Portugal\",\"isPartOf\":{\"@id\":\"https:\/\/portaltela.pt\/#website\"},\"primaryImageOfPage\":{\"@id\":\"https:\/\/portaltela.pt\/noticias\/2026\/03\/27\/familia-pode-deixar-casa-por-derrocada-na-madeira\/#primaryimage\"},\"image\":{\"@id\":\"https:\/\/portaltela.pt\/noticias\/2026\/03\/27\/familia-pode-deixar-casa-por-derrocada-na-madeira\/#primaryimage\"},\"thumbnailUrl\":\"https:\/\/portaltela.pt\/s.01k8rhncp4jt1\/2026\/03\/image-1610.jpg\",\"datePublished\":\"2026-03-27T14:34:00+00:00\",\"author\":{\"@id\":\"https:\/\/portaltela.pt\/#\/schema\/person\/c4278d4a6028830caff9ee44b42d32ed\"},\"breadcrumb\":{\"@id\":\"https:\/\/portaltela.pt\/noticias\/2026\/03\/27\/familia-pode-deixar-casa-por-derrocada-na-madeira\/#breadcrumb\"},\"inLanguage\":\"pt-PT\",\"potentialAction\":[{\"@type\":\"ReadAction\",\"target\":[\"https:\/\/portaltela.pt\/noticias\/2026\/03\/27\/familia-pode-deixar-casa-por-derrocada-na-madeira\/\"]}]},{\"@type\":\"ImageObject\",\"inLanguage\":\"pt-PT\",\"@id\":\"https:\/\/portaltela.pt\/noticias\/2026\/03\/27\/familia-pode-deixar-casa-por-derrocada-na-madeira\/#primaryimage\",\"url\":\"https:\/\/portaltela.pt\/s.01k8rhncp4jt1\/2026\/03\/image-1610.jpg\",\"contentUrl\":\"https:\/\/portaltela.pt\/s.01k8rhncp4jt1\/2026\/03\/image-1610.jpg\",\"width\":796,\"height\":448,\"caption\":\"Imagem de contexto do artigo Fam\u00edlia pode ser retirada de casa devido a grande derrocada na Madeira\"},{\"@type\":\"BreadcrumbList\",\"@id\":\"https:\/\/portaltela.pt\/noticias\/2026\/03\/27\/familia-pode-deixar-casa-por-derrocada-na-madeira\/#breadcrumb\",\"itemListElement\":[{\"@type\":\"ListItem\",\"position\":1,\"name\":\"In\u00edcio\",\"item\":\"https:\/\/portaltela.pt\/\"},{\"@type\":\"ListItem\",\"position\":2,\"name\":\"Fam\u00edlia pode deixar casa por derrocada na Madeira\"}]},{\"@type\":\"WebSite\",\"@id\":\"https:\/\/portaltela.pt\/#website\",\"url\":\"https:\/\/portaltela.pt\/\",\"name\":\"Portal Tela Portugal\",\"description\":\"\",\"potentialAction\":[{\"@type\":\"SearchAction\",\"target\":{\"@type\":\"EntryPoint\",\"urlTemplate\":\"https:\/\/portaltela.pt\/?s={search_term_string}\"},\"query-input\":{\"@type\":\"PropertyValueSpecification\",\"valueRequired\":true,\"valueName\":\"search_term_string\"}}],\"inLanguage\":\"pt-PT\"},{\"@type\":\"Person\",\"@id\":\"https:\/\/portaltela.pt\/#\/schema\/person\/c4278d4a6028830caff9ee44b42d32ed\",\"name\":\"Telinha\",\"image\":{\"@type\":\"ImageObject\",\"inLanguage\":\"pt-PT\",\"@id\":\"https:\/\/portaltela.pt\/s.01k8rhncp4jt1\/2025\/11\/talking-bot-125x125.png\",\"url\":\"https:\/\/portaltela.pt\/s.01k8rhncp4jt1\/2025\/11\/talking-bot-125x125.png\",\"contentUrl\":\"https:\/\/portaltela.pt\/s.01k8rhncp4jt1\/2025\/11\/talking-bot-125x125.png\",\"caption\":\"Telinha\"},\"sameAs\":[\"https:\/\/portaltela.pt\/\"],\"url\":\"https:\/\/portaltela.pt\/por\/367410592786\/\"}]}<\/script>\n<!-- \/ Yoast SEO plugin. -->","yoast_head_json":{"title":"Fam\u00edlia pode deixar casa por derrocada na Madeira - Portal Tela Portugal","robots":{"index":"index","follow":"follow","max-snippet":"max-snippet:-1","max-image-preview":"max-image-preview:large","max-video-preview":"max-video-preview:-1"},"og_locale":"pt_PT","og_type":"article","og_title":"Fam\u00edlia pode deixar casa por derrocada na Madeira - Portal Tela Portugal","og_description":"Uma derrocada de grandes dimens\u00f5es ocorreu esta manh\u00e3 na freguesia do Curral das Freiras, interior da Madeira, sem v\u00edtimas ou danos em habita\u00e7\u00f5es. Uma fam\u00edlia pode ser retirada da habita\u00e7\u00e3o por precau\u00e7\u00e3o, o que ainda est\u00e1 a ser avaliado pelos servi\u00e7os competentes, segundo o presidente da C\u00e2mara Municipal de C\u00e2mara de Lobos, Celso Bettencourt. O leito da Ribeira dos Socorridos ficou parcialmente obstru\u00eddo, mas sem impedir a passagem de \u00e1gua. O Servi\u00e7o Regional de Prote\u00e7\u00e3o Civil da Madeira est\u00e1 preparado para refor\u00e7ar opera\u00e7\u00f5es, com avalia\u00e7\u00e3o de risco a cargo do Laborat\u00f3rio Regional de Engenharia Civil e da Hidr\u00e1ulica. Foi instalado um posto permanente do Laborat\u00f3rio Regional de Engenharia Civil na Junta de Freguesia do Curral das Freiras para acompanhar os trabalhos t\u00e9cnicos.","og_url":"https:\/\/portaltela.pt\/noticias\/2026\/03\/27\/familia-pode-deixar-casa-por-derrocada-na-madeira\/","og_site_name":"Portal Tela Portugal","article_published_time":"2026-03-27T14:34:00+00:00","author":"Telinha","twitter_card":"summary_large_image","twitter_misc":{"Escrito por":"Telinha","Tempo estimado de leitura":"1 minuto"},"schema":{"@context":"https:\/\/schema.org","@graph":[{"@type":"Article","@id":"https:\/\/portaltela.pt\/noticias\/2026\/03\/27\/familia-pode-deixar-casa-por-derrocada-na-madeira\/#article","isPartOf":{"@id":"https:\/\/portaltela.pt\/noticias\/2026\/03\/27\/familia-pode-deixar-casa-por-derrocada-na-madeira\/"},"author":{"name":"Telinha","@id":"https:\/\/portaltela.pt\/#\/schema\/person\/c4278d4a6028830caff9ee44b42d32ed"},"headline":"Fam\u00edlia pode deixar casa por derrocada na Madeira","datePublished":"2026-03-27T14:34:00+00:00","mainEntityOfPage":{"@id":"https:\/\/portaltela.pt\/noticias\/2026\/03\/27\/familia-pode-deixar-casa-por-derrocada-na-madeira\/"},"wordCount":231,"image":{"@id":"https:\/\/portaltela.pt\/noticias\/2026\/03\/27\/familia-pode-deixar-casa-por-derrocada-na-madeira\/#primaryimage"},"thumbnailUrl":"https:\/\/portaltela.pt\/s.01k8rhncp4jt1\/2026\/03\/image-1610.jpg","keywords":["a hidr\u00e1ulica","Apoio \u00e0s Cat\u00e1strofes Naturais","derrocadas","habita\u00e7\u00e3o","Madeira","prote\u00e7\u00e3o civil"],"articleSection":["Tempo"],"inLanguage":"pt-PT"},{"@type":"WebPage","@id":"https:\/\/portaltela.pt\/noticias\/2026\/03\/27\/familia-pode-deixar-casa-por-derrocada-na-madeira\/","url":"https:\/\/portaltela.pt\/noticias\/2026\/03\/27\/familia-pode-deixar-casa-por-derrocada-na-madeira\/","name":"Fam\u00edlia pode deixar casa por derrocada na Madeira - Portal Tela Portugal","isPartOf":{"@id":"https:\/\/portaltela.pt\/#website"},"primaryImageOfPage":{"@id":"https:\/\/portaltela.pt\/noticias\/2026\/03\/27\/familia-pode-deixar-casa-por-derrocada-na-madeira\/#primaryimage"},"image":{"@id":"https:\/\/portaltela.pt\/noticias\/2026\/03\/27\/familia-pode-deixar-casa-por-derrocada-na-madeira\/#primaryimage"},"thumbnailUrl":"https:\/\/portaltela.pt\/s.01k8rhncp4jt1\/2026\/03\/image-1610.jpg","datePublished":"2026-03-27T14:34:00+00:00","author":{"@id":"https:\/\/portaltela.pt\/#\/schema\/person\/c4278d4a6028830caff9ee44b42d32ed"},"breadcrumb":{"@id":"https:\/\/portaltela.pt\/noticias\/2026\/03\/27\/familia-pode-deixar-casa-por-derrocada-na-madeira\/#breadcrumb"},"inLanguage":"pt-PT","potentialAction":[{"@type":"ReadAction","target":["https:\/\/portaltela.pt\/noticias\/2026\/03\/27\/familia-pode-deixar-casa-por-derrocada-na-madeira\/"]}]},{"@type":"ImageObject","inLanguage":"pt-PT","@id":"https:\/\/portaltela.pt\/noticias\/2026\/03\/27\/familia-pode-deixar-casa-por-derrocada-na-madeira\/#primaryimage","url":"https:\/\/portaltela.pt\/s.01k8rhncp4jt1\/2026\/03\/image-1610.jpg","contentUrl":"https:\/\/portaltela.pt\/s.01k8rhncp4jt1\/2026\/03\/image-1610.jpg","width":796,"height":448,"caption":"Imagem de contexto do artigo Fam\u00edlia pode ser retirada de casa devido a grande derrocada na Madeira"},{"@type":"BreadcrumbList","@id":"https:\/\/portaltela.pt\/noticias\/2026\/03\/27\/familia-pode-deixar-casa-por-derrocada-na-madeira\/#breadcrumb","itemListElement":[{"@type":"ListItem","position":1,"name":"In\u00edcio","item":"https:\/\/portaltela.pt\/"},{"@type":"ListItem","position":2,"name":"Fam\u00edlia pode deixar casa por derrocada na Madeira"}]},{"@type":"WebSite","@id":"https:\/\/portaltela.pt\/#website","url":"https:\/\/portaltela.pt\/","name":"Portal Tela Portugal","description":"","potentialAction":[{"@type":"SearchAction","target":{"@type":"EntryPoint","urlTemplate":"https:\/\/portaltela.pt\/?s={search_term_string}"},"query-input":{"@type":"PropertyValueSpecification","valueRequired":true,"valueName":"search_term_string"}}],"inLanguage":"pt-PT"},{"@type":"Person","@id":"https:\/\/portaltela.pt\/#\/schema\/person\/c4278d4a6028830caff9ee44b42d32ed","name":"Telinha","image":{"@type":"ImageObject","inLanguage":"pt-PT","@id":"https:\/\/portaltela.pt\/s.01k8rhncp4jt1\/2025\/11\/talking-bot-125x125.png","url":"https:\/\/portaltela.pt\/s.01k8rhncp4jt1\/2025\/11\/talking-bot-125x125.png","contentUrl":"https:\/\/portaltela.pt\/s.01k8rhncp4jt1\/2025\/11\/talking-bot-125x125.png","caption":"Telinha"},"sameAs":["https:\/\/portaltela.pt\/"],"url":"https:\/\/portaltela.pt\/por\/367410592786\/"}]}},"_links":{"self":[{"href":"https:\/\/portaltela.pt\/api\/wp\/v2\/posts\/423826","targetHints":{"allow":["GET"]}}],"collection":[{"href":"https:\/\/portaltela.pt\/api\/wp\/v2\/posts"}],"about":[{"href":"https:\/\/portaltela.pt\/api\/wp\/v2\/types\/post"}],"author":[{"embeddable":true,"href":"https:\/\/portaltela.pt\/api\/wp\/v2\/users\/2"}],"replies":[{"embeddable":true,"href":"https:\/\/portaltela.pt\/api\/wp\/v2\/comments?post=423826"}],"version-history":[{"count":0,"href":"https:\/\/portaltela.pt\/api\/wp\/v2\/posts\/423826\/revisions"}],"wp:featuredmedia":[{"embeddable":true,"href":"https:\/\/portaltela.pt\/api\/wp\/v2\/media\/423831"}],"wp:attachment":[{"href":"https:\/\/portaltela.pt\/api\/wp\/v2\/media?parent=423826"}],"wp:term":[{"taxonomy":"category","embeddable":true,"href":"https:\/\/portaltela.pt\/api\/wp\/v2\/categories?post=423826"},{"taxonomy":"post_tag","embeddable":true,"href":"https:\/\/portaltela.pt\/api\/wp\/v2\/tags?post=423826"}],"curies":[{"name":"wp","href":"https:\/\/api.w.org\/{rel}","templated":true}]}}