{"id":423809,"date":"2026-03-27T11:24:00","date_gmt":"2026-03-27T14:24:00","guid":{"rendered":"https:\/\/portaltela.pt\/noticias\/2026\/03\/27\/conflito-entre-familiares-em-agueda-deixa-tres-feridos\/"},"modified":"2026-03-27T11:24:00","modified_gmt":"2026-03-27T14:24:00","slug":"conflito-entre-familiares-em-agueda-deixa-tres-feridos","status":"publish","type":"post","link":"https:\/\/portaltela.pt\/policia\/2026\/03\/27\/conflito-entre-familiares-em-agueda-deixa-tres-feridos\/","title":{"rendered":"Conflito entre familiares em \u00c1gueda deixa tr\u00eas feridos"},"content":{"rendered":"<p>Tr\u00eas feridos em \u00c1gueda resultam de desacatos entre familiares na rua da Espanhola, Vale Domingos. Os confrontos ocorreram ao longo de tr\u00eas horas, entre as 07h30 e as 10h30, num mesmo local.<\/p>\n<p>A GNR recebeu tr\u00eas alertas, todos ligados ao mesmo epis\u00f3dio na propriedade em disputa.<\/p>\n<p>A primeira v\u00edtima, um homem de 51 anos, foi transportado ao hospital de \u00c1gueda com ferimentos ligeiros.<\/p>\n<h3>Detalhes do incidente<\/h3>\n<p>O segundo alerta chegou perto das 09h00. Um jovem de 22 anos foi levado ao hospital de Aveiro.<\/p>\n<p>Mais tarde, por volta das 10h30, uma mulher de 72 anos foi encaminhada para o hospital de \u00c1gueda.<\/p>\n<p>A GNR identificou dois homens, pai e filho, como envolvidos no epis\u00f3dio.<\/p>\n<p>As autoridades confirmam registos de desacatos entre os familiares nas \u00faltimas semanas, relacionados com o acesso \u00e0 propriedade.<\/p>\n<h3>Investiga\u00e7\u00e3o em curso<\/h3>\n<p>As dilig\u00eancias prosseguem para apurar as circunst\u00e2ncias e determinar responsabilidades.<\/p>\n","protected":false},"excerpt":{"rendered":"<ul>\n<li>Tr\u00eas feridos ligeiros foram assistidos em \u00c1gueda e encaminhados para unidades hospitalares, no mesmo local e em momentos diferentes.<\/li>\n<li>Os ferimentos teriam resultado de desacatos entre familiares, alegadamente relacionados com o acesso a uma propriedade.<\/li>\n<li>Primeiro alerta, cerca das 07h30, para agress\u00e3o na rua da Espanhola, Vale Domingos; v\u00edtima, 51 anos, encaminhada para o hospital de \u00c1gueda.<\/li>\n<li>Segundo alerta, cerca das 09h00, para nova agress\u00e3o; jovem, 22 anos, encaminhado para o hospital de Aveiro.<\/li>\n<li>Terceiro alerta, cerca das 10h30, para nova agress\u00e3o na rua da Espanhola; mulher, 72 anos, encaminhada para o hospital de \u00c1gueda; GNR identificou dois homens, pai e filho, ligados aos desacatos recorrentes nas \u00faltimas semanas.<\/li>\n<\/ul>\n","protected":false},"author":2,"featured_media":423812,"comment_status":"closed","ping_status":"closed","sticky":false,"template":"","format":"standard","meta":{"footnotes":""},"categories":[6907,6781],"tags":[1062,254,3527,64,3449,7098],"class_list":["post-423809","post","type-post","status-publish","format-standard","has-post-thumbnail","hentry","category-crime","category-policia","tag-agueda","tag-conflito","tag-desacatos","tag-familia","tag-feridos","tag-propriedade"],"yoast_head":"<!-- This site is optimized with the Yoast SEO plugin v27.2 - https:\/\/yoast.com\/product\/yoast-seo-wordpress\/ -->\n<title>Conflito entre familiares em \u00c1gueda deixa tr\u00eas feridos - Portal Tela Portugal<\/title>\n<meta name=\"robots\" content=\"index, follow, max-snippet:-1, max-image-preview:large, max-video-preview:-1\" \/>\n<meta property=\"og:locale\" content=\"pt_PT\" \/>\n<meta property=\"og:type\" content=\"article\" \/>\n<meta property=\"og:title\" content=\"Conflito entre familiares em \u00c1gueda deixa tr\u00eas feridos - Portal Tela Portugal\" \/>\n<meta property=\"og:description\" content=\"Tr\u00eas feridos ligeiros foram assistidos em \u00c1gueda e encaminhados para unidades hospitalares, no mesmo local e em momentos diferentes. Os ferimentos teriam resultado de desacatos entre familiares, alegadamente relacionados com o acesso a uma propriedade. Primeiro alerta, cerca das 07h30, para agress\u00e3o na rua da Espanhola, Vale Domingos; v\u00edtima, 51 anos, encaminhada para o hospital de \u00c1gueda. Segundo alerta, cerca das 09h00, para nova agress\u00e3o; jovem, 22 anos, encaminhado para o hospital de Aveiro. Terceiro alerta, cerca das 10h30, para nova agress\u00e3o na rua da Espanhola; mulher, 72 anos, encaminhada para o hospital de \u00c1gueda; GNR identificou dois homens, pai e filho, ligados aos desacatos recorrentes nas \u00faltimas semanas.\" \/>\n<meta property=\"og:url\" content=\"https:\/\/portaltela.pt\/noticias\/2026\/03\/27\/conflito-entre-familiares-em-agueda-deixa-tres-feridos\/\" \/>\n<meta property=\"og:site_name\" content=\"Portal Tela Portugal\" \/>\n<meta property=\"article:published_time\" content=\"2026-03-27T14:24:00+00:00\" \/>\n<meta name=\"author\" content=\"Telinha\" \/>\n<meta name=\"twitter:card\" content=\"summary_large_image\" \/>\n<meta name=\"twitter:label1\" content=\"Escrito por\" \/>\n\t<meta name=\"twitter:data1\" content=\"Telinha\" \/>\n\t<meta name=\"twitter:label2\" content=\"Tempo estimado de leitura\" \/>\n\t<meta name=\"twitter:data2\" content=\"1 minuto\" \/>\n<script type=\"application\/ld+json\" class=\"yoast-schema-graph\">{\"@context\":\"https:\/\/schema.org\",\"@graph\":[{\"@type\":\"Article\",\"@id\":\"https:\/\/portaltela.pt\/noticias\/2026\/03\/27\/conflito-entre-familiares-em-agueda-deixa-tres-feridos\/#article\",\"isPartOf\":{\"@id\":\"https:\/\/portaltela.pt\/noticias\/2026\/03\/27\/conflito-entre-familiares-em-agueda-deixa-tres-feridos\/\"},\"author\":{\"name\":\"Telinha\",\"@id\":\"https:\/\/portaltela.pt\/#\/schema\/person\/c4278d4a6028830caff9ee44b42d32ed\"},\"headline\":\"Conflito entre familiares em \u00c1gueda deixa tr\u00eas feridos\",\"datePublished\":\"2026-03-27T14:24:00+00:00\",\"mainEntityOfPage\":{\"@id\":\"https:\/\/portaltela.pt\/noticias\/2026\/03\/27\/conflito-entre-familiares-em-agueda-deixa-tres-feridos\/\"},\"wordCount\":159,\"image\":{\"@id\":\"https:\/\/portaltela.pt\/noticias\/2026\/03\/27\/conflito-entre-familiares-em-agueda-deixa-tres-feridos\/#primaryimage\"},\"thumbnailUrl\":\"https:\/\/portaltela.pt\/s.01k8rhncp4jt1\/2026\/03\/img_1280x721uu2026-03-27-14-23-32-2275110.jpg\",\"keywords\":[\"\u00c1gueda\",\"conflito\",\"desacatos\",\"fam\u00edlia\",\"feridos\",\"propriedade\"],\"articleSection\":[\"Crime\",\"Pol\u00edcia\"],\"inLanguage\":\"pt-PT\"},{\"@type\":\"WebPage\",\"@id\":\"https:\/\/portaltela.pt\/noticias\/2026\/03\/27\/conflito-entre-familiares-em-agueda-deixa-tres-feridos\/\",\"url\":\"https:\/\/portaltela.pt\/noticias\/2026\/03\/27\/conflito-entre-familiares-em-agueda-deixa-tres-feridos\/\",\"name\":\"Conflito entre familiares em \u00c1gueda deixa tr\u00eas feridos - Portal Tela Portugal\",\"isPartOf\":{\"@id\":\"https:\/\/portaltela.pt\/#website\"},\"primaryImageOfPage\":{\"@id\":\"https:\/\/portaltela.pt\/noticias\/2026\/03\/27\/conflito-entre-familiares-em-agueda-deixa-tres-feridos\/#primaryimage\"},\"image\":{\"@id\":\"https:\/\/portaltela.pt\/noticias\/2026\/03\/27\/conflito-entre-familiares-em-agueda-deixa-tres-feridos\/#primaryimage\"},\"thumbnailUrl\":\"https:\/\/portaltela.pt\/s.01k8rhncp4jt1\/2026\/03\/img_1280x721uu2026-03-27-14-23-32-2275110.jpg\",\"datePublished\":\"2026-03-27T14:24:00+00:00\",\"author\":{\"@id\":\"https:\/\/portaltela.pt\/#\/schema\/person\/c4278d4a6028830caff9ee44b42d32ed\"},\"breadcrumb\":{\"@id\":\"https:\/\/portaltela.pt\/noticias\/2026\/03\/27\/conflito-entre-familiares-em-agueda-deixa-tres-feridos\/#breadcrumb\"},\"inLanguage\":\"pt-PT\",\"potentialAction\":[{\"@type\":\"ReadAction\",\"target\":[\"https:\/\/portaltela.pt\/noticias\/2026\/03\/27\/conflito-entre-familiares-em-agueda-deixa-tres-feridos\/\"]}]},{\"@type\":\"ImageObject\",\"inLanguage\":\"pt-PT\",\"@id\":\"https:\/\/portaltela.pt\/noticias\/2026\/03\/27\/conflito-entre-familiares-em-agueda-deixa-tres-feridos\/#primaryimage\",\"url\":\"https:\/\/portaltela.pt\/s.01k8rhncp4jt1\/2026\/03\/img_1280x721uu2026-03-27-14-23-32-2275110.jpg\",\"contentUrl\":\"https:\/\/portaltela.pt\/s.01k8rhncp4jt1\/2026\/03\/img_1280x721uu2026-03-27-14-23-32-2275110.jpg\",\"width\":796,\"height\":448,\"caption\":\"Photo\"},{\"@type\":\"BreadcrumbList\",\"@id\":\"https:\/\/portaltela.pt\/noticias\/2026\/03\/27\/conflito-entre-familiares-em-agueda-deixa-tres-feridos\/#breadcrumb\",\"itemListElement\":[{\"@type\":\"ListItem\",\"position\":1,\"name\":\"In\u00edcio\",\"item\":\"https:\/\/portaltela.pt\/\"},{\"@type\":\"ListItem\",\"position\":2,\"name\":\"Conflito entre familiares em \u00c1gueda deixa tr\u00eas feridos\"}]},{\"@type\":\"WebSite\",\"@id\":\"https:\/\/portaltela.pt\/#website\",\"url\":\"https:\/\/portaltela.pt\/\",\"name\":\"Portal Tela Portugal\",\"description\":\"\",\"potentialAction\":[{\"@type\":\"SearchAction\",\"target\":{\"@type\":\"EntryPoint\",\"urlTemplate\":\"https:\/\/portaltela.pt\/?s={search_term_string}\"},\"query-input\":{\"@type\":\"PropertyValueSpecification\",\"valueRequired\":true,\"valueName\":\"search_term_string\"}}],\"inLanguage\":\"pt-PT\"},{\"@type\":\"Person\",\"@id\":\"https:\/\/portaltela.pt\/#\/schema\/person\/c4278d4a6028830caff9ee44b42d32ed\",\"name\":\"Telinha\",\"image\":{\"@type\":\"ImageObject\",\"inLanguage\":\"pt-PT\",\"@id\":\"https:\/\/portaltela.pt\/s.01k8rhncp4jt1\/2025\/11\/talking-bot-125x125.png\",\"url\":\"https:\/\/portaltela.pt\/s.01k8rhncp4jt1\/2025\/11\/talking-bot-125x125.png\",\"contentUrl\":\"https:\/\/portaltela.pt\/s.01k8rhncp4jt1\/2025\/11\/talking-bot-125x125.png\",\"caption\":\"Telinha\"},\"sameAs\":[\"https:\/\/portaltela.pt\/\"],\"url\":\"https:\/\/portaltela.pt\/por\/367410592786\/\"}]}<\/script>\n<!-- \/ Yoast SEO plugin. -->","yoast_head_json":{"title":"Conflito entre familiares em \u00c1gueda deixa tr\u00eas feridos - Portal Tela Portugal","robots":{"index":"index","follow":"follow","max-snippet":"max-snippet:-1","max-image-preview":"max-image-preview:large","max-video-preview":"max-video-preview:-1"},"og_locale":"pt_PT","og_type":"article","og_title":"Conflito entre familiares em \u00c1gueda deixa tr\u00eas feridos - Portal Tela Portugal","og_description":"Tr\u00eas feridos ligeiros foram assistidos em \u00c1gueda e encaminhados para unidades hospitalares, no mesmo local e em momentos diferentes. Os ferimentos teriam resultado de desacatos entre familiares, alegadamente relacionados com o acesso a uma propriedade. Primeiro alerta, cerca das 07h30, para agress\u00e3o na rua da Espanhola, Vale Domingos; v\u00edtima, 51 anos, encaminhada para o hospital de \u00c1gueda. Segundo alerta, cerca das 09h00, para nova agress\u00e3o; jovem, 22 anos, encaminhado para o hospital de Aveiro. Terceiro alerta, cerca das 10h30, para nova agress\u00e3o na rua da Espanhola; mulher, 72 anos, encaminhada para o hospital de \u00c1gueda; GNR identificou dois homens, pai e filho, ligados aos desacatos recorrentes nas \u00faltimas semanas.","og_url":"https:\/\/portaltela.pt\/noticias\/2026\/03\/27\/conflito-entre-familiares-em-agueda-deixa-tres-feridos\/","og_site_name":"Portal Tela Portugal","article_published_time":"2026-03-27T14:24:00+00:00","author":"Telinha","twitter_card":"summary_large_image","twitter_misc":{"Escrito por":"Telinha","Tempo estimado de leitura":"1 minuto"},"schema":{"@context":"https:\/\/schema.org","@graph":[{"@type":"Article","@id":"https:\/\/portaltela.pt\/noticias\/2026\/03\/27\/conflito-entre-familiares-em-agueda-deixa-tres-feridos\/#article","isPartOf":{"@id":"https:\/\/portaltela.pt\/noticias\/2026\/03\/27\/conflito-entre-familiares-em-agueda-deixa-tres-feridos\/"},"author":{"name":"Telinha","@id":"https:\/\/portaltela.pt\/#\/schema\/person\/c4278d4a6028830caff9ee44b42d32ed"},"headline":"Conflito entre familiares em \u00c1gueda deixa tr\u00eas feridos","datePublished":"2026-03-27T14:24:00+00:00","mainEntityOfPage":{"@id":"https:\/\/portaltela.pt\/noticias\/2026\/03\/27\/conflito-entre-familiares-em-agueda-deixa-tres-feridos\/"},"wordCount":159,"image":{"@id":"https:\/\/portaltela.pt\/noticias\/2026\/03\/27\/conflito-entre-familiares-em-agueda-deixa-tres-feridos\/#primaryimage"},"thumbnailUrl":"https:\/\/portaltela.pt\/s.01k8rhncp4jt1\/2026\/03\/img_1280x721uu2026-03-27-14-23-32-2275110.jpg","keywords":["\u00c1gueda","conflito","desacatos","fam\u00edlia","feridos","propriedade"],"articleSection":["Crime","Pol\u00edcia"],"inLanguage":"pt-PT"},{"@type":"WebPage","@id":"https:\/\/portaltela.pt\/noticias\/2026\/03\/27\/conflito-entre-familiares-em-agueda-deixa-tres-feridos\/","url":"https:\/\/portaltela.pt\/noticias\/2026\/03\/27\/conflito-entre-familiares-em-agueda-deixa-tres-feridos\/","name":"Conflito entre familiares em \u00c1gueda deixa tr\u00eas feridos - Portal Tela Portugal","isPartOf":{"@id":"https:\/\/portaltela.pt\/#website"},"primaryImageOfPage":{"@id":"https:\/\/portaltela.pt\/noticias\/2026\/03\/27\/conflito-entre-familiares-em-agueda-deixa-tres-feridos\/#primaryimage"},"image":{"@id":"https:\/\/portaltela.pt\/noticias\/2026\/03\/27\/conflito-entre-familiares-em-agueda-deixa-tres-feridos\/#primaryimage"},"thumbnailUrl":"https:\/\/portaltela.pt\/s.01k8rhncp4jt1\/2026\/03\/img_1280x721uu2026-03-27-14-23-32-2275110.jpg","datePublished":"2026-03-27T14:24:00+00:00","author":{"@id":"https:\/\/portaltela.pt\/#\/schema\/person\/c4278d4a6028830caff9ee44b42d32ed"},"breadcrumb":{"@id":"https:\/\/portaltela.pt\/noticias\/2026\/03\/27\/conflito-entre-familiares-em-agueda-deixa-tres-feridos\/#breadcrumb"},"inLanguage":"pt-PT","potentialAction":[{"@type":"ReadAction","target":["https:\/\/portaltela.pt\/noticias\/2026\/03\/27\/conflito-entre-familiares-em-agueda-deixa-tres-feridos\/"]}]},{"@type":"ImageObject","inLanguage":"pt-PT","@id":"https:\/\/portaltela.pt\/noticias\/2026\/03\/27\/conflito-entre-familiares-em-agueda-deixa-tres-feridos\/#primaryimage","url":"https:\/\/portaltela.pt\/s.01k8rhncp4jt1\/2026\/03\/img_1280x721uu2026-03-27-14-23-32-2275110.jpg","contentUrl":"https:\/\/portaltela.pt\/s.01k8rhncp4jt1\/2026\/03\/img_1280x721uu2026-03-27-14-23-32-2275110.jpg","width":796,"height":448,"caption":"Photo"},{"@type":"BreadcrumbList","@id":"https:\/\/portaltela.pt\/noticias\/2026\/03\/27\/conflito-entre-familiares-em-agueda-deixa-tres-feridos\/#breadcrumb","itemListElement":[{"@type":"ListItem","position":1,"name":"In\u00edcio","item":"https:\/\/portaltela.pt\/"},{"@type":"ListItem","position":2,"name":"Conflito entre familiares em \u00c1gueda deixa tr\u00eas feridos"}]},{"@type":"WebSite","@id":"https:\/\/portaltela.pt\/#website","url":"https:\/\/portaltela.pt\/","name":"Portal Tela Portugal","description":"","potentialAction":[{"@type":"SearchAction","target":{"@type":"EntryPoint","urlTemplate":"https:\/\/portaltela.pt\/?s={search_term_string}"},"query-input":{"@type":"PropertyValueSpecification","valueRequired":true,"valueName":"search_term_string"}}],"inLanguage":"pt-PT"},{"@type":"Person","@id":"https:\/\/portaltela.pt\/#\/schema\/person\/c4278d4a6028830caff9ee44b42d32ed","name":"Telinha","image":{"@type":"ImageObject","inLanguage":"pt-PT","@id":"https:\/\/portaltela.pt\/s.01k8rhncp4jt1\/2025\/11\/talking-bot-125x125.png","url":"https:\/\/portaltela.pt\/s.01k8rhncp4jt1\/2025\/11\/talking-bot-125x125.png","contentUrl":"https:\/\/portaltela.pt\/s.01k8rhncp4jt1\/2025\/11\/talking-bot-125x125.png","caption":"Telinha"},"sameAs":["https:\/\/portaltela.pt\/"],"url":"https:\/\/portaltela.pt\/por\/367410592786\/"}]}},"_links":{"self":[{"href":"https:\/\/portaltela.pt\/api\/wp\/v2\/posts\/423809","targetHints":{"allow":["GET"]}}],"collection":[{"href":"https:\/\/portaltela.pt\/api\/wp\/v2\/posts"}],"about":[{"href":"https:\/\/portaltela.pt\/api\/wp\/v2\/types\/post"}],"author":[{"embeddable":true,"href":"https:\/\/portaltela.pt\/api\/wp\/v2\/users\/2"}],"replies":[{"embeddable":true,"href":"https:\/\/portaltela.pt\/api\/wp\/v2\/comments?post=423809"}],"version-history":[{"count":0,"href":"https:\/\/portaltela.pt\/api\/wp\/v2\/posts\/423809\/revisions"}],"wp:featuredmedia":[{"embeddable":true,"href":"https:\/\/portaltela.pt\/api\/wp\/v2\/media\/423812"}],"wp:attachment":[{"href":"https:\/\/portaltela.pt\/api\/wp\/v2\/media?parent=423809"}],"wp:term":[{"taxonomy":"category","embeddable":true,"href":"https:\/\/portaltela.pt\/api\/wp\/v2\/categories?post=423809"},{"taxonomy":"post_tag","embeddable":true,"href":"https:\/\/portaltela.pt\/api\/wp\/v2\/tags?post=423809"}],"curies":[{"name":"wp","href":"https:\/\/api.w.org\/{rel}","templated":true}]}}