{"id":423802,"date":"2026-03-27T11:23:00","date_gmt":"2026-03-27T14:23:00","guid":{"rendered":"https:\/\/portaltela.pt\/noticias\/2026\/03\/27\/poeirinho-garrafeira-2018\/"},"modified":"2026-03-27T11:23:00","modified_gmt":"2026-03-27T14:23:00","slug":"poeirinho-garrafeira-2018","status":"publish","type":"post","link":"https:\/\/portaltela.pt\/noticias\/2026\/03\/27\/poeirinho-garrafeira-2018\/","title":{"rendered":"Poeirinho Garrafeira 2018"},"content":{"rendered":"<p>Um Baga de casta conhecida como Poeirinho, de 2018, surge com perfil complexo e leve ao mesmo tempo. Proveniente de uvas provenientes de vinhas velhas, incluindo algumas centen\u00e1rias, resulta de produ\u00e7\u00e3o em lagar aberto e em cuba de inox.<\/p>\n<p>A matura\u00e7\u00e3o ocorreu durante 51 meses em dois ton\u00e9is velhos da Quinta de Baixo, conferindo estrutura e delicadeza. O vinho \u00e9 descrito como preciso e sofisticado, com nuances terrosas e florais no nariz, al\u00e9m de fruta silvestre presente, ainda que discreta.<\/p>\n<p>Na boca, a acidez destaca-se, conferindo vitalidade e tornando-o excelente em mesa. Trata-se de um tinto profundo que, pela leveza, se revela elegante e prazeroso, mantendo equil\u00edbrio entre pot\u00eancia e finesse.<\/p>\n<h3>Caracter\u00edsticas sensoriais<\/h3>\n<ul>\n<li>Nariz: bouquet complexo, terroso, floral e com notas de fruta silvestre.<\/li>\n<li>Paladar: acidez marcante, textura polida e acabamento longo.<\/li>\n<li>Envelhecimento: 51 meses em ton\u00e9is velhos, na Quinta de Baixo.<\/li>\n<\/ul>\n<h3>Contexto de produ\u00e7\u00e3o<\/h3>\n<ul>\n<li>Variedade: Baga, casta Poeirinho.<\/li>\n<li>Ano: 2018.<\/li>\n<li>M\u00e9todos: lagar aberto (parte), cuba de inox (outra parte).<\/li>\n<li>Envelhecimento final: ton\u00e9is velhos.<\/li>\n<\/ul>\n","protected":false},"excerpt":{"rendered":"<ul>\n<li>Baga, Poeirinho Garrafeira, 2018, casta antiga conhecida pelo alcunha Poeirinho.<\/li>\n<li>Vinifica\u00e7\u00e3o: parte em lagar aberto e parte em cuba de inox; estagiou 51 meses em dois ton\u00e9is velhos na Quinta de Baixo.<\/li>\n<li>Nariz: bouquet complexo, com predomin\u00e2ncia terrosa e floral; alguma fruta silvestre.<\/li>\n<li>Boca: acidez destacada, vinho tinto de grande profundidade que equilibra leveza.<\/li>\n<li>Interpreta\u00e7\u00e3o: descrito como apto para acompanhar a mesa, com delicadeza e precis\u00e3o.<\/li>\n<\/ul>\n","protected":false},"author":2,"featured_media":423807,"comment_status":"closed","ping_status":"closed","sticky":false,"template":"","format":"standard","meta":{"footnotes":""},"categories":[7369,1],"tags":[5664,219,1014,5586,779,4103],"class_list":["post-423802","post","type-post","status-publish","format-standard","has-post-thumbnail","hentry","category-gastronomia","category-noticias","tag-castas","tag-gastronomia","tag-portugal","tag-vinho","tag-vinhos","tag-viticultura"],"yoast_head":"<!-- This site is optimized with the Yoast SEO plugin v27.2 - https:\/\/yoast.com\/product\/yoast-seo-wordpress\/ -->\n<title>Poeirinho Garrafeira 2018 - Portal Tela Portugal<\/title>\n<meta name=\"robots\" content=\"index, follow, max-snippet:-1, max-image-preview:large, max-video-preview:-1\" \/>\n<meta property=\"og:locale\" content=\"pt_PT\" \/>\n<meta property=\"og:type\" content=\"article\" \/>\n<meta property=\"og:title\" content=\"Poeirinho Garrafeira 2018 - Portal Tela Portugal\" \/>\n<meta property=\"og:description\" content=\"Baga, Poeirinho Garrafeira, 2018, casta antiga conhecida pelo alcunha Poeirinho. Vinifica\u00e7\u00e3o: parte em lagar aberto e parte em cuba de inox; estagiou 51 meses em dois ton\u00e9is velhos na Quinta de Baixo. Nariz: bouquet complexo, com predomin\u00e2ncia terrosa e floral; alguma fruta silvestre. Boca: acidez destacada, vinho tinto de grande profundidade que equilibra leveza. Interpreta\u00e7\u00e3o: descrito como apto para acompanhar a mesa, com delicadeza e precis\u00e3o.\" \/>\n<meta property=\"og:url\" content=\"https:\/\/portaltela.pt\/noticias\/2026\/03\/27\/poeirinho-garrafeira-2018\/\" \/>\n<meta property=\"og:site_name\" content=\"Portal Tela Portugal\" \/>\n<meta property=\"article:published_time\" content=\"2026-03-27T14:23:00+00:00\" \/>\n<meta name=\"author\" content=\"Telinha\" \/>\n<meta name=\"twitter:card\" content=\"summary_large_image\" \/>\n<meta name=\"twitter:label1\" content=\"Escrito por\" \/>\n\t<meta name=\"twitter:data1\" content=\"Telinha\" \/>\n\t<meta name=\"twitter:label2\" content=\"Tempo estimado de leitura\" \/>\n\t<meta name=\"twitter:data2\" content=\"1 minuto\" \/>\n<script type=\"application\/ld+json\" class=\"yoast-schema-graph\">{\"@context\":\"https:\/\/schema.org\",\"@graph\":[{\"@type\":\"Article\",\"@id\":\"https:\/\/portaltela.pt\/noticias\/2026\/03\/27\/poeirinho-garrafeira-2018\/#article\",\"isPartOf\":{\"@id\":\"https:\/\/portaltela.pt\/noticias\/2026\/03\/27\/poeirinho-garrafeira-2018\/\"},\"author\":{\"name\":\"Telinha\",\"@id\":\"https:\/\/portaltela.pt\/#\/schema\/person\/c4278d4a6028830caff9ee44b42d32ed\"},\"headline\":\"Poeirinho Garrafeira 2018\",\"datePublished\":\"2026-03-27T14:23:00+00:00\",\"mainEntityOfPage\":{\"@id\":\"https:\/\/portaltela.pt\/noticias\/2026\/03\/27\/poeirinho-garrafeira-2018\/\"},\"wordCount\":173,\"image\":{\"@id\":\"https:\/\/portaltela.pt\/noticias\/2026\/03\/27\/poeirinho-garrafeira-2018\/#primaryimage\"},\"thumbnailUrl\":\"https:\/\/portaltela.pt\/s.01k8rhncp4jt1\/2026\/03\/2076853.jpg\",\"keywords\":[\"castas\",\"gastronomia\",\"Portugal\",\"vinho\",\"vinhos\",\"viticultura\"],\"articleSection\":[\"Gastronomia\",\"Not\u00edcias\"],\"inLanguage\":\"pt-PT\"},{\"@type\":\"WebPage\",\"@id\":\"https:\/\/portaltela.pt\/noticias\/2026\/03\/27\/poeirinho-garrafeira-2018\/\",\"url\":\"https:\/\/portaltela.pt\/noticias\/2026\/03\/27\/poeirinho-garrafeira-2018\/\",\"name\":\"Poeirinho Garrafeira 2018 - Portal Tela Portugal\",\"isPartOf\":{\"@id\":\"https:\/\/portaltela.pt\/#website\"},\"primaryImageOfPage\":{\"@id\":\"https:\/\/portaltela.pt\/noticias\/2026\/03\/27\/poeirinho-garrafeira-2018\/#primaryimage\"},\"image\":{\"@id\":\"https:\/\/portaltela.pt\/noticias\/2026\/03\/27\/poeirinho-garrafeira-2018\/#primaryimage\"},\"thumbnailUrl\":\"https:\/\/portaltela.pt\/s.01k8rhncp4jt1\/2026\/03\/2076853.jpg\",\"datePublished\":\"2026-03-27T14:23:00+00:00\",\"author\":{\"@id\":\"https:\/\/portaltela.pt\/#\/schema\/person\/c4278d4a6028830caff9ee44b42d32ed\"},\"breadcrumb\":{\"@id\":\"https:\/\/portaltela.pt\/noticias\/2026\/03\/27\/poeirinho-garrafeira-2018\/#breadcrumb\"},\"inLanguage\":\"pt-PT\",\"potentialAction\":[{\"@type\":\"ReadAction\",\"target\":[\"https:\/\/portaltela.pt\/noticias\/2026\/03\/27\/poeirinho-garrafeira-2018\/\"]}]},{\"@type\":\"ImageObject\",\"inLanguage\":\"pt-PT\",\"@id\":\"https:\/\/portaltela.pt\/noticias\/2026\/03\/27\/poeirinho-garrafeira-2018\/#primaryimage\",\"url\":\"https:\/\/portaltela.pt\/s.01k8rhncp4jt1\/2026\/03\/2076853.jpg\",\"contentUrl\":\"https:\/\/portaltela.pt\/s.01k8rhncp4jt1\/2026\/03\/2076853.jpg\",\"width\":796,\"height\":448,\"caption\":\"Photo\"},{\"@type\":\"BreadcrumbList\",\"@id\":\"https:\/\/portaltela.pt\/noticias\/2026\/03\/27\/poeirinho-garrafeira-2018\/#breadcrumb\",\"itemListElement\":[{\"@type\":\"ListItem\",\"position\":1,\"name\":\"In\u00edcio\",\"item\":\"https:\/\/portaltela.pt\/\"},{\"@type\":\"ListItem\",\"position\":2,\"name\":\"Poeirinho Garrafeira 2018\"}]},{\"@type\":\"WebSite\",\"@id\":\"https:\/\/portaltela.pt\/#website\",\"url\":\"https:\/\/portaltela.pt\/\",\"name\":\"Portal Tela Portugal\",\"description\":\"\",\"potentialAction\":[{\"@type\":\"SearchAction\",\"target\":{\"@type\":\"EntryPoint\",\"urlTemplate\":\"https:\/\/portaltela.pt\/?s={search_term_string}\"},\"query-input\":{\"@type\":\"PropertyValueSpecification\",\"valueRequired\":true,\"valueName\":\"search_term_string\"}}],\"inLanguage\":\"pt-PT\"},{\"@type\":\"Person\",\"@id\":\"https:\/\/portaltela.pt\/#\/schema\/person\/c4278d4a6028830caff9ee44b42d32ed\",\"name\":\"Telinha\",\"image\":{\"@type\":\"ImageObject\",\"inLanguage\":\"pt-PT\",\"@id\":\"https:\/\/portaltela.pt\/s.01k8rhncp4jt1\/2025\/11\/talking-bot-125x125.png\",\"url\":\"https:\/\/portaltela.pt\/s.01k8rhncp4jt1\/2025\/11\/talking-bot-125x125.png\",\"contentUrl\":\"https:\/\/portaltela.pt\/s.01k8rhncp4jt1\/2025\/11\/talking-bot-125x125.png\",\"caption\":\"Telinha\"},\"sameAs\":[\"https:\/\/portaltela.pt\/\"],\"url\":\"https:\/\/portaltela.pt\/por\/367410592786\/\"}]}<\/script>\n<!-- \/ Yoast SEO plugin. -->","yoast_head_json":{"title":"Poeirinho Garrafeira 2018 - Portal Tela Portugal","robots":{"index":"index","follow":"follow","max-snippet":"max-snippet:-1","max-image-preview":"max-image-preview:large","max-video-preview":"max-video-preview:-1"},"og_locale":"pt_PT","og_type":"article","og_title":"Poeirinho Garrafeira 2018 - Portal Tela Portugal","og_description":"Baga, Poeirinho Garrafeira, 2018, casta antiga conhecida pelo alcunha Poeirinho. Vinifica\u00e7\u00e3o: parte em lagar aberto e parte em cuba de inox; estagiou 51 meses em dois ton\u00e9is velhos na Quinta de Baixo. Nariz: bouquet complexo, com predomin\u00e2ncia terrosa e floral; alguma fruta silvestre. Boca: acidez destacada, vinho tinto de grande profundidade que equilibra leveza. Interpreta\u00e7\u00e3o: descrito como apto para acompanhar a mesa, com delicadeza e precis\u00e3o.","og_url":"https:\/\/portaltela.pt\/noticias\/2026\/03\/27\/poeirinho-garrafeira-2018\/","og_site_name":"Portal Tela Portugal","article_published_time":"2026-03-27T14:23:00+00:00","author":"Telinha","twitter_card":"summary_large_image","twitter_misc":{"Escrito por":"Telinha","Tempo estimado de leitura":"1 minuto"},"schema":{"@context":"https:\/\/schema.org","@graph":[{"@type":"Article","@id":"https:\/\/portaltela.pt\/noticias\/2026\/03\/27\/poeirinho-garrafeira-2018\/#article","isPartOf":{"@id":"https:\/\/portaltela.pt\/noticias\/2026\/03\/27\/poeirinho-garrafeira-2018\/"},"author":{"name":"Telinha","@id":"https:\/\/portaltela.pt\/#\/schema\/person\/c4278d4a6028830caff9ee44b42d32ed"},"headline":"Poeirinho Garrafeira 2018","datePublished":"2026-03-27T14:23:00+00:00","mainEntityOfPage":{"@id":"https:\/\/portaltela.pt\/noticias\/2026\/03\/27\/poeirinho-garrafeira-2018\/"},"wordCount":173,"image":{"@id":"https:\/\/portaltela.pt\/noticias\/2026\/03\/27\/poeirinho-garrafeira-2018\/#primaryimage"},"thumbnailUrl":"https:\/\/portaltela.pt\/s.01k8rhncp4jt1\/2026\/03\/2076853.jpg","keywords":["castas","gastronomia","Portugal","vinho","vinhos","viticultura"],"articleSection":["Gastronomia","Not\u00edcias"],"inLanguage":"pt-PT"},{"@type":"WebPage","@id":"https:\/\/portaltela.pt\/noticias\/2026\/03\/27\/poeirinho-garrafeira-2018\/","url":"https:\/\/portaltela.pt\/noticias\/2026\/03\/27\/poeirinho-garrafeira-2018\/","name":"Poeirinho Garrafeira 2018 - Portal Tela Portugal","isPartOf":{"@id":"https:\/\/portaltela.pt\/#website"},"primaryImageOfPage":{"@id":"https:\/\/portaltela.pt\/noticias\/2026\/03\/27\/poeirinho-garrafeira-2018\/#primaryimage"},"image":{"@id":"https:\/\/portaltela.pt\/noticias\/2026\/03\/27\/poeirinho-garrafeira-2018\/#primaryimage"},"thumbnailUrl":"https:\/\/portaltela.pt\/s.01k8rhncp4jt1\/2026\/03\/2076853.jpg","datePublished":"2026-03-27T14:23:00+00:00","author":{"@id":"https:\/\/portaltela.pt\/#\/schema\/person\/c4278d4a6028830caff9ee44b42d32ed"},"breadcrumb":{"@id":"https:\/\/portaltela.pt\/noticias\/2026\/03\/27\/poeirinho-garrafeira-2018\/#breadcrumb"},"inLanguage":"pt-PT","potentialAction":[{"@type":"ReadAction","target":["https:\/\/portaltela.pt\/noticias\/2026\/03\/27\/poeirinho-garrafeira-2018\/"]}]},{"@type":"ImageObject","inLanguage":"pt-PT","@id":"https:\/\/portaltela.pt\/noticias\/2026\/03\/27\/poeirinho-garrafeira-2018\/#primaryimage","url":"https:\/\/portaltela.pt\/s.01k8rhncp4jt1\/2026\/03\/2076853.jpg","contentUrl":"https:\/\/portaltela.pt\/s.01k8rhncp4jt1\/2026\/03\/2076853.jpg","width":796,"height":448,"caption":"Photo"},{"@type":"BreadcrumbList","@id":"https:\/\/portaltela.pt\/noticias\/2026\/03\/27\/poeirinho-garrafeira-2018\/#breadcrumb","itemListElement":[{"@type":"ListItem","position":1,"name":"In\u00edcio","item":"https:\/\/portaltela.pt\/"},{"@type":"ListItem","position":2,"name":"Poeirinho Garrafeira 2018"}]},{"@type":"WebSite","@id":"https:\/\/portaltela.pt\/#website","url":"https:\/\/portaltela.pt\/","name":"Portal Tela Portugal","description":"","potentialAction":[{"@type":"SearchAction","target":{"@type":"EntryPoint","urlTemplate":"https:\/\/portaltela.pt\/?s={search_term_string}"},"query-input":{"@type":"PropertyValueSpecification","valueRequired":true,"valueName":"search_term_string"}}],"inLanguage":"pt-PT"},{"@type":"Person","@id":"https:\/\/portaltela.pt\/#\/schema\/person\/c4278d4a6028830caff9ee44b42d32ed","name":"Telinha","image":{"@type":"ImageObject","inLanguage":"pt-PT","@id":"https:\/\/portaltela.pt\/s.01k8rhncp4jt1\/2025\/11\/talking-bot-125x125.png","url":"https:\/\/portaltela.pt\/s.01k8rhncp4jt1\/2025\/11\/talking-bot-125x125.png","contentUrl":"https:\/\/portaltela.pt\/s.01k8rhncp4jt1\/2025\/11\/talking-bot-125x125.png","caption":"Telinha"},"sameAs":["https:\/\/portaltela.pt\/"],"url":"https:\/\/portaltela.pt\/por\/367410592786\/"}]}},"_links":{"self":[{"href":"https:\/\/portaltela.pt\/api\/wp\/v2\/posts\/423802","targetHints":{"allow":["GET"]}}],"collection":[{"href":"https:\/\/portaltela.pt\/api\/wp\/v2\/posts"}],"about":[{"href":"https:\/\/portaltela.pt\/api\/wp\/v2\/types\/post"}],"author":[{"embeddable":true,"href":"https:\/\/portaltela.pt\/api\/wp\/v2\/users\/2"}],"replies":[{"embeddable":true,"href":"https:\/\/portaltela.pt\/api\/wp\/v2\/comments?post=423802"}],"version-history":[{"count":0,"href":"https:\/\/portaltela.pt\/api\/wp\/v2\/posts\/423802\/revisions"}],"wp:featuredmedia":[{"embeddable":true,"href":"https:\/\/portaltela.pt\/api\/wp\/v2\/media\/423807"}],"wp:attachment":[{"href":"https:\/\/portaltela.pt\/api\/wp\/v2\/media?parent=423802"}],"wp:term":[{"taxonomy":"category","embeddable":true,"href":"https:\/\/portaltela.pt\/api\/wp\/v2\/categories?post=423802"},{"taxonomy":"post_tag","embeddable":true,"href":"https:\/\/portaltela.pt\/api\/wp\/v2\/tags?post=423802"}],"curies":[{"name":"wp","href":"https:\/\/api.w.org\/{rel}","templated":true}]}}