{"id":423801,"date":"2026-03-27T11:32:12","date_gmt":"2026-03-27T14:32:12","guid":{"rendered":"https:\/\/portaltela.pt\/noticias\/2026\/03\/27\/viagens-ao-medio-oriente-em-alta-governo-cipriota-diz-nao-ha-repatriamento\/"},"modified":"2026-03-27T11:32:12","modified_gmt":"2026-03-27T14:32:12","slug":"viagens-ao-medio-oriente-em-alta-governo-cipriota-diz-nao-ha-repatriamento","status":"publish","type":"post","link":"https:\/\/portaltela.pt\/noticias\/internacional\/2026\/03\/27\/viagens-ao-medio-oriente-em-alta-governo-cipriota-diz-nao-ha-repatriamento\/","title":{"rendered":"Viagens ao M\u00e9dio Oriente em alta; governo cipriota diz n\u00e3o h\u00e1 repatriamento"},"content":{"rendered":"<p>O governo cipriota avisou que n\u00e3o vai organizar novas opera\u00e7\u00f5es de repatriamento para cidad\u00e3os que viajaram para o M\u00e9dio Oriente. A orienta\u00e7\u00e3o vem numa altura em que cresce o n\u00famero de viajantes para as regi\u00f5es abrangidas pela recomenda\u00e7\u00e3o do Minist\u00e9rio dos Neg\u00f3cios Estrangeiros (MNE).<\/p>\n<p>O ministro dos Neg\u00f3cios Estrangeiros, Konstantinos Kompos, explicou que os cidad\u00e3os viajam por conta pr\u00f3pria e risco, e que n\u00e3o haver\u00e1 novas opera\u00e7\u00f5es de repatriamento. Este aviso refor\u00e7a a responsabilidade individual de quem se desloca para al\u00e9m das diretrizes.<\/p>\n<p>Chipre atualizou as orienta\u00e7\u00f5es de viagem e recomenda evitar viagens para Emirados \u00c1rabes Unidos, Iraque, Israel, Qatar, Kuwait, L\u00edbano, Bahrein e Ar\u00e1bia Saudita. A medida visa reduzir riscos associados ao conflito no M\u00e9dio Oriente.<\/p>\n<p>Cerca de 1.000 cipriotas regressaram ao pa\u00eds, sobretudo vindos dos Emirados \u00c1rabes Unidos, ap\u00f3s o in\u00edcio da guerra. Contudo, com a aproxima\u00e7\u00e3o da P\u00e1scoa ortodoxa, cresce a tend\u00eancia de viagens para as regi\u00f5es mencionadas.<\/p>\n<p>O MNE assinala que o esfor\u00e7o de repatriamento j\u00e1 foi conclu\u00eddo, n\u00e3o podendo ser retomado. A prioridade recai na responsabilidade individual dos viajantes que decidam deslocar-se a zonas sob orienta\u00e7\u00e3o de viagem.<\/p>\n<p>As autoridades cipriotas acompanham tamb\u00e9m impactos no turismo. Dados da AirDNA indicam que as taxas de cancelamento de alugueres de curta dura\u00e7\u00e3o chegaram a 100% nos dias seguintes ao in\u00edcio dos conflitos, em m\u00e9dia.<\/p>\n<p>As ocupa\u00e7\u00f5es hoteleiras para abril permanecem baixas, com o fluxo de reservas em linha com o in\u00edcio da \u00e9poca tur\u00edstica. Em mar\u00e7o, os EUA e o Reino Unido elevaram o n\u00edvel de alerta para Chipre, para 3, exigindo reconsidera\u00e7\u00e3o de viagens.<\/p>\n","protected":false},"excerpt":{"rendered":"<ul>\n<li>O Minist\u00e9rio dos Neg\u00f3cios Estrangeiros de Chipre avisou que os cidad\u00e3os que viajem para o M\u00e9dio Oriente o fazem por sua conta e risco, e o governo n\u00e3o organizar\u00e1 nova opera\u00e7\u00e3o de repatriamento.<\/li>\n<li>Chipre atualizou orienta\u00e7\u00f5es de viagem, recomendando evitar Emirados \u00c1rabes Unidos, Iraque, Israel, Qatar, Kuwait, L\u00edbano, Reino do Bahrein e Ar\u00e1bia Saudita.<\/li>\n<li>Cerca de 1.000 cidad\u00e3os regressaram a Chipre, principalmente dos Emirados \u00c1rabes Unidos, desde o in\u00edcio da guerra.<\/li>\n<li>Com a P\u00e1scoa ortodoxa a aproximar\u2011se, verifica\u2011se tend\u00eancia de aumento de viagens para as regi\u00f5es abrangidas, segundo o Minist\u00e9rio dos Neg\u00f3cios Estrangeiros.<\/li>\n<li>O turismo em Chipre continua sob press\u00e3o: cancelamentos de alugueres de curta dura\u00e7\u00e3o chegaram a 100% nos dias ap\u00f3s o in\u00edcio do conflito, as ocupa\u00e7\u00f5es hoteleiras continuam baixas em abril, e os EUA e o Reino Unido elevaram as orienta\u00e7\u00f5es para Chipre ao n\u00edvel tr\u00eas em mar\u00e7o.<\/li>\n<\/ul>\n","protected":false},"author":2,"featured_media":423808,"comment_status":"closed","ping_status":"closed","sticky":false,"template":"","format":"standard","meta":{"footnotes":""},"categories":[6814,4],"tags":[2370,6634,3708,5209,169,6037],"class_list":["post-423801","post","type-post","status-publish","format-standard","has-post-thumbnail","hentry","category-geopolitica","category-internacional","tag-emirados-arabes-unidos","tag-iraque","tag-israel","tag-qatar","tag-turismo","tag-viagens-internacionais"],"yoast_head":"<!-- This site is optimized with the Yoast SEO plugin v27.2 - https:\/\/yoast.com\/product\/yoast-seo-wordpress\/ -->\n<title>Viagens ao M\u00e9dio Oriente em alta; governo cipriota diz n\u00e3o h\u00e1 repatriamento - Portal Tela Portugal<\/title>\n<meta name=\"robots\" content=\"index, follow, max-snippet:-1, max-image-preview:large, max-video-preview:-1\" \/>\n<meta property=\"og:locale\" content=\"pt_PT\" \/>\n<meta property=\"og:type\" content=\"article\" \/>\n<meta property=\"og:title\" content=\"Viagens ao M\u00e9dio Oriente em alta; governo cipriota diz n\u00e3o h\u00e1 repatriamento - Portal Tela Portugal\" \/>\n<meta property=\"og:description\" content=\"O Minist\u00e9rio dos Neg\u00f3cios Estrangeiros de Chipre avisou que os cidad\u00e3os que viajem para o M\u00e9dio Oriente o fazem por sua conta e risco, e o governo n\u00e3o organizar\u00e1 nova opera\u00e7\u00e3o de repatriamento. Chipre atualizou orienta\u00e7\u00f5es de viagem, recomendando evitar Emirados \u00c1rabes Unidos, Iraque, Israel, Qatar, Kuwait, L\u00edbano, Reino do Bahrein e Ar\u00e1bia Saudita. Cerca de 1.000 cidad\u00e3os regressaram a Chipre, principalmente dos Emirados \u00c1rabes Unidos, desde o in\u00edcio da guerra. Com a P\u00e1scoa ortodoxa a aproximar\u2011se, verifica\u2011se tend\u00eancia de aumento de viagens para as regi\u00f5es abrangidas, segundo o Minist\u00e9rio dos Neg\u00f3cios Estrangeiros. O turismo em Chipre continua sob press\u00e3o: cancelamentos de alugueres de curta dura\u00e7\u00e3o chegaram a 100% nos dias ap\u00f3s o in\u00edcio do conflito, as ocupa\u00e7\u00f5es hoteleiras continuam baixas em abril, e os EUA e o Reino Unido elevaram as orienta\u00e7\u00f5es para Chipre ao n\u00edvel tr\u00eas em mar\u00e7o.\" \/>\n<meta property=\"og:url\" content=\"https:\/\/portaltela.pt\/noticias\/2026\/03\/27\/viagens-ao-medio-oriente-em-alta-governo-cipriota-diz-nao-ha-repatriamento\/\" \/>\n<meta property=\"og:site_name\" content=\"Portal Tela Portugal\" \/>\n<meta property=\"article:published_time\" content=\"2026-03-27T14:32:12+00:00\" \/>\n<meta name=\"author\" content=\"Telinha\" \/>\n<meta name=\"twitter:card\" content=\"summary_large_image\" \/>\n<meta name=\"twitter:label1\" content=\"Escrito por\" \/>\n\t<meta name=\"twitter:data1\" content=\"Telinha\" \/>\n\t<meta name=\"twitter:label2\" content=\"Tempo estimado de leitura\" \/>\n\t<meta name=\"twitter:data2\" content=\"1 minuto\" \/>\n<script type=\"application\/ld+json\" class=\"yoast-schema-graph\">{\"@context\":\"https:\/\/schema.org\",\"@graph\":[{\"@type\":\"Article\",\"@id\":\"https:\/\/portaltela.pt\/noticias\/2026\/03\/27\/viagens-ao-medio-oriente-em-alta-governo-cipriota-diz-nao-ha-repatriamento\/#article\",\"isPartOf\":{\"@id\":\"https:\/\/portaltela.pt\/noticias\/2026\/03\/27\/viagens-ao-medio-oriente-em-alta-governo-cipriota-diz-nao-ha-repatriamento\/\"},\"author\":{\"name\":\"Telinha\",\"@id\":\"https:\/\/portaltela.pt\/#\/schema\/person\/c4278d4a6028830caff9ee44b42d32ed\"},\"headline\":\"Viagens ao M\u00e9dio Oriente em alta; governo cipriota diz n\u00e3o h\u00e1 repatriamento\",\"datePublished\":\"2026-03-27T14:32:12+00:00\",\"mainEntityOfPage\":{\"@id\":\"https:\/\/portaltela.pt\/noticias\/2026\/03\/27\/viagens-ao-medio-oriente-em-alta-governo-cipriota-diz-nao-ha-repatriamento\/\"},\"wordCount\":311,\"image\":{\"@id\":\"https:\/\/portaltela.pt\/noticias\/2026\/03\/27\/viagens-ao-medio-oriente-em-alta-governo-cipriota-diz-nao-ha-repatriamento\/#primaryimage\"},\"thumbnailUrl\":\"https:\/\/portaltela.pt\/s.01k8rhncp4jt1\/2026\/03\/1536x864_cmsv2_66fc4435-91d9-54a8-b751-064fa5bea9e9-9700743.jpg\",\"keywords\":[\"Emirados \u00c1rabes Unidos\",\"Iraque\",\"Israel\",\"Qatar\",\"turismo\",\"viagens internacionais\"],\"articleSection\":[\"Geopol\u00edtica\",\"Internacional\"],\"inLanguage\":\"pt-PT\"},{\"@type\":\"WebPage\",\"@id\":\"https:\/\/portaltela.pt\/noticias\/2026\/03\/27\/viagens-ao-medio-oriente-em-alta-governo-cipriota-diz-nao-ha-repatriamento\/\",\"url\":\"https:\/\/portaltela.pt\/noticias\/2026\/03\/27\/viagens-ao-medio-oriente-em-alta-governo-cipriota-diz-nao-ha-repatriamento\/\",\"name\":\"Viagens ao M\u00e9dio Oriente em alta; governo cipriota diz n\u00e3o h\u00e1 repatriamento - Portal Tela Portugal\",\"isPartOf\":{\"@id\":\"https:\/\/portaltela.pt\/#website\"},\"primaryImageOfPage\":{\"@id\":\"https:\/\/portaltela.pt\/noticias\/2026\/03\/27\/viagens-ao-medio-oriente-em-alta-governo-cipriota-diz-nao-ha-repatriamento\/#primaryimage\"},\"image\":{\"@id\":\"https:\/\/portaltela.pt\/noticias\/2026\/03\/27\/viagens-ao-medio-oriente-em-alta-governo-cipriota-diz-nao-ha-repatriamento\/#primaryimage\"},\"thumbnailUrl\":\"https:\/\/portaltela.pt\/s.01k8rhncp4jt1\/2026\/03\/1536x864_cmsv2_66fc4435-91d9-54a8-b751-064fa5bea9e9-9700743.jpg\",\"datePublished\":\"2026-03-27T14:32:12+00:00\",\"author\":{\"@id\":\"https:\/\/portaltela.pt\/#\/schema\/person\/c4278d4a6028830caff9ee44b42d32ed\"},\"breadcrumb\":{\"@id\":\"https:\/\/portaltela.pt\/noticias\/2026\/03\/27\/viagens-ao-medio-oriente-em-alta-governo-cipriota-diz-nao-ha-repatriamento\/#breadcrumb\"},\"inLanguage\":\"pt-PT\",\"potentialAction\":[{\"@type\":\"ReadAction\",\"target\":[\"https:\/\/portaltela.pt\/noticias\/2026\/03\/27\/viagens-ao-medio-oriente-em-alta-governo-cipriota-diz-nao-ha-repatriamento\/\"]}]},{\"@type\":\"ImageObject\",\"inLanguage\":\"pt-PT\",\"@id\":\"https:\/\/portaltela.pt\/noticias\/2026\/03\/27\/viagens-ao-medio-oriente-em-alta-governo-cipriota-diz-nao-ha-repatriamento\/#primaryimage\",\"url\":\"https:\/\/portaltela.pt\/s.01k8rhncp4jt1\/2026\/03\/1536x864_cmsv2_66fc4435-91d9-54a8-b751-064fa5bea9e9-9700743.jpg\",\"contentUrl\":\"https:\/\/portaltela.pt\/s.01k8rhncp4jt1\/2026\/03\/1536x864_cmsv2_66fc4435-91d9-54a8-b751-064fa5bea9e9-9700743.jpg\",\"width\":796,\"height\":448,\"caption\":\"Evacuados de Israel chegam ao aeroporto de Larnaca, Chipre, ter\u00e7a-feira, 24 de junho de 2025\"},{\"@type\":\"BreadcrumbList\",\"@id\":\"https:\/\/portaltela.pt\/noticias\/2026\/03\/27\/viagens-ao-medio-oriente-em-alta-governo-cipriota-diz-nao-ha-repatriamento\/#breadcrumb\",\"itemListElement\":[{\"@type\":\"ListItem\",\"position\":1,\"name\":\"In\u00edcio\",\"item\":\"https:\/\/portaltela.pt\/\"},{\"@type\":\"ListItem\",\"position\":2,\"name\":\"Viagens ao M\u00e9dio Oriente em alta; governo cipriota diz n\u00e3o h\u00e1 repatriamento\"}]},{\"@type\":\"WebSite\",\"@id\":\"https:\/\/portaltela.pt\/#website\",\"url\":\"https:\/\/portaltela.pt\/\",\"name\":\"Portal Tela Portugal\",\"description\":\"\",\"potentialAction\":[{\"@type\":\"SearchAction\",\"target\":{\"@type\":\"EntryPoint\",\"urlTemplate\":\"https:\/\/portaltela.pt\/?s={search_term_string}\"},\"query-input\":{\"@type\":\"PropertyValueSpecification\",\"valueRequired\":true,\"valueName\":\"search_term_string\"}}],\"inLanguage\":\"pt-PT\"},{\"@type\":\"Person\",\"@id\":\"https:\/\/portaltela.pt\/#\/schema\/person\/c4278d4a6028830caff9ee44b42d32ed\",\"name\":\"Telinha\",\"image\":{\"@type\":\"ImageObject\",\"inLanguage\":\"pt-PT\",\"@id\":\"https:\/\/portaltela.pt\/s.01k8rhncp4jt1\/2025\/11\/talking-bot-125x125.png\",\"url\":\"https:\/\/portaltela.pt\/s.01k8rhncp4jt1\/2025\/11\/talking-bot-125x125.png\",\"contentUrl\":\"https:\/\/portaltela.pt\/s.01k8rhncp4jt1\/2025\/11\/talking-bot-125x125.png\",\"caption\":\"Telinha\"},\"sameAs\":[\"https:\/\/portaltela.pt\/\"],\"url\":\"https:\/\/portaltela.pt\/por\/367410592786\/\"}]}<\/script>\n<!-- \/ Yoast SEO plugin. -->","yoast_head_json":{"title":"Viagens ao M\u00e9dio Oriente em alta; governo cipriota diz n\u00e3o h\u00e1 repatriamento - Portal Tela Portugal","robots":{"index":"index","follow":"follow","max-snippet":"max-snippet:-1","max-image-preview":"max-image-preview:large","max-video-preview":"max-video-preview:-1"},"og_locale":"pt_PT","og_type":"article","og_title":"Viagens ao M\u00e9dio Oriente em alta; governo cipriota diz n\u00e3o h\u00e1 repatriamento - Portal Tela Portugal","og_description":"O Minist\u00e9rio dos Neg\u00f3cios Estrangeiros de Chipre avisou que os cidad\u00e3os que viajem para o M\u00e9dio Oriente o fazem por sua conta e risco, e o governo n\u00e3o organizar\u00e1 nova opera\u00e7\u00e3o de repatriamento. Chipre atualizou orienta\u00e7\u00f5es de viagem, recomendando evitar Emirados \u00c1rabes Unidos, Iraque, Israel, Qatar, Kuwait, L\u00edbano, Reino do Bahrein e Ar\u00e1bia Saudita. Cerca de 1.000 cidad\u00e3os regressaram a Chipre, principalmente dos Emirados \u00c1rabes Unidos, desde o in\u00edcio da guerra. Com a P\u00e1scoa ortodoxa a aproximar\u2011se, verifica\u2011se tend\u00eancia de aumento de viagens para as regi\u00f5es abrangidas, segundo o Minist\u00e9rio dos Neg\u00f3cios Estrangeiros. O turismo em Chipre continua sob press\u00e3o: cancelamentos de alugueres de curta dura\u00e7\u00e3o chegaram a 100% nos dias ap\u00f3s o in\u00edcio do conflito, as ocupa\u00e7\u00f5es hoteleiras continuam baixas em abril, e os EUA e o Reino Unido elevaram as orienta\u00e7\u00f5es para Chipre ao n\u00edvel tr\u00eas em mar\u00e7o.","og_url":"https:\/\/portaltela.pt\/noticias\/2026\/03\/27\/viagens-ao-medio-oriente-em-alta-governo-cipriota-diz-nao-ha-repatriamento\/","og_site_name":"Portal Tela Portugal","article_published_time":"2026-03-27T14:32:12+00:00","author":"Telinha","twitter_card":"summary_large_image","twitter_misc":{"Escrito por":"Telinha","Tempo estimado de leitura":"1 minuto"},"schema":{"@context":"https:\/\/schema.org","@graph":[{"@type":"Article","@id":"https:\/\/portaltela.pt\/noticias\/2026\/03\/27\/viagens-ao-medio-oriente-em-alta-governo-cipriota-diz-nao-ha-repatriamento\/#article","isPartOf":{"@id":"https:\/\/portaltela.pt\/noticias\/2026\/03\/27\/viagens-ao-medio-oriente-em-alta-governo-cipriota-diz-nao-ha-repatriamento\/"},"author":{"name":"Telinha","@id":"https:\/\/portaltela.pt\/#\/schema\/person\/c4278d4a6028830caff9ee44b42d32ed"},"headline":"Viagens ao M\u00e9dio Oriente em alta; governo cipriota diz n\u00e3o h\u00e1 repatriamento","datePublished":"2026-03-27T14:32:12+00:00","mainEntityOfPage":{"@id":"https:\/\/portaltela.pt\/noticias\/2026\/03\/27\/viagens-ao-medio-oriente-em-alta-governo-cipriota-diz-nao-ha-repatriamento\/"},"wordCount":311,"image":{"@id":"https:\/\/portaltela.pt\/noticias\/2026\/03\/27\/viagens-ao-medio-oriente-em-alta-governo-cipriota-diz-nao-ha-repatriamento\/#primaryimage"},"thumbnailUrl":"https:\/\/portaltela.pt\/s.01k8rhncp4jt1\/2026\/03\/1536x864_cmsv2_66fc4435-91d9-54a8-b751-064fa5bea9e9-9700743.jpg","keywords":["Emirados \u00c1rabes Unidos","Iraque","Israel","Qatar","turismo","viagens internacionais"],"articleSection":["Geopol\u00edtica","Internacional"],"inLanguage":"pt-PT"},{"@type":"WebPage","@id":"https:\/\/portaltela.pt\/noticias\/2026\/03\/27\/viagens-ao-medio-oriente-em-alta-governo-cipriota-diz-nao-ha-repatriamento\/","url":"https:\/\/portaltela.pt\/noticias\/2026\/03\/27\/viagens-ao-medio-oriente-em-alta-governo-cipriota-diz-nao-ha-repatriamento\/","name":"Viagens ao M\u00e9dio Oriente em alta; governo cipriota diz n\u00e3o h\u00e1 repatriamento - Portal Tela Portugal","isPartOf":{"@id":"https:\/\/portaltela.pt\/#website"},"primaryImageOfPage":{"@id":"https:\/\/portaltela.pt\/noticias\/2026\/03\/27\/viagens-ao-medio-oriente-em-alta-governo-cipriota-diz-nao-ha-repatriamento\/#primaryimage"},"image":{"@id":"https:\/\/portaltela.pt\/noticias\/2026\/03\/27\/viagens-ao-medio-oriente-em-alta-governo-cipriota-diz-nao-ha-repatriamento\/#primaryimage"},"thumbnailUrl":"https:\/\/portaltela.pt\/s.01k8rhncp4jt1\/2026\/03\/1536x864_cmsv2_66fc4435-91d9-54a8-b751-064fa5bea9e9-9700743.jpg","datePublished":"2026-03-27T14:32:12+00:00","author":{"@id":"https:\/\/portaltela.pt\/#\/schema\/person\/c4278d4a6028830caff9ee44b42d32ed"},"breadcrumb":{"@id":"https:\/\/portaltela.pt\/noticias\/2026\/03\/27\/viagens-ao-medio-oriente-em-alta-governo-cipriota-diz-nao-ha-repatriamento\/#breadcrumb"},"inLanguage":"pt-PT","potentialAction":[{"@type":"ReadAction","target":["https:\/\/portaltela.pt\/noticias\/2026\/03\/27\/viagens-ao-medio-oriente-em-alta-governo-cipriota-diz-nao-ha-repatriamento\/"]}]},{"@type":"ImageObject","inLanguage":"pt-PT","@id":"https:\/\/portaltela.pt\/noticias\/2026\/03\/27\/viagens-ao-medio-oriente-em-alta-governo-cipriota-diz-nao-ha-repatriamento\/#primaryimage","url":"https:\/\/portaltela.pt\/s.01k8rhncp4jt1\/2026\/03\/1536x864_cmsv2_66fc4435-91d9-54a8-b751-064fa5bea9e9-9700743.jpg","contentUrl":"https:\/\/portaltela.pt\/s.01k8rhncp4jt1\/2026\/03\/1536x864_cmsv2_66fc4435-91d9-54a8-b751-064fa5bea9e9-9700743.jpg","width":796,"height":448,"caption":"Evacuados de Israel chegam ao aeroporto de Larnaca, Chipre, ter\u00e7a-feira, 24 de junho de 2025"},{"@type":"BreadcrumbList","@id":"https:\/\/portaltela.pt\/noticias\/2026\/03\/27\/viagens-ao-medio-oriente-em-alta-governo-cipriota-diz-nao-ha-repatriamento\/#breadcrumb","itemListElement":[{"@type":"ListItem","position":1,"name":"In\u00edcio","item":"https:\/\/portaltela.pt\/"},{"@type":"ListItem","position":2,"name":"Viagens ao M\u00e9dio Oriente em alta; governo cipriota diz n\u00e3o h\u00e1 repatriamento"}]},{"@type":"WebSite","@id":"https:\/\/portaltela.pt\/#website","url":"https:\/\/portaltela.pt\/","name":"Portal Tela Portugal","description":"","potentialAction":[{"@type":"SearchAction","target":{"@type":"EntryPoint","urlTemplate":"https:\/\/portaltela.pt\/?s={search_term_string}"},"query-input":{"@type":"PropertyValueSpecification","valueRequired":true,"valueName":"search_term_string"}}],"inLanguage":"pt-PT"},{"@type":"Person","@id":"https:\/\/portaltela.pt\/#\/schema\/person\/c4278d4a6028830caff9ee44b42d32ed","name":"Telinha","image":{"@type":"ImageObject","inLanguage":"pt-PT","@id":"https:\/\/portaltela.pt\/s.01k8rhncp4jt1\/2025\/11\/talking-bot-125x125.png","url":"https:\/\/portaltela.pt\/s.01k8rhncp4jt1\/2025\/11\/talking-bot-125x125.png","contentUrl":"https:\/\/portaltela.pt\/s.01k8rhncp4jt1\/2025\/11\/talking-bot-125x125.png","caption":"Telinha"},"sameAs":["https:\/\/portaltela.pt\/"],"url":"https:\/\/portaltela.pt\/por\/367410592786\/"}]}},"_links":{"self":[{"href":"https:\/\/portaltela.pt\/api\/wp\/v2\/posts\/423801","targetHints":{"allow":["GET"]}}],"collection":[{"href":"https:\/\/portaltela.pt\/api\/wp\/v2\/posts"}],"about":[{"href":"https:\/\/portaltela.pt\/api\/wp\/v2\/types\/post"}],"author":[{"embeddable":true,"href":"https:\/\/portaltela.pt\/api\/wp\/v2\/users\/2"}],"replies":[{"embeddable":true,"href":"https:\/\/portaltela.pt\/api\/wp\/v2\/comments?post=423801"}],"version-history":[{"count":0,"href":"https:\/\/portaltela.pt\/api\/wp\/v2\/posts\/423801\/revisions"}],"wp:featuredmedia":[{"embeddable":true,"href":"https:\/\/portaltela.pt\/api\/wp\/v2\/media\/423808"}],"wp:attachment":[{"href":"https:\/\/portaltela.pt\/api\/wp\/v2\/media?parent=423801"}],"wp:term":[{"taxonomy":"category","embeddable":true,"href":"https:\/\/portaltela.pt\/api\/wp\/v2\/categories?post=423801"},{"taxonomy":"post_tag","embeddable":true,"href":"https:\/\/portaltela.pt\/api\/wp\/v2\/tags?post=423801"}],"curies":[{"name":"wp","href":"https:\/\/api.w.org\/{rel}","templated":true}]}}