{"id":423800,"date":"2026-03-27T11:15:58","date_gmt":"2026-03-27T14:15:58","guid":{"rendered":"https:\/\/portaltela.pt\/noticias\/2026\/03\/27\/camara-de-lisboa-confirma-intervencao-em-escola-basica-2-3-de-telheiras\/"},"modified":"2026-03-27T11:15:58","modified_gmt":"2026-03-27T14:15:58","slug":"camara-de-lisboa-confirma-intervencao-em-escola-basica-2-3-de-telheiras","status":"publish","type":"post","link":"https:\/\/portaltela.pt\/sociedade\/2026\/03\/27\/camara-de-lisboa-confirma-intervencao-em-escola-basica-2-3-de-telheiras\/","title":{"rendered":"C\u00e2mara de Lisboa confirma interven\u00e7\u00e3o em Escola B\u00e1sica 2\/3 de Telheiras"},"content":{"rendered":"<p>A C\u00e2mara Municipal de Lisboa confirmou que est\u00e1 a decorrer uma interven\u00e7\u00e3o na Escola B\u00e1sica 2\/3 de Telheiras. O an\u00fancio surge ap\u00f3s a mobiliza\u00e7\u00e3o de elementos da comunidade educativa junto ao estabelecimento de ensino. A atua\u00e7\u00e3o est\u00e1 a ocorrer no local, com a explica\u00e7\u00e3o de que a interven\u00e7\u00e3o faz parte de um processo definido pela autarquia.<\/p>\n<p>Pais, encarregados de educa\u00e7\u00e3o, alunos e trabalhadores docentes e n\u00e3o docentes formaram, de manh\u00e3, um cord\u00e3o humano junto \u00e0 escola. A mobiliza\u00e7\u00e3o envolveu a participa\u00e7\u00e3o direta de diferentes entidades da comunidade escolar, mostrada em imagens circuladas pela carrinha municipal.<\/p>\n<p>Segundo a autarquia, o objetivo \u00e9 prosseguir com a interven\u00e7\u00e3o prevista, sem adiantar detalhes operacionais adicionais neste momento. N\u00e3o foi divulgado o prazo estimado para a conclus\u00e3o nem os motivos espec\u00edficos da interven\u00e7\u00e3o. A escola mant\u00e9m-se em funcionamento, aguardando informa\u00e7\u00f5es oficiais sobre o desfecho do processo.<\/p>\n","protected":false},"excerpt":{"rendered":"<ul>\n<li>C\u00e2mara Municipal de Lisboa informou que est\u00e1 em curso uma interven\u00e7\u00e3o na Escola B\u00e1sica 2\/3 de Telheiras.<\/li>\n<li>Pela manh\u00e3, pais, encarregados de educa\u00e7\u00e3o, alunos e trabalhadores docentes e n\u00e3o docentes formaram um cord\u00e3o humano junto \u00e0 escola.<\/li>\n<li>A escola fica em Telheiras, Lisboa.<\/li>\n<li>A not\u00edcia foi publicada em 27 de mar\u00e7o de 2026, \u00e0s 14:15.<\/li>\n<\/ul>\n","protected":false},"author":2,"featured_media":423805,"comment_status":"closed","ping_status":"closed","sticky":false,"template":"","format":"standard","meta":{"footnotes":""},"categories":[1,6871],"tags":[5449,163,2443,101,4882,981],"class_list":["post-423800","post","type-post","status-publish","format-standard","has-post-thumbnail","hentry","category-noticias","category-sociedade","tag-camara-municipal","tag-educacao","tag-educacao-publica","tag-escolas","tag-intervencoes","tag-lisboa"],"yoast_head":"<!-- This site is optimized with the Yoast SEO plugin v27.2 - https:\/\/yoast.com\/product\/yoast-seo-wordpress\/ -->\n<title>C\u00e2mara de Lisboa confirma interven\u00e7\u00e3o em Escola B\u00e1sica 2\/3 de Telheiras - Portal Tela Portugal<\/title>\n<meta name=\"robots\" content=\"index, follow, max-snippet:-1, max-image-preview:large, max-video-preview:-1\" \/>\n<meta property=\"og:locale\" content=\"pt_PT\" \/>\n<meta property=\"og:type\" content=\"article\" \/>\n<meta property=\"og:title\" content=\"C\u00e2mara de Lisboa confirma interven\u00e7\u00e3o em Escola B\u00e1sica 2\/3 de Telheiras - Portal Tela Portugal\" \/>\n<meta property=\"og:description\" content=\"C\u00e2mara Municipal de Lisboa informou que est\u00e1 em curso uma interven\u00e7\u00e3o na Escola B\u00e1sica 2\/3 de Telheiras. Pela manh\u00e3, pais, encarregados de educa\u00e7\u00e3o, alunos e trabalhadores docentes e n\u00e3o docentes formaram um cord\u00e3o humano junto \u00e0 escola. A escola fica em Telheiras, Lisboa. A not\u00edcia foi publicada em 27 de mar\u00e7o de 2026, \u00e0s 14:15.\" \/>\n<meta property=\"og:url\" content=\"https:\/\/portaltela.pt\/noticias\/2026\/03\/27\/camara-de-lisboa-confirma-intervencao-em-escola-basica-2-3-de-telheiras\/\" \/>\n<meta property=\"og:site_name\" content=\"Portal Tela Portugal\" \/>\n<meta property=\"article:published_time\" content=\"2026-03-27T14:15:58+00:00\" \/>\n<meta name=\"author\" content=\"Telinha\" \/>\n<meta name=\"twitter:card\" content=\"summary_large_image\" \/>\n<meta name=\"twitter:label1\" content=\"Escrito por\" \/>\n\t<meta name=\"twitter:data1\" content=\"Telinha\" \/>\n\t<meta name=\"twitter:label2\" content=\"Tempo estimado de leitura\" \/>\n\t<meta name=\"twitter:data2\" content=\"1 minuto\" \/>\n<script type=\"application\/ld+json\" class=\"yoast-schema-graph\">{\"@context\":\"https:\/\/schema.org\",\"@graph\":[{\"@type\":\"Article\",\"@id\":\"https:\/\/portaltela.pt\/noticias\/2026\/03\/27\/camara-de-lisboa-confirma-intervencao-em-escola-basica-2-3-de-telheiras\/#article\",\"isPartOf\":{\"@id\":\"https:\/\/portaltela.pt\/noticias\/2026\/03\/27\/camara-de-lisboa-confirma-intervencao-em-escola-basica-2-3-de-telheiras\/\"},\"author\":{\"name\":\"Telinha\",\"@id\":\"https:\/\/portaltela.pt\/#\/schema\/person\/c4278d4a6028830caff9ee44b42d32ed\"},\"headline\":\"C\u00e2mara de Lisboa confirma interven\u00e7\u00e3o em Escola B\u00e1sica 2\/3 de Telheiras\",\"datePublished\":\"2026-03-27T14:15:58+00:00\",\"mainEntityOfPage\":{\"@id\":\"https:\/\/portaltela.pt\/noticias\/2026\/03\/27\/camara-de-lisboa-confirma-intervencao-em-escola-basica-2-3-de-telheiras\/\"},\"wordCount\":172,\"image\":{\"@id\":\"https:\/\/portaltela.pt\/noticias\/2026\/03\/27\/camara-de-lisboa-confirma-intervencao-em-escola-basica-2-3-de-telheiras\/#primaryimage\"},\"thumbnailUrl\":\"https:\/\/portaltela.pt\/s.01k8rhncp4jt1\/2026\/03\/img_1280x722uu2026-03-27-14-15-20-2275109.jpg\",\"keywords\":[\"C\u00e2mara Municipal\",\"educa\u00e7\u00e3o\",\"educa\u00e7\u00e3o p\u00fablica\",\"escolas\",\"interven\u00e7\u00f5es\",\"Lisboa\"],\"articleSection\":[\"Not\u00edcias\",\"Sociedade\"],\"inLanguage\":\"pt-PT\"},{\"@type\":\"WebPage\",\"@id\":\"https:\/\/portaltela.pt\/noticias\/2026\/03\/27\/camara-de-lisboa-confirma-intervencao-em-escola-basica-2-3-de-telheiras\/\",\"url\":\"https:\/\/portaltela.pt\/noticias\/2026\/03\/27\/camara-de-lisboa-confirma-intervencao-em-escola-basica-2-3-de-telheiras\/\",\"name\":\"C\u00e2mara de Lisboa confirma interven\u00e7\u00e3o em Escola B\u00e1sica 2\/3 de Telheiras - Portal Tela Portugal\",\"isPartOf\":{\"@id\":\"https:\/\/portaltela.pt\/#website\"},\"primaryImageOfPage\":{\"@id\":\"https:\/\/portaltela.pt\/noticias\/2026\/03\/27\/camara-de-lisboa-confirma-intervencao-em-escola-basica-2-3-de-telheiras\/#primaryimage\"},\"image\":{\"@id\":\"https:\/\/portaltela.pt\/noticias\/2026\/03\/27\/camara-de-lisboa-confirma-intervencao-em-escola-basica-2-3-de-telheiras\/#primaryimage\"},\"thumbnailUrl\":\"https:\/\/portaltela.pt\/s.01k8rhncp4jt1\/2026\/03\/img_1280x722uu2026-03-27-14-15-20-2275109.jpg\",\"datePublished\":\"2026-03-27T14:15:58+00:00\",\"author\":{\"@id\":\"https:\/\/portaltela.pt\/#\/schema\/person\/c4278d4a6028830caff9ee44b42d32ed\"},\"breadcrumb\":{\"@id\":\"https:\/\/portaltela.pt\/noticias\/2026\/03\/27\/camara-de-lisboa-confirma-intervencao-em-escola-basica-2-3-de-telheiras\/#breadcrumb\"},\"inLanguage\":\"pt-PT\",\"potentialAction\":[{\"@type\":\"ReadAction\",\"target\":[\"https:\/\/portaltela.pt\/noticias\/2026\/03\/27\/camara-de-lisboa-confirma-intervencao-em-escola-basica-2-3-de-telheiras\/\"]}]},{\"@type\":\"ImageObject\",\"inLanguage\":\"pt-PT\",\"@id\":\"https:\/\/portaltela.pt\/noticias\/2026\/03\/27\/camara-de-lisboa-confirma-intervencao-em-escola-basica-2-3-de-telheiras\/#primaryimage\",\"url\":\"https:\/\/portaltela.pt\/s.01k8rhncp4jt1\/2026\/03\/img_1280x722uu2026-03-27-14-15-20-2275109.jpg\",\"contentUrl\":\"https:\/\/portaltela.pt\/s.01k8rhncp4jt1\/2026\/03\/img_1280x722uu2026-03-27-14-15-20-2275109.jpg\",\"width\":796,\"height\":448,\"caption\":\"Photo\"},{\"@type\":\"BreadcrumbList\",\"@id\":\"https:\/\/portaltela.pt\/noticias\/2026\/03\/27\/camara-de-lisboa-confirma-intervencao-em-escola-basica-2-3-de-telheiras\/#breadcrumb\",\"itemListElement\":[{\"@type\":\"ListItem\",\"position\":1,\"name\":\"In\u00edcio\",\"item\":\"https:\/\/portaltela.pt\/\"},{\"@type\":\"ListItem\",\"position\":2,\"name\":\"C\u00e2mara de Lisboa confirma interven\u00e7\u00e3o em Escola B\u00e1sica 2\/3 de Telheiras\"}]},{\"@type\":\"WebSite\",\"@id\":\"https:\/\/portaltela.pt\/#website\",\"url\":\"https:\/\/portaltela.pt\/\",\"name\":\"Portal Tela Portugal\",\"description\":\"\",\"potentialAction\":[{\"@type\":\"SearchAction\",\"target\":{\"@type\":\"EntryPoint\",\"urlTemplate\":\"https:\/\/portaltela.pt\/?s={search_term_string}\"},\"query-input\":{\"@type\":\"PropertyValueSpecification\",\"valueRequired\":true,\"valueName\":\"search_term_string\"}}],\"inLanguage\":\"pt-PT\"},{\"@type\":\"Person\",\"@id\":\"https:\/\/portaltela.pt\/#\/schema\/person\/c4278d4a6028830caff9ee44b42d32ed\",\"name\":\"Telinha\",\"image\":{\"@type\":\"ImageObject\",\"inLanguage\":\"pt-PT\",\"@id\":\"https:\/\/portaltela.pt\/s.01k8rhncp4jt1\/2025\/11\/talking-bot-125x125.png\",\"url\":\"https:\/\/portaltela.pt\/s.01k8rhncp4jt1\/2025\/11\/talking-bot-125x125.png\",\"contentUrl\":\"https:\/\/portaltela.pt\/s.01k8rhncp4jt1\/2025\/11\/talking-bot-125x125.png\",\"caption\":\"Telinha\"},\"sameAs\":[\"https:\/\/portaltela.pt\/\"],\"url\":\"https:\/\/portaltela.pt\/por\/367410592786\/\"}]}<\/script>\n<!-- \/ Yoast SEO plugin. -->","yoast_head_json":{"title":"C\u00e2mara de Lisboa confirma interven\u00e7\u00e3o em Escola B\u00e1sica 2\/3 de Telheiras - Portal Tela Portugal","robots":{"index":"index","follow":"follow","max-snippet":"max-snippet:-1","max-image-preview":"max-image-preview:large","max-video-preview":"max-video-preview:-1"},"og_locale":"pt_PT","og_type":"article","og_title":"C\u00e2mara de Lisboa confirma interven\u00e7\u00e3o em Escola B\u00e1sica 2\/3 de Telheiras - Portal Tela Portugal","og_description":"C\u00e2mara Municipal de Lisboa informou que est\u00e1 em curso uma interven\u00e7\u00e3o na Escola B\u00e1sica 2\/3 de Telheiras. Pela manh\u00e3, pais, encarregados de educa\u00e7\u00e3o, alunos e trabalhadores docentes e n\u00e3o docentes formaram um cord\u00e3o humano junto \u00e0 escola. A escola fica em Telheiras, Lisboa. A not\u00edcia foi publicada em 27 de mar\u00e7o de 2026, \u00e0s 14:15.","og_url":"https:\/\/portaltela.pt\/noticias\/2026\/03\/27\/camara-de-lisboa-confirma-intervencao-em-escola-basica-2-3-de-telheiras\/","og_site_name":"Portal Tela Portugal","article_published_time":"2026-03-27T14:15:58+00:00","author":"Telinha","twitter_card":"summary_large_image","twitter_misc":{"Escrito por":"Telinha","Tempo estimado de leitura":"1 minuto"},"schema":{"@context":"https:\/\/schema.org","@graph":[{"@type":"Article","@id":"https:\/\/portaltela.pt\/noticias\/2026\/03\/27\/camara-de-lisboa-confirma-intervencao-em-escola-basica-2-3-de-telheiras\/#article","isPartOf":{"@id":"https:\/\/portaltela.pt\/noticias\/2026\/03\/27\/camara-de-lisboa-confirma-intervencao-em-escola-basica-2-3-de-telheiras\/"},"author":{"name":"Telinha","@id":"https:\/\/portaltela.pt\/#\/schema\/person\/c4278d4a6028830caff9ee44b42d32ed"},"headline":"C\u00e2mara de Lisboa confirma interven\u00e7\u00e3o em Escola B\u00e1sica 2\/3 de Telheiras","datePublished":"2026-03-27T14:15:58+00:00","mainEntityOfPage":{"@id":"https:\/\/portaltela.pt\/noticias\/2026\/03\/27\/camara-de-lisboa-confirma-intervencao-em-escola-basica-2-3-de-telheiras\/"},"wordCount":172,"image":{"@id":"https:\/\/portaltela.pt\/noticias\/2026\/03\/27\/camara-de-lisboa-confirma-intervencao-em-escola-basica-2-3-de-telheiras\/#primaryimage"},"thumbnailUrl":"https:\/\/portaltela.pt\/s.01k8rhncp4jt1\/2026\/03\/img_1280x722uu2026-03-27-14-15-20-2275109.jpg","keywords":["C\u00e2mara Municipal","educa\u00e7\u00e3o","educa\u00e7\u00e3o p\u00fablica","escolas","interven\u00e7\u00f5es","Lisboa"],"articleSection":["Not\u00edcias","Sociedade"],"inLanguage":"pt-PT"},{"@type":"WebPage","@id":"https:\/\/portaltela.pt\/noticias\/2026\/03\/27\/camara-de-lisboa-confirma-intervencao-em-escola-basica-2-3-de-telheiras\/","url":"https:\/\/portaltela.pt\/noticias\/2026\/03\/27\/camara-de-lisboa-confirma-intervencao-em-escola-basica-2-3-de-telheiras\/","name":"C\u00e2mara de Lisboa confirma interven\u00e7\u00e3o em Escola B\u00e1sica 2\/3 de Telheiras - Portal Tela Portugal","isPartOf":{"@id":"https:\/\/portaltela.pt\/#website"},"primaryImageOfPage":{"@id":"https:\/\/portaltela.pt\/noticias\/2026\/03\/27\/camara-de-lisboa-confirma-intervencao-em-escola-basica-2-3-de-telheiras\/#primaryimage"},"image":{"@id":"https:\/\/portaltela.pt\/noticias\/2026\/03\/27\/camara-de-lisboa-confirma-intervencao-em-escola-basica-2-3-de-telheiras\/#primaryimage"},"thumbnailUrl":"https:\/\/portaltela.pt\/s.01k8rhncp4jt1\/2026\/03\/img_1280x722uu2026-03-27-14-15-20-2275109.jpg","datePublished":"2026-03-27T14:15:58+00:00","author":{"@id":"https:\/\/portaltela.pt\/#\/schema\/person\/c4278d4a6028830caff9ee44b42d32ed"},"breadcrumb":{"@id":"https:\/\/portaltela.pt\/noticias\/2026\/03\/27\/camara-de-lisboa-confirma-intervencao-em-escola-basica-2-3-de-telheiras\/#breadcrumb"},"inLanguage":"pt-PT","potentialAction":[{"@type":"ReadAction","target":["https:\/\/portaltela.pt\/noticias\/2026\/03\/27\/camara-de-lisboa-confirma-intervencao-em-escola-basica-2-3-de-telheiras\/"]}]},{"@type":"ImageObject","inLanguage":"pt-PT","@id":"https:\/\/portaltela.pt\/noticias\/2026\/03\/27\/camara-de-lisboa-confirma-intervencao-em-escola-basica-2-3-de-telheiras\/#primaryimage","url":"https:\/\/portaltela.pt\/s.01k8rhncp4jt1\/2026\/03\/img_1280x722uu2026-03-27-14-15-20-2275109.jpg","contentUrl":"https:\/\/portaltela.pt\/s.01k8rhncp4jt1\/2026\/03\/img_1280x722uu2026-03-27-14-15-20-2275109.jpg","width":796,"height":448,"caption":"Photo"},{"@type":"BreadcrumbList","@id":"https:\/\/portaltela.pt\/noticias\/2026\/03\/27\/camara-de-lisboa-confirma-intervencao-em-escola-basica-2-3-de-telheiras\/#breadcrumb","itemListElement":[{"@type":"ListItem","position":1,"name":"In\u00edcio","item":"https:\/\/portaltela.pt\/"},{"@type":"ListItem","position":2,"name":"C\u00e2mara de Lisboa confirma interven\u00e7\u00e3o em Escola B\u00e1sica 2\/3 de Telheiras"}]},{"@type":"WebSite","@id":"https:\/\/portaltela.pt\/#website","url":"https:\/\/portaltela.pt\/","name":"Portal Tela Portugal","description":"","potentialAction":[{"@type":"SearchAction","target":{"@type":"EntryPoint","urlTemplate":"https:\/\/portaltela.pt\/?s={search_term_string}"},"query-input":{"@type":"PropertyValueSpecification","valueRequired":true,"valueName":"search_term_string"}}],"inLanguage":"pt-PT"},{"@type":"Person","@id":"https:\/\/portaltela.pt\/#\/schema\/person\/c4278d4a6028830caff9ee44b42d32ed","name":"Telinha","image":{"@type":"ImageObject","inLanguage":"pt-PT","@id":"https:\/\/portaltela.pt\/s.01k8rhncp4jt1\/2025\/11\/talking-bot-125x125.png","url":"https:\/\/portaltela.pt\/s.01k8rhncp4jt1\/2025\/11\/talking-bot-125x125.png","contentUrl":"https:\/\/portaltela.pt\/s.01k8rhncp4jt1\/2025\/11\/talking-bot-125x125.png","caption":"Telinha"},"sameAs":["https:\/\/portaltela.pt\/"],"url":"https:\/\/portaltela.pt\/por\/367410592786\/"}]}},"_links":{"self":[{"href":"https:\/\/portaltela.pt\/api\/wp\/v2\/posts\/423800","targetHints":{"allow":["GET"]}}],"collection":[{"href":"https:\/\/portaltela.pt\/api\/wp\/v2\/posts"}],"about":[{"href":"https:\/\/portaltela.pt\/api\/wp\/v2\/types\/post"}],"author":[{"embeddable":true,"href":"https:\/\/portaltela.pt\/api\/wp\/v2\/users\/2"}],"replies":[{"embeddable":true,"href":"https:\/\/portaltela.pt\/api\/wp\/v2\/comments?post=423800"}],"version-history":[{"count":0,"href":"https:\/\/portaltela.pt\/api\/wp\/v2\/posts\/423800\/revisions"}],"wp:featuredmedia":[{"embeddable":true,"href":"https:\/\/portaltela.pt\/api\/wp\/v2\/media\/423805"}],"wp:attachment":[{"href":"https:\/\/portaltela.pt\/api\/wp\/v2\/media?parent=423800"}],"wp:term":[{"taxonomy":"category","embeddable":true,"href":"https:\/\/portaltela.pt\/api\/wp\/v2\/categories?post=423800"},{"taxonomy":"post_tag","embeddable":true,"href":"https:\/\/portaltela.pt\/api\/wp\/v2\/tags?post=423800"}],"curies":[{"name":"wp","href":"https:\/\/api.w.org\/{rel}","templated":true}]}}