{"id":423799,"date":"2026-03-27T11:17:00","date_gmt":"2026-03-27T14:17:00","guid":{"rendered":"https:\/\/portaltela.pt\/noticias\/2026\/03\/27\/taylor-lautner-sera-pai-pela-primeira-vez\/"},"modified":"2026-03-27T11:17:00","modified_gmt":"2026-03-27T14:17:00","slug":"taylor-lautner-sera-pai-pela-primeira-vez","status":"publish","type":"post","link":"https:\/\/portaltela.pt\/celebridades\/2026\/03\/27\/taylor-lautner-sera-pai-pela-primeira-vez\/","title":{"rendered":"Taylor Lautner ser\u00e1 pai pela primeira vez"},"content":{"rendered":"<p>Taylor Lautner, conhecido por interpretar Jacob Black em Crep\u00fasculo, anunciou nas redes sociais que vai ser pai, fruto do casamento com Taylor Dome. O casal partilhou fotos do ultrassom, celebrando a novidade com tom de humor e ternura.<\/p>\n<p>Lautner tem 34 anos e Dome, 29. O casal est\u00e1 \u00e0 espera do primeiro filho e mostrou-se unido e feliz, numa publica\u00e7\u00e3o que j\u00e1 conquistou f\u00e3s em todo o mundo.<\/p>\n<p>O relacionamento come\u00e7ou de forma discreta em 2018, quando Dome, enfermeira e influenciadora digital, conheceu Lautner atrav\u00e9s da irm\u00e3 dele, Makena Moore. O encontro foi descrito como o in\u00edcio da hist\u00f3ria do casal.<\/p>\n<p>Antes de se conhecerem, Dome j\u00e1 era f\u00e3 da saga Crep\u00fasculo, acompanhando a carreira de Lautner. O relacionamento manteve-se cordial com a ex-namorada do ator, Taylor Swift, ressaltando a conviv\u00eancia natural entre todos.<\/p>\n<p>O pedido de casamento ocorreu cerca de tr\u00eas anos ap\u00f3s assumirem publicamente a rela\u00e7\u00e3o. A cerim\u00f3nia aconteceu em 2022, numa vin\u00edcola na Calif\u00f3rnia, com Dome a adotar o apelido Lautner e a assinatura igual \u00e0 do marido.<\/p>\n","protected":false},"excerpt":{"rendered":"<ul>\n<li>O ator Taylor Lautner, conhecido por Jacob Black em Crep\u00fasculo, vai ser pai pela primeira vez com a esposa Taylor Dome.<\/li>\n<li>O an\u00fancio foi feito nas redes sociais, com o casal a partilhar fotos do ultrassom e a demonstrar emo\u00e7\u00e3o com humor.<\/li>\n<li>Lautner tem 34 anos e Dome, 29, e preparam-se para a chegada do primeiro filho.<\/li>\n<li>O romance come\u00e7ou em 2018, o pedido de casamento chegou tr\u00eas anos depois e a cerim\u00f3nia ocorreu em 2022 numa vin\u00edcola na Calif\u00f3rnia.<\/li>\n<li>Dome passou a assinar o mesmo apelido do marido ap\u00f3s o casamento.<\/li>\n<\/ul>\n","protected":false},"author":2,"featured_media":423806,"comment_status":"closed","ping_status":"closed","sticky":false,"template":"","format":"standard","meta":{"footnotes":""},"categories":[6675],"tags":[3259,6598,64,115,5661,1196],"class_list":["post-423799","post","type-post","status-publish","format-standard","has-post-thumbnail","hentry","category-celebridades","tag-celebidades","tag-entretenimento","tag-familia","tag-maternidade","tag-pessoas-publicas","tag-vida-privada"],"yoast_head":"<!-- This site is optimized with the Yoast SEO plugin v27.2 - https:\/\/yoast.com\/product\/yoast-seo-wordpress\/ -->\n<title>Taylor Lautner ser\u00e1 pai pela primeira vez - Portal Tela Portugal<\/title>\n<meta name=\"robots\" content=\"index, follow, max-snippet:-1, max-image-preview:large, max-video-preview:-1\" \/>\n<meta property=\"og:locale\" content=\"pt_PT\" \/>\n<meta property=\"og:type\" content=\"article\" \/>\n<meta property=\"og:title\" content=\"Taylor Lautner ser\u00e1 pai pela primeira vez - Portal Tela Portugal\" \/>\n<meta property=\"og:description\" content=\"O ator Taylor Lautner, conhecido por Jacob Black em Crep\u00fasculo, vai ser pai pela primeira vez com a esposa Taylor Dome. O an\u00fancio foi feito nas redes sociais, com o casal a partilhar fotos do ultrassom e a demonstrar emo\u00e7\u00e3o com humor. Lautner tem 34 anos e Dome, 29, e preparam-se para a chegada do primeiro filho. O romance come\u00e7ou em 2018, o pedido de casamento chegou tr\u00eas anos depois e a cerim\u00f3nia ocorreu em 2022 numa vin\u00edcola na Calif\u00f3rnia. Dome passou a assinar o mesmo apelido do marido ap\u00f3s o casamento.\" \/>\n<meta property=\"og:url\" content=\"https:\/\/portaltela.pt\/noticias\/2026\/03\/27\/taylor-lautner-sera-pai-pela-primeira-vez\/\" \/>\n<meta property=\"og:site_name\" content=\"Portal Tela Portugal\" \/>\n<meta property=\"article:published_time\" content=\"2026-03-27T14:17:00+00:00\" \/>\n<meta name=\"author\" content=\"Telinha\" \/>\n<meta name=\"twitter:card\" content=\"summary_large_image\" \/>\n<meta name=\"twitter:label1\" content=\"Escrito por\" \/>\n\t<meta name=\"twitter:data1\" content=\"Telinha\" \/>\n\t<meta name=\"twitter:label2\" content=\"Tempo estimado de leitura\" \/>\n\t<meta name=\"twitter:data2\" content=\"1 minuto\" \/>\n<script type=\"application\/ld+json\" class=\"yoast-schema-graph\">{\"@context\":\"https:\/\/schema.org\",\"@graph\":[{\"@type\":\"Article\",\"@id\":\"https:\/\/portaltela.pt\/noticias\/2026\/03\/27\/taylor-lautner-sera-pai-pela-primeira-vez\/#article\",\"isPartOf\":{\"@id\":\"https:\/\/portaltela.pt\/noticias\/2026\/03\/27\/taylor-lautner-sera-pai-pela-primeira-vez\/\"},\"author\":{\"name\":\"Telinha\",\"@id\":\"https:\/\/portaltela.pt\/#\/schema\/person\/c4278d4a6028830caff9ee44b42d32ed\"},\"headline\":\"Taylor Lautner ser\u00e1 pai pela primeira vez\",\"datePublished\":\"2026-03-27T14:17:00+00:00\",\"mainEntityOfPage\":{\"@id\":\"https:\/\/portaltela.pt\/noticias\/2026\/03\/27\/taylor-lautner-sera-pai-pela-primeira-vez\/\"},\"wordCount\":187,\"image\":{\"@id\":\"https:\/\/portaltela.pt\/noticias\/2026\/03\/27\/taylor-lautner-sera-pai-pela-primeira-vez\/#primaryimage\"},\"thumbnailUrl\":\"https:\/\/portaltela.pt\/s.01k8rhncp4jt1\/2026\/03\/c41a4a0d-6243-4592-ae33-9adc1fb922af_1200x675.jpg\",\"keywords\":[\"celebidades\",\"entretenimento\",\"fam\u00edlia\",\"maternidade\",\"pessoas p\u00fablicas\",\"Vida Privada\"],\"articleSection\":[\"Celebridades\"],\"inLanguage\":\"pt-PT\"},{\"@type\":\"WebPage\",\"@id\":\"https:\/\/portaltela.pt\/noticias\/2026\/03\/27\/taylor-lautner-sera-pai-pela-primeira-vez\/\",\"url\":\"https:\/\/portaltela.pt\/noticias\/2026\/03\/27\/taylor-lautner-sera-pai-pela-primeira-vez\/\",\"name\":\"Taylor Lautner ser\u00e1 pai pela primeira vez - Portal Tela Portugal\",\"isPartOf\":{\"@id\":\"https:\/\/portaltela.pt\/#website\"},\"primaryImageOfPage\":{\"@id\":\"https:\/\/portaltela.pt\/noticias\/2026\/03\/27\/taylor-lautner-sera-pai-pela-primeira-vez\/#primaryimage\"},\"image\":{\"@id\":\"https:\/\/portaltela.pt\/noticias\/2026\/03\/27\/taylor-lautner-sera-pai-pela-primeira-vez\/#primaryimage\"},\"thumbnailUrl\":\"https:\/\/portaltela.pt\/s.01k8rhncp4jt1\/2026\/03\/c41a4a0d-6243-4592-ae33-9adc1fb922af_1200x675.jpg\",\"datePublished\":\"2026-03-27T14:17:00+00:00\",\"author\":{\"@id\":\"https:\/\/portaltela.pt\/#\/schema\/person\/c4278d4a6028830caff9ee44b42d32ed\"},\"breadcrumb\":{\"@id\":\"https:\/\/portaltela.pt\/noticias\/2026\/03\/27\/taylor-lautner-sera-pai-pela-primeira-vez\/#breadcrumb\"},\"inLanguage\":\"pt-PT\",\"potentialAction\":[{\"@type\":\"ReadAction\",\"target\":[\"https:\/\/portaltela.pt\/noticias\/2026\/03\/27\/taylor-lautner-sera-pai-pela-primeira-vez\/\"]}]},{\"@type\":\"ImageObject\",\"inLanguage\":\"pt-PT\",\"@id\":\"https:\/\/portaltela.pt\/noticias\/2026\/03\/27\/taylor-lautner-sera-pai-pela-primeira-vez\/#primaryimage\",\"url\":\"https:\/\/portaltela.pt\/s.01k8rhncp4jt1\/2026\/03\/c41a4a0d-6243-4592-ae33-9adc1fb922af_1200x675.jpg\",\"contentUrl\":\"https:\/\/portaltela.pt\/s.01k8rhncp4jt1\/2026\/03\/c41a4a0d-6243-4592-ae33-9adc1fb922af_1200x675.jpg\",\"width\":796,\"height\":448,\"caption\":\"Dois Taylor Lautner e um futuro beb\u00e9: o casal celebra novidade com humor e ternura\"},{\"@type\":\"BreadcrumbList\",\"@id\":\"https:\/\/portaltela.pt\/noticias\/2026\/03\/27\/taylor-lautner-sera-pai-pela-primeira-vez\/#breadcrumb\",\"itemListElement\":[{\"@type\":\"ListItem\",\"position\":1,\"name\":\"In\u00edcio\",\"item\":\"https:\/\/portaltela.pt\/\"},{\"@type\":\"ListItem\",\"position\":2,\"name\":\"Taylor Lautner ser\u00e1 pai pela primeira vez\"}]},{\"@type\":\"WebSite\",\"@id\":\"https:\/\/portaltela.pt\/#website\",\"url\":\"https:\/\/portaltela.pt\/\",\"name\":\"Portal Tela Portugal\",\"description\":\"\",\"potentialAction\":[{\"@type\":\"SearchAction\",\"target\":{\"@type\":\"EntryPoint\",\"urlTemplate\":\"https:\/\/portaltela.pt\/?s={search_term_string}\"},\"query-input\":{\"@type\":\"PropertyValueSpecification\",\"valueRequired\":true,\"valueName\":\"search_term_string\"}}],\"inLanguage\":\"pt-PT\"},{\"@type\":\"Person\",\"@id\":\"https:\/\/portaltela.pt\/#\/schema\/person\/c4278d4a6028830caff9ee44b42d32ed\",\"name\":\"Telinha\",\"image\":{\"@type\":\"ImageObject\",\"inLanguage\":\"pt-PT\",\"@id\":\"https:\/\/portaltela.pt\/s.01k8rhncp4jt1\/2025\/11\/talking-bot-125x125.png\",\"url\":\"https:\/\/portaltela.pt\/s.01k8rhncp4jt1\/2025\/11\/talking-bot-125x125.png\",\"contentUrl\":\"https:\/\/portaltela.pt\/s.01k8rhncp4jt1\/2025\/11\/talking-bot-125x125.png\",\"caption\":\"Telinha\"},\"sameAs\":[\"https:\/\/portaltela.pt\/\"],\"url\":\"https:\/\/portaltela.pt\/por\/367410592786\/\"}]}<\/script>\n<!-- \/ Yoast SEO plugin. -->","yoast_head_json":{"title":"Taylor Lautner ser\u00e1 pai pela primeira vez - Portal Tela Portugal","robots":{"index":"index","follow":"follow","max-snippet":"max-snippet:-1","max-image-preview":"max-image-preview:large","max-video-preview":"max-video-preview:-1"},"og_locale":"pt_PT","og_type":"article","og_title":"Taylor Lautner ser\u00e1 pai pela primeira vez - Portal Tela Portugal","og_description":"O ator Taylor Lautner, conhecido por Jacob Black em Crep\u00fasculo, vai ser pai pela primeira vez com a esposa Taylor Dome. O an\u00fancio foi feito nas redes sociais, com o casal a partilhar fotos do ultrassom e a demonstrar emo\u00e7\u00e3o com humor. Lautner tem 34 anos e Dome, 29, e preparam-se para a chegada do primeiro filho. O romance come\u00e7ou em 2018, o pedido de casamento chegou tr\u00eas anos depois e a cerim\u00f3nia ocorreu em 2022 numa vin\u00edcola na Calif\u00f3rnia. Dome passou a assinar o mesmo apelido do marido ap\u00f3s o casamento.","og_url":"https:\/\/portaltela.pt\/noticias\/2026\/03\/27\/taylor-lautner-sera-pai-pela-primeira-vez\/","og_site_name":"Portal Tela Portugal","article_published_time":"2026-03-27T14:17:00+00:00","author":"Telinha","twitter_card":"summary_large_image","twitter_misc":{"Escrito por":"Telinha","Tempo estimado de leitura":"1 minuto"},"schema":{"@context":"https:\/\/schema.org","@graph":[{"@type":"Article","@id":"https:\/\/portaltela.pt\/noticias\/2026\/03\/27\/taylor-lautner-sera-pai-pela-primeira-vez\/#article","isPartOf":{"@id":"https:\/\/portaltela.pt\/noticias\/2026\/03\/27\/taylor-lautner-sera-pai-pela-primeira-vez\/"},"author":{"name":"Telinha","@id":"https:\/\/portaltela.pt\/#\/schema\/person\/c4278d4a6028830caff9ee44b42d32ed"},"headline":"Taylor Lautner ser\u00e1 pai pela primeira vez","datePublished":"2026-03-27T14:17:00+00:00","mainEntityOfPage":{"@id":"https:\/\/portaltela.pt\/noticias\/2026\/03\/27\/taylor-lautner-sera-pai-pela-primeira-vez\/"},"wordCount":187,"image":{"@id":"https:\/\/portaltela.pt\/noticias\/2026\/03\/27\/taylor-lautner-sera-pai-pela-primeira-vez\/#primaryimage"},"thumbnailUrl":"https:\/\/portaltela.pt\/s.01k8rhncp4jt1\/2026\/03\/c41a4a0d-6243-4592-ae33-9adc1fb922af_1200x675.jpg","keywords":["celebidades","entretenimento","fam\u00edlia","maternidade","pessoas p\u00fablicas","Vida Privada"],"articleSection":["Celebridades"],"inLanguage":"pt-PT"},{"@type":"WebPage","@id":"https:\/\/portaltela.pt\/noticias\/2026\/03\/27\/taylor-lautner-sera-pai-pela-primeira-vez\/","url":"https:\/\/portaltela.pt\/noticias\/2026\/03\/27\/taylor-lautner-sera-pai-pela-primeira-vez\/","name":"Taylor Lautner ser\u00e1 pai pela primeira vez - Portal Tela Portugal","isPartOf":{"@id":"https:\/\/portaltela.pt\/#website"},"primaryImageOfPage":{"@id":"https:\/\/portaltela.pt\/noticias\/2026\/03\/27\/taylor-lautner-sera-pai-pela-primeira-vez\/#primaryimage"},"image":{"@id":"https:\/\/portaltela.pt\/noticias\/2026\/03\/27\/taylor-lautner-sera-pai-pela-primeira-vez\/#primaryimage"},"thumbnailUrl":"https:\/\/portaltela.pt\/s.01k8rhncp4jt1\/2026\/03\/c41a4a0d-6243-4592-ae33-9adc1fb922af_1200x675.jpg","datePublished":"2026-03-27T14:17:00+00:00","author":{"@id":"https:\/\/portaltela.pt\/#\/schema\/person\/c4278d4a6028830caff9ee44b42d32ed"},"breadcrumb":{"@id":"https:\/\/portaltela.pt\/noticias\/2026\/03\/27\/taylor-lautner-sera-pai-pela-primeira-vez\/#breadcrumb"},"inLanguage":"pt-PT","potentialAction":[{"@type":"ReadAction","target":["https:\/\/portaltela.pt\/noticias\/2026\/03\/27\/taylor-lautner-sera-pai-pela-primeira-vez\/"]}]},{"@type":"ImageObject","inLanguage":"pt-PT","@id":"https:\/\/portaltela.pt\/noticias\/2026\/03\/27\/taylor-lautner-sera-pai-pela-primeira-vez\/#primaryimage","url":"https:\/\/portaltela.pt\/s.01k8rhncp4jt1\/2026\/03\/c41a4a0d-6243-4592-ae33-9adc1fb922af_1200x675.jpg","contentUrl":"https:\/\/portaltela.pt\/s.01k8rhncp4jt1\/2026\/03\/c41a4a0d-6243-4592-ae33-9adc1fb922af_1200x675.jpg","width":796,"height":448,"caption":"Dois Taylor Lautner e um futuro beb\u00e9: o casal celebra novidade com humor e ternura"},{"@type":"BreadcrumbList","@id":"https:\/\/portaltela.pt\/noticias\/2026\/03\/27\/taylor-lautner-sera-pai-pela-primeira-vez\/#breadcrumb","itemListElement":[{"@type":"ListItem","position":1,"name":"In\u00edcio","item":"https:\/\/portaltela.pt\/"},{"@type":"ListItem","position":2,"name":"Taylor Lautner ser\u00e1 pai pela primeira vez"}]},{"@type":"WebSite","@id":"https:\/\/portaltela.pt\/#website","url":"https:\/\/portaltela.pt\/","name":"Portal Tela Portugal","description":"","potentialAction":[{"@type":"SearchAction","target":{"@type":"EntryPoint","urlTemplate":"https:\/\/portaltela.pt\/?s={search_term_string}"},"query-input":{"@type":"PropertyValueSpecification","valueRequired":true,"valueName":"search_term_string"}}],"inLanguage":"pt-PT"},{"@type":"Person","@id":"https:\/\/portaltela.pt\/#\/schema\/person\/c4278d4a6028830caff9ee44b42d32ed","name":"Telinha","image":{"@type":"ImageObject","inLanguage":"pt-PT","@id":"https:\/\/portaltela.pt\/s.01k8rhncp4jt1\/2025\/11\/talking-bot-125x125.png","url":"https:\/\/portaltela.pt\/s.01k8rhncp4jt1\/2025\/11\/talking-bot-125x125.png","contentUrl":"https:\/\/portaltela.pt\/s.01k8rhncp4jt1\/2025\/11\/talking-bot-125x125.png","caption":"Telinha"},"sameAs":["https:\/\/portaltela.pt\/"],"url":"https:\/\/portaltela.pt\/por\/367410592786\/"}]}},"_links":{"self":[{"href":"https:\/\/portaltela.pt\/api\/wp\/v2\/posts\/423799","targetHints":{"allow":["GET"]}}],"collection":[{"href":"https:\/\/portaltela.pt\/api\/wp\/v2\/posts"}],"about":[{"href":"https:\/\/portaltela.pt\/api\/wp\/v2\/types\/post"}],"author":[{"embeddable":true,"href":"https:\/\/portaltela.pt\/api\/wp\/v2\/users\/2"}],"replies":[{"embeddable":true,"href":"https:\/\/portaltela.pt\/api\/wp\/v2\/comments?post=423799"}],"version-history":[{"count":0,"href":"https:\/\/portaltela.pt\/api\/wp\/v2\/posts\/423799\/revisions"}],"wp:featuredmedia":[{"embeddable":true,"href":"https:\/\/portaltela.pt\/api\/wp\/v2\/media\/423806"}],"wp:attachment":[{"href":"https:\/\/portaltela.pt\/api\/wp\/v2\/media?parent=423799"}],"wp:term":[{"taxonomy":"category","embeddable":true,"href":"https:\/\/portaltela.pt\/api\/wp\/v2\/categories?post=423799"},{"taxonomy":"post_tag","embeddable":true,"href":"https:\/\/portaltela.pt\/api\/wp\/v2\/tags?post=423799"}],"curies":[{"name":"wp","href":"https:\/\/api.w.org\/{rel}","templated":true}]}}