{"id":423781,"date":"2026-03-27T11:00:00","date_gmt":"2026-03-27T14:00:00","guid":{"rendered":"https:\/\/portaltela.pt\/noticias\/2026\/03\/27\/baga-friends-apoia-a-nova-geracao-a-trabalhar-a-casta-e-leva-arraial-a-poutena\/"},"modified":"2026-03-27T11:00:00","modified_gmt":"2026-03-27T14:00:00","slug":"baga-friends-apoia-a-nova-geracao-a-trabalhar-a-casta-e-leva-arraial-a-poutena","status":"publish","type":"post","link":"https:\/\/portaltela.pt\/noticias\/2026\/03\/27\/baga-friends-apoia-a-nova-geracao-a-trabalhar-a-casta-e-leva-arraial-a-poutena\/","title":{"rendered":"Baga Friends apoia a nova gera\u00e7\u00e3o a trabalhar a casta e leva arraial a Poutena"},"content":{"rendered":"<p>O Dia Internacional da Baga voltar\u00e1 a reunir a comunidade Baga Friends, com v\u00e1rias novidades para a quinta edi\u00e7\u00e3o. O destaque \u00e9 o lan\u00e7amento de uma sess\u00e3o dedicada \u00e0s \u201cnovas vozes da Baga\u201d e aos trabalhos em curso na \u00e1rea da casta. O evento, marcado para 2 de maio, inclui o momento Baga New Voices.<\/p>\n<p>Este ano, o arraial volta a realizar-se no local onde, em 2025, substituiu o jantar formal com os oito amigos. A edi\u00e7\u00e3o de 2026 acontece na aldeia da Poutena, em Vilarinho do Bairro, Anadia, mantendo a aposta numa agenda que junta degusta\u00e7\u00e3o e apresenta\u00e7\u00e3o de projetos.<\/p>\n<p>Os Baga Friends integram produtores reconhecidos no setor, entre eles Quinta da Vacari\u00e7a, Sid\u00f3nio de Sousa, Lu\u00eds Pato, Vadio, Niepoort, Quinta das B\u00e1geiras, Filipa Pato e Giz by Lu\u00eds Gomes. O programa pretende destacar iniciativas associadas \u00e0 casta.<\/p>\n<h3>Novidades da edi\u00e7\u00e3o<\/h3>\n<p>A sess\u00e3o Baga New Voices oferece espa\u00e7o a criadores e projetos em desenvolvimento ligados \u00e0 uva Baga, com demonstra\u00e7\u00f5es e provas orientadas para o p\u00fablico convidado. O formato visa promover a troca de experi\u00eancias entre produtores consagrados e a nova gera\u00e7\u00e3o.<\/p>\n<p>A organiza\u00e7\u00e3o mant\u00e9m o objetivo de apresentar evolu\u00e7\u00f5es t\u00e9cnicas, estilos de vinifica\u00e7\u00e3o e perspetivas de mercado, com enfoque na preserva\u00e7\u00e3o da identidade da Baga. O evento \u00e9 organizado pelos Baga Friends, respons\u00e1veis pelos preparativos da tarde de 2 de maio.<\/p>\n<p>O conjunto de atividades decorre no contexto do arraial, que procura manter a tradi\u00e7\u00e3o de celebra\u00e7\u00e3o associada \u00e0 regi\u00e3o, ao mesmo tempo que facilita o contacto direto entre f\u00e3s, produtores e especialistas. Paulo Pimenta acompanha a cobertura do evento.<\/p>\n","protected":false},"excerpt":{"rendered":"<ul>\n<li>O Dia Internacional da Baga, promovido pelos Baga Friends, vai na quinta edi\u00e7\u00e3o com v\u00e1rias novidades.<\/li>\n<li>No dia 2 de maio haver\u00e1 o Baga New Voices, um momento para conhecer as novas vozes da Baga e provar o que t\u00eam feito.<\/li>\n<li>O arraial decorre no local do arraial, na aldeia da Poutena, em Vilarinho do Bairro, Anadia, substituindo o jantar formal de anos anteriores.<\/li>\n<li>Os Baga Friends s\u00e3o os produtores Quinta da Vacari\u00e7a, Sid\u00f3nio de Sousa, Lu\u00eds Pato, Vadio, Niepoort, Quinta das B\u00e1geiras, Filipa Pato e Giz by Lu\u00eds Gomes.<\/li>\n<\/ul>\n","protected":false},"author":2,"featured_media":423783,"comment_status":"closed","ping_status":"closed","sticky":false,"template":"","format":"standard","meta":{"footnotes":""},"categories":[7369,1],"tags":[1504,145,4919,5586,779,4103],"class_list":["post-423781","post","type-post","status-publish","format-standard","has-post-thumbnail","hentry","category-gastronomia","category-noticias","tag-anadia","tag-cultura","tag-festas","tag-vinho","tag-vinhos","tag-viticultura"],"yoast_head":"<!-- This site is optimized with the Yoast SEO plugin v27.2 - https:\/\/yoast.com\/product\/yoast-seo-wordpress\/ -->\n<title>Baga Friends apoia a nova gera\u00e7\u00e3o a trabalhar a casta e leva arraial a Poutena - Portal Tela Portugal<\/title>\n<meta name=\"robots\" content=\"index, follow, max-snippet:-1, max-image-preview:large, max-video-preview:-1\" \/>\n<meta property=\"og:locale\" content=\"pt_PT\" \/>\n<meta property=\"og:type\" content=\"article\" \/>\n<meta property=\"og:title\" content=\"Baga Friends apoia a nova gera\u00e7\u00e3o a trabalhar a casta e leva arraial a Poutena - Portal Tela Portugal\" \/>\n<meta property=\"og:description\" content=\"O Dia Internacional da Baga, promovido pelos Baga Friends, vai na quinta edi\u00e7\u00e3o com v\u00e1rias novidades. No dia 2 de maio haver\u00e1 o Baga New Voices, um momento para conhecer as novas vozes da Baga e provar o que t\u00eam feito. O arraial decorre no local do arraial, na aldeia da Poutena, em Vilarinho do Bairro, Anadia, substituindo o jantar formal de anos anteriores. Os Baga Friends s\u00e3o os produtores Quinta da Vacari\u00e7a, Sid\u00f3nio de Sousa, Lu\u00eds Pato, Vadio, Niepoort, Quinta das B\u00e1geiras, Filipa Pato e Giz by Lu\u00eds Gomes.\" \/>\n<meta property=\"og:url\" content=\"https:\/\/portaltela.pt\/noticias\/2026\/03\/27\/baga-friends-apoia-a-nova-geracao-a-trabalhar-a-casta-e-leva-arraial-a-poutena\/\" \/>\n<meta property=\"og:site_name\" content=\"Portal Tela Portugal\" \/>\n<meta property=\"article:published_time\" content=\"2026-03-27T14:00:00+00:00\" \/>\n<meta name=\"author\" content=\"Telinha\" \/>\n<meta name=\"twitter:card\" content=\"summary_large_image\" \/>\n<meta name=\"twitter:label1\" content=\"Escrito por\" \/>\n\t<meta name=\"twitter:data1\" content=\"Telinha\" \/>\n\t<meta name=\"twitter:label2\" content=\"Tempo estimado de leitura\" \/>\n\t<meta name=\"twitter:data2\" content=\"1 minuto\" \/>\n<script type=\"application\/ld+json\" class=\"yoast-schema-graph\">{\"@context\":\"https:\/\/schema.org\",\"@graph\":[{\"@type\":\"Article\",\"@id\":\"https:\/\/portaltela.pt\/noticias\/2026\/03\/27\/baga-friends-apoia-a-nova-geracao-a-trabalhar-a-casta-e-leva-arraial-a-poutena\/#article\",\"isPartOf\":{\"@id\":\"https:\/\/portaltela.pt\/noticias\/2026\/03\/27\/baga-friends-apoia-a-nova-geracao-a-trabalhar-a-casta-e-leva-arraial-a-poutena\/\"},\"author\":{\"name\":\"Telinha\",\"@id\":\"https:\/\/portaltela.pt\/#\/schema\/person\/c4278d4a6028830caff9ee44b42d32ed\"},\"headline\":\"Baga Friends apoia a nova gera\u00e7\u00e3o a trabalhar a casta e leva arraial a Poutena\",\"datePublished\":\"2026-03-27T14:00:00+00:00\",\"mainEntityOfPage\":{\"@id\":\"https:\/\/portaltela.pt\/noticias\/2026\/03\/27\/baga-friends-apoia-a-nova-geracao-a-trabalhar-a-casta-e-leva-arraial-a-poutena\/\"},\"wordCount\":299,\"image\":{\"@id\":\"https:\/\/portaltela.pt\/noticias\/2026\/03\/27\/baga-friends-apoia-a-nova-geracao-a-trabalhar-a-casta-e-leva-arraial-a-poutena\/#primaryimage\"},\"thumbnailUrl\":\"https:\/\/portaltela.pt\/s.01k8rhncp4jt1\/2026\/03\/2077066.jpg\",\"keywords\":[\"Anadia\",\"cultura\",\"festas\",\"vinho\",\"vinhos\",\"viticultura\"],\"articleSection\":[\"Gastronomia\",\"Not\u00edcias\"],\"inLanguage\":\"pt-PT\"},{\"@type\":\"WebPage\",\"@id\":\"https:\/\/portaltela.pt\/noticias\/2026\/03\/27\/baga-friends-apoia-a-nova-geracao-a-trabalhar-a-casta-e-leva-arraial-a-poutena\/\",\"url\":\"https:\/\/portaltela.pt\/noticias\/2026\/03\/27\/baga-friends-apoia-a-nova-geracao-a-trabalhar-a-casta-e-leva-arraial-a-poutena\/\",\"name\":\"Baga Friends apoia a nova gera\u00e7\u00e3o a trabalhar a casta e leva arraial a Poutena - Portal Tela Portugal\",\"isPartOf\":{\"@id\":\"https:\/\/portaltela.pt\/#website\"},\"primaryImageOfPage\":{\"@id\":\"https:\/\/portaltela.pt\/noticias\/2026\/03\/27\/baga-friends-apoia-a-nova-geracao-a-trabalhar-a-casta-e-leva-arraial-a-poutena\/#primaryimage\"},\"image\":{\"@id\":\"https:\/\/portaltela.pt\/noticias\/2026\/03\/27\/baga-friends-apoia-a-nova-geracao-a-trabalhar-a-casta-e-leva-arraial-a-poutena\/#primaryimage\"},\"thumbnailUrl\":\"https:\/\/portaltela.pt\/s.01k8rhncp4jt1\/2026\/03\/2077066.jpg\",\"datePublished\":\"2026-03-27T14:00:00+00:00\",\"author\":{\"@id\":\"https:\/\/portaltela.pt\/#\/schema\/person\/c4278d4a6028830caff9ee44b42d32ed\"},\"breadcrumb\":{\"@id\":\"https:\/\/portaltela.pt\/noticias\/2026\/03\/27\/baga-friends-apoia-a-nova-geracao-a-trabalhar-a-casta-e-leva-arraial-a-poutena\/#breadcrumb\"},\"inLanguage\":\"pt-PT\",\"potentialAction\":[{\"@type\":\"ReadAction\",\"target\":[\"https:\/\/portaltela.pt\/noticias\/2026\/03\/27\/baga-friends-apoia-a-nova-geracao-a-trabalhar-a-casta-e-leva-arraial-a-poutena\/\"]}]},{\"@type\":\"ImageObject\",\"inLanguage\":\"pt-PT\",\"@id\":\"https:\/\/portaltela.pt\/noticias\/2026\/03\/27\/baga-friends-apoia-a-nova-geracao-a-trabalhar-a-casta-e-leva-arraial-a-poutena\/#primaryimage\",\"url\":\"https:\/\/portaltela.pt\/s.01k8rhncp4jt1\/2026\/03\/2077066.jpg\",\"contentUrl\":\"https:\/\/portaltela.pt\/s.01k8rhncp4jt1\/2026\/03\/2077066.jpg\",\"width\":796,\"height\":448,\"caption\":\"Os Baga Friends s\u00e3o os produtores Quinta da Vacari\u00e7a, Sid\u00f3nio de Sousa, Lu\u00eds Pato, Vadio, Niepoort, Quinta das B\u00e1geiras (nesta fotografia, da esquerda para a direita), Filipa Pato e Giz by Lu\u00eds Gomes\"},{\"@type\":\"BreadcrumbList\",\"@id\":\"https:\/\/portaltela.pt\/noticias\/2026\/03\/27\/baga-friends-apoia-a-nova-geracao-a-trabalhar-a-casta-e-leva-arraial-a-poutena\/#breadcrumb\",\"itemListElement\":[{\"@type\":\"ListItem\",\"position\":1,\"name\":\"In\u00edcio\",\"item\":\"https:\/\/portaltela.pt\/\"},{\"@type\":\"ListItem\",\"position\":2,\"name\":\"Baga Friends apoia a nova gera\u00e7\u00e3o a trabalhar a casta e leva arraial a Poutena\"}]},{\"@type\":\"WebSite\",\"@id\":\"https:\/\/portaltela.pt\/#website\",\"url\":\"https:\/\/portaltela.pt\/\",\"name\":\"Portal Tela Portugal\",\"description\":\"\",\"potentialAction\":[{\"@type\":\"SearchAction\",\"target\":{\"@type\":\"EntryPoint\",\"urlTemplate\":\"https:\/\/portaltela.pt\/?s={search_term_string}\"},\"query-input\":{\"@type\":\"PropertyValueSpecification\",\"valueRequired\":true,\"valueName\":\"search_term_string\"}}],\"inLanguage\":\"pt-PT\"},{\"@type\":\"Person\",\"@id\":\"https:\/\/portaltela.pt\/#\/schema\/person\/c4278d4a6028830caff9ee44b42d32ed\",\"name\":\"Telinha\",\"image\":{\"@type\":\"ImageObject\",\"inLanguage\":\"pt-PT\",\"@id\":\"https:\/\/portaltela.pt\/s.01k8rhncp4jt1\/2025\/11\/talking-bot-125x125.png\",\"url\":\"https:\/\/portaltela.pt\/s.01k8rhncp4jt1\/2025\/11\/talking-bot-125x125.png\",\"contentUrl\":\"https:\/\/portaltela.pt\/s.01k8rhncp4jt1\/2025\/11\/talking-bot-125x125.png\",\"caption\":\"Telinha\"},\"sameAs\":[\"https:\/\/portaltela.pt\/\"],\"url\":\"https:\/\/portaltela.pt\/por\/367410592786\/\"}]}<\/script>\n<!-- \/ Yoast SEO plugin. -->","yoast_head_json":{"title":"Baga Friends apoia a nova gera\u00e7\u00e3o a trabalhar a casta e leva arraial a Poutena - Portal Tela Portugal","robots":{"index":"index","follow":"follow","max-snippet":"max-snippet:-1","max-image-preview":"max-image-preview:large","max-video-preview":"max-video-preview:-1"},"og_locale":"pt_PT","og_type":"article","og_title":"Baga Friends apoia a nova gera\u00e7\u00e3o a trabalhar a casta e leva arraial a Poutena - Portal Tela Portugal","og_description":"O Dia Internacional da Baga, promovido pelos Baga Friends, vai na quinta edi\u00e7\u00e3o com v\u00e1rias novidades. No dia 2 de maio haver\u00e1 o Baga New Voices, um momento para conhecer as novas vozes da Baga e provar o que t\u00eam feito. O arraial decorre no local do arraial, na aldeia da Poutena, em Vilarinho do Bairro, Anadia, substituindo o jantar formal de anos anteriores. Os Baga Friends s\u00e3o os produtores Quinta da Vacari\u00e7a, Sid\u00f3nio de Sousa, Lu\u00eds Pato, Vadio, Niepoort, Quinta das B\u00e1geiras, Filipa Pato e Giz by Lu\u00eds Gomes.","og_url":"https:\/\/portaltela.pt\/noticias\/2026\/03\/27\/baga-friends-apoia-a-nova-geracao-a-trabalhar-a-casta-e-leva-arraial-a-poutena\/","og_site_name":"Portal Tela Portugal","article_published_time":"2026-03-27T14:00:00+00:00","author":"Telinha","twitter_card":"summary_large_image","twitter_misc":{"Escrito por":"Telinha","Tempo estimado de leitura":"1 minuto"},"schema":{"@context":"https:\/\/schema.org","@graph":[{"@type":"Article","@id":"https:\/\/portaltela.pt\/noticias\/2026\/03\/27\/baga-friends-apoia-a-nova-geracao-a-trabalhar-a-casta-e-leva-arraial-a-poutena\/#article","isPartOf":{"@id":"https:\/\/portaltela.pt\/noticias\/2026\/03\/27\/baga-friends-apoia-a-nova-geracao-a-trabalhar-a-casta-e-leva-arraial-a-poutena\/"},"author":{"name":"Telinha","@id":"https:\/\/portaltela.pt\/#\/schema\/person\/c4278d4a6028830caff9ee44b42d32ed"},"headline":"Baga Friends apoia a nova gera\u00e7\u00e3o a trabalhar a casta e leva arraial a Poutena","datePublished":"2026-03-27T14:00:00+00:00","mainEntityOfPage":{"@id":"https:\/\/portaltela.pt\/noticias\/2026\/03\/27\/baga-friends-apoia-a-nova-geracao-a-trabalhar-a-casta-e-leva-arraial-a-poutena\/"},"wordCount":299,"image":{"@id":"https:\/\/portaltela.pt\/noticias\/2026\/03\/27\/baga-friends-apoia-a-nova-geracao-a-trabalhar-a-casta-e-leva-arraial-a-poutena\/#primaryimage"},"thumbnailUrl":"https:\/\/portaltela.pt\/s.01k8rhncp4jt1\/2026\/03\/2077066.jpg","keywords":["Anadia","cultura","festas","vinho","vinhos","viticultura"],"articleSection":["Gastronomia","Not\u00edcias"],"inLanguage":"pt-PT"},{"@type":"WebPage","@id":"https:\/\/portaltela.pt\/noticias\/2026\/03\/27\/baga-friends-apoia-a-nova-geracao-a-trabalhar-a-casta-e-leva-arraial-a-poutena\/","url":"https:\/\/portaltela.pt\/noticias\/2026\/03\/27\/baga-friends-apoia-a-nova-geracao-a-trabalhar-a-casta-e-leva-arraial-a-poutena\/","name":"Baga Friends apoia a nova gera\u00e7\u00e3o a trabalhar a casta e leva arraial a Poutena - Portal Tela Portugal","isPartOf":{"@id":"https:\/\/portaltela.pt\/#website"},"primaryImageOfPage":{"@id":"https:\/\/portaltela.pt\/noticias\/2026\/03\/27\/baga-friends-apoia-a-nova-geracao-a-trabalhar-a-casta-e-leva-arraial-a-poutena\/#primaryimage"},"image":{"@id":"https:\/\/portaltela.pt\/noticias\/2026\/03\/27\/baga-friends-apoia-a-nova-geracao-a-trabalhar-a-casta-e-leva-arraial-a-poutena\/#primaryimage"},"thumbnailUrl":"https:\/\/portaltela.pt\/s.01k8rhncp4jt1\/2026\/03\/2077066.jpg","datePublished":"2026-03-27T14:00:00+00:00","author":{"@id":"https:\/\/portaltela.pt\/#\/schema\/person\/c4278d4a6028830caff9ee44b42d32ed"},"breadcrumb":{"@id":"https:\/\/portaltela.pt\/noticias\/2026\/03\/27\/baga-friends-apoia-a-nova-geracao-a-trabalhar-a-casta-e-leva-arraial-a-poutena\/#breadcrumb"},"inLanguage":"pt-PT","potentialAction":[{"@type":"ReadAction","target":["https:\/\/portaltela.pt\/noticias\/2026\/03\/27\/baga-friends-apoia-a-nova-geracao-a-trabalhar-a-casta-e-leva-arraial-a-poutena\/"]}]},{"@type":"ImageObject","inLanguage":"pt-PT","@id":"https:\/\/portaltela.pt\/noticias\/2026\/03\/27\/baga-friends-apoia-a-nova-geracao-a-trabalhar-a-casta-e-leva-arraial-a-poutena\/#primaryimage","url":"https:\/\/portaltela.pt\/s.01k8rhncp4jt1\/2026\/03\/2077066.jpg","contentUrl":"https:\/\/portaltela.pt\/s.01k8rhncp4jt1\/2026\/03\/2077066.jpg","width":796,"height":448,"caption":"Os Baga Friends s\u00e3o os produtores Quinta da Vacari\u00e7a, Sid\u00f3nio de Sousa, Lu\u00eds Pato, Vadio, Niepoort, Quinta das B\u00e1geiras (nesta fotografia, da esquerda para a direita), Filipa Pato e Giz by Lu\u00eds Gomes"},{"@type":"BreadcrumbList","@id":"https:\/\/portaltela.pt\/noticias\/2026\/03\/27\/baga-friends-apoia-a-nova-geracao-a-trabalhar-a-casta-e-leva-arraial-a-poutena\/#breadcrumb","itemListElement":[{"@type":"ListItem","position":1,"name":"In\u00edcio","item":"https:\/\/portaltela.pt\/"},{"@type":"ListItem","position":2,"name":"Baga Friends apoia a nova gera\u00e7\u00e3o a trabalhar a casta e leva arraial a Poutena"}]},{"@type":"WebSite","@id":"https:\/\/portaltela.pt\/#website","url":"https:\/\/portaltela.pt\/","name":"Portal Tela Portugal","description":"","potentialAction":[{"@type":"SearchAction","target":{"@type":"EntryPoint","urlTemplate":"https:\/\/portaltela.pt\/?s={search_term_string}"},"query-input":{"@type":"PropertyValueSpecification","valueRequired":true,"valueName":"search_term_string"}}],"inLanguage":"pt-PT"},{"@type":"Person","@id":"https:\/\/portaltela.pt\/#\/schema\/person\/c4278d4a6028830caff9ee44b42d32ed","name":"Telinha","image":{"@type":"ImageObject","inLanguage":"pt-PT","@id":"https:\/\/portaltela.pt\/s.01k8rhncp4jt1\/2025\/11\/talking-bot-125x125.png","url":"https:\/\/portaltela.pt\/s.01k8rhncp4jt1\/2025\/11\/talking-bot-125x125.png","contentUrl":"https:\/\/portaltela.pt\/s.01k8rhncp4jt1\/2025\/11\/talking-bot-125x125.png","caption":"Telinha"},"sameAs":["https:\/\/portaltela.pt\/"],"url":"https:\/\/portaltela.pt\/por\/367410592786\/"}]}},"_links":{"self":[{"href":"https:\/\/portaltela.pt\/api\/wp\/v2\/posts\/423781","targetHints":{"allow":["GET"]}}],"collection":[{"href":"https:\/\/portaltela.pt\/api\/wp\/v2\/posts"}],"about":[{"href":"https:\/\/portaltela.pt\/api\/wp\/v2\/types\/post"}],"author":[{"embeddable":true,"href":"https:\/\/portaltela.pt\/api\/wp\/v2\/users\/2"}],"replies":[{"embeddable":true,"href":"https:\/\/portaltela.pt\/api\/wp\/v2\/comments?post=423781"}],"version-history":[{"count":0,"href":"https:\/\/portaltela.pt\/api\/wp\/v2\/posts\/423781\/revisions"}],"wp:featuredmedia":[{"embeddable":true,"href":"https:\/\/portaltela.pt\/api\/wp\/v2\/media\/423783"}],"wp:attachment":[{"href":"https:\/\/portaltela.pt\/api\/wp\/v2\/media?parent=423781"}],"wp:term":[{"taxonomy":"category","embeddable":true,"href":"https:\/\/portaltela.pt\/api\/wp\/v2\/categories?post=423781"},{"taxonomy":"post_tag","embeddable":true,"href":"https:\/\/portaltela.pt\/api\/wp\/v2\/tags?post=423781"}],"curies":[{"name":"wp","href":"https:\/\/api.w.org\/{rel}","templated":true}]}}